{"id":15689,"date":"2018-10-17T00:00:00","date_gmt":"2018-10-16T22:00:00","guid":{"rendered":"http:\/\/dev.museuolimpicbcn.cat\/presentacion-del-libro-barcelona-ciudad-del-deporte-25-aniversario-de-los-juegos-olimpicos-y-paralimpicos-de-barcelona-92\/"},"modified":"2019-04-08T13:55:22","modified_gmt":"2019-04-08T11:55:22","slug":"presentacion-del-libro-barcelona-ciudad-del-deporte-25-aniversario-de-los-juegos-olimpicos-y-paralimpicos-de-barcelona-92","status":"publish","type":"post","link":"https:\/\/www.museuolimpicbcn.cat\/es\/presentacion-del-libro-barcelona-ciudad-del-deporte-25-aniversario-de-los-juegos-olimpicos-y-paralimpicos-de-barcelona-92\/","title":{"rendered":"Presentaci\u00f3n del libro \u201cBarcelona, ciudad del deporte. 25 aniversario de los Juegos Ol\u00edmpicos y Paral\u00edmpicos de Barcelona \u201892\u201d"},"content":{"rendered":"<p>En el acto han participado Jaume Maci\u00e0, co-autor y coordinador editorial del libro; Pedrona Serra, co-autora; Francesc Solavellas, co-autor; Enric Tru\u00f1\u00f3, regidor responsable de los JJ.OO. de Barcelona \u201992, as\u00ed como diferentes autores de los cap\u00edtulos del libro.<\/p>\n","protected":false},"excerpt":{"rendered":"<p>Marta Carranza, comisionada de deportes del Ayuntamiento de Barcelona y presidenta de la Fundaci&oacute; Barcelona Ol&iacute;mpica ha sido la encargada de la presentaci&oacute;n del libro conmemorativo del 25 aniversario de los JJ.OO. y JJ.PP. de Barcelona &rsquo;92. Este libro es el resultado de la celebraci&oacute;n que la ciudad de Barcelona vivi&oacute; durante el a&ntilde;o pasado con motivo del 25 aniversario de los Juegos.<\/p>\n","protected":false},"author":1,"featured_media":15690,"comment_status":"open","ping_status":"open","sticky":false,"template":"","format":"standard","meta":{"_acf_changed":false,"_price":"","_stock":"","_tribe_ticket_header":"","_tribe_default_ticket_provider":"","_tribe_ticket_capacity":"0","_ticket_start_date":"","_ticket_end_date":"","_tribe_ticket_show_description":"","_tribe_ticket_show_not_going":false,"_tribe_ticket_use_global_stock":"","_tribe_ticket_global_stock_level":"","_global_stock_mode":"","_global_stock_cap":"","_tribe_rsvp_for_event":"","_tribe_ticket_going_count":"","_tribe_ticket_not_going_count":"","_tribe_tickets_list":"[]","_tribe_ticket_has_attendee_info_fields":false,"footnotes":""},"categories":[3],"tags":[],"class_list":["post-15689","post","type-post","status-publish","format-standard","has-post-thumbnail","hentry","category-sin-categorizar"],"acf":[],"yoast_head":"<!-- This site is optimized with the Yoast SEO plugin v23.7 - https:\/\/yoast.com\/wordpress\/plugins\/seo\/ -->\n<title>Presentaci\u00f3n del libro \u201cBarcelona, ciudad del deporte. 25 aniversario de los Juegos Ol\u00edmpicos y Paral\u00edmpicos de Barcelona \u201892\u201d - Museu Ol\u00edmpic i de l&#039;Esport Joan Antoni Samaranch. Barcelona<\/title>\n<meta name=\"robots\" content=\"index, follow, max-snippet:-1, max-image-preview:large, max-video-preview:-1\" \/>\n<link rel=\"canonical\" href=\"https:\/\/www.museuolimpicbcn.cat\/es\/presentacion-del-libro-barcelona-ciudad-del-deporte-25-aniversario-de-los-juegos-olimpicos-y-paralimpicos-de-barcelona-92\/\" \/>\n<meta property=\"og:locale\" content=\"es_ES\" \/>\n<meta property=\"og:type\" content=\"article\" \/>\n<meta property=\"og:title\" content=\"Presentaci\u00f3n del libro \u201cBarcelona, ciudad del deporte. 25 aniversario de los Juegos Ol\u00edmpicos y Paral\u00edmpicos de Barcelona \u201892\u201d - Museu Ol\u00edmpic i de l&#039;Esport Joan Antoni Samaranch. Barcelona\" \/>\n<meta property=\"og:description\" content=\"Marta Carranza, comisionada de deportes del Ayuntamiento de Barcelona y presidenta de la Fundaci&oacute; Barcelona Ol&iacute;mpica ha sido la encargada de la presentaci&oacute;n del libro conmemorativo del 25 aniversario de los JJ.OO. y JJ.PP. de Barcelona &rsquo;92. Este libro es el resultado de la celebraci&oacute;n que la ciudad de Barcelona vivi&oacute; durante el a&ntilde;o pasado con motivo del 25 aniversario de los Juegos.\" \/>\n<meta property=\"og:url\" content=\"https:\/\/www.museuolimpicbcn.cat\/es\/presentacion-del-libro-barcelona-ciudad-del-deporte-25-aniversario-de-los-juegos-olimpicos-y-paralimpicos-de-barcelona-92\/\" \/>\n<meta property=\"og:site_name\" content=\"Museu Ol\u00edmpic i de l&#039;Esport Joan Antoni Samaranch. Barcelona\" \/>\n<meta property=\"article:published_time\" content=\"2018-10-16T22:00:00+00:00\" \/>\n<meta property=\"article:modified_time\" content=\"2019-04-08T11:55:22+00:00\" \/>\n<meta property=\"og:image\" content=\"https:\/\/www.museuolimpicbcn.cat\/wp-content\/uploads\/sites\/2\/2019\/03\/25_Aniversari-BCN92_GEneral-01.JPG\" \/>\n\t<meta property=\"og:image:width\" content=\"600\" \/>\n\t<meta property=\"og:image:height\" content=\"400\" \/>\n\t<meta property=\"og:image:type\" content=\"image\/jpeg\" \/>\n<meta name=\"author\" content=\"useradmin\" \/>\n<meta name=\"twitter:card\" content=\"summary_large_image\" \/>\n<meta name=\"twitter:label1\" content=\"Escrito por\" \/>\n\t<meta name=\"twitter:data1\" content=\"useradmin\" \/>\n<script type=\"application\/ld+json\" class=\"yoast-schema-graph\">{\"@context\":\"https:\/\/schema.org\",\"@graph\":[{\"@type\":\"Article\",\"@id\":\"https:\/\/www.museuolimpicbcn.cat\/es\/presentacion-del-libro-barcelona-ciudad-del-deporte-25-aniversario-de-los-juegos-olimpicos-y-paralimpicos-de-barcelona-92\/#article\",\"isPartOf\":{\"@id\":\"https:\/\/www.museuolimpicbcn.cat\/es\/presentacion-del-libro-barcelona-ciudad-del-deporte-25-aniversario-de-los-juegos-olimpicos-y-paralimpicos-de-barcelona-92\/\"},\"author\":{\"name\":\"useradmin\",\"@id\":\"https:\/\/www.museuolimpicbcn.cat\/ca\/#\/schema\/person\/d05705664e87aa04c6ce53d48133fb39\"},\"headline\":\"Presentaci\u00f3n del libro \u201cBarcelona, ciudad del deporte. 25 aniversario de los Juegos Ol\u00edmpicos y Paral\u00edmpicos de Barcelona \u201892\u201d\",\"datePublished\":\"2018-10-16T22:00:00+00:00\",\"dateModified\":\"2019-04-08T11:55:22+00:00\",\"mainEntityOfPage\":{\"@id\":\"https:\/\/www.museuolimpicbcn.cat\/es\/presentacion-del-libro-barcelona-ciudad-del-deporte-25-aniversario-de-los-juegos-olimpicos-y-paralimpicos-de-barcelona-92\/\"},\"wordCount\":58,\"commentCount\":6,\"publisher\":{\"@id\":\"https:\/\/www.museuolimpicbcn.cat\/ca\/#organization\"},\"image\":{\"@id\":\"https:\/\/www.museuolimpicbcn.cat\/es\/presentacion-del-libro-barcelona-ciudad-del-deporte-25-aniversario-de-los-juegos-olimpicos-y-paralimpicos-de-barcelona-92\/#primaryimage\"},\"thumbnailUrl\":\"https:\/\/www.museuolimpicbcn.cat\/wp-content\/uploads\/sites\/2\/2019\/03\/25_Aniversari-BCN92_GEneral-01.JPG\",\"articleSection\":[\"Sin categorizar\"],\"inLanguage\":\"es\",\"potentialAction\":[{\"@type\":\"CommentAction\",\"name\":\"Comment\",\"target\":[\"https:\/\/www.museuolimpicbcn.cat\/es\/presentacion-del-libro-barcelona-ciudad-del-deporte-25-aniversario-de-los-juegos-olimpicos-y-paralimpicos-de-barcelona-92\/#respond\"]}]},{\"@type\":\"WebPage\",\"@id\":\"https:\/\/www.museuolimpicbcn.cat\/es\/presentacion-del-libro-barcelona-ciudad-del-deporte-25-aniversario-de-los-juegos-olimpicos-y-paralimpicos-de-barcelona-92\/\",\"url\":\"https:\/\/www.museuolimpicbcn.cat\/es\/presentacion-del-libro-barcelona-ciudad-del-deporte-25-aniversario-de-los-juegos-olimpicos-y-paralimpicos-de-barcelona-92\/\",\"name\":\"Presentaci\u00f3n del libro \u201cBarcelona, ciudad del deporte. 25 aniversario de los Juegos Ol\u00edmpicos y Paral\u00edmpicos de Barcelona \u201892\u201d - Museu Ol\u00edmpic i de l&#039;Esport Joan Antoni Samaranch. Barcelona\",\"isPartOf\":{\"@id\":\"https:\/\/www.museuolimpicbcn.cat\/ca\/#website\"},\"primaryImageOfPage\":{\"@id\":\"https:\/\/www.museuolimpicbcn.cat\/es\/presentacion-del-libro-barcelona-ciudad-del-deporte-25-aniversario-de-los-juegos-olimpicos-y-paralimpicos-de-barcelona-92\/#primaryimage\"},\"image\":{\"@id\":\"https:\/\/www.museuolimpicbcn.cat\/es\/presentacion-del-libro-barcelona-ciudad-del-deporte-25-aniversario-de-los-juegos-olimpicos-y-paralimpicos-de-barcelona-92\/#primaryimage\"},\"thumbnailUrl\":\"https:\/\/www.museuolimpicbcn.cat\/wp-content\/uploads\/sites\/2\/2019\/03\/25_Aniversari-BCN92_GEneral-01.JPG\",\"datePublished\":\"2018-10-16T22:00:00+00:00\",\"dateModified\":\"2019-04-08T11:55:22+00:00\",\"breadcrumb\":{\"@id\":\"https:\/\/www.museuolimpicbcn.cat\/es\/presentacion-del-libro-barcelona-ciudad-del-deporte-25-aniversario-de-los-juegos-olimpicos-y-paralimpicos-de-barcelona-92\/#breadcrumb\"},\"inLanguage\":\"es\",\"potentialAction\":[{\"@type\":\"ReadAction\",\"target\":[\"https:\/\/www.museuolimpicbcn.cat\/es\/presentacion-del-libro-barcelona-ciudad-del-deporte-25-aniversario-de-los-juegos-olimpicos-y-paralimpicos-de-barcelona-92\/\"]}]},{\"@type\":\"ImageObject\",\"inLanguage\":\"es\",\"@id\":\"https:\/\/www.museuolimpicbcn.cat\/es\/presentacion-del-libro-barcelona-ciudad-del-deporte-25-aniversario-de-los-juegos-olimpicos-y-paralimpicos-de-barcelona-92\/#primaryimage\",\"url\":\"https:\/\/www.museuolimpicbcn.cat\/wp-content\/uploads\/sites\/2\/2019\/03\/25_Aniversari-BCN92_GEneral-01.JPG\",\"contentUrl\":\"https:\/\/www.museuolimpicbcn.cat\/wp-content\/uploads\/sites\/2\/2019\/03\/25_Aniversari-BCN92_GEneral-01.JPG\",\"width\":600,\"height\":400},{\"@type\":\"BreadcrumbList\",\"@id\":\"https:\/\/www.museuolimpicbcn.cat\/es\/presentacion-del-libro-barcelona-ciudad-del-deporte-25-aniversario-de-los-juegos-olimpicos-y-paralimpicos-de-barcelona-92\/#breadcrumb\",\"itemListElement\":[{\"@type\":\"ListItem\",\"position\":1,\"name\":\"Inici\",\"item\":\"https:\/\/www.museuolimpicbcn.cat\/es\/\"},{\"@type\":\"ListItem\",\"position\":2,\"name\":\"Presentaci\u00f3n del libro \u201cBarcelona, ciudad del deporte. 25 aniversario de los Juegos Ol\u00edmpicos y Paral\u00edmpicos de Barcelona \u201892\u201d\"}]},{\"@type\":\"WebSite\",\"@id\":\"https:\/\/www.museuolimpicbcn.cat\/ca\/#website\",\"url\":\"https:\/\/www.museuolimpicbcn.cat\/ca\/\",\"name\":\"Museu Ol\u00edmpic i de l&#039;Esport Joan Antoni Samaranch. Barcelona\",\"description\":\"Altre lloc Web del Museu Ol\u00edmpic i de l&#039;Esport llocs\",\"publisher\":{\"@id\":\"https:\/\/www.museuolimpicbcn.cat\/ca\/#organization\"},\"potentialAction\":[{\"@type\":\"SearchAction\",\"target\":{\"@type\":\"EntryPoint\",\"urlTemplate\":\"https:\/\/www.museuolimpicbcn.cat\/ca\/?s={search_term_string}\"},\"query-input\":{\"@type\":\"PropertyValueSpecification\",\"valueRequired\":true,\"valueName\":\"search_term_string\"}}],\"inLanguage\":\"es\"},{\"@type\":\"Organization\",\"@id\":\"https:\/\/www.museuolimpicbcn.cat\/ca\/#organization\",\"name\":\"Museu Ol\u00edmpic i de l&#039;Esport Joan Antoni Samaranch. Barcelona\",\"url\":\"https:\/\/www.museuolimpicbcn.cat\/ca\/\",\"logo\":{\"@type\":\"ImageObject\",\"inLanguage\":\"es\",\"@id\":\"https:\/\/www.museuolimpicbcn.cat\/ca\/#\/schema\/logo\/image\/\",\"url\":\"https:\/\/www.museuolimpicbcn.cat\/wp-content\/uploads\/sites\/2\/2018\/12\/logo-moe-header.svg\",\"contentUrl\":\"https:\/\/www.museuolimpicbcn.cat\/wp-content\/uploads\/sites\/2\/2018\/12\/logo-moe-header.svg\",\"caption\":\"Museu Ol\u00edmpic i de l&#039;Esport Joan Antoni Samaranch. Barcelona\"},\"image\":{\"@id\":\"https:\/\/www.museuolimpicbcn.cat\/ca\/#\/schema\/logo\/image\/\"}},{\"@type\":\"Person\",\"@id\":\"https:\/\/www.museuolimpicbcn.cat\/ca\/#\/schema\/person\/d05705664e87aa04c6ce53d48133fb39\",\"name\":\"useradmin\",\"url\":\"https:\/\/www.museuolimpicbcn.cat\/es\/author\/useradmin\/\"}]}<\/script>\n<!-- \/ Yoast SEO plugin. -->","yoast_head_json":{"title":"Presentaci\u00f3n del libro \u201cBarcelona, ciudad del deporte. 25 aniversario de los Juegos Ol\u00edmpicos y Paral\u00edmpicos de Barcelona \u201892\u201d - Museu Ol\u00edmpic i de l&#039;Esport Joan Antoni Samaranch. Barcelona","robots":{"index":"index","follow":"follow","max-snippet":"max-snippet:-1","max-image-preview":"max-image-preview:large","max-video-preview":"max-video-preview:-1"},"canonical":"https:\/\/www.museuolimpicbcn.cat\/es\/presentacion-del-libro-barcelona-ciudad-del-deporte-25-aniversario-de-los-juegos-olimpicos-y-paralimpicos-de-barcelona-92\/","og_locale":"es_ES","og_type":"article","og_title":"Presentaci\u00f3n del libro \u201cBarcelona, ciudad del deporte. 25 aniversario de los Juegos Ol\u00edmpicos y Paral\u00edmpicos de Barcelona \u201892\u201d - Museu Ol\u00edmpic i de l&#039;Esport Joan Antoni Samaranch. Barcelona","og_description":"Marta Carranza, comisionada de deportes del Ayuntamiento de Barcelona y presidenta de la Fundaci&oacute; Barcelona Ol&iacute;mpica ha sido la encargada de la presentaci&oacute;n del libro conmemorativo del 25 aniversario de los JJ.OO. y JJ.PP. de Barcelona &rsquo;92. Este libro es el resultado de la celebraci&oacute;n que la ciudad de Barcelona vivi&oacute; durante el a&ntilde;o pasado con motivo del 25 aniversario de los Juegos.","og_url":"https:\/\/www.museuolimpicbcn.cat\/es\/presentacion-del-libro-barcelona-ciudad-del-deporte-25-aniversario-de-los-juegos-olimpicos-y-paralimpicos-de-barcelona-92\/","og_site_name":"Museu Ol\u00edmpic i de l&#039;Esport Joan Antoni Samaranch. Barcelona","article_published_time":"2018-10-16T22:00:00+00:00","article_modified_time":"2019-04-08T11:55:22+00:00","og_image":[{"width":600,"height":400,"url":"https:\/\/www.museuolimpicbcn.cat\/wp-content\/uploads\/sites\/2\/2019\/03\/25_Aniversari-BCN92_GEneral-01.JPG","type":"image\/jpeg"}],"author":"useradmin","twitter_card":"summary_large_image","twitter_misc":{"Escrito por":"useradmin"},"schema":{"@context":"https:\/\/schema.org","@graph":[{"@type":"Article","@id":"https:\/\/www.museuolimpicbcn.cat\/es\/presentacion-del-libro-barcelona-ciudad-del-deporte-25-aniversario-de-los-juegos-olimpicos-y-paralimpicos-de-barcelona-92\/#article","isPartOf":{"@id":"https:\/\/www.museuolimpicbcn.cat\/es\/presentacion-del-libro-barcelona-ciudad-del-deporte-25-aniversario-de-los-juegos-olimpicos-y-paralimpicos-de-barcelona-92\/"},"author":{"name":"useradmin","@id":"https:\/\/www.museuolimpicbcn.cat\/ca\/#\/schema\/person\/d05705664e87aa04c6ce53d48133fb39"},"headline":"Presentaci\u00f3n del libro \u201cBarcelona, ciudad del deporte. 25 aniversario de los Juegos Ol\u00edmpicos y Paral\u00edmpicos de Barcelona \u201892\u201d","datePublished":"2018-10-16T22:00:00+00:00","dateModified":"2019-04-08T11:55:22+00:00","mainEntityOfPage":{"@id":"https:\/\/www.museuolimpicbcn.cat\/es\/presentacion-del-libro-barcelona-ciudad-del-deporte-25-aniversario-de-los-juegos-olimpicos-y-paralimpicos-de-barcelona-92\/"},"wordCount":58,"commentCount":6,"publisher":{"@id":"https:\/\/www.museuolimpicbcn.cat\/ca\/#organization"},"image":{"@id":"https:\/\/www.museuolimpicbcn.cat\/es\/presentacion-del-libro-barcelona-ciudad-del-deporte-25-aniversario-de-los-juegos-olimpicos-y-paralimpicos-de-barcelona-92\/#primaryimage"},"thumbnailUrl":"https:\/\/www.museuolimpicbcn.cat\/wp-content\/uploads\/sites\/2\/2019\/03\/25_Aniversari-BCN92_GEneral-01.JPG","articleSection":["Sin categorizar"],"inLanguage":"es","potentialAction":[{"@type":"CommentAction","name":"Comment","target":["https:\/\/www.museuolimpicbcn.cat\/es\/presentacion-del-libro-barcelona-ciudad-del-deporte-25-aniversario-de-los-juegos-olimpicos-y-paralimpicos-de-barcelona-92\/#respond"]}]},{"@type":"WebPage","@id":"https:\/\/www.museuolimpicbcn.cat\/es\/presentacion-del-libro-barcelona-ciudad-del-deporte-25-aniversario-de-los-juegos-olimpicos-y-paralimpicos-de-barcelona-92\/","url":"https:\/\/www.museuolimpicbcn.cat\/es\/presentacion-del-libro-barcelona-ciudad-del-deporte-25-aniversario-de-los-juegos-olimpicos-y-paralimpicos-de-barcelona-92\/","name":"Presentaci\u00f3n del libro \u201cBarcelona, ciudad del deporte. 25 aniversario de los Juegos Ol\u00edmpicos y Paral\u00edmpicos de Barcelona \u201892\u201d - Museu Ol\u00edmpic i de l&#039;Esport Joan Antoni Samaranch. Barcelona","isPartOf":{"@id":"https:\/\/www.museuolimpicbcn.cat\/ca\/#website"},"primaryImageOfPage":{"@id":"https:\/\/www.museuolimpicbcn.cat\/es\/presentacion-del-libro-barcelona-ciudad-del-deporte-25-aniversario-de-los-juegos-olimpicos-y-paralimpicos-de-barcelona-92\/#primaryimage"},"image":{"@id":"https:\/\/www.museuolimpicbcn.cat\/es\/presentacion-del-libro-barcelona-ciudad-del-deporte-25-aniversario-de-los-juegos-olimpicos-y-paralimpicos-de-barcelona-92\/#primaryimage"},"thumbnailUrl":"https:\/\/www.museuolimpicbcn.cat\/wp-content\/uploads\/sites\/2\/2019\/03\/25_Aniversari-BCN92_GEneral-01.JPG","datePublished":"2018-10-16T22:00:00+00:00","dateModified":"2019-04-08T11:55:22+00:00","breadcrumb":{"@id":"https:\/\/www.museuolimpicbcn.cat\/es\/presentacion-del-libro-barcelona-ciudad-del-deporte-25-aniversario-de-los-juegos-olimpicos-y-paralimpicos-de-barcelona-92\/#breadcrumb"},"inLanguage":"es","potentialAction":[{"@type":"ReadAction","target":["https:\/\/www.museuolimpicbcn.cat\/es\/presentacion-del-libro-barcelona-ciudad-del-deporte-25-aniversario-de-los-juegos-olimpicos-y-paralimpicos-de-barcelona-92\/"]}]},{"@type":"ImageObject","inLanguage":"es","@id":"https:\/\/www.museuolimpicbcn.cat\/es\/presentacion-del-libro-barcelona-ciudad-del-deporte-25-aniversario-de-los-juegos-olimpicos-y-paralimpicos-de-barcelona-92\/#primaryimage","url":"https:\/\/www.museuolimpicbcn.cat\/wp-content\/uploads\/sites\/2\/2019\/03\/25_Aniversari-BCN92_GEneral-01.JPG","contentUrl":"https:\/\/www.museuolimpicbcn.cat\/wp-content\/uploads\/sites\/2\/2019\/03\/25_Aniversari-BCN92_GEneral-01.JPG","width":600,"height":400},{"@type":"BreadcrumbList","@id":"https:\/\/www.museuolimpicbcn.cat\/es\/presentacion-del-libro-barcelona-ciudad-del-deporte-25-aniversario-de-los-juegos-olimpicos-y-paralimpicos-de-barcelona-92\/#breadcrumb","itemListElement":[{"@type":"ListItem","position":1,"name":"Inici","item":"https:\/\/www.museuolimpicbcn.cat\/es\/"},{"@type":"ListItem","position":2,"name":"Presentaci\u00f3n del libro \u201cBarcelona, ciudad del deporte. 25 aniversario de los Juegos Ol\u00edmpicos y Paral\u00edmpicos de Barcelona \u201892\u201d"}]},{"@type":"WebSite","@id":"https:\/\/www.museuolimpicbcn.cat\/ca\/#website","url":"https:\/\/www.museuolimpicbcn.cat\/ca\/","name":"Museu Ol\u00edmpic i de l&#039;Esport Joan Antoni Samaranch. Barcelona","description":"Altre lloc Web del Museu Ol\u00edmpic i de l&#039;Esport llocs","publisher":{"@id":"https:\/\/www.museuolimpicbcn.cat\/ca\/#organization"},"potentialAction":[{"@type":"SearchAction","target":{"@type":"EntryPoint","urlTemplate":"https:\/\/www.museuolimpicbcn.cat\/ca\/?s={search_term_string}"},"query-input":{"@type":"PropertyValueSpecification","valueRequired":true,"valueName":"search_term_string"}}],"inLanguage":"es"},{"@type":"Organization","@id":"https:\/\/www.museuolimpicbcn.cat\/ca\/#organization","name":"Museu Ol\u00edmpic i de l&#039;Esport Joan Antoni Samaranch. Barcelona","url":"https:\/\/www.museuolimpicbcn.cat\/ca\/","logo":{"@type":"ImageObject","inLanguage":"es","@id":"https:\/\/www.museuolimpicbcn.cat\/ca\/#\/schema\/logo\/image\/","url":"https:\/\/www.museuolimpicbcn.cat\/wp-content\/uploads\/sites\/2\/2018\/12\/logo-moe-header.svg","contentUrl":"https:\/\/www.museuolimpicbcn.cat\/wp-content\/uploads\/sites\/2\/2018\/12\/logo-moe-header.svg","caption":"Museu Ol\u00edmpic i de l&#039;Esport Joan Antoni Samaranch. Barcelona"},"image":{"@id":"https:\/\/www.museuolimpicbcn.cat\/ca\/#\/schema\/logo\/image\/"}},{"@type":"Person","@id":"https:\/\/www.museuolimpicbcn.cat\/ca\/#\/schema\/person\/d05705664e87aa04c6ce53d48133fb39","name":"useradmin","url":"https:\/\/www.museuolimpicbcn.cat\/es\/author\/useradmin\/"}]}},"_links":{"self":[{"href":"https:\/\/www.museuolimpicbcn.cat\/es\/wp-json\/wp\/v2\/posts\/15689"}],"collection":[{"href":"https:\/\/www.museuolimpicbcn.cat\/es\/wp-json\/wp\/v2\/posts"}],"about":[{"href":"https:\/\/www.museuolimpicbcn.cat\/es\/wp-json\/wp\/v2\/types\/post"}],"author":[{"embeddable":true,"href":"https:\/\/www.museuolimpicbcn.cat\/es\/wp-json\/wp\/v2\/users\/1"}],"replies":[{"embeddable":true,"href":"https:\/\/www.museuolimpicbcn.cat\/es\/wp-json\/wp\/v2\/comments?post=15689"}],"version-history":[{"count":2,"href":"https:\/\/www.museuolimpicbcn.cat\/es\/wp-json\/wp\/v2\/posts\/15689\/revisions"}],"predecessor-version":[{"id":17649,"href":"https:\/\/www.museuolimpicbcn.cat\/es\/wp-json\/wp\/v2\/posts\/15689\/revisions\/17649"}],"wp:featuredmedia":[{"embeddable":true,"href":"https:\/\/www.museuolimpicbcn.cat\/es\/wp-json\/wp\/v2\/media\/15690"}],"wp:attachment":[{"href":"https:\/\/www.museuolimpicbcn.cat\/es\/wp-json\/wp\/v2\/media?parent=15689"}],"wp:term":[{"taxonomy":"category","embeddable":true,"href":"https:\/\/www.museuolimpicbcn.cat\/es\/wp-json\/wp\/v2\/categories?post=15689"},{"taxonomy":"post_tag","embeddable":true,"href":"https:\/\/www.museuolimpicbcn.cat\/es\/wp-json\/wp\/v2\/tags?post=15689"}],"curies":[{"name":"wp","href":"https:\/\/api.w.org\/{rel}","templated":true}]}}