{"id":15730,"date":"2018-10-18T00:00:00","date_gmt":"2018-10-17T22:00:00","guid":{"rendered":"http:\/\/dev.museuolimpicbcn.cat\/los-juegos-olimpicos-de-1968-innovadores-y-universales\/"},"modified":"2019-04-02T11:27:57","modified_gmt":"2019-04-02T09:27:57","slug":"los-juegos-olimpicos-de-1968-innovadores-y-universales","status":"publish","type":"post","link":"https:\/\/www.museuolimpicbcn.cat\/es\/los-juegos-olimpicos-de-1968-innovadores-y-universales\/","title":{"rendered":"Los Juegos Ol\u00edmpicos de 1968: Innovadores y universales."},"content":{"rendered":"<p>El periodista Joan Manel Surroca ha contextualizado el acto y hecho de maestro de ceremonias coordinado las entrevistas\u00a0 a los diversos protagonistas:<\/p>\n<p>Enrique Bondia, relevista de la antorcha en M\u00e9xico; Antonio Campa\u00f1\u00e0, esquiador en los Juegos Ol\u00edmpicos de Grenoble; los nadadores Mari Paz Corominas, Santiago Esteva y Miquel Torres; el waterpolista Lolo Ibern; el jugador de baloncesto Francesc Buscat\u00f3; los futbolistas Ramon Alfonseda y Miguel Angel Ochoa; los jugadores de hockey hierba Leandre Negre y Joan Amat; el tenista Manuel Orantes; y el jugador de pelota Jose Mar\u00eda Miralpeix.<\/p>\n<p>Durante el evento, Joan Manel Surroca ha presentado el libro \u201c1968: unos Juegos Ol\u00edmpicos innovadores y universales\u201d, que ha confeccionado para la ocasi\u00f3n y que forma parte de las publicaciones del Aula de Historia.<\/p>\n<p>Al acto asistieron diferentes personalidades del mundo de la gesti\u00f3n: Francesc Terr\u00f3n, gerente del Institut Barcelona Esports; Lolo Ibern, y Pere Sust, ex secretarios de Deportes de la Generalitat; y el miembro del patronato de la Fundaci\u00f3 Barcelona Ol\u00edmpica, Rom\u00e0 Cuy\u00e0s.<\/p>\n","protected":false},"excerpt":{"rendered":"<p>Con motivo del 50 aniversario de los Juegos Ol&iacute;mpicos de 1968 (Juegos Ol&iacute;mpicos de verano en M&eacute;xico&nbsp; y Juegos Ol&iacute;mpicos de invierno en Grenoble) el Aula de Historia ha querido hacer un tributo a aquellas personalidades, en su mayor&iacute;a deportistas, que vivieron la experiencia ol&iacute;mpica.<\/p>\n","protected":false},"author":1,"featured_media":15731,"comment_status":"open","ping_status":"open","sticky":false,"template":"","format":"standard","meta":{"_acf_changed":false,"_price":"","_stock":"","_tribe_ticket_header":"","_tribe_default_ticket_provider":"","_tribe_ticket_capacity":"0","_ticket_start_date":"","_ticket_end_date":"","_tribe_ticket_show_description":"","_tribe_ticket_show_not_going":false,"_tribe_ticket_use_global_stock":"","_tribe_ticket_global_stock_level":"","_global_stock_mode":"","_global_stock_cap":"","_tribe_rsvp_for_event":"","_tribe_ticket_going_count":"","_tribe_ticket_not_going_count":"","_tribe_tickets_list":"[]","_tribe_ticket_has_attendee_info_fields":false,"footnotes":""},"categories":[3],"tags":[],"class_list":["post-15730","post","type-post","status-publish","format-standard","has-post-thumbnail","hentry","category-sin-categorizar"],"acf":[],"yoast_head":"<!-- This site is optimized with the Yoast SEO plugin v23.7 - https:\/\/yoast.com\/wordpress\/plugins\/seo\/ -->\n<title>Los Juegos Ol\u00edmpicos de 1968: Innovadores y universales. - Museu Ol\u00edmpic i de l&#039;Esport Joan Antoni Samaranch. Barcelona<\/title>\n<meta name=\"robots\" content=\"index, follow, max-snippet:-1, max-image-preview:large, max-video-preview:-1\" \/>\n<link rel=\"canonical\" href=\"https:\/\/www.museuolimpicbcn.cat\/es\/los-juegos-olimpicos-de-1968-innovadores-y-universales\/\" \/>\n<meta property=\"og:locale\" content=\"es_ES\" \/>\n<meta property=\"og:type\" content=\"article\" \/>\n<meta property=\"og:title\" content=\"Los Juegos Ol\u00edmpicos de 1968: Innovadores y universales. - Museu Ol\u00edmpic i de l&#039;Esport Joan Antoni Samaranch. Barcelona\" \/>\n<meta property=\"og:description\" content=\"Con motivo del 50 aniversario de los Juegos Ol&iacute;mpicos de 1968 (Juegos Ol&iacute;mpicos de verano en M&eacute;xico&nbsp; y Juegos Ol&iacute;mpicos de invierno en Grenoble) el Aula de Historia ha querido hacer un tributo a aquellas personalidades, en su mayor&iacute;a deportistas, que vivieron la experiencia ol&iacute;mpica.\" \/>\n<meta property=\"og:url\" content=\"https:\/\/www.museuolimpicbcn.cat\/es\/los-juegos-olimpicos-de-1968-innovadores-y-universales\/\" \/>\n<meta property=\"og:site_name\" content=\"Museu Ol\u00edmpic i de l&#039;Esport Joan Antoni Samaranch. Barcelona\" \/>\n<meta property=\"article:published_time\" content=\"2018-10-17T22:00:00+00:00\" \/>\n<meta property=\"article:modified_time\" content=\"2019-04-02T09:27:57+00:00\" \/>\n<meta property=\"og:image\" content=\"https:\/\/www.museuolimpicbcn.cat\/wp-content\/uploads\/sites\/2\/2019\/03\/JJOO_Mejico68-Museu_Olimpic_BCN-00-grupo.JPG\" \/>\n\t<meta property=\"og:image:width\" content=\"600\" \/>\n\t<meta property=\"og:image:height\" content=\"403\" \/>\n\t<meta property=\"og:image:type\" content=\"image\/jpeg\" \/>\n<meta name=\"author\" content=\"useradmin\" \/>\n<meta name=\"twitter:card\" content=\"summary_large_image\" \/>\n<meta name=\"twitter:label1\" content=\"Escrito por\" \/>\n\t<meta name=\"twitter:data1\" content=\"useradmin\" \/>\n\t<meta name=\"twitter:label2\" content=\"Tiempo de lectura\" \/>\n\t<meta name=\"twitter:data2\" content=\"1 minuto\" \/>\n<script type=\"application\/ld+json\" class=\"yoast-schema-graph\">{\"@context\":\"https:\/\/schema.org\",\"@graph\":[{\"@type\":\"Article\",\"@id\":\"https:\/\/www.museuolimpicbcn.cat\/es\/los-juegos-olimpicos-de-1968-innovadores-y-universales\/#article\",\"isPartOf\":{\"@id\":\"https:\/\/www.museuolimpicbcn.cat\/es\/los-juegos-olimpicos-de-1968-innovadores-y-universales\/\"},\"author\":{\"name\":\"useradmin\",\"@id\":\"https:\/\/www.museuolimpicbcn.cat\/ca\/#\/schema\/person\/d05705664e87aa04c6ce53d48133fb39\"},\"headline\":\"Los Juegos Ol\u00edmpicos de 1968: Innovadores y universales.\",\"datePublished\":\"2018-10-17T22:00:00+00:00\",\"dateModified\":\"2019-04-02T09:27:57+00:00\",\"mainEntityOfPage\":{\"@id\":\"https:\/\/www.museuolimpicbcn.cat\/es\/los-juegos-olimpicos-de-1968-innovadores-y-universales\/\"},\"wordCount\":180,\"commentCount\":5,\"publisher\":{\"@id\":\"https:\/\/www.museuolimpicbcn.cat\/ca\/#organization\"},\"image\":{\"@id\":\"https:\/\/www.museuolimpicbcn.cat\/es\/los-juegos-olimpicos-de-1968-innovadores-y-universales\/#primaryimage\"},\"thumbnailUrl\":\"https:\/\/www.museuolimpicbcn.cat\/wp-content\/uploads\/sites\/2\/2019\/03\/JJOO_Mejico68-Museu_Olimpic_BCN-00-grupo.JPG\",\"articleSection\":[\"Sin categorizar\"],\"inLanguage\":\"es\",\"potentialAction\":[{\"@type\":\"CommentAction\",\"name\":\"Comment\",\"target\":[\"https:\/\/www.museuolimpicbcn.cat\/es\/los-juegos-olimpicos-de-1968-innovadores-y-universales\/#respond\"]}]},{\"@type\":\"WebPage\",\"@id\":\"https:\/\/www.museuolimpicbcn.cat\/es\/los-juegos-olimpicos-de-1968-innovadores-y-universales\/\",\"url\":\"https:\/\/www.museuolimpicbcn.cat\/es\/los-juegos-olimpicos-de-1968-innovadores-y-universales\/\",\"name\":\"Los Juegos Ol\u00edmpicos de 1968: Innovadores y universales. - Museu Ol\u00edmpic i de l&#039;Esport Joan Antoni Samaranch. Barcelona\",\"isPartOf\":{\"@id\":\"https:\/\/www.museuolimpicbcn.cat\/ca\/#website\"},\"primaryImageOfPage\":{\"@id\":\"https:\/\/www.museuolimpicbcn.cat\/es\/los-juegos-olimpicos-de-1968-innovadores-y-universales\/#primaryimage\"},\"image\":{\"@id\":\"https:\/\/www.museuolimpicbcn.cat\/es\/los-juegos-olimpicos-de-1968-innovadores-y-universales\/#primaryimage\"},\"thumbnailUrl\":\"https:\/\/www.museuolimpicbcn.cat\/wp-content\/uploads\/sites\/2\/2019\/03\/JJOO_Mejico68-Museu_Olimpic_BCN-00-grupo.JPG\",\"datePublished\":\"2018-10-17T22:00:00+00:00\",\"dateModified\":\"2019-04-02T09:27:57+00:00\",\"breadcrumb\":{\"@id\":\"https:\/\/www.museuolimpicbcn.cat\/es\/los-juegos-olimpicos-de-1968-innovadores-y-universales\/#breadcrumb\"},\"inLanguage\":\"es\",\"potentialAction\":[{\"@type\":\"ReadAction\",\"target\":[\"https:\/\/www.museuolimpicbcn.cat\/es\/los-juegos-olimpicos-de-1968-innovadores-y-universales\/\"]}]},{\"@type\":\"ImageObject\",\"inLanguage\":\"es\",\"@id\":\"https:\/\/www.museuolimpicbcn.cat\/es\/los-juegos-olimpicos-de-1968-innovadores-y-universales\/#primaryimage\",\"url\":\"https:\/\/www.museuolimpicbcn.cat\/wp-content\/uploads\/sites\/2\/2019\/03\/JJOO_Mejico68-Museu_Olimpic_BCN-00-grupo.JPG\",\"contentUrl\":\"https:\/\/www.museuolimpicbcn.cat\/wp-content\/uploads\/sites\/2\/2019\/03\/JJOO_Mejico68-Museu_Olimpic_BCN-00-grupo.JPG\",\"width\":600,\"height\":403},{\"@type\":\"BreadcrumbList\",\"@id\":\"https:\/\/www.museuolimpicbcn.cat\/es\/los-juegos-olimpicos-de-1968-innovadores-y-universales\/#breadcrumb\",\"itemListElement\":[{\"@type\":\"ListItem\",\"position\":1,\"name\":\"Inici\",\"item\":\"https:\/\/www.museuolimpicbcn.cat\/es\/\"},{\"@type\":\"ListItem\",\"position\":2,\"name\":\"Los Juegos Ol\u00edmpicos de 1968: Innovadores y universales.\"}]},{\"@type\":\"WebSite\",\"@id\":\"https:\/\/www.museuolimpicbcn.cat\/ca\/#website\",\"url\":\"https:\/\/www.museuolimpicbcn.cat\/ca\/\",\"name\":\"Museu Ol\u00edmpic i de l&#039;Esport Joan Antoni Samaranch. Barcelona\",\"description\":\"Altre lloc Web del Museu Ol\u00edmpic i de l&#039;Esport llocs\",\"publisher\":{\"@id\":\"https:\/\/www.museuolimpicbcn.cat\/ca\/#organization\"},\"potentialAction\":[{\"@type\":\"SearchAction\",\"target\":{\"@type\":\"EntryPoint\",\"urlTemplate\":\"https:\/\/www.museuolimpicbcn.cat\/ca\/?s={search_term_string}\"},\"query-input\":{\"@type\":\"PropertyValueSpecification\",\"valueRequired\":true,\"valueName\":\"search_term_string\"}}],\"inLanguage\":\"es\"},{\"@type\":\"Organization\",\"@id\":\"https:\/\/www.museuolimpicbcn.cat\/ca\/#organization\",\"name\":\"Museu Ol\u00edmpic i de l&#039;Esport Joan Antoni Samaranch. Barcelona\",\"url\":\"https:\/\/www.museuolimpicbcn.cat\/ca\/\",\"logo\":{\"@type\":\"ImageObject\",\"inLanguage\":\"es\",\"@id\":\"https:\/\/www.museuolimpicbcn.cat\/ca\/#\/schema\/logo\/image\/\",\"url\":\"https:\/\/www.museuolimpicbcn.cat\/wp-content\/uploads\/sites\/2\/2018\/12\/logo-moe-header.svg\",\"contentUrl\":\"https:\/\/www.museuolimpicbcn.cat\/wp-content\/uploads\/sites\/2\/2018\/12\/logo-moe-header.svg\",\"caption\":\"Museu Ol\u00edmpic i de l&#039;Esport Joan Antoni Samaranch. Barcelona\"},\"image\":{\"@id\":\"https:\/\/www.museuolimpicbcn.cat\/ca\/#\/schema\/logo\/image\/\"}},{\"@type\":\"Person\",\"@id\":\"https:\/\/www.museuolimpicbcn.cat\/ca\/#\/schema\/person\/d05705664e87aa04c6ce53d48133fb39\",\"name\":\"useradmin\",\"url\":\"https:\/\/www.museuolimpicbcn.cat\/es\/author\/useradmin\/\"}]}<\/script>\n<!-- \/ Yoast SEO plugin. -->","yoast_head_json":{"title":"Los Juegos Ol\u00edmpicos de 1968: Innovadores y universales. - Museu Ol\u00edmpic i de l&#039;Esport Joan Antoni Samaranch. Barcelona","robots":{"index":"index","follow":"follow","max-snippet":"max-snippet:-1","max-image-preview":"max-image-preview:large","max-video-preview":"max-video-preview:-1"},"canonical":"https:\/\/www.museuolimpicbcn.cat\/es\/los-juegos-olimpicos-de-1968-innovadores-y-universales\/","og_locale":"es_ES","og_type":"article","og_title":"Los Juegos Ol\u00edmpicos de 1968: Innovadores y universales. - Museu Ol\u00edmpic i de l&#039;Esport Joan Antoni Samaranch. Barcelona","og_description":"Con motivo del 50 aniversario de los Juegos Ol&iacute;mpicos de 1968 (Juegos Ol&iacute;mpicos de verano en M&eacute;xico&nbsp; y Juegos Ol&iacute;mpicos de invierno en Grenoble) el Aula de Historia ha querido hacer un tributo a aquellas personalidades, en su mayor&iacute;a deportistas, que vivieron la experiencia ol&iacute;mpica.","og_url":"https:\/\/www.museuolimpicbcn.cat\/es\/los-juegos-olimpicos-de-1968-innovadores-y-universales\/","og_site_name":"Museu Ol\u00edmpic i de l&#039;Esport Joan Antoni Samaranch. Barcelona","article_published_time":"2018-10-17T22:00:00+00:00","article_modified_time":"2019-04-02T09:27:57+00:00","og_image":[{"width":600,"height":403,"url":"https:\/\/www.museuolimpicbcn.cat\/wp-content\/uploads\/sites\/2\/2019\/03\/JJOO_Mejico68-Museu_Olimpic_BCN-00-grupo.JPG","type":"image\/jpeg"}],"author":"useradmin","twitter_card":"summary_large_image","twitter_misc":{"Escrito por":"useradmin","Tiempo de lectura":"1 minuto"},"schema":{"@context":"https:\/\/schema.org","@graph":[{"@type":"Article","@id":"https:\/\/www.museuolimpicbcn.cat\/es\/los-juegos-olimpicos-de-1968-innovadores-y-universales\/#article","isPartOf":{"@id":"https:\/\/www.museuolimpicbcn.cat\/es\/los-juegos-olimpicos-de-1968-innovadores-y-universales\/"},"author":{"name":"useradmin","@id":"https:\/\/www.museuolimpicbcn.cat\/ca\/#\/schema\/person\/d05705664e87aa04c6ce53d48133fb39"},"headline":"Los Juegos Ol\u00edmpicos de 1968: Innovadores y universales.","datePublished":"2018-10-17T22:00:00+00:00","dateModified":"2019-04-02T09:27:57+00:00","mainEntityOfPage":{"@id":"https:\/\/www.museuolimpicbcn.cat\/es\/los-juegos-olimpicos-de-1968-innovadores-y-universales\/"},"wordCount":180,"commentCount":5,"publisher":{"@id":"https:\/\/www.museuolimpicbcn.cat\/ca\/#organization"},"image":{"@id":"https:\/\/www.museuolimpicbcn.cat\/es\/los-juegos-olimpicos-de-1968-innovadores-y-universales\/#primaryimage"},"thumbnailUrl":"https:\/\/www.museuolimpicbcn.cat\/wp-content\/uploads\/sites\/2\/2019\/03\/JJOO_Mejico68-Museu_Olimpic_BCN-00-grupo.JPG","articleSection":["Sin categorizar"],"inLanguage":"es","potentialAction":[{"@type":"CommentAction","name":"Comment","target":["https:\/\/www.museuolimpicbcn.cat\/es\/los-juegos-olimpicos-de-1968-innovadores-y-universales\/#respond"]}]},{"@type":"WebPage","@id":"https:\/\/www.museuolimpicbcn.cat\/es\/los-juegos-olimpicos-de-1968-innovadores-y-universales\/","url":"https:\/\/www.museuolimpicbcn.cat\/es\/los-juegos-olimpicos-de-1968-innovadores-y-universales\/","name":"Los Juegos Ol\u00edmpicos de 1968: Innovadores y universales. - Museu Ol\u00edmpic i de l&#039;Esport Joan Antoni Samaranch. Barcelona","isPartOf":{"@id":"https:\/\/www.museuolimpicbcn.cat\/ca\/#website"},"primaryImageOfPage":{"@id":"https:\/\/www.museuolimpicbcn.cat\/es\/los-juegos-olimpicos-de-1968-innovadores-y-universales\/#primaryimage"},"image":{"@id":"https:\/\/www.museuolimpicbcn.cat\/es\/los-juegos-olimpicos-de-1968-innovadores-y-universales\/#primaryimage"},"thumbnailUrl":"https:\/\/www.museuolimpicbcn.cat\/wp-content\/uploads\/sites\/2\/2019\/03\/JJOO_Mejico68-Museu_Olimpic_BCN-00-grupo.JPG","datePublished":"2018-10-17T22:00:00+00:00","dateModified":"2019-04-02T09:27:57+00:00","breadcrumb":{"@id":"https:\/\/www.museuolimpicbcn.cat\/es\/los-juegos-olimpicos-de-1968-innovadores-y-universales\/#breadcrumb"},"inLanguage":"es","potentialAction":[{"@type":"ReadAction","target":["https:\/\/www.museuolimpicbcn.cat\/es\/los-juegos-olimpicos-de-1968-innovadores-y-universales\/"]}]},{"@type":"ImageObject","inLanguage":"es","@id":"https:\/\/www.museuolimpicbcn.cat\/es\/los-juegos-olimpicos-de-1968-innovadores-y-universales\/#primaryimage","url":"https:\/\/www.museuolimpicbcn.cat\/wp-content\/uploads\/sites\/2\/2019\/03\/JJOO_Mejico68-Museu_Olimpic_BCN-00-grupo.JPG","contentUrl":"https:\/\/www.museuolimpicbcn.cat\/wp-content\/uploads\/sites\/2\/2019\/03\/JJOO_Mejico68-Museu_Olimpic_BCN-00-grupo.JPG","width":600,"height":403},{"@type":"BreadcrumbList","@id":"https:\/\/www.museuolimpicbcn.cat\/es\/los-juegos-olimpicos-de-1968-innovadores-y-universales\/#breadcrumb","itemListElement":[{"@type":"ListItem","position":1,"name":"Inici","item":"https:\/\/www.museuolimpicbcn.cat\/es\/"},{"@type":"ListItem","position":2,"name":"Los Juegos Ol\u00edmpicos de 1968: Innovadores y universales."}]},{"@type":"WebSite","@id":"https:\/\/www.museuolimpicbcn.cat\/ca\/#website","url":"https:\/\/www.museuolimpicbcn.cat\/ca\/","name":"Museu Ol\u00edmpic i de l&#039;Esport Joan Antoni Samaranch. Barcelona","description":"Altre lloc Web del Museu Ol\u00edmpic i de l&#039;Esport llocs","publisher":{"@id":"https:\/\/www.museuolimpicbcn.cat\/ca\/#organization"},"potentialAction":[{"@type":"SearchAction","target":{"@type":"EntryPoint","urlTemplate":"https:\/\/www.museuolimpicbcn.cat\/ca\/?s={search_term_string}"},"query-input":{"@type":"PropertyValueSpecification","valueRequired":true,"valueName":"search_term_string"}}],"inLanguage":"es"},{"@type":"Organization","@id":"https:\/\/www.museuolimpicbcn.cat\/ca\/#organization","name":"Museu Ol\u00edmpic i de l&#039;Esport Joan Antoni Samaranch. Barcelona","url":"https:\/\/www.museuolimpicbcn.cat\/ca\/","logo":{"@type":"ImageObject","inLanguage":"es","@id":"https:\/\/www.museuolimpicbcn.cat\/ca\/#\/schema\/logo\/image\/","url":"https:\/\/www.museuolimpicbcn.cat\/wp-content\/uploads\/sites\/2\/2018\/12\/logo-moe-header.svg","contentUrl":"https:\/\/www.museuolimpicbcn.cat\/wp-content\/uploads\/sites\/2\/2018\/12\/logo-moe-header.svg","caption":"Museu Ol\u00edmpic i de l&#039;Esport Joan Antoni Samaranch. Barcelona"},"image":{"@id":"https:\/\/www.museuolimpicbcn.cat\/ca\/#\/schema\/logo\/image\/"}},{"@type":"Person","@id":"https:\/\/www.museuolimpicbcn.cat\/ca\/#\/schema\/person\/d05705664e87aa04c6ce53d48133fb39","name":"useradmin","url":"https:\/\/www.museuolimpicbcn.cat\/es\/author\/useradmin\/"}]}},"_links":{"self":[{"href":"https:\/\/www.museuolimpicbcn.cat\/es\/wp-json\/wp\/v2\/posts\/15730"}],"collection":[{"href":"https:\/\/www.museuolimpicbcn.cat\/es\/wp-json\/wp\/v2\/posts"}],"about":[{"href":"https:\/\/www.museuolimpicbcn.cat\/es\/wp-json\/wp\/v2\/types\/post"}],"author":[{"embeddable":true,"href":"https:\/\/www.museuolimpicbcn.cat\/es\/wp-json\/wp\/v2\/users\/1"}],"replies":[{"embeddable":true,"href":"https:\/\/www.museuolimpicbcn.cat\/es\/wp-json\/wp\/v2\/comments?post=15730"}],"version-history":[{"count":1,"href":"https:\/\/www.museuolimpicbcn.cat\/es\/wp-json\/wp\/v2\/posts\/15730\/revisions"}],"predecessor-version":[{"id":17286,"href":"https:\/\/www.museuolimpicbcn.cat\/es\/wp-json\/wp\/v2\/posts\/15730\/revisions\/17286"}],"wp:featuredmedia":[{"embeddable":true,"href":"https:\/\/www.museuolimpicbcn.cat\/es\/wp-json\/wp\/v2\/media\/15731"}],"wp:attachment":[{"href":"https:\/\/www.museuolimpicbcn.cat\/es\/wp-json\/wp\/v2\/media?parent=15730"}],"wp:term":[{"taxonomy":"category","embeddable":true,"href":"https:\/\/www.museuolimpicbcn.cat\/es\/wp-json\/wp\/v2\/categories?post=15730"},{"taxonomy":"post_tag","embeddable":true,"href":"https:\/\/www.museuolimpicbcn.cat\/es\/wp-json\/wp\/v2\/tags?post=15730"}],"curies":[{"name":"wp","href":"https:\/\/api.w.org\/{rel}","templated":true}]}}