{"id":15822,"date":"2018-12-10T00:00:00","date_gmt":"2018-12-09T23:00:00","guid":{"rendered":"http:\/\/dev.museuolimpicbcn.cat\/josep-lluis-vilaseca-patrono-de-la-fundacion-barcelona-olimpica-reconocido-con-el-premio-especial-juan-antonio-samaranch-del-comite-olimpico-espanol\/"},"modified":"2019-09-30T16:00:54","modified_gmt":"2019-09-30T14:00:54","slug":"josep-lluis-vilaseca-patrono-de-la-fundacion-barcelona-olimpica-reconocido-con-el-premio-especial-juan-antonio-samaranch-del-comite-olimpico-espanol","status":"publish","type":"post","link":"https:\/\/www.museuolimpicbcn.cat\/es\/josep-lluis-vilaseca-patrono-de-la-fundacion-barcelona-olimpica-reconocido-con-el-premio-especial-juan-antonio-samaranch-del-comite-olimpico-espanol\/","title":{"rendered":"Josep Llu\u00eds Vilaseca, patrono de la Fundaci\u00f3n Barcelona Ol\u00edmpica, reconocido con el premio Especial \u2018Juan Antonio Samaranch\u2019 del Comit\u00e9 Ol\u00edmpico Espa\u00f1ol."},"content":{"rendered":"<p>El premio Especial del Comit\u00e9 Ol\u00edmpico Espa\u00f1ol &#8216;Juan Antonio Samaranch&#8217; se une al gran n\u00famero de reconocimientos que Josep Llu\u00eds Vilaseca ha recibido de todas aquellas entidades con las cuales ha colaborado o trabajado.<\/p>\n<p>&nbsp;<\/p>\n","protected":false},"excerpt":{"rendered":"<p>Vilaseca (1930) es abogado. Estuvo vinculado en el mundo del deporte como directivo del FC Barcelona (1969-1977) y como miembro de la Comisi&oacute;n Jur&iacute;dica y de Disciplina de la UEFA. Tambi&eacute;n fue miembro del Comit&eacute; Ol&iacute;mpico Espa&ntilde;ol y secretario General del Deporte de la Generalitat de Catalu&ntilde;a. Es Jurado de los Premios de la Fundaci&oacute;n Pr&iacute;ncipe de Asturias. El 2002 recibi&oacute; la Cruz de Sant Jordi, el 2007 recibi&oacute; la orden del M&eacute;rito de la UEFA y el 2014 la medalla de Oro de la Ciutat de Barcelona.&nbsp;<\/p>\n<p>&nbsp;<\/p>\n","protected":false},"author":1,"featured_media":15826,"comment_status":"open","ping_status":"open","sticky":false,"template":"","format":"standard","meta":{"_acf_changed":false,"_price":"","_stock":"","_tribe_ticket_header":"","_tribe_default_ticket_provider":"","_tribe_ticket_capacity":"0","_ticket_start_date":"","_ticket_end_date":"","_tribe_ticket_show_description":"","_tribe_ticket_show_not_going":false,"_tribe_ticket_use_global_stock":"","_tribe_ticket_global_stock_level":"","_global_stock_mode":"","_global_stock_cap":"","_tribe_rsvp_for_event":"","_tribe_ticket_going_count":"","_tribe_ticket_not_going_count":"","_tribe_tickets_list":"[]","_tribe_ticket_has_attendee_info_fields":false,"footnotes":""},"categories":[3],"tags":[],"class_list":["post-15822","post","type-post","status-publish","format-standard","has-post-thumbnail","hentry","category-sin-categorizar"],"acf":[],"yoast_head":"<!-- This site is optimized with the Yoast SEO plugin v23.7 - https:\/\/yoast.com\/wordpress\/plugins\/seo\/ -->\n<title>Josep Llu\u00eds Vilaseca, patrono de la Fundaci\u00f3n Barcelona Ol\u00edmpica, reconocido con el premio Especial \u2018Juan Antonio Samaranch\u2019 del Comit\u00e9 Ol\u00edmpico Espa\u00f1ol. - Museu Ol\u00edmpic i de l&#039;Esport Joan Antoni Samaranch. Barcelona<\/title>\n<meta name=\"robots\" content=\"index, follow, max-snippet:-1, max-image-preview:large, max-video-preview:-1\" \/>\n<link rel=\"canonical\" href=\"https:\/\/www.museuolimpicbcn.cat\/es\/josep-lluis-vilaseca-patrono-de-la-fundacion-barcelona-olimpica-reconocido-con-el-premio-especial-juan-antonio-samaranch-del-comite-olimpico-espanol\/\" \/>\n<meta property=\"og:locale\" content=\"es_ES\" \/>\n<meta property=\"og:type\" content=\"article\" \/>\n<meta property=\"og:title\" content=\"Josep Llu\u00eds Vilaseca, patrono de la Fundaci\u00f3n Barcelona Ol\u00edmpica, reconocido con el premio Especial \u2018Juan Antonio Samaranch\u2019 del Comit\u00e9 Ol\u00edmpico Espa\u00f1ol. - Museu Ol\u00edmpic i de l&#039;Esport Joan Antoni Samaranch. Barcelona\" \/>\n<meta property=\"og:description\" content=\"Vilaseca (1930) es abogado. Estuvo vinculado en el mundo del deporte como directivo del FC Barcelona (1969-1977) y como miembro de la Comisi&oacute;n Jur&iacute;dica y de Disciplina de la UEFA. Tambi&eacute;n fue miembro del Comit&eacute; Ol&iacute;mpico Espa&ntilde;ol y secretario General del Deporte de la Generalitat de Catalu&ntilde;a. Es Jurado de los Premios de la Fundaci&oacute;n Pr&iacute;ncipe de Asturias. El 2002 recibi&oacute; la Cruz de Sant Jordi, el 2007 recibi&oacute; la orden del M&eacute;rito de la UEFA y el 2014 la medalla de Oro de la Ciutat de Barcelona.&nbsp; &nbsp;\" \/>\n<meta property=\"og:url\" content=\"https:\/\/www.museuolimpicbcn.cat\/es\/josep-lluis-vilaseca-patrono-de-la-fundacion-barcelona-olimpica-reconocido-con-el-premio-especial-juan-antonio-samaranch-del-comite-olimpico-espanol\/\" \/>\n<meta property=\"og:site_name\" content=\"Museu Ol\u00edmpic i de l&#039;Esport Joan Antoni Samaranch. Barcelona\" \/>\n<meta property=\"article:published_time\" content=\"2018-12-09T23:00:00+00:00\" \/>\n<meta property=\"article:modified_time\" content=\"2019-09-30T14:00:54+00:00\" \/>\n<meta property=\"og:image\" content=\"https:\/\/www.museuolimpicbcn.cat\/wp-content\/uploads\/sites\/2\/2019\/03\/vilase4.jpg\" \/>\n\t<meta property=\"og:image:width\" content=\"1848\" \/>\n\t<meta property=\"og:image:height\" content=\"1232\" \/>\n\t<meta property=\"og:image:type\" content=\"image\/jpeg\" \/>\n<meta name=\"author\" content=\"useradmin\" \/>\n<meta name=\"twitter:card\" content=\"summary_large_image\" \/>\n<meta name=\"twitter:label1\" content=\"Escrito por\" \/>\n\t<meta name=\"twitter:data1\" content=\"useradmin\" \/>\n<script type=\"application\/ld+json\" class=\"yoast-schema-graph\">{\"@context\":\"https:\/\/schema.org\",\"@graph\":[{\"@type\":\"Article\",\"@id\":\"https:\/\/www.museuolimpicbcn.cat\/es\/josep-lluis-vilaseca-patrono-de-la-fundacion-barcelona-olimpica-reconocido-con-el-premio-especial-juan-antonio-samaranch-del-comite-olimpico-espanol\/#article\",\"isPartOf\":{\"@id\":\"https:\/\/www.museuolimpicbcn.cat\/es\/josep-lluis-vilaseca-patrono-de-la-fundacion-barcelona-olimpica-reconocido-con-el-premio-especial-juan-antonio-samaranch-del-comite-olimpico-espanol\/\"},\"author\":{\"name\":\"useradmin\",\"@id\":\"https:\/\/www.museuolimpicbcn.cat\/ca\/#\/schema\/person\/d05705664e87aa04c6ce53d48133fb39\"},\"headline\":\"Josep Llu\u00eds Vilaseca, patrono de la Fundaci\u00f3n Barcelona Ol\u00edmpica, reconocido con el premio Especial \u2018Juan Antonio Samaranch\u2019 del Comit\u00e9 Ol\u00edmpico Espa\u00f1ol.\",\"datePublished\":\"2018-12-09T23:00:00+00:00\",\"dateModified\":\"2019-09-30T14:00:54+00:00\",\"mainEntityOfPage\":{\"@id\":\"https:\/\/www.museuolimpicbcn.cat\/es\/josep-lluis-vilaseca-patrono-de-la-fundacion-barcelona-olimpica-reconocido-con-el-premio-especial-juan-antonio-samaranch-del-comite-olimpico-espanol\/\"},\"wordCount\":65,\"commentCount\":4,\"publisher\":{\"@id\":\"https:\/\/www.museuolimpicbcn.cat\/ca\/#organization\"},\"image\":{\"@id\":\"https:\/\/www.museuolimpicbcn.cat\/es\/josep-lluis-vilaseca-patrono-de-la-fundacion-barcelona-olimpica-reconocido-con-el-premio-especial-juan-antonio-samaranch-del-comite-olimpico-espanol\/#primaryimage\"},\"thumbnailUrl\":\"https:\/\/www.museuolimpicbcn.cat\/wp-content\/uploads\/sites\/2\/2019\/03\/vilase4.jpg\",\"articleSection\":[\"Sin categorizar\"],\"inLanguage\":\"es\",\"potentialAction\":[{\"@type\":\"CommentAction\",\"name\":\"Comment\",\"target\":[\"https:\/\/www.museuolimpicbcn.cat\/es\/josep-lluis-vilaseca-patrono-de-la-fundacion-barcelona-olimpica-reconocido-con-el-premio-especial-juan-antonio-samaranch-del-comite-olimpico-espanol\/#respond\"]}]},{\"@type\":\"WebPage\",\"@id\":\"https:\/\/www.museuolimpicbcn.cat\/es\/josep-lluis-vilaseca-patrono-de-la-fundacion-barcelona-olimpica-reconocido-con-el-premio-especial-juan-antonio-samaranch-del-comite-olimpico-espanol\/\",\"url\":\"https:\/\/www.museuolimpicbcn.cat\/es\/josep-lluis-vilaseca-patrono-de-la-fundacion-barcelona-olimpica-reconocido-con-el-premio-especial-juan-antonio-samaranch-del-comite-olimpico-espanol\/\",\"name\":\"Josep Llu\u00eds Vilaseca, patrono de la Fundaci\u00f3n Barcelona Ol\u00edmpica, reconocido con el premio Especial \u2018Juan Antonio Samaranch\u2019 del Comit\u00e9 Ol\u00edmpico Espa\u00f1ol. - Museu Ol\u00edmpic i de l&#039;Esport Joan Antoni Samaranch. Barcelona\",\"isPartOf\":{\"@id\":\"https:\/\/www.museuolimpicbcn.cat\/ca\/#website\"},\"primaryImageOfPage\":{\"@id\":\"https:\/\/www.museuolimpicbcn.cat\/es\/josep-lluis-vilaseca-patrono-de-la-fundacion-barcelona-olimpica-reconocido-con-el-premio-especial-juan-antonio-samaranch-del-comite-olimpico-espanol\/#primaryimage\"},\"image\":{\"@id\":\"https:\/\/www.museuolimpicbcn.cat\/es\/josep-lluis-vilaseca-patrono-de-la-fundacion-barcelona-olimpica-reconocido-con-el-premio-especial-juan-antonio-samaranch-del-comite-olimpico-espanol\/#primaryimage\"},\"thumbnailUrl\":\"https:\/\/www.museuolimpicbcn.cat\/wp-content\/uploads\/sites\/2\/2019\/03\/vilase4.jpg\",\"datePublished\":\"2018-12-09T23:00:00+00:00\",\"dateModified\":\"2019-09-30T14:00:54+00:00\",\"breadcrumb\":{\"@id\":\"https:\/\/www.museuolimpicbcn.cat\/es\/josep-lluis-vilaseca-patrono-de-la-fundacion-barcelona-olimpica-reconocido-con-el-premio-especial-juan-antonio-samaranch-del-comite-olimpico-espanol\/#breadcrumb\"},\"inLanguage\":\"es\",\"potentialAction\":[{\"@type\":\"ReadAction\",\"target\":[\"https:\/\/www.museuolimpicbcn.cat\/es\/josep-lluis-vilaseca-patrono-de-la-fundacion-barcelona-olimpica-reconocido-con-el-premio-especial-juan-antonio-samaranch-del-comite-olimpico-espanol\/\"]}]},{\"@type\":\"ImageObject\",\"inLanguage\":\"es\",\"@id\":\"https:\/\/www.museuolimpicbcn.cat\/es\/josep-lluis-vilaseca-patrono-de-la-fundacion-barcelona-olimpica-reconocido-con-el-premio-especial-juan-antonio-samaranch-del-comite-olimpico-espanol\/#primaryimage\",\"url\":\"https:\/\/www.museuolimpicbcn.cat\/wp-content\/uploads\/sites\/2\/2019\/03\/vilase4.jpg\",\"contentUrl\":\"https:\/\/www.museuolimpicbcn.cat\/wp-content\/uploads\/sites\/2\/2019\/03\/vilase4.jpg\",\"width\":1848,\"height\":1232},{\"@type\":\"BreadcrumbList\",\"@id\":\"https:\/\/www.museuolimpicbcn.cat\/es\/josep-lluis-vilaseca-patrono-de-la-fundacion-barcelona-olimpica-reconocido-con-el-premio-especial-juan-antonio-samaranch-del-comite-olimpico-espanol\/#breadcrumb\",\"itemListElement\":[{\"@type\":\"ListItem\",\"position\":1,\"name\":\"Inici\",\"item\":\"https:\/\/www.museuolimpicbcn.cat\/es\/\"},{\"@type\":\"ListItem\",\"position\":2,\"name\":\"Josep Llu\u00eds Vilaseca, patrono de la Fundaci\u00f3n Barcelona Ol\u00edmpica, reconocido con el premio Especial \u2018Juan Antonio Samaranch\u2019 del Comit\u00e9 Ol\u00edmpico Espa\u00f1ol.\"}]},{\"@type\":\"WebSite\",\"@id\":\"https:\/\/www.museuolimpicbcn.cat\/ca\/#website\",\"url\":\"https:\/\/www.museuolimpicbcn.cat\/ca\/\",\"name\":\"Museu Ol\u00edmpic i de l&#039;Esport Joan Antoni Samaranch. Barcelona\",\"description\":\"Altre lloc Web del Museu Ol\u00edmpic i de l&#039;Esport llocs\",\"publisher\":{\"@id\":\"https:\/\/www.museuolimpicbcn.cat\/ca\/#organization\"},\"potentialAction\":[{\"@type\":\"SearchAction\",\"target\":{\"@type\":\"EntryPoint\",\"urlTemplate\":\"https:\/\/www.museuolimpicbcn.cat\/ca\/?s={search_term_string}\"},\"query-input\":{\"@type\":\"PropertyValueSpecification\",\"valueRequired\":true,\"valueName\":\"search_term_string\"}}],\"inLanguage\":\"es\"},{\"@type\":\"Organization\",\"@id\":\"https:\/\/www.museuolimpicbcn.cat\/ca\/#organization\",\"name\":\"Museu Ol\u00edmpic i de l&#039;Esport Joan Antoni Samaranch. Barcelona\",\"url\":\"https:\/\/www.museuolimpicbcn.cat\/ca\/\",\"logo\":{\"@type\":\"ImageObject\",\"inLanguage\":\"es\",\"@id\":\"https:\/\/www.museuolimpicbcn.cat\/ca\/#\/schema\/logo\/image\/\",\"url\":\"https:\/\/www.museuolimpicbcn.cat\/wp-content\/uploads\/sites\/2\/2018\/12\/logo-moe-header.svg\",\"contentUrl\":\"https:\/\/www.museuolimpicbcn.cat\/wp-content\/uploads\/sites\/2\/2018\/12\/logo-moe-header.svg\",\"caption\":\"Museu Ol\u00edmpic i de l&#039;Esport Joan Antoni Samaranch. Barcelona\"},\"image\":{\"@id\":\"https:\/\/www.museuolimpicbcn.cat\/ca\/#\/schema\/logo\/image\/\"}},{\"@type\":\"Person\",\"@id\":\"https:\/\/www.museuolimpicbcn.cat\/ca\/#\/schema\/person\/d05705664e87aa04c6ce53d48133fb39\",\"name\":\"useradmin\",\"url\":\"https:\/\/www.museuolimpicbcn.cat\/es\/author\/useradmin\/\"}]}<\/script>\n<!-- \/ Yoast SEO plugin. -->","yoast_head_json":{"title":"Josep Llu\u00eds Vilaseca, patrono de la Fundaci\u00f3n Barcelona Ol\u00edmpica, reconocido con el premio Especial \u2018Juan Antonio Samaranch\u2019 del Comit\u00e9 Ol\u00edmpico Espa\u00f1ol. - Museu Ol\u00edmpic i de l&#039;Esport Joan Antoni Samaranch. Barcelona","robots":{"index":"index","follow":"follow","max-snippet":"max-snippet:-1","max-image-preview":"max-image-preview:large","max-video-preview":"max-video-preview:-1"},"canonical":"https:\/\/www.museuolimpicbcn.cat\/es\/josep-lluis-vilaseca-patrono-de-la-fundacion-barcelona-olimpica-reconocido-con-el-premio-especial-juan-antonio-samaranch-del-comite-olimpico-espanol\/","og_locale":"es_ES","og_type":"article","og_title":"Josep Llu\u00eds Vilaseca, patrono de la Fundaci\u00f3n Barcelona Ol\u00edmpica, reconocido con el premio Especial \u2018Juan Antonio Samaranch\u2019 del Comit\u00e9 Ol\u00edmpico Espa\u00f1ol. - Museu Ol\u00edmpic i de l&#039;Esport Joan Antoni Samaranch. Barcelona","og_description":"Vilaseca (1930) es abogado. Estuvo vinculado en el mundo del deporte como directivo del FC Barcelona (1969-1977) y como miembro de la Comisi&oacute;n Jur&iacute;dica y de Disciplina de la UEFA. Tambi&eacute;n fue miembro del Comit&eacute; Ol&iacute;mpico Espa&ntilde;ol y secretario General del Deporte de la Generalitat de Catalu&ntilde;a. Es Jurado de los Premios de la Fundaci&oacute;n Pr&iacute;ncipe de Asturias. El 2002 recibi&oacute; la Cruz de Sant Jordi, el 2007 recibi&oacute; la orden del M&eacute;rito de la UEFA y el 2014 la medalla de Oro de la Ciutat de Barcelona.&nbsp; &nbsp;","og_url":"https:\/\/www.museuolimpicbcn.cat\/es\/josep-lluis-vilaseca-patrono-de-la-fundacion-barcelona-olimpica-reconocido-con-el-premio-especial-juan-antonio-samaranch-del-comite-olimpico-espanol\/","og_site_name":"Museu Ol\u00edmpic i de l&#039;Esport Joan Antoni Samaranch. Barcelona","article_published_time":"2018-12-09T23:00:00+00:00","article_modified_time":"2019-09-30T14:00:54+00:00","og_image":[{"width":1848,"height":1232,"url":"https:\/\/www.museuolimpicbcn.cat\/wp-content\/uploads\/sites\/2\/2019\/03\/vilase4.jpg","type":"image\/jpeg"}],"author":"useradmin","twitter_card":"summary_large_image","twitter_misc":{"Escrito por":"useradmin"},"schema":{"@context":"https:\/\/schema.org","@graph":[{"@type":"Article","@id":"https:\/\/www.museuolimpicbcn.cat\/es\/josep-lluis-vilaseca-patrono-de-la-fundacion-barcelona-olimpica-reconocido-con-el-premio-especial-juan-antonio-samaranch-del-comite-olimpico-espanol\/#article","isPartOf":{"@id":"https:\/\/www.museuolimpicbcn.cat\/es\/josep-lluis-vilaseca-patrono-de-la-fundacion-barcelona-olimpica-reconocido-con-el-premio-especial-juan-antonio-samaranch-del-comite-olimpico-espanol\/"},"author":{"name":"useradmin","@id":"https:\/\/www.museuolimpicbcn.cat\/ca\/#\/schema\/person\/d05705664e87aa04c6ce53d48133fb39"},"headline":"Josep Llu\u00eds Vilaseca, patrono de la Fundaci\u00f3n Barcelona Ol\u00edmpica, reconocido con el premio Especial \u2018Juan Antonio Samaranch\u2019 del Comit\u00e9 Ol\u00edmpico Espa\u00f1ol.","datePublished":"2018-12-09T23:00:00+00:00","dateModified":"2019-09-30T14:00:54+00:00","mainEntityOfPage":{"@id":"https:\/\/www.museuolimpicbcn.cat\/es\/josep-lluis-vilaseca-patrono-de-la-fundacion-barcelona-olimpica-reconocido-con-el-premio-especial-juan-antonio-samaranch-del-comite-olimpico-espanol\/"},"wordCount":65,"commentCount":4,"publisher":{"@id":"https:\/\/www.museuolimpicbcn.cat\/ca\/#organization"},"image":{"@id":"https:\/\/www.museuolimpicbcn.cat\/es\/josep-lluis-vilaseca-patrono-de-la-fundacion-barcelona-olimpica-reconocido-con-el-premio-especial-juan-antonio-samaranch-del-comite-olimpico-espanol\/#primaryimage"},"thumbnailUrl":"https:\/\/www.museuolimpicbcn.cat\/wp-content\/uploads\/sites\/2\/2019\/03\/vilase4.jpg","articleSection":["Sin categorizar"],"inLanguage":"es","potentialAction":[{"@type":"CommentAction","name":"Comment","target":["https:\/\/www.museuolimpicbcn.cat\/es\/josep-lluis-vilaseca-patrono-de-la-fundacion-barcelona-olimpica-reconocido-con-el-premio-especial-juan-antonio-samaranch-del-comite-olimpico-espanol\/#respond"]}]},{"@type":"WebPage","@id":"https:\/\/www.museuolimpicbcn.cat\/es\/josep-lluis-vilaseca-patrono-de-la-fundacion-barcelona-olimpica-reconocido-con-el-premio-especial-juan-antonio-samaranch-del-comite-olimpico-espanol\/","url":"https:\/\/www.museuolimpicbcn.cat\/es\/josep-lluis-vilaseca-patrono-de-la-fundacion-barcelona-olimpica-reconocido-con-el-premio-especial-juan-antonio-samaranch-del-comite-olimpico-espanol\/","name":"Josep Llu\u00eds Vilaseca, patrono de la Fundaci\u00f3n Barcelona Ol\u00edmpica, reconocido con el premio Especial \u2018Juan Antonio Samaranch\u2019 del Comit\u00e9 Ol\u00edmpico Espa\u00f1ol. - Museu Ol\u00edmpic i de l&#039;Esport Joan Antoni Samaranch. Barcelona","isPartOf":{"@id":"https:\/\/www.museuolimpicbcn.cat\/ca\/#website"},"primaryImageOfPage":{"@id":"https:\/\/www.museuolimpicbcn.cat\/es\/josep-lluis-vilaseca-patrono-de-la-fundacion-barcelona-olimpica-reconocido-con-el-premio-especial-juan-antonio-samaranch-del-comite-olimpico-espanol\/#primaryimage"},"image":{"@id":"https:\/\/www.museuolimpicbcn.cat\/es\/josep-lluis-vilaseca-patrono-de-la-fundacion-barcelona-olimpica-reconocido-con-el-premio-especial-juan-antonio-samaranch-del-comite-olimpico-espanol\/#primaryimage"},"thumbnailUrl":"https:\/\/www.museuolimpicbcn.cat\/wp-content\/uploads\/sites\/2\/2019\/03\/vilase4.jpg","datePublished":"2018-12-09T23:00:00+00:00","dateModified":"2019-09-30T14:00:54+00:00","breadcrumb":{"@id":"https:\/\/www.museuolimpicbcn.cat\/es\/josep-lluis-vilaseca-patrono-de-la-fundacion-barcelona-olimpica-reconocido-con-el-premio-especial-juan-antonio-samaranch-del-comite-olimpico-espanol\/#breadcrumb"},"inLanguage":"es","potentialAction":[{"@type":"ReadAction","target":["https:\/\/www.museuolimpicbcn.cat\/es\/josep-lluis-vilaseca-patrono-de-la-fundacion-barcelona-olimpica-reconocido-con-el-premio-especial-juan-antonio-samaranch-del-comite-olimpico-espanol\/"]}]},{"@type":"ImageObject","inLanguage":"es","@id":"https:\/\/www.museuolimpicbcn.cat\/es\/josep-lluis-vilaseca-patrono-de-la-fundacion-barcelona-olimpica-reconocido-con-el-premio-especial-juan-antonio-samaranch-del-comite-olimpico-espanol\/#primaryimage","url":"https:\/\/www.museuolimpicbcn.cat\/wp-content\/uploads\/sites\/2\/2019\/03\/vilase4.jpg","contentUrl":"https:\/\/www.museuolimpicbcn.cat\/wp-content\/uploads\/sites\/2\/2019\/03\/vilase4.jpg","width":1848,"height":1232},{"@type":"BreadcrumbList","@id":"https:\/\/www.museuolimpicbcn.cat\/es\/josep-lluis-vilaseca-patrono-de-la-fundacion-barcelona-olimpica-reconocido-con-el-premio-especial-juan-antonio-samaranch-del-comite-olimpico-espanol\/#breadcrumb","itemListElement":[{"@type":"ListItem","position":1,"name":"Inici","item":"https:\/\/www.museuolimpicbcn.cat\/es\/"},{"@type":"ListItem","position":2,"name":"Josep Llu\u00eds Vilaseca, patrono de la Fundaci\u00f3n Barcelona Ol\u00edmpica, reconocido con el premio Especial \u2018Juan Antonio Samaranch\u2019 del Comit\u00e9 Ol\u00edmpico Espa\u00f1ol."}]},{"@type":"WebSite","@id":"https:\/\/www.museuolimpicbcn.cat\/ca\/#website","url":"https:\/\/www.museuolimpicbcn.cat\/ca\/","name":"Museu Ol\u00edmpic i de l&#039;Esport Joan Antoni Samaranch. Barcelona","description":"Altre lloc Web del Museu Ol\u00edmpic i de l&#039;Esport llocs","publisher":{"@id":"https:\/\/www.museuolimpicbcn.cat\/ca\/#organization"},"potentialAction":[{"@type":"SearchAction","target":{"@type":"EntryPoint","urlTemplate":"https:\/\/www.museuolimpicbcn.cat\/ca\/?s={search_term_string}"},"query-input":{"@type":"PropertyValueSpecification","valueRequired":true,"valueName":"search_term_string"}}],"inLanguage":"es"},{"@type":"Organization","@id":"https:\/\/www.museuolimpicbcn.cat\/ca\/#organization","name":"Museu Ol\u00edmpic i de l&#039;Esport Joan Antoni Samaranch. Barcelona","url":"https:\/\/www.museuolimpicbcn.cat\/ca\/","logo":{"@type":"ImageObject","inLanguage":"es","@id":"https:\/\/www.museuolimpicbcn.cat\/ca\/#\/schema\/logo\/image\/","url":"https:\/\/www.museuolimpicbcn.cat\/wp-content\/uploads\/sites\/2\/2018\/12\/logo-moe-header.svg","contentUrl":"https:\/\/www.museuolimpicbcn.cat\/wp-content\/uploads\/sites\/2\/2018\/12\/logo-moe-header.svg","caption":"Museu Ol\u00edmpic i de l&#039;Esport Joan Antoni Samaranch. Barcelona"},"image":{"@id":"https:\/\/www.museuolimpicbcn.cat\/ca\/#\/schema\/logo\/image\/"}},{"@type":"Person","@id":"https:\/\/www.museuolimpicbcn.cat\/ca\/#\/schema\/person\/d05705664e87aa04c6ce53d48133fb39","name":"useradmin","url":"https:\/\/www.museuolimpicbcn.cat\/es\/author\/useradmin\/"}]}},"_links":{"self":[{"href":"https:\/\/www.museuolimpicbcn.cat\/es\/wp-json\/wp\/v2\/posts\/15822"}],"collection":[{"href":"https:\/\/www.museuolimpicbcn.cat\/es\/wp-json\/wp\/v2\/posts"}],"about":[{"href":"https:\/\/www.museuolimpicbcn.cat\/es\/wp-json\/wp\/v2\/types\/post"}],"author":[{"embeddable":true,"href":"https:\/\/www.museuolimpicbcn.cat\/es\/wp-json\/wp\/v2\/users\/1"}],"replies":[{"embeddable":true,"href":"https:\/\/www.museuolimpicbcn.cat\/es\/wp-json\/wp\/v2\/comments?post=15822"}],"version-history":[{"count":1,"href":"https:\/\/www.museuolimpicbcn.cat\/es\/wp-json\/wp\/v2\/posts\/15822\/revisions"}],"predecessor-version":[{"id":17274,"href":"https:\/\/www.museuolimpicbcn.cat\/es\/wp-json\/wp\/v2\/posts\/15822\/revisions\/17274"}],"wp:featuredmedia":[{"embeddable":true,"href":"https:\/\/www.museuolimpicbcn.cat\/es\/wp-json\/wp\/v2\/media\/15826"}],"wp:attachment":[{"href":"https:\/\/www.museuolimpicbcn.cat\/es\/wp-json\/wp\/v2\/media?parent=15822"}],"wp:term":[{"taxonomy":"category","embeddable":true,"href":"https:\/\/www.museuolimpicbcn.cat\/es\/wp-json\/wp\/v2\/categories?post=15822"},{"taxonomy":"post_tag","embeddable":true,"href":"https:\/\/www.museuolimpicbcn.cat\/es\/wp-json\/wp\/v2\/tags?post=15822"}],"curies":[{"name":"wp","href":"https:\/\/api.w.org\/{rel}","templated":true}]}}