{"id":15836,"date":"2018-12-13T00:00:00","date_gmt":"2018-12-12T23:00:00","guid":{"rendered":"http:\/\/dev.museuolimpicbcn.cat\/inauguracion-de-la-exposicion-ahora-hace-40-anos-el-inicio-de-la-politica-deportiva-en-barcelona\/"},"modified":"2021-05-06T11:05:04","modified_gmt":"2021-05-06T09:05:04","slug":"inauguracion-de-la-exposicion-ahora-hace-40-anos-el-inicio-de-la-politica-deportiva-en-barcelona","status":"publish","type":"post","link":"https:\/\/www.museuolimpicbcn.cat\/es\/inauguracion-de-la-exposicion-ahora-hace-40-anos-el-inicio-de-la-politica-deportiva-en-barcelona\/","title":{"rendered":"Inauguraci\u00f3n de la exposici\u00f3n &#8216;Ahora hace 40 a\u00f1os. El inicio de la pol\u00edtica deportiva en Barcelona&#8217;"},"content":{"rendered":"<p>Esta exposici\u00f3n ha estado enmarcada dentro de la conferencia de 40 a\u00f1os de pol\u00edticas deportivas municipales, dentro del ciclo de conferencias sobre el valor del deporte en el siglo XXI, y que ha contado con la presencia de Enric Tru\u00f1\u00f3, ex regidor del Ayuntamiento de Barcelona; Joan Carles Burriel, responsable de la primera campa\u00f1a de actividad f\u00edsica para la tercera edad; Sixte Abadia, Investigador del grupo de investigaci\u00f3n e innovaci\u00f3n sobre deporte y sociedad de la Universidad Blanquerna; Laia Palau, referente del baloncesto que se ha formado dentro del sistema de la ciudad de Barcelona; y Jordi Fandi\u00f1o, periodista deportivo de TV3.<\/p>\n<p><strong>Ahora hace 40 a\u00f1os. El inicio de la pol\u00edtica deportiva en Barcelona<\/strong><\/p>\n<p>Durante el periodo 1979-1986 el Ayuntamiento de Barcelona lleva a cabo una importante tarea de democratizaci\u00f3n del deporte por medio de unas pol\u00edticas deportivas todav\u00eda muy reconocibles, hoy en d\u00eda, en la ciudad. A partir del testimonio de algunos de los principales art\u00edfices de estas pol\u00edticas como Enric Tru\u00f1\u00f3, Paco Segura, Juli Pernas, N\u00faria Puig, Lolo Ibern, Marta Carranza, Jordi Vallverd\u00fa, Josep Llu\u00eds Vilaseca, Romano Cuy\u00e0s y Narc\u00eds Serra, esta exposici\u00f3n muestra la realidad deportiva de la ciudad durante estos primeros a\u00f1os de democracia y los principales esos de actuaci\u00f3n del consistorio en materia deportiva. La exposici\u00f3n permanecer\u00e1 en el Museu\u00a0Ol\u00edmpic\u00a0i de\u00a0l\u2019Esport\u00a0Joan Antoni Samaranch desde el 13 de diciembre hasta el 8 de marzo del 2019.<strong>\u00a0<\/strong><\/p>\n<p>&nbsp;<\/p>\n","protected":false},"excerpt":{"rendered":"<p>Marta Carranza, presidenta de la Fundaci&oacute; Barcelona Ol&iacute;mpica y comisionada de deportes del Ayuntamiento de Barcelona ha sido la encargada de inaugurar la exposici&oacute;n dedicada al inicio de la pol&iacute;tica deportiva de la ciudad.&nbsp;<\/p>\n<p>&nbsp;<\/p>\n","protected":false},"author":1,"featured_media":15868,"comment_status":"open","ping_status":"open","sticky":false,"template":"","format":"standard","meta":{"_acf_changed":false,"_price":"","_stock":"","_tribe_ticket_header":"","_tribe_default_ticket_provider":"","_tribe_ticket_capacity":"0","_ticket_start_date":"","_ticket_end_date":"","_tribe_ticket_show_description":"","_tribe_ticket_show_not_going":false,"_tribe_ticket_use_global_stock":"","_tribe_ticket_global_stock_level":"","_global_stock_mode":"","_global_stock_cap":"","_tribe_rsvp_for_event":"","_tribe_ticket_going_count":"","_tribe_ticket_not_going_count":"","_tribe_tickets_list":"[]","_tribe_ticket_has_attendee_info_fields":false,"footnotes":""},"categories":[3],"tags":[],"class_list":["post-15836","post","type-post","status-publish","format-standard","has-post-thumbnail","hentry","category-sin-categorizar"],"acf":[],"yoast_head":"<!-- This site is optimized with the Yoast SEO plugin v23.7 - https:\/\/yoast.com\/wordpress\/plugins\/seo\/ -->\n<title>Inauguraci\u00f3n de la exposici\u00f3n &#039;Ahora hace 40 a\u00f1os. El inicio de la pol\u00edtica deportiva en Barcelona&#039; - Museu Ol\u00edmpic i de l&#039;Esport Joan Antoni Samaranch. Barcelona<\/title>\n<meta name=\"robots\" content=\"index, follow, max-snippet:-1, max-image-preview:large, max-video-preview:-1\" \/>\n<link rel=\"canonical\" href=\"https:\/\/www.museuolimpicbcn.cat\/es\/inauguracion-de-la-exposicion-ahora-hace-40-anos-el-inicio-de-la-politica-deportiva-en-barcelona\/\" \/>\n<meta property=\"og:locale\" content=\"es_ES\" \/>\n<meta property=\"og:type\" content=\"article\" \/>\n<meta property=\"og:title\" content=\"Inauguraci\u00f3n de la exposici\u00f3n &#039;Ahora hace 40 a\u00f1os. El inicio de la pol\u00edtica deportiva en Barcelona&#039; - Museu Ol\u00edmpic i de l&#039;Esport Joan Antoni Samaranch. Barcelona\" \/>\n<meta property=\"og:description\" content=\"Marta Carranza, presidenta de la Fundaci&oacute; Barcelona Ol&iacute;mpica y comisionada de deportes del Ayuntamiento de Barcelona ha sido la encargada de inaugurar la exposici&oacute;n dedicada al inicio de la pol&iacute;tica deportiva de la ciudad.&nbsp; &nbsp;\" \/>\n<meta property=\"og:url\" content=\"https:\/\/www.museuolimpicbcn.cat\/es\/inauguracion-de-la-exposicion-ahora-hace-40-anos-el-inicio-de-la-politica-deportiva-en-barcelona\/\" \/>\n<meta property=\"og:site_name\" content=\"Museu Ol\u00edmpic i de l&#039;Esport Joan Antoni Samaranch. Barcelona\" \/>\n<meta property=\"article:published_time\" content=\"2018-12-12T23:00:00+00:00\" \/>\n<meta property=\"article:modified_time\" content=\"2021-05-06T09:05:04+00:00\" \/>\n<meta property=\"og:image\" content=\"https:\/\/www.museuolimpicbcn.cat\/wp-content\/uploads\/sites\/2\/2019\/03\/ICUB_40anys_660x300px.jpg\" \/>\n\t<meta property=\"og:image:width\" content=\"660\" \/>\n\t<meta property=\"og:image:height\" content=\"300\" \/>\n\t<meta property=\"og:image:type\" content=\"image\/jpeg\" \/>\n<meta name=\"author\" content=\"useradmin\" \/>\n<meta name=\"twitter:card\" content=\"summary_large_image\" \/>\n<meta name=\"twitter:label1\" content=\"Escrito por\" \/>\n\t<meta name=\"twitter:data1\" content=\"useradmin\" \/>\n\t<meta name=\"twitter:label2\" content=\"Tiempo de lectura\" \/>\n\t<meta name=\"twitter:data2\" content=\"1 minuto\" \/>\n<script type=\"application\/ld+json\" class=\"yoast-schema-graph\">{\"@context\":\"https:\/\/schema.org\",\"@graph\":[{\"@type\":\"Article\",\"@id\":\"https:\/\/www.museuolimpicbcn.cat\/es\/inauguracion-de-la-exposicion-ahora-hace-40-anos-el-inicio-de-la-politica-deportiva-en-barcelona\/#article\",\"isPartOf\":{\"@id\":\"https:\/\/www.museuolimpicbcn.cat\/es\/inauguracion-de-la-exposicion-ahora-hace-40-anos-el-inicio-de-la-politica-deportiva-en-barcelona\/\"},\"author\":{\"name\":\"useradmin\",\"@id\":\"https:\/\/www.museuolimpicbcn.cat\/ca\/#\/schema\/person\/d05705664e87aa04c6ce53d48133fb39\"},\"headline\":\"Inauguraci\u00f3n de la exposici\u00f3n &#8216;Ahora hace 40 a\u00f1os. El inicio de la pol\u00edtica deportiva en Barcelona&#8217;\",\"datePublished\":\"2018-12-12T23:00:00+00:00\",\"dateModified\":\"2021-05-06T09:05:04+00:00\",\"mainEntityOfPage\":{\"@id\":\"https:\/\/www.museuolimpicbcn.cat\/es\/inauguracion-de-la-exposicion-ahora-hace-40-anos-el-inicio-de-la-politica-deportiva-en-barcelona\/\"},\"wordCount\":275,\"commentCount\":5,\"publisher\":{\"@id\":\"https:\/\/www.museuolimpicbcn.cat\/ca\/#organization\"},\"image\":{\"@id\":\"https:\/\/www.museuolimpicbcn.cat\/es\/inauguracion-de-la-exposicion-ahora-hace-40-anos-el-inicio-de-la-politica-deportiva-en-barcelona\/#primaryimage\"},\"thumbnailUrl\":\"https:\/\/www.museuolimpicbcn.cat\/wp-content\/uploads\/sites\/2\/2019\/03\/ICUB_40anys_660x300px.jpg\",\"articleSection\":[\"Sin categorizar\"],\"inLanguage\":\"es\",\"potentialAction\":[{\"@type\":\"CommentAction\",\"name\":\"Comment\",\"target\":[\"https:\/\/www.museuolimpicbcn.cat\/es\/inauguracion-de-la-exposicion-ahora-hace-40-anos-el-inicio-de-la-politica-deportiva-en-barcelona\/#respond\"]}]},{\"@type\":\"WebPage\",\"@id\":\"https:\/\/www.museuolimpicbcn.cat\/es\/inauguracion-de-la-exposicion-ahora-hace-40-anos-el-inicio-de-la-politica-deportiva-en-barcelona\/\",\"url\":\"https:\/\/www.museuolimpicbcn.cat\/es\/inauguracion-de-la-exposicion-ahora-hace-40-anos-el-inicio-de-la-politica-deportiva-en-barcelona\/\",\"name\":\"Inauguraci\u00f3n de la exposici\u00f3n 'Ahora hace 40 a\u00f1os. El inicio de la pol\u00edtica deportiva en Barcelona' - Museu Ol\u00edmpic i de l&#039;Esport Joan Antoni Samaranch. Barcelona\",\"isPartOf\":{\"@id\":\"https:\/\/www.museuolimpicbcn.cat\/ca\/#website\"},\"primaryImageOfPage\":{\"@id\":\"https:\/\/www.museuolimpicbcn.cat\/es\/inauguracion-de-la-exposicion-ahora-hace-40-anos-el-inicio-de-la-politica-deportiva-en-barcelona\/#primaryimage\"},\"image\":{\"@id\":\"https:\/\/www.museuolimpicbcn.cat\/es\/inauguracion-de-la-exposicion-ahora-hace-40-anos-el-inicio-de-la-politica-deportiva-en-barcelona\/#primaryimage\"},\"thumbnailUrl\":\"https:\/\/www.museuolimpicbcn.cat\/wp-content\/uploads\/sites\/2\/2019\/03\/ICUB_40anys_660x300px.jpg\",\"datePublished\":\"2018-12-12T23:00:00+00:00\",\"dateModified\":\"2021-05-06T09:05:04+00:00\",\"breadcrumb\":{\"@id\":\"https:\/\/www.museuolimpicbcn.cat\/es\/inauguracion-de-la-exposicion-ahora-hace-40-anos-el-inicio-de-la-politica-deportiva-en-barcelona\/#breadcrumb\"},\"inLanguage\":\"es\",\"potentialAction\":[{\"@type\":\"ReadAction\",\"target\":[\"https:\/\/www.museuolimpicbcn.cat\/es\/inauguracion-de-la-exposicion-ahora-hace-40-anos-el-inicio-de-la-politica-deportiva-en-barcelona\/\"]}]},{\"@type\":\"ImageObject\",\"inLanguage\":\"es\",\"@id\":\"https:\/\/www.museuolimpicbcn.cat\/es\/inauguracion-de-la-exposicion-ahora-hace-40-anos-el-inicio-de-la-politica-deportiva-en-barcelona\/#primaryimage\",\"url\":\"https:\/\/www.museuolimpicbcn.cat\/wp-content\/uploads\/sites\/2\/2019\/03\/ICUB_40anys_660x300px.jpg\",\"contentUrl\":\"https:\/\/www.museuolimpicbcn.cat\/wp-content\/uploads\/sites\/2\/2019\/03\/ICUB_40anys_660x300px.jpg\",\"width\":660,\"height\":300},{\"@type\":\"BreadcrumbList\",\"@id\":\"https:\/\/www.museuolimpicbcn.cat\/es\/inauguracion-de-la-exposicion-ahora-hace-40-anos-el-inicio-de-la-politica-deportiva-en-barcelona\/#breadcrumb\",\"itemListElement\":[{\"@type\":\"ListItem\",\"position\":1,\"name\":\"Inici\",\"item\":\"https:\/\/www.museuolimpicbcn.cat\/es\/\"},{\"@type\":\"ListItem\",\"position\":2,\"name\":\"Inauguraci\u00f3n de la exposici\u00f3n &#8216;Ahora hace 40 a\u00f1os. El inicio de la pol\u00edtica deportiva en Barcelona&#8217;\"}]},{\"@type\":\"WebSite\",\"@id\":\"https:\/\/www.museuolimpicbcn.cat\/ca\/#website\",\"url\":\"https:\/\/www.museuolimpicbcn.cat\/ca\/\",\"name\":\"Museu Ol\u00edmpic i de l&#039;Esport Joan Antoni Samaranch. Barcelona\",\"description\":\"Altre lloc Web del Museu Ol\u00edmpic i de l&#039;Esport llocs\",\"publisher\":{\"@id\":\"https:\/\/www.museuolimpicbcn.cat\/ca\/#organization\"},\"potentialAction\":[{\"@type\":\"SearchAction\",\"target\":{\"@type\":\"EntryPoint\",\"urlTemplate\":\"https:\/\/www.museuolimpicbcn.cat\/ca\/?s={search_term_string}\"},\"query-input\":{\"@type\":\"PropertyValueSpecification\",\"valueRequired\":true,\"valueName\":\"search_term_string\"}}],\"inLanguage\":\"es\"},{\"@type\":\"Organization\",\"@id\":\"https:\/\/www.museuolimpicbcn.cat\/ca\/#organization\",\"name\":\"Museu Ol\u00edmpic i de l&#039;Esport Joan Antoni Samaranch. Barcelona\",\"url\":\"https:\/\/www.museuolimpicbcn.cat\/ca\/\",\"logo\":{\"@type\":\"ImageObject\",\"inLanguage\":\"es\",\"@id\":\"https:\/\/www.museuolimpicbcn.cat\/ca\/#\/schema\/logo\/image\/\",\"url\":\"https:\/\/www.museuolimpicbcn.cat\/wp-content\/uploads\/sites\/2\/2018\/12\/logo-moe-header.svg\",\"contentUrl\":\"https:\/\/www.museuolimpicbcn.cat\/wp-content\/uploads\/sites\/2\/2018\/12\/logo-moe-header.svg\",\"caption\":\"Museu Ol\u00edmpic i de l&#039;Esport Joan Antoni Samaranch. Barcelona\"},\"image\":{\"@id\":\"https:\/\/www.museuolimpicbcn.cat\/ca\/#\/schema\/logo\/image\/\"}},{\"@type\":\"Person\",\"@id\":\"https:\/\/www.museuolimpicbcn.cat\/ca\/#\/schema\/person\/d05705664e87aa04c6ce53d48133fb39\",\"name\":\"useradmin\",\"url\":\"https:\/\/www.museuolimpicbcn.cat\/es\/author\/useradmin\/\"}]}<\/script>\n<!-- \/ Yoast SEO plugin. -->","yoast_head_json":{"title":"Inauguraci\u00f3n de la exposici\u00f3n 'Ahora hace 40 a\u00f1os. El inicio de la pol\u00edtica deportiva en Barcelona' - Museu Ol\u00edmpic i de l&#039;Esport Joan Antoni Samaranch. Barcelona","robots":{"index":"index","follow":"follow","max-snippet":"max-snippet:-1","max-image-preview":"max-image-preview:large","max-video-preview":"max-video-preview:-1"},"canonical":"https:\/\/www.museuolimpicbcn.cat\/es\/inauguracion-de-la-exposicion-ahora-hace-40-anos-el-inicio-de-la-politica-deportiva-en-barcelona\/","og_locale":"es_ES","og_type":"article","og_title":"Inauguraci\u00f3n de la exposici\u00f3n 'Ahora hace 40 a\u00f1os. El inicio de la pol\u00edtica deportiva en Barcelona' - Museu Ol\u00edmpic i de l&#039;Esport Joan Antoni Samaranch. Barcelona","og_description":"Marta Carranza, presidenta de la Fundaci&oacute; Barcelona Ol&iacute;mpica y comisionada de deportes del Ayuntamiento de Barcelona ha sido la encargada de inaugurar la exposici&oacute;n dedicada al inicio de la pol&iacute;tica deportiva de la ciudad.&nbsp; &nbsp;","og_url":"https:\/\/www.museuolimpicbcn.cat\/es\/inauguracion-de-la-exposicion-ahora-hace-40-anos-el-inicio-de-la-politica-deportiva-en-barcelona\/","og_site_name":"Museu Ol\u00edmpic i de l&#039;Esport Joan Antoni Samaranch. Barcelona","article_published_time":"2018-12-12T23:00:00+00:00","article_modified_time":"2021-05-06T09:05:04+00:00","og_image":[{"width":660,"height":300,"url":"https:\/\/www.museuolimpicbcn.cat\/wp-content\/uploads\/sites\/2\/2019\/03\/ICUB_40anys_660x300px.jpg","type":"image\/jpeg"}],"author":"useradmin","twitter_card":"summary_large_image","twitter_misc":{"Escrito por":"useradmin","Tiempo de lectura":"1 minuto"},"schema":{"@context":"https:\/\/schema.org","@graph":[{"@type":"Article","@id":"https:\/\/www.museuolimpicbcn.cat\/es\/inauguracion-de-la-exposicion-ahora-hace-40-anos-el-inicio-de-la-politica-deportiva-en-barcelona\/#article","isPartOf":{"@id":"https:\/\/www.museuolimpicbcn.cat\/es\/inauguracion-de-la-exposicion-ahora-hace-40-anos-el-inicio-de-la-politica-deportiva-en-barcelona\/"},"author":{"name":"useradmin","@id":"https:\/\/www.museuolimpicbcn.cat\/ca\/#\/schema\/person\/d05705664e87aa04c6ce53d48133fb39"},"headline":"Inauguraci\u00f3n de la exposici\u00f3n &#8216;Ahora hace 40 a\u00f1os. El inicio de la pol\u00edtica deportiva en Barcelona&#8217;","datePublished":"2018-12-12T23:00:00+00:00","dateModified":"2021-05-06T09:05:04+00:00","mainEntityOfPage":{"@id":"https:\/\/www.museuolimpicbcn.cat\/es\/inauguracion-de-la-exposicion-ahora-hace-40-anos-el-inicio-de-la-politica-deportiva-en-barcelona\/"},"wordCount":275,"commentCount":5,"publisher":{"@id":"https:\/\/www.museuolimpicbcn.cat\/ca\/#organization"},"image":{"@id":"https:\/\/www.museuolimpicbcn.cat\/es\/inauguracion-de-la-exposicion-ahora-hace-40-anos-el-inicio-de-la-politica-deportiva-en-barcelona\/#primaryimage"},"thumbnailUrl":"https:\/\/www.museuolimpicbcn.cat\/wp-content\/uploads\/sites\/2\/2019\/03\/ICUB_40anys_660x300px.jpg","articleSection":["Sin categorizar"],"inLanguage":"es","potentialAction":[{"@type":"CommentAction","name":"Comment","target":["https:\/\/www.museuolimpicbcn.cat\/es\/inauguracion-de-la-exposicion-ahora-hace-40-anos-el-inicio-de-la-politica-deportiva-en-barcelona\/#respond"]}]},{"@type":"WebPage","@id":"https:\/\/www.museuolimpicbcn.cat\/es\/inauguracion-de-la-exposicion-ahora-hace-40-anos-el-inicio-de-la-politica-deportiva-en-barcelona\/","url":"https:\/\/www.museuolimpicbcn.cat\/es\/inauguracion-de-la-exposicion-ahora-hace-40-anos-el-inicio-de-la-politica-deportiva-en-barcelona\/","name":"Inauguraci\u00f3n de la exposici\u00f3n 'Ahora hace 40 a\u00f1os. El inicio de la pol\u00edtica deportiva en Barcelona' - Museu Ol\u00edmpic i de l&#039;Esport Joan Antoni Samaranch. Barcelona","isPartOf":{"@id":"https:\/\/www.museuolimpicbcn.cat\/ca\/#website"},"primaryImageOfPage":{"@id":"https:\/\/www.museuolimpicbcn.cat\/es\/inauguracion-de-la-exposicion-ahora-hace-40-anos-el-inicio-de-la-politica-deportiva-en-barcelona\/#primaryimage"},"image":{"@id":"https:\/\/www.museuolimpicbcn.cat\/es\/inauguracion-de-la-exposicion-ahora-hace-40-anos-el-inicio-de-la-politica-deportiva-en-barcelona\/#primaryimage"},"thumbnailUrl":"https:\/\/www.museuolimpicbcn.cat\/wp-content\/uploads\/sites\/2\/2019\/03\/ICUB_40anys_660x300px.jpg","datePublished":"2018-12-12T23:00:00+00:00","dateModified":"2021-05-06T09:05:04+00:00","breadcrumb":{"@id":"https:\/\/www.museuolimpicbcn.cat\/es\/inauguracion-de-la-exposicion-ahora-hace-40-anos-el-inicio-de-la-politica-deportiva-en-barcelona\/#breadcrumb"},"inLanguage":"es","potentialAction":[{"@type":"ReadAction","target":["https:\/\/www.museuolimpicbcn.cat\/es\/inauguracion-de-la-exposicion-ahora-hace-40-anos-el-inicio-de-la-politica-deportiva-en-barcelona\/"]}]},{"@type":"ImageObject","inLanguage":"es","@id":"https:\/\/www.museuolimpicbcn.cat\/es\/inauguracion-de-la-exposicion-ahora-hace-40-anos-el-inicio-de-la-politica-deportiva-en-barcelona\/#primaryimage","url":"https:\/\/www.museuolimpicbcn.cat\/wp-content\/uploads\/sites\/2\/2019\/03\/ICUB_40anys_660x300px.jpg","contentUrl":"https:\/\/www.museuolimpicbcn.cat\/wp-content\/uploads\/sites\/2\/2019\/03\/ICUB_40anys_660x300px.jpg","width":660,"height":300},{"@type":"BreadcrumbList","@id":"https:\/\/www.museuolimpicbcn.cat\/es\/inauguracion-de-la-exposicion-ahora-hace-40-anos-el-inicio-de-la-politica-deportiva-en-barcelona\/#breadcrumb","itemListElement":[{"@type":"ListItem","position":1,"name":"Inici","item":"https:\/\/www.museuolimpicbcn.cat\/es\/"},{"@type":"ListItem","position":2,"name":"Inauguraci\u00f3n de la exposici\u00f3n &#8216;Ahora hace 40 a\u00f1os. El inicio de la pol\u00edtica deportiva en Barcelona&#8217;"}]},{"@type":"WebSite","@id":"https:\/\/www.museuolimpicbcn.cat\/ca\/#website","url":"https:\/\/www.museuolimpicbcn.cat\/ca\/","name":"Museu Ol\u00edmpic i de l&#039;Esport Joan Antoni Samaranch. Barcelona","description":"Altre lloc Web del Museu Ol\u00edmpic i de l&#039;Esport llocs","publisher":{"@id":"https:\/\/www.museuolimpicbcn.cat\/ca\/#organization"},"potentialAction":[{"@type":"SearchAction","target":{"@type":"EntryPoint","urlTemplate":"https:\/\/www.museuolimpicbcn.cat\/ca\/?s={search_term_string}"},"query-input":{"@type":"PropertyValueSpecification","valueRequired":true,"valueName":"search_term_string"}}],"inLanguage":"es"},{"@type":"Organization","@id":"https:\/\/www.museuolimpicbcn.cat\/ca\/#organization","name":"Museu Ol\u00edmpic i de l&#039;Esport Joan Antoni Samaranch. Barcelona","url":"https:\/\/www.museuolimpicbcn.cat\/ca\/","logo":{"@type":"ImageObject","inLanguage":"es","@id":"https:\/\/www.museuolimpicbcn.cat\/ca\/#\/schema\/logo\/image\/","url":"https:\/\/www.museuolimpicbcn.cat\/wp-content\/uploads\/sites\/2\/2018\/12\/logo-moe-header.svg","contentUrl":"https:\/\/www.museuolimpicbcn.cat\/wp-content\/uploads\/sites\/2\/2018\/12\/logo-moe-header.svg","caption":"Museu Ol\u00edmpic i de l&#039;Esport Joan Antoni Samaranch. Barcelona"},"image":{"@id":"https:\/\/www.museuolimpicbcn.cat\/ca\/#\/schema\/logo\/image\/"}},{"@type":"Person","@id":"https:\/\/www.museuolimpicbcn.cat\/ca\/#\/schema\/person\/d05705664e87aa04c6ce53d48133fb39","name":"useradmin","url":"https:\/\/www.museuolimpicbcn.cat\/es\/author\/useradmin\/"}]}},"_links":{"self":[{"href":"https:\/\/www.museuolimpicbcn.cat\/es\/wp-json\/wp\/v2\/posts\/15836"}],"collection":[{"href":"https:\/\/www.museuolimpicbcn.cat\/es\/wp-json\/wp\/v2\/posts"}],"about":[{"href":"https:\/\/www.museuolimpicbcn.cat\/es\/wp-json\/wp\/v2\/types\/post"}],"author":[{"embeddable":true,"href":"https:\/\/www.museuolimpicbcn.cat\/es\/wp-json\/wp\/v2\/users\/1"}],"replies":[{"embeddable":true,"href":"https:\/\/www.museuolimpicbcn.cat\/es\/wp-json\/wp\/v2\/comments?post=15836"}],"version-history":[{"count":1,"href":"https:\/\/www.museuolimpicbcn.cat\/es\/wp-json\/wp\/v2\/posts\/15836\/revisions"}],"predecessor-version":[{"id":17273,"href":"https:\/\/www.museuolimpicbcn.cat\/es\/wp-json\/wp\/v2\/posts\/15836\/revisions\/17273"}],"wp:featuredmedia":[{"embeddable":true,"href":"https:\/\/www.museuolimpicbcn.cat\/es\/wp-json\/wp\/v2\/media\/15868"}],"wp:attachment":[{"href":"https:\/\/www.museuolimpicbcn.cat\/es\/wp-json\/wp\/v2\/media?parent=15836"}],"wp:term":[{"taxonomy":"category","embeddable":true,"href":"https:\/\/www.museuolimpicbcn.cat\/es\/wp-json\/wp\/v2\/categories?post=15836"},{"taxonomy":"post_tag","embeddable":true,"href":"https:\/\/www.museuolimpicbcn.cat\/es\/wp-json\/wp\/v2\/tags?post=15836"}],"curies":[{"name":"wp","href":"https:\/\/api.w.org\/{rel}","templated":true}]}}