{"id":24068,"date":"2019-11-29T08:50:05","date_gmt":"2019-11-29T07:50:05","guid":{"rendered":"https:\/\/www.museuolimpicbcn.cat\/?p=24068"},"modified":"2019-11-29T15:53:42","modified_gmt":"2019-11-29T14:53:42","slug":"recepcion-de-los-juegos-olimpicos-y-paralimpicos-de-tokio-2020","status":"publish","type":"post","link":"https:\/\/www.museuolimpicbcn.cat\/es\/recepcion-de-los-juegos-olimpicos-y-paralimpicos-de-tokio-2020\/","title":{"rendered":"Recepci\u00f3n de los Juegos Ol\u00edmpicos y Paral\u00edmpicos de Tokio 2020"},"content":{"rendered":"<p>Naohito Watanabe, C\u00f3nsul General de Jap\u00f3n en Barcelona y Susana Closa, Gerente del Institut Barcelona Esports han sido los encargados de dar la bienvenida a la recepci\u00f3n de los Juegos Ol\u00edmpicos y Paral\u00edmpicos de Tokio 2020.<\/p>\n<p>La recepci\u00f3n ha contado con la presencia de representantes de federaciones catalanas, dirigentes de entidades deportivas de Catalunya, entrenadores, deportistas y prensa entre otros.<\/p>\n<p>Durante el acto Mitsuru Nagata, artista de origen japon\u00e9s afincado en Barcelona, ha realizado una demostraci\u00f3n de Sumi-e, t\u00e9cnica de dibujo monocrom\u00e1tico en tinta negra.\u00a0 Nagata ha querido acercar las dos ciudades ol\u00edmpicas a trav\u00e9s de su dibujo mostrando una Maiko &#8211; aprendiz de Gehisa &#8211; practicando el tiro con arco, en referencia al encendido del pebetero de los Juegos Ol\u00edmpicos de Barcelona \u201892.<\/p>\n","protected":false},"excerpt":{"rendered":"<p>Naohito Watanabe, C\u00f3nsul General de Jap\u00f3n en Barcelona y Susana Closa, Gerente del Institut Barcelona Esports han sido los encargados de dar la bienvenida a la recepci\u00f3n de los Juegos Ol\u00edmpicos y Paral\u00edmpicos de Tokio 2020. La recepci\u00f3n ha contado con la presencia de representantes de federaciones catalanas, dirigentes de entidades deportivas de Catalunya, entrenadores, [&hellip;]<\/p>\n","protected":false},"author":11,"featured_media":24050,"comment_status":"open","ping_status":"open","sticky":false,"template":"","format":"standard","meta":{"_acf_changed":false,"_price":"","_stock":"","_tribe_ticket_header":"","_tribe_default_ticket_provider":"","_tribe_ticket_capacity":"0","_ticket_start_date":"","_ticket_end_date":"","_tribe_ticket_show_description":"","_tribe_ticket_show_not_going":false,"_tribe_ticket_use_global_stock":"","_tribe_ticket_global_stock_level":"","_global_stock_mode":"","_global_stock_cap":"","_tribe_rsvp_for_event":"","_tribe_ticket_going_count":"","_tribe_ticket_not_going_count":"","_tribe_tickets_list":"[]","_tribe_ticket_has_attendee_info_fields":false,"footnotes":""},"categories":[3],"tags":[],"class_list":["post-24068","post","type-post","status-publish","format-standard","has-post-thumbnail","hentry","category-sin-categorizar"],"acf":[],"yoast_head":"<!-- This site is optimized with the Yoast SEO plugin v23.7 - https:\/\/yoast.com\/wordpress\/plugins\/seo\/ -->\n<title>Recepci\u00f3n de los Juegos Ol\u00edmpicos y Paral\u00edmpicos de Tokio 2020 - Museu Ol\u00edmpic i de l&#039;Esport Joan Antoni Samaranch. Barcelona<\/title>\n<meta name=\"robots\" content=\"index, follow, max-snippet:-1, max-image-preview:large, max-video-preview:-1\" \/>\n<link rel=\"canonical\" href=\"https:\/\/www.museuolimpicbcn.cat\/es\/recepcion-de-los-juegos-olimpicos-y-paralimpicos-de-tokio-2020\/\" \/>\n<meta property=\"og:locale\" content=\"es_ES\" \/>\n<meta property=\"og:type\" content=\"article\" \/>\n<meta property=\"og:title\" content=\"Recepci\u00f3n de los Juegos Ol\u00edmpicos y Paral\u00edmpicos de Tokio 2020 - Museu Ol\u00edmpic i de l&#039;Esport Joan Antoni Samaranch. Barcelona\" \/>\n<meta property=\"og:description\" content=\"Naohito Watanabe, C\u00f3nsul General de Jap\u00f3n en Barcelona y Susana Closa, Gerente del Institut Barcelona Esports han sido los encargados de dar la bienvenida a la recepci\u00f3n de los Juegos Ol\u00edmpicos y Paral\u00edmpicos de Tokio 2020. La recepci\u00f3n ha contado con la presencia de representantes de federaciones catalanas, dirigentes de entidades deportivas de Catalunya, entrenadores, [&hellip;]\" \/>\n<meta property=\"og:url\" content=\"https:\/\/www.museuolimpicbcn.cat\/es\/recepcion-de-los-juegos-olimpicos-y-paralimpicos-de-tokio-2020\/\" \/>\n<meta property=\"og:site_name\" content=\"Museu Ol\u00edmpic i de l&#039;Esport Joan Antoni Samaranch. Barcelona\" \/>\n<meta property=\"article:published_time\" content=\"2019-11-29T07:50:05+00:00\" \/>\n<meta property=\"article:modified_time\" content=\"2019-11-29T14:53:42+00:00\" \/>\n<meta property=\"og:image\" content=\"https:\/\/www.museuolimpicbcn.cat\/wp-content\/uploads\/sites\/2\/2019\/11\/Recepcio-TOKIO2020-Museu-Oli\u0301mpic-Barcelona_13.jpg\" \/>\n\t<meta property=\"og:image:width\" content=\"5484\" \/>\n\t<meta property=\"og:image:height\" content=\"3279\" \/>\n\t<meta property=\"og:image:type\" content=\"image\/jpeg\" \/>\n<meta name=\"author\" content=\"Ibone\" \/>\n<meta name=\"twitter:card\" content=\"summary_large_image\" \/>\n<meta name=\"twitter:label1\" content=\"Escrito por\" \/>\n\t<meta name=\"twitter:data1\" content=\"Ibone\" \/>\n\t<meta name=\"twitter:label2\" content=\"Tiempo de lectura\" \/>\n\t<meta name=\"twitter:data2\" content=\"1 minuto\" \/>\n<script type=\"application\/ld+json\" class=\"yoast-schema-graph\">{\"@context\":\"https:\/\/schema.org\",\"@graph\":[{\"@type\":\"Article\",\"@id\":\"https:\/\/www.museuolimpicbcn.cat\/es\/recepcion-de-los-juegos-olimpicos-y-paralimpicos-de-tokio-2020\/#article\",\"isPartOf\":{\"@id\":\"https:\/\/www.museuolimpicbcn.cat\/es\/recepcion-de-los-juegos-olimpicos-y-paralimpicos-de-tokio-2020\/\"},\"author\":{\"name\":\"Ibone\",\"@id\":\"https:\/\/www.museuolimpicbcn.cat\/ca\/#\/schema\/person\/b792834a53f193977df425a499287aa9\"},\"headline\":\"Recepci\u00f3n de los Juegos Ol\u00edmpicos y Paral\u00edmpicos de Tokio 2020\",\"datePublished\":\"2019-11-29T07:50:05+00:00\",\"dateModified\":\"2019-11-29T14:53:42+00:00\",\"mainEntityOfPage\":{\"@id\":\"https:\/\/www.museuolimpicbcn.cat\/es\/recepcion-de-los-juegos-olimpicos-y-paralimpicos-de-tokio-2020\/\"},\"wordCount\":147,\"commentCount\":7,\"publisher\":{\"@id\":\"https:\/\/www.museuolimpicbcn.cat\/ca\/#organization\"},\"image\":{\"@id\":\"https:\/\/www.museuolimpicbcn.cat\/es\/recepcion-de-los-juegos-olimpicos-y-paralimpicos-de-tokio-2020\/#primaryimage\"},\"thumbnailUrl\":\"https:\/\/www.museuolimpicbcn.cat\/wp-content\/uploads\/sites\/2\/2019\/11\/Recepcio-TOKIO2020-Museu-Oli\u0301mpic-Barcelona_13.jpg\",\"articleSection\":[\"Sin categorizar\"],\"inLanguage\":\"es\",\"potentialAction\":[{\"@type\":\"CommentAction\",\"name\":\"Comment\",\"target\":[\"https:\/\/www.museuolimpicbcn.cat\/es\/recepcion-de-los-juegos-olimpicos-y-paralimpicos-de-tokio-2020\/#respond\"]}]},{\"@type\":\"WebPage\",\"@id\":\"https:\/\/www.museuolimpicbcn.cat\/es\/recepcion-de-los-juegos-olimpicos-y-paralimpicos-de-tokio-2020\/\",\"url\":\"https:\/\/www.museuolimpicbcn.cat\/es\/recepcion-de-los-juegos-olimpicos-y-paralimpicos-de-tokio-2020\/\",\"name\":\"Recepci\u00f3n de los Juegos Ol\u00edmpicos y Paral\u00edmpicos de Tokio 2020 - Museu Ol\u00edmpic i de l&#039;Esport Joan Antoni Samaranch. Barcelona\",\"isPartOf\":{\"@id\":\"https:\/\/www.museuolimpicbcn.cat\/ca\/#website\"},\"primaryImageOfPage\":{\"@id\":\"https:\/\/www.museuolimpicbcn.cat\/es\/recepcion-de-los-juegos-olimpicos-y-paralimpicos-de-tokio-2020\/#primaryimage\"},\"image\":{\"@id\":\"https:\/\/www.museuolimpicbcn.cat\/es\/recepcion-de-los-juegos-olimpicos-y-paralimpicos-de-tokio-2020\/#primaryimage\"},\"thumbnailUrl\":\"https:\/\/www.museuolimpicbcn.cat\/wp-content\/uploads\/sites\/2\/2019\/11\/Recepcio-TOKIO2020-Museu-Oli\u0301mpic-Barcelona_13.jpg\",\"datePublished\":\"2019-11-29T07:50:05+00:00\",\"dateModified\":\"2019-11-29T14:53:42+00:00\",\"breadcrumb\":{\"@id\":\"https:\/\/www.museuolimpicbcn.cat\/es\/recepcion-de-los-juegos-olimpicos-y-paralimpicos-de-tokio-2020\/#breadcrumb\"},\"inLanguage\":\"es\",\"potentialAction\":[{\"@type\":\"ReadAction\",\"target\":[\"https:\/\/www.museuolimpicbcn.cat\/es\/recepcion-de-los-juegos-olimpicos-y-paralimpicos-de-tokio-2020\/\"]}]},{\"@type\":\"ImageObject\",\"inLanguage\":\"es\",\"@id\":\"https:\/\/www.museuolimpicbcn.cat\/es\/recepcion-de-los-juegos-olimpicos-y-paralimpicos-de-tokio-2020\/#primaryimage\",\"url\":\"https:\/\/www.museuolimpicbcn.cat\/wp-content\/uploads\/sites\/2\/2019\/11\/Recepcio-TOKIO2020-Museu-Oli\u0301mpic-Barcelona_13.jpg\",\"contentUrl\":\"https:\/\/www.museuolimpicbcn.cat\/wp-content\/uploads\/sites\/2\/2019\/11\/Recepcio-TOKIO2020-Museu-Oli\u0301mpic-Barcelona_13.jpg\",\"width\":5484,\"height\":3279},{\"@type\":\"BreadcrumbList\",\"@id\":\"https:\/\/www.museuolimpicbcn.cat\/es\/recepcion-de-los-juegos-olimpicos-y-paralimpicos-de-tokio-2020\/#breadcrumb\",\"itemListElement\":[{\"@type\":\"ListItem\",\"position\":1,\"name\":\"Inici\",\"item\":\"https:\/\/www.museuolimpicbcn.cat\/es\/\"},{\"@type\":\"ListItem\",\"position\":2,\"name\":\"Recepci\u00f3n de los Juegos Ol\u00edmpicos y Paral\u00edmpicos de Tokio 2020\"}]},{\"@type\":\"WebSite\",\"@id\":\"https:\/\/www.museuolimpicbcn.cat\/ca\/#website\",\"url\":\"https:\/\/www.museuolimpicbcn.cat\/ca\/\",\"name\":\"Museu Ol\u00edmpic i de l&#039;Esport Joan Antoni Samaranch. Barcelona\",\"description\":\"Altre lloc Web del Museu Ol\u00edmpic i de l&#039;Esport llocs\",\"publisher\":{\"@id\":\"https:\/\/www.museuolimpicbcn.cat\/ca\/#organization\"},\"potentialAction\":[{\"@type\":\"SearchAction\",\"target\":{\"@type\":\"EntryPoint\",\"urlTemplate\":\"https:\/\/www.museuolimpicbcn.cat\/ca\/?s={search_term_string}\"},\"query-input\":{\"@type\":\"PropertyValueSpecification\",\"valueRequired\":true,\"valueName\":\"search_term_string\"}}],\"inLanguage\":\"es\"},{\"@type\":\"Organization\",\"@id\":\"https:\/\/www.museuolimpicbcn.cat\/ca\/#organization\",\"name\":\"Museu Ol\u00edmpic i de l&#039;Esport Joan Antoni Samaranch. Barcelona\",\"url\":\"https:\/\/www.museuolimpicbcn.cat\/ca\/\",\"logo\":{\"@type\":\"ImageObject\",\"inLanguage\":\"es\",\"@id\":\"https:\/\/www.museuolimpicbcn.cat\/ca\/#\/schema\/logo\/image\/\",\"url\":\"https:\/\/www.museuolimpicbcn.cat\/wp-content\/uploads\/sites\/2\/2018\/12\/logo-moe-header.svg\",\"contentUrl\":\"https:\/\/www.museuolimpicbcn.cat\/wp-content\/uploads\/sites\/2\/2018\/12\/logo-moe-header.svg\",\"caption\":\"Museu Ol\u00edmpic i de l&#039;Esport Joan Antoni Samaranch. Barcelona\"},\"image\":{\"@id\":\"https:\/\/www.museuolimpicbcn.cat\/ca\/#\/schema\/logo\/image\/\"}},{\"@type\":\"Person\",\"@id\":\"https:\/\/www.museuolimpicbcn.cat\/ca\/#\/schema\/person\/b792834a53f193977df425a499287aa9\",\"name\":\"Ibone\",\"url\":\"https:\/\/www.museuolimpicbcn.cat\/es\/author\/fbolimpica\/\"}]}<\/script>\n<!-- \/ Yoast SEO plugin. -->","yoast_head_json":{"title":"Recepci\u00f3n de los Juegos Ol\u00edmpicos y Paral\u00edmpicos de Tokio 2020 - Museu Ol\u00edmpic i de l&#039;Esport Joan Antoni Samaranch. Barcelona","robots":{"index":"index","follow":"follow","max-snippet":"max-snippet:-1","max-image-preview":"max-image-preview:large","max-video-preview":"max-video-preview:-1"},"canonical":"https:\/\/www.museuolimpicbcn.cat\/es\/recepcion-de-los-juegos-olimpicos-y-paralimpicos-de-tokio-2020\/","og_locale":"es_ES","og_type":"article","og_title":"Recepci\u00f3n de los Juegos Ol\u00edmpicos y Paral\u00edmpicos de Tokio 2020 - Museu Ol\u00edmpic i de l&#039;Esport Joan Antoni Samaranch. Barcelona","og_description":"Naohito Watanabe, C\u00f3nsul General de Jap\u00f3n en Barcelona y Susana Closa, Gerente del Institut Barcelona Esports han sido los encargados de dar la bienvenida a la recepci\u00f3n de los Juegos Ol\u00edmpicos y Paral\u00edmpicos de Tokio 2020. La recepci\u00f3n ha contado con la presencia de representantes de federaciones catalanas, dirigentes de entidades deportivas de Catalunya, entrenadores, [&hellip;]","og_url":"https:\/\/www.museuolimpicbcn.cat\/es\/recepcion-de-los-juegos-olimpicos-y-paralimpicos-de-tokio-2020\/","og_site_name":"Museu Ol\u00edmpic i de l&#039;Esport Joan Antoni Samaranch. Barcelona","article_published_time":"2019-11-29T07:50:05+00:00","article_modified_time":"2019-11-29T14:53:42+00:00","og_image":[{"width":5484,"height":3279,"url":"https:\/\/www.museuolimpicbcn.cat\/wp-content\/uploads\/sites\/2\/2019\/11\/Recepcio-TOKIO2020-Museu-Oli\u0301mpic-Barcelona_13.jpg","type":"image\/jpeg"}],"author":"Ibone","twitter_card":"summary_large_image","twitter_misc":{"Escrito por":"Ibone","Tiempo de lectura":"1 minuto"},"schema":{"@context":"https:\/\/schema.org","@graph":[{"@type":"Article","@id":"https:\/\/www.museuolimpicbcn.cat\/es\/recepcion-de-los-juegos-olimpicos-y-paralimpicos-de-tokio-2020\/#article","isPartOf":{"@id":"https:\/\/www.museuolimpicbcn.cat\/es\/recepcion-de-los-juegos-olimpicos-y-paralimpicos-de-tokio-2020\/"},"author":{"name":"Ibone","@id":"https:\/\/www.museuolimpicbcn.cat\/ca\/#\/schema\/person\/b792834a53f193977df425a499287aa9"},"headline":"Recepci\u00f3n de los Juegos Ol\u00edmpicos y Paral\u00edmpicos de Tokio 2020","datePublished":"2019-11-29T07:50:05+00:00","dateModified":"2019-11-29T14:53:42+00:00","mainEntityOfPage":{"@id":"https:\/\/www.museuolimpicbcn.cat\/es\/recepcion-de-los-juegos-olimpicos-y-paralimpicos-de-tokio-2020\/"},"wordCount":147,"commentCount":7,"publisher":{"@id":"https:\/\/www.museuolimpicbcn.cat\/ca\/#organization"},"image":{"@id":"https:\/\/www.museuolimpicbcn.cat\/es\/recepcion-de-los-juegos-olimpicos-y-paralimpicos-de-tokio-2020\/#primaryimage"},"thumbnailUrl":"https:\/\/www.museuolimpicbcn.cat\/wp-content\/uploads\/sites\/2\/2019\/11\/Recepcio-TOKIO2020-Museu-Oli\u0301mpic-Barcelona_13.jpg","articleSection":["Sin categorizar"],"inLanguage":"es","potentialAction":[{"@type":"CommentAction","name":"Comment","target":["https:\/\/www.museuolimpicbcn.cat\/es\/recepcion-de-los-juegos-olimpicos-y-paralimpicos-de-tokio-2020\/#respond"]}]},{"@type":"WebPage","@id":"https:\/\/www.museuolimpicbcn.cat\/es\/recepcion-de-los-juegos-olimpicos-y-paralimpicos-de-tokio-2020\/","url":"https:\/\/www.museuolimpicbcn.cat\/es\/recepcion-de-los-juegos-olimpicos-y-paralimpicos-de-tokio-2020\/","name":"Recepci\u00f3n de los Juegos Ol\u00edmpicos y Paral\u00edmpicos de Tokio 2020 - Museu Ol\u00edmpic i de l&#039;Esport Joan Antoni Samaranch. Barcelona","isPartOf":{"@id":"https:\/\/www.museuolimpicbcn.cat\/ca\/#website"},"primaryImageOfPage":{"@id":"https:\/\/www.museuolimpicbcn.cat\/es\/recepcion-de-los-juegos-olimpicos-y-paralimpicos-de-tokio-2020\/#primaryimage"},"image":{"@id":"https:\/\/www.museuolimpicbcn.cat\/es\/recepcion-de-los-juegos-olimpicos-y-paralimpicos-de-tokio-2020\/#primaryimage"},"thumbnailUrl":"https:\/\/www.museuolimpicbcn.cat\/wp-content\/uploads\/sites\/2\/2019\/11\/Recepcio-TOKIO2020-Museu-Oli\u0301mpic-Barcelona_13.jpg","datePublished":"2019-11-29T07:50:05+00:00","dateModified":"2019-11-29T14:53:42+00:00","breadcrumb":{"@id":"https:\/\/www.museuolimpicbcn.cat\/es\/recepcion-de-los-juegos-olimpicos-y-paralimpicos-de-tokio-2020\/#breadcrumb"},"inLanguage":"es","potentialAction":[{"@type":"ReadAction","target":["https:\/\/www.museuolimpicbcn.cat\/es\/recepcion-de-los-juegos-olimpicos-y-paralimpicos-de-tokio-2020\/"]}]},{"@type":"ImageObject","inLanguage":"es","@id":"https:\/\/www.museuolimpicbcn.cat\/es\/recepcion-de-los-juegos-olimpicos-y-paralimpicos-de-tokio-2020\/#primaryimage","url":"https:\/\/www.museuolimpicbcn.cat\/wp-content\/uploads\/sites\/2\/2019\/11\/Recepcio-TOKIO2020-Museu-Oli\u0301mpic-Barcelona_13.jpg","contentUrl":"https:\/\/www.museuolimpicbcn.cat\/wp-content\/uploads\/sites\/2\/2019\/11\/Recepcio-TOKIO2020-Museu-Oli\u0301mpic-Barcelona_13.jpg","width":5484,"height":3279},{"@type":"BreadcrumbList","@id":"https:\/\/www.museuolimpicbcn.cat\/es\/recepcion-de-los-juegos-olimpicos-y-paralimpicos-de-tokio-2020\/#breadcrumb","itemListElement":[{"@type":"ListItem","position":1,"name":"Inici","item":"https:\/\/www.museuolimpicbcn.cat\/es\/"},{"@type":"ListItem","position":2,"name":"Recepci\u00f3n de los Juegos Ol\u00edmpicos y Paral\u00edmpicos de Tokio 2020"}]},{"@type":"WebSite","@id":"https:\/\/www.museuolimpicbcn.cat\/ca\/#website","url":"https:\/\/www.museuolimpicbcn.cat\/ca\/","name":"Museu Ol\u00edmpic i de l&#039;Esport Joan Antoni Samaranch. Barcelona","description":"Altre lloc Web del Museu Ol\u00edmpic i de l&#039;Esport llocs","publisher":{"@id":"https:\/\/www.museuolimpicbcn.cat\/ca\/#organization"},"potentialAction":[{"@type":"SearchAction","target":{"@type":"EntryPoint","urlTemplate":"https:\/\/www.museuolimpicbcn.cat\/ca\/?s={search_term_string}"},"query-input":{"@type":"PropertyValueSpecification","valueRequired":true,"valueName":"search_term_string"}}],"inLanguage":"es"},{"@type":"Organization","@id":"https:\/\/www.museuolimpicbcn.cat\/ca\/#organization","name":"Museu Ol\u00edmpic i de l&#039;Esport Joan Antoni Samaranch. Barcelona","url":"https:\/\/www.museuolimpicbcn.cat\/ca\/","logo":{"@type":"ImageObject","inLanguage":"es","@id":"https:\/\/www.museuolimpicbcn.cat\/ca\/#\/schema\/logo\/image\/","url":"https:\/\/www.museuolimpicbcn.cat\/wp-content\/uploads\/sites\/2\/2018\/12\/logo-moe-header.svg","contentUrl":"https:\/\/www.museuolimpicbcn.cat\/wp-content\/uploads\/sites\/2\/2018\/12\/logo-moe-header.svg","caption":"Museu Ol\u00edmpic i de l&#039;Esport Joan Antoni Samaranch. Barcelona"},"image":{"@id":"https:\/\/www.museuolimpicbcn.cat\/ca\/#\/schema\/logo\/image\/"}},{"@type":"Person","@id":"https:\/\/www.museuolimpicbcn.cat\/ca\/#\/schema\/person\/b792834a53f193977df425a499287aa9","name":"Ibone","url":"https:\/\/www.museuolimpicbcn.cat\/es\/author\/fbolimpica\/"}]}},"_links":{"self":[{"href":"https:\/\/www.museuolimpicbcn.cat\/es\/wp-json\/wp\/v2\/posts\/24068"}],"collection":[{"href":"https:\/\/www.museuolimpicbcn.cat\/es\/wp-json\/wp\/v2\/posts"}],"about":[{"href":"https:\/\/www.museuolimpicbcn.cat\/es\/wp-json\/wp\/v2\/types\/post"}],"author":[{"embeddable":true,"href":"https:\/\/www.museuolimpicbcn.cat\/es\/wp-json\/wp\/v2\/users\/11"}],"replies":[{"embeddable":true,"href":"https:\/\/www.museuolimpicbcn.cat\/es\/wp-json\/wp\/v2\/comments?post=24068"}],"version-history":[{"count":3,"href":"https:\/\/www.museuolimpicbcn.cat\/es\/wp-json\/wp\/v2\/posts\/24068\/revisions"}],"predecessor-version":[{"id":24074,"href":"https:\/\/www.museuolimpicbcn.cat\/es\/wp-json\/wp\/v2\/posts\/24068\/revisions\/24074"}],"wp:featuredmedia":[{"embeddable":true,"href":"https:\/\/www.museuolimpicbcn.cat\/es\/wp-json\/wp\/v2\/media\/24050"}],"wp:attachment":[{"href":"https:\/\/www.museuolimpicbcn.cat\/es\/wp-json\/wp\/v2\/media?parent=24068"}],"wp:term":[{"taxonomy":"category","embeddable":true,"href":"https:\/\/www.museuolimpicbcn.cat\/es\/wp-json\/wp\/v2\/categories?post=24068"},{"taxonomy":"post_tag","embeddable":true,"href":"https:\/\/www.museuolimpicbcn.cat\/es\/wp-json\/wp\/v2\/tags?post=24068"}],"curies":[{"name":"wp","href":"https:\/\/api.w.org\/{rel}","templated":true}]}}