{"id":24200,"date":"2019-12-17T20:28:43","date_gmt":"2019-12-17T19:28:43","guid":{"rendered":"https:\/\/www.museuolimpicbcn.cat\/?p=24200"},"modified":"2019-12-17T20:59:45","modified_gmt":"2019-12-17T19:59:45","slug":"125-aniversario-del-comite-internacional-olimpico","status":"publish","type":"post","link":"https:\/\/www.museuolimpicbcn.cat\/es\/125-aniversario-del-comite-internacional-olimpico\/","title":{"rendered":"125 aniversario del Comit\u00e9 Internacional Ol\u00edmpico"},"content":{"rendered":"<p>David Escud\u00e9, Presidente de la Fundaci\u00f3 Barcelona Ol\u00edmpica y Regidor de Deportes del Ayuntamento de Barcelona;\u00a0 y Pere Vil\u00e0, Representante Territorial del Deporte y la Actividad F\u00edsica en Barcelona y Comarcas de Catalu\u00f1a, inauguraron el acto conmemorativo que la Fundaci\u00f3 Barcelona Ol\u00edmpica (FBO) ha realizado con motivo del 125 aniversario de la creaci\u00f3n del CIO.<\/p>\n<p>Mediante audiovisuales hemos podido descubrir el bagaje del Comit\u00e9\u00a0 Internacional Ol\u00edmpico durante estos 125 a\u00f1os y la relaci\u00f3n de Pierre de Coubertin con la ciudad de Barcelona.<\/p>\n<p>A continuaci\u00f3n, hemos podido disfrutar de la mesa redonda compuesta por Mar\u00eda Teresa Samaranch, miembro de la ISU (International Skating Union) y miembro del patronato de la FBO; Leandre Negre, expresidente de la IHF (International Hockey Federation); Isabel Fern\u00e1ndez, campeona ol\u00edmpica y vicepresidenta primera del COE; y Jordi Sans, campe\u00f3n ol\u00edmpico y director de la UFEC que de la mano del moderador y periodista Joan Manuel Surroca, nos han contado la importancia del deporte en la sociedad actual.<\/p>\n<p>Para concluir el acto, Alejandro Blanco, presidente del Comit\u00e9 Ol\u00edmpico Espa\u00f1ol, ha intervenido para recordarnos la importancia del deporte, el olimpismo y los valores que conllevan.<\/p>\n","protected":false},"excerpt":{"rendered":"<p>David Escud\u00e9, Presidente de la Fundaci\u00f3 Barcelona Ol\u00edmpica y Regidor de Deportes del Ayuntamento de Barcelona;\u00a0 y Pere Vil\u00e0, Representante Territorial del Deporte y la Actividad F\u00edsica en Barcelona y Comarcas de Catalu\u00f1a, inauguraron el acto conmemorativo que la Fundaci\u00f3 Barcelona Ol\u00edmpica (FBO) ha realizado con motivo del 125 aniversario de la creaci\u00f3n del CIO. [&hellip;]<\/p>\n","protected":false},"author":11,"featured_media":24173,"comment_status":"open","ping_status":"open","sticky":false,"template":"","format":"standard","meta":{"_acf_changed":false,"_price":"","_stock":"","_tribe_ticket_header":"","_tribe_default_ticket_provider":"","_tribe_ticket_capacity":"0","_ticket_start_date":"","_ticket_end_date":"","_tribe_ticket_show_description":"","_tribe_ticket_show_not_going":false,"_tribe_ticket_use_global_stock":"","_tribe_ticket_global_stock_level":"","_global_stock_mode":"","_global_stock_cap":"","_tribe_rsvp_for_event":"","_tribe_ticket_going_count":"","_tribe_ticket_not_going_count":"","_tribe_tickets_list":"[]","_tribe_ticket_has_attendee_info_fields":false,"footnotes":""},"categories":[3],"tags":[],"class_list":["post-24200","post","type-post","status-publish","format-standard","has-post-thumbnail","hentry","category-sin-categorizar"],"acf":[],"yoast_head":"<!-- This site is optimized with the Yoast SEO plugin v23.7 - https:\/\/yoast.com\/wordpress\/plugins\/seo\/ -->\n<title>125 aniversario del Comit\u00e9 Internacional Ol\u00edmpico - Museu Ol\u00edmpic i de l&#039;Esport Joan Antoni Samaranch. Barcelona<\/title>\n<meta name=\"robots\" content=\"index, follow, max-snippet:-1, max-image-preview:large, max-video-preview:-1\" \/>\n<link rel=\"canonical\" href=\"https:\/\/www.museuolimpicbcn.cat\/es\/125-aniversario-del-comite-internacional-olimpico\/\" \/>\n<meta property=\"og:locale\" content=\"es_ES\" \/>\n<meta property=\"og:type\" content=\"article\" \/>\n<meta property=\"og:title\" content=\"125 aniversario del Comit\u00e9 Internacional Ol\u00edmpico - Museu Ol\u00edmpic i de l&#039;Esport Joan Antoni Samaranch. Barcelona\" \/>\n<meta property=\"og:description\" content=\"David Escud\u00e9, Presidente de la Fundaci\u00f3 Barcelona Ol\u00edmpica y Regidor de Deportes del Ayuntamento de Barcelona;\u00a0 y Pere Vil\u00e0, Representante Territorial del Deporte y la Actividad F\u00edsica en Barcelona y Comarcas de Catalu\u00f1a, inauguraron el acto conmemorativo que la Fundaci\u00f3 Barcelona Ol\u00edmpica (FBO) ha realizado con motivo del 125 aniversario de la creaci\u00f3n del CIO. [&hellip;]\" \/>\n<meta property=\"og:url\" content=\"https:\/\/www.museuolimpicbcn.cat\/es\/125-aniversario-del-comite-internacional-olimpico\/\" \/>\n<meta property=\"og:site_name\" content=\"Museu Ol\u00edmpic i de l&#039;Esport Joan Antoni Samaranch. Barcelona\" \/>\n<meta property=\"article:published_time\" content=\"2019-12-17T19:28:43+00:00\" \/>\n<meta property=\"article:modified_time\" content=\"2019-12-17T19:59:45+00:00\" \/>\n<meta property=\"og:image\" content=\"https:\/\/www.museuolimpicbcn.cat\/wp-content\/uploads\/sites\/2\/2019\/12\/IOC125Aniversary-MuseuOlimpic-Samaranch-Escude-Alejandro-Blanco.jpg\" \/>\n\t<meta property=\"og:image:width\" content=\"5381\" \/>\n\t<meta property=\"og:image:height\" content=\"3135\" \/>\n\t<meta property=\"og:image:type\" content=\"image\/jpeg\" \/>\n<meta name=\"author\" content=\"Ibone\" \/>\n<meta name=\"twitter:card\" content=\"summary_large_image\" \/>\n<meta name=\"twitter:label1\" content=\"Escrito por\" \/>\n\t<meta name=\"twitter:data1\" content=\"Ibone\" \/>\n\t<meta name=\"twitter:label2\" content=\"Tiempo de lectura\" \/>\n\t<meta name=\"twitter:data2\" content=\"1 minuto\" \/>\n<script type=\"application\/ld+json\" class=\"yoast-schema-graph\">{\"@context\":\"https:\/\/schema.org\",\"@graph\":[{\"@type\":\"Article\",\"@id\":\"https:\/\/www.museuolimpicbcn.cat\/es\/125-aniversario-del-comite-internacional-olimpico\/#article\",\"isPartOf\":{\"@id\":\"https:\/\/www.museuolimpicbcn.cat\/es\/125-aniversario-del-comite-internacional-olimpico\/\"},\"author\":{\"name\":\"Ibone\",\"@id\":\"https:\/\/www.museuolimpicbcn.cat\/ca\/#\/schema\/person\/b792834a53f193977df425a499287aa9\"},\"headline\":\"125 aniversario del Comit\u00e9 Internacional Ol\u00edmpico\",\"datePublished\":\"2019-12-17T19:28:43+00:00\",\"dateModified\":\"2019-12-17T19:59:45+00:00\",\"mainEntityOfPage\":{\"@id\":\"https:\/\/www.museuolimpicbcn.cat\/es\/125-aniversario-del-comite-internacional-olimpico\/\"},\"wordCount\":206,\"commentCount\":5,\"publisher\":{\"@id\":\"https:\/\/www.museuolimpicbcn.cat\/ca\/#organization\"},\"image\":{\"@id\":\"https:\/\/www.museuolimpicbcn.cat\/es\/125-aniversario-del-comite-internacional-olimpico\/#primaryimage\"},\"thumbnailUrl\":\"https:\/\/www.museuolimpicbcn.cat\/wp-content\/uploads\/sites\/2\/2019\/12\/IOC125Aniversary-MuseuOlimpic-Samaranch-Escude-Alejandro-Blanco.jpg\",\"articleSection\":[\"Sin categorizar\"],\"inLanguage\":\"es\",\"potentialAction\":[{\"@type\":\"CommentAction\",\"name\":\"Comment\",\"target\":[\"https:\/\/www.museuolimpicbcn.cat\/es\/125-aniversario-del-comite-internacional-olimpico\/#respond\"]}]},{\"@type\":\"WebPage\",\"@id\":\"https:\/\/www.museuolimpicbcn.cat\/es\/125-aniversario-del-comite-internacional-olimpico\/\",\"url\":\"https:\/\/www.museuolimpicbcn.cat\/es\/125-aniversario-del-comite-internacional-olimpico\/\",\"name\":\"125 aniversario del Comit\u00e9 Internacional Ol\u00edmpico - Museu Ol\u00edmpic i de l&#039;Esport Joan Antoni Samaranch. Barcelona\",\"isPartOf\":{\"@id\":\"https:\/\/www.museuolimpicbcn.cat\/ca\/#website\"},\"primaryImageOfPage\":{\"@id\":\"https:\/\/www.museuolimpicbcn.cat\/es\/125-aniversario-del-comite-internacional-olimpico\/#primaryimage\"},\"image\":{\"@id\":\"https:\/\/www.museuolimpicbcn.cat\/es\/125-aniversario-del-comite-internacional-olimpico\/#primaryimage\"},\"thumbnailUrl\":\"https:\/\/www.museuolimpicbcn.cat\/wp-content\/uploads\/sites\/2\/2019\/12\/IOC125Aniversary-MuseuOlimpic-Samaranch-Escude-Alejandro-Blanco.jpg\",\"datePublished\":\"2019-12-17T19:28:43+00:00\",\"dateModified\":\"2019-12-17T19:59:45+00:00\",\"breadcrumb\":{\"@id\":\"https:\/\/www.museuolimpicbcn.cat\/es\/125-aniversario-del-comite-internacional-olimpico\/#breadcrumb\"},\"inLanguage\":\"es\",\"potentialAction\":[{\"@type\":\"ReadAction\",\"target\":[\"https:\/\/www.museuolimpicbcn.cat\/es\/125-aniversario-del-comite-internacional-olimpico\/\"]}]},{\"@type\":\"ImageObject\",\"inLanguage\":\"es\",\"@id\":\"https:\/\/www.museuolimpicbcn.cat\/es\/125-aniversario-del-comite-internacional-olimpico\/#primaryimage\",\"url\":\"https:\/\/www.museuolimpicbcn.cat\/wp-content\/uploads\/sites\/2\/2019\/12\/IOC125Aniversary-MuseuOlimpic-Samaranch-Escude-Alejandro-Blanco.jpg\",\"contentUrl\":\"https:\/\/www.museuolimpicbcn.cat\/wp-content\/uploads\/sites\/2\/2019\/12\/IOC125Aniversary-MuseuOlimpic-Samaranch-Escude-Alejandro-Blanco.jpg\",\"width\":5381,\"height\":3135,\"caption\":\"Joan Manuel Surroca - Jordi Sans . Maria Teresa Samaranch - David Escud\u00e9 - Alejandro Blanco - Isabel Fern\u00e1ndez - Leandre Negre - Pere Vil\u00e0\"},{\"@type\":\"BreadcrumbList\",\"@id\":\"https:\/\/www.museuolimpicbcn.cat\/es\/125-aniversario-del-comite-internacional-olimpico\/#breadcrumb\",\"itemListElement\":[{\"@type\":\"ListItem\",\"position\":1,\"name\":\"Inici\",\"item\":\"https:\/\/www.museuolimpicbcn.cat\/es\/\"},{\"@type\":\"ListItem\",\"position\":2,\"name\":\"125 aniversario del Comit\u00e9 Internacional Ol\u00edmpico\"}]},{\"@type\":\"WebSite\",\"@id\":\"https:\/\/www.museuolimpicbcn.cat\/ca\/#website\",\"url\":\"https:\/\/www.museuolimpicbcn.cat\/ca\/\",\"name\":\"Museu Ol\u00edmpic i de l&#039;Esport Joan Antoni Samaranch. Barcelona\",\"description\":\"Altre lloc Web del Museu Ol\u00edmpic i de l&#039;Esport llocs\",\"publisher\":{\"@id\":\"https:\/\/www.museuolimpicbcn.cat\/ca\/#organization\"},\"potentialAction\":[{\"@type\":\"SearchAction\",\"target\":{\"@type\":\"EntryPoint\",\"urlTemplate\":\"https:\/\/www.museuolimpicbcn.cat\/ca\/?s={search_term_string}\"},\"query-input\":{\"@type\":\"PropertyValueSpecification\",\"valueRequired\":true,\"valueName\":\"search_term_string\"}}],\"inLanguage\":\"es\"},{\"@type\":\"Organization\",\"@id\":\"https:\/\/www.museuolimpicbcn.cat\/ca\/#organization\",\"name\":\"Museu Ol\u00edmpic i de l&#039;Esport Joan Antoni Samaranch. Barcelona\",\"url\":\"https:\/\/www.museuolimpicbcn.cat\/ca\/\",\"logo\":{\"@type\":\"ImageObject\",\"inLanguage\":\"es\",\"@id\":\"https:\/\/www.museuolimpicbcn.cat\/ca\/#\/schema\/logo\/image\/\",\"url\":\"https:\/\/www.museuolimpicbcn.cat\/wp-content\/uploads\/sites\/2\/2018\/12\/logo-moe-header.svg\",\"contentUrl\":\"https:\/\/www.museuolimpicbcn.cat\/wp-content\/uploads\/sites\/2\/2018\/12\/logo-moe-header.svg\",\"caption\":\"Museu Ol\u00edmpic i de l&#039;Esport Joan Antoni Samaranch. Barcelona\"},\"image\":{\"@id\":\"https:\/\/www.museuolimpicbcn.cat\/ca\/#\/schema\/logo\/image\/\"}},{\"@type\":\"Person\",\"@id\":\"https:\/\/www.museuolimpicbcn.cat\/ca\/#\/schema\/person\/b792834a53f193977df425a499287aa9\",\"name\":\"Ibone\",\"url\":\"https:\/\/www.museuolimpicbcn.cat\/es\/author\/fbolimpica\/\"}]}<\/script>\n<!-- \/ Yoast SEO plugin. -->","yoast_head_json":{"title":"125 aniversario del Comit\u00e9 Internacional Ol\u00edmpico - Museu Ol\u00edmpic i de l&#039;Esport Joan Antoni Samaranch. Barcelona","robots":{"index":"index","follow":"follow","max-snippet":"max-snippet:-1","max-image-preview":"max-image-preview:large","max-video-preview":"max-video-preview:-1"},"canonical":"https:\/\/www.museuolimpicbcn.cat\/es\/125-aniversario-del-comite-internacional-olimpico\/","og_locale":"es_ES","og_type":"article","og_title":"125 aniversario del Comit\u00e9 Internacional Ol\u00edmpico - Museu Ol\u00edmpic i de l&#039;Esport Joan Antoni Samaranch. Barcelona","og_description":"David Escud\u00e9, Presidente de la Fundaci\u00f3 Barcelona Ol\u00edmpica y Regidor de Deportes del Ayuntamento de Barcelona;\u00a0 y Pere Vil\u00e0, Representante Territorial del Deporte y la Actividad F\u00edsica en Barcelona y Comarcas de Catalu\u00f1a, inauguraron el acto conmemorativo que la Fundaci\u00f3 Barcelona Ol\u00edmpica (FBO) ha realizado con motivo del 125 aniversario de la creaci\u00f3n del CIO. [&hellip;]","og_url":"https:\/\/www.museuolimpicbcn.cat\/es\/125-aniversario-del-comite-internacional-olimpico\/","og_site_name":"Museu Ol\u00edmpic i de l&#039;Esport Joan Antoni Samaranch. Barcelona","article_published_time":"2019-12-17T19:28:43+00:00","article_modified_time":"2019-12-17T19:59:45+00:00","og_image":[{"width":5381,"height":3135,"url":"https:\/\/www.museuolimpicbcn.cat\/wp-content\/uploads\/sites\/2\/2019\/12\/IOC125Aniversary-MuseuOlimpic-Samaranch-Escude-Alejandro-Blanco.jpg","type":"image\/jpeg"}],"author":"Ibone","twitter_card":"summary_large_image","twitter_misc":{"Escrito por":"Ibone","Tiempo de lectura":"1 minuto"},"schema":{"@context":"https:\/\/schema.org","@graph":[{"@type":"Article","@id":"https:\/\/www.museuolimpicbcn.cat\/es\/125-aniversario-del-comite-internacional-olimpico\/#article","isPartOf":{"@id":"https:\/\/www.museuolimpicbcn.cat\/es\/125-aniversario-del-comite-internacional-olimpico\/"},"author":{"name":"Ibone","@id":"https:\/\/www.museuolimpicbcn.cat\/ca\/#\/schema\/person\/b792834a53f193977df425a499287aa9"},"headline":"125 aniversario del Comit\u00e9 Internacional Ol\u00edmpico","datePublished":"2019-12-17T19:28:43+00:00","dateModified":"2019-12-17T19:59:45+00:00","mainEntityOfPage":{"@id":"https:\/\/www.museuolimpicbcn.cat\/es\/125-aniversario-del-comite-internacional-olimpico\/"},"wordCount":206,"commentCount":5,"publisher":{"@id":"https:\/\/www.museuolimpicbcn.cat\/ca\/#organization"},"image":{"@id":"https:\/\/www.museuolimpicbcn.cat\/es\/125-aniversario-del-comite-internacional-olimpico\/#primaryimage"},"thumbnailUrl":"https:\/\/www.museuolimpicbcn.cat\/wp-content\/uploads\/sites\/2\/2019\/12\/IOC125Aniversary-MuseuOlimpic-Samaranch-Escude-Alejandro-Blanco.jpg","articleSection":["Sin categorizar"],"inLanguage":"es","potentialAction":[{"@type":"CommentAction","name":"Comment","target":["https:\/\/www.museuolimpicbcn.cat\/es\/125-aniversario-del-comite-internacional-olimpico\/#respond"]}]},{"@type":"WebPage","@id":"https:\/\/www.museuolimpicbcn.cat\/es\/125-aniversario-del-comite-internacional-olimpico\/","url":"https:\/\/www.museuolimpicbcn.cat\/es\/125-aniversario-del-comite-internacional-olimpico\/","name":"125 aniversario del Comit\u00e9 Internacional Ol\u00edmpico - Museu Ol\u00edmpic i de l&#039;Esport Joan Antoni Samaranch. Barcelona","isPartOf":{"@id":"https:\/\/www.museuolimpicbcn.cat\/ca\/#website"},"primaryImageOfPage":{"@id":"https:\/\/www.museuolimpicbcn.cat\/es\/125-aniversario-del-comite-internacional-olimpico\/#primaryimage"},"image":{"@id":"https:\/\/www.museuolimpicbcn.cat\/es\/125-aniversario-del-comite-internacional-olimpico\/#primaryimage"},"thumbnailUrl":"https:\/\/www.museuolimpicbcn.cat\/wp-content\/uploads\/sites\/2\/2019\/12\/IOC125Aniversary-MuseuOlimpic-Samaranch-Escude-Alejandro-Blanco.jpg","datePublished":"2019-12-17T19:28:43+00:00","dateModified":"2019-12-17T19:59:45+00:00","breadcrumb":{"@id":"https:\/\/www.museuolimpicbcn.cat\/es\/125-aniversario-del-comite-internacional-olimpico\/#breadcrumb"},"inLanguage":"es","potentialAction":[{"@type":"ReadAction","target":["https:\/\/www.museuolimpicbcn.cat\/es\/125-aniversario-del-comite-internacional-olimpico\/"]}]},{"@type":"ImageObject","inLanguage":"es","@id":"https:\/\/www.museuolimpicbcn.cat\/es\/125-aniversario-del-comite-internacional-olimpico\/#primaryimage","url":"https:\/\/www.museuolimpicbcn.cat\/wp-content\/uploads\/sites\/2\/2019\/12\/IOC125Aniversary-MuseuOlimpic-Samaranch-Escude-Alejandro-Blanco.jpg","contentUrl":"https:\/\/www.museuolimpicbcn.cat\/wp-content\/uploads\/sites\/2\/2019\/12\/IOC125Aniversary-MuseuOlimpic-Samaranch-Escude-Alejandro-Blanco.jpg","width":5381,"height":3135,"caption":"Joan Manuel Surroca - Jordi Sans . Maria Teresa Samaranch - David Escud\u00e9 - Alejandro Blanco - Isabel Fern\u00e1ndez - Leandre Negre - Pere Vil\u00e0"},{"@type":"BreadcrumbList","@id":"https:\/\/www.museuolimpicbcn.cat\/es\/125-aniversario-del-comite-internacional-olimpico\/#breadcrumb","itemListElement":[{"@type":"ListItem","position":1,"name":"Inici","item":"https:\/\/www.museuolimpicbcn.cat\/es\/"},{"@type":"ListItem","position":2,"name":"125 aniversario del Comit\u00e9 Internacional Ol\u00edmpico"}]},{"@type":"WebSite","@id":"https:\/\/www.museuolimpicbcn.cat\/ca\/#website","url":"https:\/\/www.museuolimpicbcn.cat\/ca\/","name":"Museu Ol\u00edmpic i de l&#039;Esport Joan Antoni Samaranch. Barcelona","description":"Altre lloc Web del Museu Ol\u00edmpic i de l&#039;Esport llocs","publisher":{"@id":"https:\/\/www.museuolimpicbcn.cat\/ca\/#organization"},"potentialAction":[{"@type":"SearchAction","target":{"@type":"EntryPoint","urlTemplate":"https:\/\/www.museuolimpicbcn.cat\/ca\/?s={search_term_string}"},"query-input":{"@type":"PropertyValueSpecification","valueRequired":true,"valueName":"search_term_string"}}],"inLanguage":"es"},{"@type":"Organization","@id":"https:\/\/www.museuolimpicbcn.cat\/ca\/#organization","name":"Museu Ol\u00edmpic i de l&#039;Esport Joan Antoni Samaranch. Barcelona","url":"https:\/\/www.museuolimpicbcn.cat\/ca\/","logo":{"@type":"ImageObject","inLanguage":"es","@id":"https:\/\/www.museuolimpicbcn.cat\/ca\/#\/schema\/logo\/image\/","url":"https:\/\/www.museuolimpicbcn.cat\/wp-content\/uploads\/sites\/2\/2018\/12\/logo-moe-header.svg","contentUrl":"https:\/\/www.museuolimpicbcn.cat\/wp-content\/uploads\/sites\/2\/2018\/12\/logo-moe-header.svg","caption":"Museu Ol\u00edmpic i de l&#039;Esport Joan Antoni Samaranch. Barcelona"},"image":{"@id":"https:\/\/www.museuolimpicbcn.cat\/ca\/#\/schema\/logo\/image\/"}},{"@type":"Person","@id":"https:\/\/www.museuolimpicbcn.cat\/ca\/#\/schema\/person\/b792834a53f193977df425a499287aa9","name":"Ibone","url":"https:\/\/www.museuolimpicbcn.cat\/es\/author\/fbolimpica\/"}]}},"_links":{"self":[{"href":"https:\/\/www.museuolimpicbcn.cat\/es\/wp-json\/wp\/v2\/posts\/24200"}],"collection":[{"href":"https:\/\/www.museuolimpicbcn.cat\/es\/wp-json\/wp\/v2\/posts"}],"about":[{"href":"https:\/\/www.museuolimpicbcn.cat\/es\/wp-json\/wp\/v2\/types\/post"}],"author":[{"embeddable":true,"href":"https:\/\/www.museuolimpicbcn.cat\/es\/wp-json\/wp\/v2\/users\/11"}],"replies":[{"embeddable":true,"href":"https:\/\/www.museuolimpicbcn.cat\/es\/wp-json\/wp\/v2\/comments?post=24200"}],"version-history":[{"count":9,"href":"https:\/\/www.museuolimpicbcn.cat\/es\/wp-json\/wp\/v2\/posts\/24200\/revisions"}],"predecessor-version":[{"id":24221,"href":"https:\/\/www.museuolimpicbcn.cat\/es\/wp-json\/wp\/v2\/posts\/24200\/revisions\/24221"}],"wp:featuredmedia":[{"embeddable":true,"href":"https:\/\/www.museuolimpicbcn.cat\/es\/wp-json\/wp\/v2\/media\/24173"}],"wp:attachment":[{"href":"https:\/\/www.museuolimpicbcn.cat\/es\/wp-json\/wp\/v2\/media?parent=24200"}],"wp:term":[{"taxonomy":"category","embeddable":true,"href":"https:\/\/www.museuolimpicbcn.cat\/es\/wp-json\/wp\/v2\/categories?post=24200"},{"taxonomy":"post_tag","embeddable":true,"href":"https:\/\/www.museuolimpicbcn.cat\/es\/wp-json\/wp\/v2\/tags?post=24200"}],"curies":[{"name":"wp","href":"https:\/\/api.w.org\/{rel}","templated":true}]}}