{"id":24602,"date":"2020-02-06T20:17:50","date_gmt":"2020-02-06T19:17:50","guid":{"rendered":"https:\/\/www.museuolimpicbcn.cat\/?p=24602"},"modified":"2020-02-06T20:23:02","modified_gmt":"2020-02-06T19:23:02","slug":"100-anos-de-la-primera-edicion-de-la-jean-bouin","status":"publish","type":"post","link":"https:\/\/www.museuolimpicbcn.cat\/es\/100-anos-de-la-primera-edicion-de-la-jean-bouin\/","title":{"rendered":"100 a\u00f1os de la primera edici\u00f3n de la Jean Bouin"},"content":{"rendered":"<p>Juli Pernas, presidente de la Fundaci\u00f3 Barcelona Ol\u00edmpica y David Llorens, subdirector del diario deportivo <em>Mundo Deportivo<\/em> han dado la bienvenida a la conmemoraci\u00f3n de los 100 a\u00f1os de la primera edici\u00f3n de la Jean Bouin, competici\u00f3n de atletismo m\u00e1s veterana del pa\u00eds al margen de los Campeonatos oficiales de Catalunya y de Espa\u00f1a de pista y de cross.<\/p>\n<p>Por su parte, Jaume Grau, promotor hist\u00f3rico de la prueba, nos ha explicado el origen y desarrollo de estos 100 a\u00f1os de historia. La Jean Bouin naci\u00f3 el 1 de febrero de 1920 por iniciativa de un grupo de periodistas \u2014Josep Antoni Trabal, Llu\u00eds Mel\u00e9ndez y Rossend Calvet\u2014 amantes del atletismo. Esta vinculaci\u00f3n con el mundo del periodismo hizo que la prueba siempre estuviese vinculada a medios de comunicaci\u00f3n. En 1926 tom\u00f3 por primera vez las riendas de la organizaci\u00f3n el diario el <em>Mundo Deportivo<\/em> y tras repetir varias veces, en 1941 tom\u00f3 definitivamente las riendas de la organizaci\u00f3n hasta el d\u00eda de hoy como la Jean Bouin Mundo Deportivo Gran Premio Allianz.<\/p>\n<p>Cabe destacar que este a\u00f1o la Jean Bouin cumple 96 ediciones, ya que en varias ocasiones entre 1936 y 1939 fue interrumpida a causa de la Guerra Civil espa\u00f1ola y, puntualmente, tambi\u00e9n fue suspendida en los a\u00f1os 1955 y 1967.\u00a0 Por otro lado, en el a\u00f1o 1957 se celebraron dos ediciones.<\/p>\n<p>En la mesa redonda moderada por Josep Maria Rubi y compuesta por Josep Mar\u00eda Antentas, vicepresidente de la Federaci\u00f3 Catalana d\u2019Atletisme y los atletas Carmen Valero, Reyes Est\u00e9vez y Encarna Escudero se ha destacado la importancia de una carrera como la Jean Bouin, que acoge a categor\u00edas escolares y federados de todas las categor\u00edas:\u00a0 juvenil, junior, promesa, senior, etc., lo que la convierte en la gran \u201cfiesta\u201d del atletismo. Como ha destacado Reyes Est\u00e9vez: \u201cno te puedes considerar un atleta si no has corrido nunca la Jean Bouin. Es una carrera que todos hemos hecho en alg\u00fan momento de nuestras vidas, y una de las que mejores recuerdos se tiene\u201d.<\/p>\n","protected":false},"excerpt":{"rendered":"<p>Juli Pernas, presidente de la Fundaci\u00f3 Barcelona Ol\u00edmpica y David Llorens, subdirector del diario deportivo Mundo Deportivo han dado la bienvenida a la conmemoraci\u00f3n de los 100 a\u00f1os de la primera edici\u00f3n de la Jean Bouin, competici\u00f3n de atletismo m\u00e1s veterana del pa\u00eds al margen de los Campeonatos oficiales de Catalunya y de Espa\u00f1a de [&hellip;]<\/p>\n","protected":false},"author":11,"featured_media":24634,"comment_status":"closed","ping_status":"closed","sticky":false,"template":"","format":"standard","meta":{"_acf_changed":false,"_price":"","_stock":"","_tribe_ticket_header":"","_tribe_default_ticket_provider":"","_tribe_ticket_capacity":"0","_ticket_start_date":"","_ticket_end_date":"","_tribe_ticket_show_description":"","_tribe_ticket_show_not_going":false,"_tribe_ticket_use_global_stock":"","_tribe_ticket_global_stock_level":"","_global_stock_mode":"","_global_stock_cap":"","_tribe_rsvp_for_event":"","_tribe_ticket_going_count":"","_tribe_ticket_not_going_count":"","_tribe_tickets_list":"[]","_tribe_ticket_has_attendee_info_fields":false,"footnotes":""},"categories":[3],"tags":[],"class_list":["post-24602","post","type-post","status-publish","format-standard","has-post-thumbnail","hentry","category-sin-categorizar"],"acf":[],"yoast_head":"<!-- This site is optimized with the Yoast SEO plugin v23.7 - https:\/\/yoast.com\/wordpress\/plugins\/seo\/ -->\n<title>100 a\u00f1os de la primera edici\u00f3n de la Jean Bouin - Museu Ol\u00edmpic i de l&#039;Esport Joan Antoni Samaranch. Barcelona<\/title>\n<meta name=\"robots\" content=\"index, follow, max-snippet:-1, max-image-preview:large, max-video-preview:-1\" \/>\n<link rel=\"canonical\" href=\"https:\/\/www.museuolimpicbcn.cat\/es\/100-anos-de-la-primera-edicion-de-la-jean-bouin\/\" \/>\n<meta property=\"og:locale\" content=\"es_ES\" \/>\n<meta property=\"og:type\" content=\"article\" \/>\n<meta property=\"og:title\" content=\"100 a\u00f1os de la primera edici\u00f3n de la Jean Bouin - Museu Ol\u00edmpic i de l&#039;Esport Joan Antoni Samaranch. Barcelona\" \/>\n<meta property=\"og:description\" content=\"Juli Pernas, presidente de la Fundaci\u00f3 Barcelona Ol\u00edmpica y David Llorens, subdirector del diario deportivo Mundo Deportivo han dado la bienvenida a la conmemoraci\u00f3n de los 100 a\u00f1os de la primera edici\u00f3n de la Jean Bouin, competici\u00f3n de atletismo m\u00e1s veterana del pa\u00eds al margen de los Campeonatos oficiales de Catalunya y de Espa\u00f1a de [&hellip;]\" \/>\n<meta property=\"og:url\" content=\"https:\/\/www.museuolimpicbcn.cat\/es\/100-anos-de-la-primera-edicion-de-la-jean-bouin\/\" \/>\n<meta property=\"og:site_name\" content=\"Museu Ol\u00edmpic i de l&#039;Esport Joan Antoni Samaranch. Barcelona\" \/>\n<meta property=\"article:published_time\" content=\"2020-02-06T19:17:50+00:00\" \/>\n<meta property=\"article:modified_time\" content=\"2020-02-06T19:23:02+00:00\" \/>\n<meta property=\"og:image\" content=\"https:\/\/www.museuolimpicbcn.cat\/wp-content\/uploads\/sites\/2\/2020\/02\/JEAN-BOUIN-MUSEU-OLIMPIC_Mundo-Deportivo3.jpg\" \/>\n\t<meta property=\"og:image:width\" content=\"5538\" \/>\n\t<meta property=\"og:image:height\" content=\"3197\" \/>\n\t<meta property=\"og:image:type\" content=\"image\/jpeg\" \/>\n<meta name=\"author\" content=\"Ibone\" \/>\n<meta name=\"twitter:card\" content=\"summary_large_image\" \/>\n<meta name=\"twitter:label1\" content=\"Escrito por\" \/>\n\t<meta name=\"twitter:data1\" content=\"Ibone\" \/>\n\t<meta name=\"twitter:label2\" content=\"Tiempo de lectura\" \/>\n\t<meta name=\"twitter:data2\" content=\"2 minutos\" \/>\n<script type=\"application\/ld+json\" class=\"yoast-schema-graph\">{\"@context\":\"https:\/\/schema.org\",\"@graph\":[{\"@type\":\"Article\",\"@id\":\"https:\/\/www.museuolimpicbcn.cat\/es\/100-anos-de-la-primera-edicion-de-la-jean-bouin\/#article\",\"isPartOf\":{\"@id\":\"https:\/\/www.museuolimpicbcn.cat\/es\/100-anos-de-la-primera-edicion-de-la-jean-bouin\/\"},\"author\":{\"name\":\"Ibone\",\"@id\":\"https:\/\/www.museuolimpicbcn.cat\/ca\/#\/schema\/person\/b792834a53f193977df425a499287aa9\"},\"headline\":\"100 a\u00f1os de la primera edici\u00f3n de la Jean Bouin\",\"datePublished\":\"2020-02-06T19:17:50+00:00\",\"dateModified\":\"2020-02-06T19:23:02+00:00\",\"mainEntityOfPage\":{\"@id\":\"https:\/\/www.museuolimpicbcn.cat\/es\/100-anos-de-la-primera-edicion-de-la-jean-bouin\/\"},\"wordCount\":361,\"publisher\":{\"@id\":\"https:\/\/www.museuolimpicbcn.cat\/ca\/#organization\"},\"image\":{\"@id\":\"https:\/\/www.museuolimpicbcn.cat\/es\/100-anos-de-la-primera-edicion-de-la-jean-bouin\/#primaryimage\"},\"thumbnailUrl\":\"https:\/\/www.museuolimpicbcn.cat\/wp-content\/uploads\/sites\/2\/2020\/02\/JEAN-BOUIN-MUSEU-OLIMPIC_Mundo-Deportivo3.jpg\",\"articleSection\":[\"Sin categorizar\"],\"inLanguage\":\"es\"},{\"@type\":\"WebPage\",\"@id\":\"https:\/\/www.museuolimpicbcn.cat\/es\/100-anos-de-la-primera-edicion-de-la-jean-bouin\/\",\"url\":\"https:\/\/www.museuolimpicbcn.cat\/es\/100-anos-de-la-primera-edicion-de-la-jean-bouin\/\",\"name\":\"100 a\u00f1os de la primera edici\u00f3n de la Jean Bouin - Museu Ol\u00edmpic i de l&#039;Esport Joan Antoni Samaranch. Barcelona\",\"isPartOf\":{\"@id\":\"https:\/\/www.museuolimpicbcn.cat\/ca\/#website\"},\"primaryImageOfPage\":{\"@id\":\"https:\/\/www.museuolimpicbcn.cat\/es\/100-anos-de-la-primera-edicion-de-la-jean-bouin\/#primaryimage\"},\"image\":{\"@id\":\"https:\/\/www.museuolimpicbcn.cat\/es\/100-anos-de-la-primera-edicion-de-la-jean-bouin\/#primaryimage\"},\"thumbnailUrl\":\"https:\/\/www.museuolimpicbcn.cat\/wp-content\/uploads\/sites\/2\/2020\/02\/JEAN-BOUIN-MUSEU-OLIMPIC_Mundo-Deportivo3.jpg\",\"datePublished\":\"2020-02-06T19:17:50+00:00\",\"dateModified\":\"2020-02-06T19:23:02+00:00\",\"breadcrumb\":{\"@id\":\"https:\/\/www.museuolimpicbcn.cat\/es\/100-anos-de-la-primera-edicion-de-la-jean-bouin\/#breadcrumb\"},\"inLanguage\":\"es\",\"potentialAction\":[{\"@type\":\"ReadAction\",\"target\":[\"https:\/\/www.museuolimpicbcn.cat\/es\/100-anos-de-la-primera-edicion-de-la-jean-bouin\/\"]}]},{\"@type\":\"ImageObject\",\"inLanguage\":\"es\",\"@id\":\"https:\/\/www.museuolimpicbcn.cat\/es\/100-anos-de-la-primera-edicion-de-la-jean-bouin\/#primaryimage\",\"url\":\"https:\/\/www.museuolimpicbcn.cat\/wp-content\/uploads\/sites\/2\/2020\/02\/JEAN-BOUIN-MUSEU-OLIMPIC_Mundo-Deportivo3.jpg\",\"contentUrl\":\"https:\/\/www.museuolimpicbcn.cat\/wp-content\/uploads\/sites\/2\/2020\/02\/JEAN-BOUIN-MUSEU-OLIMPIC_Mundo-Deportivo3.jpg\",\"width\":5538,\"height\":3197},{\"@type\":\"BreadcrumbList\",\"@id\":\"https:\/\/www.museuolimpicbcn.cat\/es\/100-anos-de-la-primera-edicion-de-la-jean-bouin\/#breadcrumb\",\"itemListElement\":[{\"@type\":\"ListItem\",\"position\":1,\"name\":\"Inici\",\"item\":\"https:\/\/www.museuolimpicbcn.cat\/es\/\"},{\"@type\":\"ListItem\",\"position\":2,\"name\":\"100 a\u00f1os de la primera edici\u00f3n de la Jean Bouin\"}]},{\"@type\":\"WebSite\",\"@id\":\"https:\/\/www.museuolimpicbcn.cat\/ca\/#website\",\"url\":\"https:\/\/www.museuolimpicbcn.cat\/ca\/\",\"name\":\"Museu Ol\u00edmpic i de l&#039;Esport Joan Antoni Samaranch. Barcelona\",\"description\":\"Altre lloc Web del Museu Ol\u00edmpic i de l&#039;Esport llocs\",\"publisher\":{\"@id\":\"https:\/\/www.museuolimpicbcn.cat\/ca\/#organization\"},\"potentialAction\":[{\"@type\":\"SearchAction\",\"target\":{\"@type\":\"EntryPoint\",\"urlTemplate\":\"https:\/\/www.museuolimpicbcn.cat\/ca\/?s={search_term_string}\"},\"query-input\":{\"@type\":\"PropertyValueSpecification\",\"valueRequired\":true,\"valueName\":\"search_term_string\"}}],\"inLanguage\":\"es\"},{\"@type\":\"Organization\",\"@id\":\"https:\/\/www.museuolimpicbcn.cat\/ca\/#organization\",\"name\":\"Museu Ol\u00edmpic i de l&#039;Esport Joan Antoni Samaranch. Barcelona\",\"url\":\"https:\/\/www.museuolimpicbcn.cat\/ca\/\",\"logo\":{\"@type\":\"ImageObject\",\"inLanguage\":\"es\",\"@id\":\"https:\/\/www.museuolimpicbcn.cat\/ca\/#\/schema\/logo\/image\/\",\"url\":\"https:\/\/www.museuolimpicbcn.cat\/wp-content\/uploads\/sites\/2\/2018\/12\/logo-moe-header.svg\",\"contentUrl\":\"https:\/\/www.museuolimpicbcn.cat\/wp-content\/uploads\/sites\/2\/2018\/12\/logo-moe-header.svg\",\"caption\":\"Museu Ol\u00edmpic i de l&#039;Esport Joan Antoni Samaranch. Barcelona\"},\"image\":{\"@id\":\"https:\/\/www.museuolimpicbcn.cat\/ca\/#\/schema\/logo\/image\/\"}},{\"@type\":\"Person\",\"@id\":\"https:\/\/www.museuolimpicbcn.cat\/ca\/#\/schema\/person\/b792834a53f193977df425a499287aa9\",\"name\":\"Ibone\",\"url\":\"https:\/\/www.museuolimpicbcn.cat\/es\/author\/fbolimpica\/\"}]}<\/script>\n<!-- \/ Yoast SEO plugin. -->","yoast_head_json":{"title":"100 a\u00f1os de la primera edici\u00f3n de la Jean Bouin - Museu Ol\u00edmpic i de l&#039;Esport Joan Antoni Samaranch. Barcelona","robots":{"index":"index","follow":"follow","max-snippet":"max-snippet:-1","max-image-preview":"max-image-preview:large","max-video-preview":"max-video-preview:-1"},"canonical":"https:\/\/www.museuolimpicbcn.cat\/es\/100-anos-de-la-primera-edicion-de-la-jean-bouin\/","og_locale":"es_ES","og_type":"article","og_title":"100 a\u00f1os de la primera edici\u00f3n de la Jean Bouin - Museu Ol\u00edmpic i de l&#039;Esport Joan Antoni Samaranch. Barcelona","og_description":"Juli Pernas, presidente de la Fundaci\u00f3 Barcelona Ol\u00edmpica y David Llorens, subdirector del diario deportivo Mundo Deportivo han dado la bienvenida a la conmemoraci\u00f3n de los 100 a\u00f1os de la primera edici\u00f3n de la Jean Bouin, competici\u00f3n de atletismo m\u00e1s veterana del pa\u00eds al margen de los Campeonatos oficiales de Catalunya y de Espa\u00f1a de [&hellip;]","og_url":"https:\/\/www.museuolimpicbcn.cat\/es\/100-anos-de-la-primera-edicion-de-la-jean-bouin\/","og_site_name":"Museu Ol\u00edmpic i de l&#039;Esport Joan Antoni Samaranch. Barcelona","article_published_time":"2020-02-06T19:17:50+00:00","article_modified_time":"2020-02-06T19:23:02+00:00","og_image":[{"width":5538,"height":3197,"url":"https:\/\/www.museuolimpicbcn.cat\/wp-content\/uploads\/sites\/2\/2020\/02\/JEAN-BOUIN-MUSEU-OLIMPIC_Mundo-Deportivo3.jpg","type":"image\/jpeg"}],"author":"Ibone","twitter_card":"summary_large_image","twitter_misc":{"Escrito por":"Ibone","Tiempo de lectura":"2 minutos"},"schema":{"@context":"https:\/\/schema.org","@graph":[{"@type":"Article","@id":"https:\/\/www.museuolimpicbcn.cat\/es\/100-anos-de-la-primera-edicion-de-la-jean-bouin\/#article","isPartOf":{"@id":"https:\/\/www.museuolimpicbcn.cat\/es\/100-anos-de-la-primera-edicion-de-la-jean-bouin\/"},"author":{"name":"Ibone","@id":"https:\/\/www.museuolimpicbcn.cat\/ca\/#\/schema\/person\/b792834a53f193977df425a499287aa9"},"headline":"100 a\u00f1os de la primera edici\u00f3n de la Jean Bouin","datePublished":"2020-02-06T19:17:50+00:00","dateModified":"2020-02-06T19:23:02+00:00","mainEntityOfPage":{"@id":"https:\/\/www.museuolimpicbcn.cat\/es\/100-anos-de-la-primera-edicion-de-la-jean-bouin\/"},"wordCount":361,"publisher":{"@id":"https:\/\/www.museuolimpicbcn.cat\/ca\/#organization"},"image":{"@id":"https:\/\/www.museuolimpicbcn.cat\/es\/100-anos-de-la-primera-edicion-de-la-jean-bouin\/#primaryimage"},"thumbnailUrl":"https:\/\/www.museuolimpicbcn.cat\/wp-content\/uploads\/sites\/2\/2020\/02\/JEAN-BOUIN-MUSEU-OLIMPIC_Mundo-Deportivo3.jpg","articleSection":["Sin categorizar"],"inLanguage":"es"},{"@type":"WebPage","@id":"https:\/\/www.museuolimpicbcn.cat\/es\/100-anos-de-la-primera-edicion-de-la-jean-bouin\/","url":"https:\/\/www.museuolimpicbcn.cat\/es\/100-anos-de-la-primera-edicion-de-la-jean-bouin\/","name":"100 a\u00f1os de la primera edici\u00f3n de la Jean Bouin - Museu Ol\u00edmpic i de l&#039;Esport Joan Antoni Samaranch. Barcelona","isPartOf":{"@id":"https:\/\/www.museuolimpicbcn.cat\/ca\/#website"},"primaryImageOfPage":{"@id":"https:\/\/www.museuolimpicbcn.cat\/es\/100-anos-de-la-primera-edicion-de-la-jean-bouin\/#primaryimage"},"image":{"@id":"https:\/\/www.museuolimpicbcn.cat\/es\/100-anos-de-la-primera-edicion-de-la-jean-bouin\/#primaryimage"},"thumbnailUrl":"https:\/\/www.museuolimpicbcn.cat\/wp-content\/uploads\/sites\/2\/2020\/02\/JEAN-BOUIN-MUSEU-OLIMPIC_Mundo-Deportivo3.jpg","datePublished":"2020-02-06T19:17:50+00:00","dateModified":"2020-02-06T19:23:02+00:00","breadcrumb":{"@id":"https:\/\/www.museuolimpicbcn.cat\/es\/100-anos-de-la-primera-edicion-de-la-jean-bouin\/#breadcrumb"},"inLanguage":"es","potentialAction":[{"@type":"ReadAction","target":["https:\/\/www.museuolimpicbcn.cat\/es\/100-anos-de-la-primera-edicion-de-la-jean-bouin\/"]}]},{"@type":"ImageObject","inLanguage":"es","@id":"https:\/\/www.museuolimpicbcn.cat\/es\/100-anos-de-la-primera-edicion-de-la-jean-bouin\/#primaryimage","url":"https:\/\/www.museuolimpicbcn.cat\/wp-content\/uploads\/sites\/2\/2020\/02\/JEAN-BOUIN-MUSEU-OLIMPIC_Mundo-Deportivo3.jpg","contentUrl":"https:\/\/www.museuolimpicbcn.cat\/wp-content\/uploads\/sites\/2\/2020\/02\/JEAN-BOUIN-MUSEU-OLIMPIC_Mundo-Deportivo3.jpg","width":5538,"height":3197},{"@type":"BreadcrumbList","@id":"https:\/\/www.museuolimpicbcn.cat\/es\/100-anos-de-la-primera-edicion-de-la-jean-bouin\/#breadcrumb","itemListElement":[{"@type":"ListItem","position":1,"name":"Inici","item":"https:\/\/www.museuolimpicbcn.cat\/es\/"},{"@type":"ListItem","position":2,"name":"100 a\u00f1os de la primera edici\u00f3n de la Jean Bouin"}]},{"@type":"WebSite","@id":"https:\/\/www.museuolimpicbcn.cat\/ca\/#website","url":"https:\/\/www.museuolimpicbcn.cat\/ca\/","name":"Museu Ol\u00edmpic i de l&#039;Esport Joan Antoni Samaranch. Barcelona","description":"Altre lloc Web del Museu Ol\u00edmpic i de l&#039;Esport llocs","publisher":{"@id":"https:\/\/www.museuolimpicbcn.cat\/ca\/#organization"},"potentialAction":[{"@type":"SearchAction","target":{"@type":"EntryPoint","urlTemplate":"https:\/\/www.museuolimpicbcn.cat\/ca\/?s={search_term_string}"},"query-input":{"@type":"PropertyValueSpecification","valueRequired":true,"valueName":"search_term_string"}}],"inLanguage":"es"},{"@type":"Organization","@id":"https:\/\/www.museuolimpicbcn.cat\/ca\/#organization","name":"Museu Ol\u00edmpic i de l&#039;Esport Joan Antoni Samaranch. Barcelona","url":"https:\/\/www.museuolimpicbcn.cat\/ca\/","logo":{"@type":"ImageObject","inLanguage":"es","@id":"https:\/\/www.museuolimpicbcn.cat\/ca\/#\/schema\/logo\/image\/","url":"https:\/\/www.museuolimpicbcn.cat\/wp-content\/uploads\/sites\/2\/2018\/12\/logo-moe-header.svg","contentUrl":"https:\/\/www.museuolimpicbcn.cat\/wp-content\/uploads\/sites\/2\/2018\/12\/logo-moe-header.svg","caption":"Museu Ol\u00edmpic i de l&#039;Esport Joan Antoni Samaranch. Barcelona"},"image":{"@id":"https:\/\/www.museuolimpicbcn.cat\/ca\/#\/schema\/logo\/image\/"}},{"@type":"Person","@id":"https:\/\/www.museuolimpicbcn.cat\/ca\/#\/schema\/person\/b792834a53f193977df425a499287aa9","name":"Ibone","url":"https:\/\/www.museuolimpicbcn.cat\/es\/author\/fbolimpica\/"}]}},"_links":{"self":[{"href":"https:\/\/www.museuolimpicbcn.cat\/es\/wp-json\/wp\/v2\/posts\/24602"}],"collection":[{"href":"https:\/\/www.museuolimpicbcn.cat\/es\/wp-json\/wp\/v2\/posts"}],"about":[{"href":"https:\/\/www.museuolimpicbcn.cat\/es\/wp-json\/wp\/v2\/types\/post"}],"author":[{"embeddable":true,"href":"https:\/\/www.museuolimpicbcn.cat\/es\/wp-json\/wp\/v2\/users\/11"}],"replies":[{"embeddable":true,"href":"https:\/\/www.museuolimpicbcn.cat\/es\/wp-json\/wp\/v2\/comments?post=24602"}],"version-history":[{"count":2,"href":"https:\/\/www.museuolimpicbcn.cat\/es\/wp-json\/wp\/v2\/posts\/24602\/revisions"}],"predecessor-version":[{"id":24642,"href":"https:\/\/www.museuolimpicbcn.cat\/es\/wp-json\/wp\/v2\/posts\/24602\/revisions\/24642"}],"wp:featuredmedia":[{"embeddable":true,"href":"https:\/\/www.museuolimpicbcn.cat\/es\/wp-json\/wp\/v2\/media\/24634"}],"wp:attachment":[{"href":"https:\/\/www.museuolimpicbcn.cat\/es\/wp-json\/wp\/v2\/media?parent=24602"}],"wp:term":[{"taxonomy":"category","embeddable":true,"href":"https:\/\/www.museuolimpicbcn.cat\/es\/wp-json\/wp\/v2\/categories?post=24602"},{"taxonomy":"post_tag","embeddable":true,"href":"https:\/\/www.museuolimpicbcn.cat\/es\/wp-json\/wp\/v2\/tags?post=24602"}],"curies":[{"name":"wp","href":"https:\/\/api.w.org\/{rel}","templated":true}]}}