{"id":24789,"date":"2020-03-11T17:20:03","date_gmt":"2020-03-11T16:20:03","guid":{"rendered":"https:\/\/www.museuolimpicbcn.cat\/?p=24789"},"modified":"2020-03-11T17:20:03","modified_gmt":"2020-03-11T16:20:03","slug":"la-junta-directiva-de-adesp-se-reune-en-el-museu-olimpic-i-de-lesport-j-a-samaranch","status":"publish","type":"post","link":"https:\/\/www.museuolimpicbcn.cat\/es\/la-junta-directiva-de-adesp-se-reune-en-el-museu-olimpic-i-de-lesport-j-a-samaranch\/","title":{"rendered":"La Junta directiva de ADESP se re\u00fane en el Museu Ol\u00edmpic i de l\u2019Esport J.A. Samaranch"},"content":{"rendered":"<p>David Escud\u00e9, presidente de la Fundaci\u00f3 Barcelona Ol\u00edmpica, ha dado la bienvenida a diversos representantes de la junta directiva de la ADESP (Asociaci\u00f3n del Deporte Espa\u00f1ol) que se han reunido en el Museu Ol\u00edmpic de Barcelona junto con Juan Ignacio Gallardo, director del diario <em>Marca<\/em>.<\/p>\n","protected":false},"excerpt":{"rendered":"<p>David Escud\u00e9, presidente de la Fundaci\u00f3 Barcelona Ol\u00edmpica, ha dado la bienvenida a diversos representantes de la junta directiva de la ADESP (Asociaci\u00f3n del Deporte Espa\u00f1ol) que se han reunido en el Museu Ol\u00edmpic de Barcelona junto con Juan Ignacio Gallardo, director del diario Marca.<\/p>\n","protected":false},"author":11,"featured_media":24793,"comment_status":"closed","ping_status":"closed","sticky":false,"template":"","format":"standard","meta":{"_acf_changed":false,"_price":"","_stock":"","_tribe_ticket_header":"","_tribe_default_ticket_provider":"","_tribe_ticket_capacity":"0","_ticket_start_date":"","_ticket_end_date":"","_tribe_ticket_show_description":"","_tribe_ticket_show_not_going":false,"_tribe_ticket_use_global_stock":"","_tribe_ticket_global_stock_level":"","_global_stock_mode":"","_global_stock_cap":"","_tribe_rsvp_for_event":"","_tribe_ticket_going_count":"","_tribe_ticket_not_going_count":"","_tribe_tickets_list":"[]","_tribe_ticket_has_attendee_info_fields":false,"footnotes":""},"categories":[3],"tags":[],"class_list":["post-24789","post","type-post","status-publish","format-standard","has-post-thumbnail","hentry","category-sin-categorizar"],"acf":[],"yoast_head":"<!-- This site is optimized with the Yoast SEO plugin v23.7 - https:\/\/yoast.com\/wordpress\/plugins\/seo\/ -->\n<title>La Junta directiva de ADESP se re\u00fane en el Museu Ol\u00edmpic i de l\u2019Esport J.A. Samaranch - Museu Ol\u00edmpic i de l&#039;Esport Joan Antoni Samaranch. Barcelona<\/title>\n<meta name=\"robots\" content=\"index, follow, max-snippet:-1, max-image-preview:large, max-video-preview:-1\" \/>\n<link rel=\"canonical\" href=\"https:\/\/www.museuolimpicbcn.cat\/es\/la-junta-directiva-de-adesp-se-reune-en-el-museu-olimpic-i-de-lesport-j-a-samaranch\/\" \/>\n<meta property=\"og:locale\" content=\"es_ES\" \/>\n<meta property=\"og:type\" content=\"article\" \/>\n<meta property=\"og:title\" content=\"La Junta directiva de ADESP se re\u00fane en el Museu Ol\u00edmpic i de l\u2019Esport J.A. Samaranch - Museu Ol\u00edmpic i de l&#039;Esport Joan Antoni Samaranch. Barcelona\" \/>\n<meta property=\"og:description\" content=\"David Escud\u00e9, presidente de la Fundaci\u00f3 Barcelona Ol\u00edmpica, ha dado la bienvenida a diversos representantes de la junta directiva de la ADESP (Asociaci\u00f3n del Deporte Espa\u00f1ol) que se han reunido en el Museu Ol\u00edmpic de Barcelona junto con Juan Ignacio Gallardo, director del diario Marca.\" \/>\n<meta property=\"og:url\" content=\"https:\/\/www.museuolimpicbcn.cat\/es\/la-junta-directiva-de-adesp-se-reune-en-el-museu-olimpic-i-de-lesport-j-a-samaranch\/\" \/>\n<meta property=\"og:site_name\" content=\"Museu Ol\u00edmpic i de l&#039;Esport Joan Antoni Samaranch. Barcelona\" \/>\n<meta property=\"article:published_time\" content=\"2020-03-11T16:20:03+00:00\" \/>\n<meta property=\"og:image\" content=\"https:\/\/www.museuolimpicbcn.cat\/wp-content\/uploads\/sites\/2\/2020\/03\/ADESP-Museu-Olimpic_2.jpg\" \/>\n\t<meta property=\"og:image:width\" content=\"5181\" \/>\n\t<meta property=\"og:image:height\" content=\"2700\" \/>\n\t<meta property=\"og:image:type\" content=\"image\/jpeg\" \/>\n<meta name=\"author\" content=\"Ibone\" \/>\n<meta name=\"twitter:card\" content=\"summary_large_image\" \/>\n<meta name=\"twitter:label1\" content=\"Escrito por\" \/>\n\t<meta name=\"twitter:data1\" content=\"Ibone\" \/>\n<script type=\"application\/ld+json\" class=\"yoast-schema-graph\">{\"@context\":\"https:\/\/schema.org\",\"@graph\":[{\"@type\":\"Article\",\"@id\":\"https:\/\/www.museuolimpicbcn.cat\/es\/la-junta-directiva-de-adesp-se-reune-en-el-museu-olimpic-i-de-lesport-j-a-samaranch\/#article\",\"isPartOf\":{\"@id\":\"https:\/\/www.museuolimpicbcn.cat\/es\/la-junta-directiva-de-adesp-se-reune-en-el-museu-olimpic-i-de-lesport-j-a-samaranch\/\"},\"author\":{\"name\":\"Ibone\",\"@id\":\"https:\/\/www.museuolimpicbcn.cat\/ca\/#\/schema\/person\/b792834a53f193977df425a499287aa9\"},\"headline\":\"La Junta directiva de ADESP se re\u00fane en el Museu Ol\u00edmpic i de l\u2019Esport J.A. Samaranch\",\"datePublished\":\"2020-03-11T16:20:03+00:00\",\"dateModified\":\"2020-03-11T16:20:03+00:00\",\"mainEntityOfPage\":{\"@id\":\"https:\/\/www.museuolimpicbcn.cat\/es\/la-junta-directiva-de-adesp-se-reune-en-el-museu-olimpic-i-de-lesport-j-a-samaranch\/\"},\"wordCount\":69,\"publisher\":{\"@id\":\"https:\/\/www.museuolimpicbcn.cat\/ca\/#organization\"},\"image\":{\"@id\":\"https:\/\/www.museuolimpicbcn.cat\/es\/la-junta-directiva-de-adesp-se-reune-en-el-museu-olimpic-i-de-lesport-j-a-samaranch\/#primaryimage\"},\"thumbnailUrl\":\"https:\/\/www.museuolimpicbcn.cat\/wp-content\/uploads\/sites\/2\/2020\/03\/ADESP-Museu-Olimpic_2.jpg\",\"articleSection\":[\"Sin categorizar\"],\"inLanguage\":\"es\"},{\"@type\":\"WebPage\",\"@id\":\"https:\/\/www.museuolimpicbcn.cat\/es\/la-junta-directiva-de-adesp-se-reune-en-el-museu-olimpic-i-de-lesport-j-a-samaranch\/\",\"url\":\"https:\/\/www.museuolimpicbcn.cat\/es\/la-junta-directiva-de-adesp-se-reune-en-el-museu-olimpic-i-de-lesport-j-a-samaranch\/\",\"name\":\"La Junta directiva de ADESP se re\u00fane en el Museu Ol\u00edmpic i de l\u2019Esport J.A. Samaranch - Museu Ol\u00edmpic i de l&#039;Esport Joan Antoni Samaranch. Barcelona\",\"isPartOf\":{\"@id\":\"https:\/\/www.museuolimpicbcn.cat\/ca\/#website\"},\"primaryImageOfPage\":{\"@id\":\"https:\/\/www.museuolimpicbcn.cat\/es\/la-junta-directiva-de-adesp-se-reune-en-el-museu-olimpic-i-de-lesport-j-a-samaranch\/#primaryimage\"},\"image\":{\"@id\":\"https:\/\/www.museuolimpicbcn.cat\/es\/la-junta-directiva-de-adesp-se-reune-en-el-museu-olimpic-i-de-lesport-j-a-samaranch\/#primaryimage\"},\"thumbnailUrl\":\"https:\/\/www.museuolimpicbcn.cat\/wp-content\/uploads\/sites\/2\/2020\/03\/ADESP-Museu-Olimpic_2.jpg\",\"datePublished\":\"2020-03-11T16:20:03+00:00\",\"dateModified\":\"2020-03-11T16:20:03+00:00\",\"breadcrumb\":{\"@id\":\"https:\/\/www.museuolimpicbcn.cat\/es\/la-junta-directiva-de-adesp-se-reune-en-el-museu-olimpic-i-de-lesport-j-a-samaranch\/#breadcrumb\"},\"inLanguage\":\"es\",\"potentialAction\":[{\"@type\":\"ReadAction\",\"target\":[\"https:\/\/www.museuolimpicbcn.cat\/es\/la-junta-directiva-de-adesp-se-reune-en-el-museu-olimpic-i-de-lesport-j-a-samaranch\/\"]}]},{\"@type\":\"ImageObject\",\"inLanguage\":\"es\",\"@id\":\"https:\/\/www.museuolimpicbcn.cat\/es\/la-junta-directiva-de-adesp-se-reune-en-el-museu-olimpic-i-de-lesport-j-a-samaranch\/#primaryimage\",\"url\":\"https:\/\/www.museuolimpicbcn.cat\/wp-content\/uploads\/sites\/2\/2020\/03\/ADESP-Museu-Olimpic_2.jpg\",\"contentUrl\":\"https:\/\/www.museuolimpicbcn.cat\/wp-content\/uploads\/sites\/2\/2020\/03\/ADESP-Museu-Olimpic_2.jpg\",\"width\":5181,\"height\":2700},{\"@type\":\"BreadcrumbList\",\"@id\":\"https:\/\/www.museuolimpicbcn.cat\/es\/la-junta-directiva-de-adesp-se-reune-en-el-museu-olimpic-i-de-lesport-j-a-samaranch\/#breadcrumb\",\"itemListElement\":[{\"@type\":\"ListItem\",\"position\":1,\"name\":\"Inici\",\"item\":\"https:\/\/www.museuolimpicbcn.cat\/es\/\"},{\"@type\":\"ListItem\",\"position\":2,\"name\":\"La Junta directiva de ADESP se re\u00fane en el Museu Ol\u00edmpic i de l\u2019Esport J.A. Samaranch\"}]},{\"@type\":\"WebSite\",\"@id\":\"https:\/\/www.museuolimpicbcn.cat\/ca\/#website\",\"url\":\"https:\/\/www.museuolimpicbcn.cat\/ca\/\",\"name\":\"Museu Ol\u00edmpic i de l&#039;Esport Joan Antoni Samaranch. Barcelona\",\"description\":\"Altre lloc Web del Museu Ol\u00edmpic i de l&#039;Esport llocs\",\"publisher\":{\"@id\":\"https:\/\/www.museuolimpicbcn.cat\/ca\/#organization\"},\"potentialAction\":[{\"@type\":\"SearchAction\",\"target\":{\"@type\":\"EntryPoint\",\"urlTemplate\":\"https:\/\/www.museuolimpicbcn.cat\/ca\/?s={search_term_string}\"},\"query-input\":{\"@type\":\"PropertyValueSpecification\",\"valueRequired\":true,\"valueName\":\"search_term_string\"}}],\"inLanguage\":\"es\"},{\"@type\":\"Organization\",\"@id\":\"https:\/\/www.museuolimpicbcn.cat\/ca\/#organization\",\"name\":\"Museu Ol\u00edmpic i de l&#039;Esport Joan Antoni Samaranch. Barcelona\",\"url\":\"https:\/\/www.museuolimpicbcn.cat\/ca\/\",\"logo\":{\"@type\":\"ImageObject\",\"inLanguage\":\"es\",\"@id\":\"https:\/\/www.museuolimpicbcn.cat\/ca\/#\/schema\/logo\/image\/\",\"url\":\"https:\/\/www.museuolimpicbcn.cat\/wp-content\/uploads\/sites\/2\/2018\/12\/logo-moe-header.svg\",\"contentUrl\":\"https:\/\/www.museuolimpicbcn.cat\/wp-content\/uploads\/sites\/2\/2018\/12\/logo-moe-header.svg\",\"caption\":\"Museu Ol\u00edmpic i de l&#039;Esport Joan Antoni Samaranch. Barcelona\"},\"image\":{\"@id\":\"https:\/\/www.museuolimpicbcn.cat\/ca\/#\/schema\/logo\/image\/\"}},{\"@type\":\"Person\",\"@id\":\"https:\/\/www.museuolimpicbcn.cat\/ca\/#\/schema\/person\/b792834a53f193977df425a499287aa9\",\"name\":\"Ibone\",\"url\":\"https:\/\/www.museuolimpicbcn.cat\/es\/author\/fbolimpica\/\"}]}<\/script>\n<!-- \/ Yoast SEO plugin. -->","yoast_head_json":{"title":"La Junta directiva de ADESP se re\u00fane en el Museu Ol\u00edmpic i de l\u2019Esport J.A. Samaranch - Museu Ol\u00edmpic i de l&#039;Esport Joan Antoni Samaranch. Barcelona","robots":{"index":"index","follow":"follow","max-snippet":"max-snippet:-1","max-image-preview":"max-image-preview:large","max-video-preview":"max-video-preview:-1"},"canonical":"https:\/\/www.museuolimpicbcn.cat\/es\/la-junta-directiva-de-adesp-se-reune-en-el-museu-olimpic-i-de-lesport-j-a-samaranch\/","og_locale":"es_ES","og_type":"article","og_title":"La Junta directiva de ADESP se re\u00fane en el Museu Ol\u00edmpic i de l\u2019Esport J.A. Samaranch - Museu Ol\u00edmpic i de l&#039;Esport Joan Antoni Samaranch. Barcelona","og_description":"David Escud\u00e9, presidente de la Fundaci\u00f3 Barcelona Ol\u00edmpica, ha dado la bienvenida a diversos representantes de la junta directiva de la ADESP (Asociaci\u00f3n del Deporte Espa\u00f1ol) que se han reunido en el Museu Ol\u00edmpic de Barcelona junto con Juan Ignacio Gallardo, director del diario Marca.","og_url":"https:\/\/www.museuolimpicbcn.cat\/es\/la-junta-directiva-de-adesp-se-reune-en-el-museu-olimpic-i-de-lesport-j-a-samaranch\/","og_site_name":"Museu Ol\u00edmpic i de l&#039;Esport Joan Antoni Samaranch. Barcelona","article_published_time":"2020-03-11T16:20:03+00:00","og_image":[{"width":5181,"height":2700,"url":"https:\/\/www.museuolimpicbcn.cat\/wp-content\/uploads\/sites\/2\/2020\/03\/ADESP-Museu-Olimpic_2.jpg","type":"image\/jpeg"}],"author":"Ibone","twitter_card":"summary_large_image","twitter_misc":{"Escrito por":"Ibone"},"schema":{"@context":"https:\/\/schema.org","@graph":[{"@type":"Article","@id":"https:\/\/www.museuolimpicbcn.cat\/es\/la-junta-directiva-de-adesp-se-reune-en-el-museu-olimpic-i-de-lesport-j-a-samaranch\/#article","isPartOf":{"@id":"https:\/\/www.museuolimpicbcn.cat\/es\/la-junta-directiva-de-adesp-se-reune-en-el-museu-olimpic-i-de-lesport-j-a-samaranch\/"},"author":{"name":"Ibone","@id":"https:\/\/www.museuolimpicbcn.cat\/ca\/#\/schema\/person\/b792834a53f193977df425a499287aa9"},"headline":"La Junta directiva de ADESP se re\u00fane en el Museu Ol\u00edmpic i de l\u2019Esport J.A. Samaranch","datePublished":"2020-03-11T16:20:03+00:00","dateModified":"2020-03-11T16:20:03+00:00","mainEntityOfPage":{"@id":"https:\/\/www.museuolimpicbcn.cat\/es\/la-junta-directiva-de-adesp-se-reune-en-el-museu-olimpic-i-de-lesport-j-a-samaranch\/"},"wordCount":69,"publisher":{"@id":"https:\/\/www.museuolimpicbcn.cat\/ca\/#organization"},"image":{"@id":"https:\/\/www.museuolimpicbcn.cat\/es\/la-junta-directiva-de-adesp-se-reune-en-el-museu-olimpic-i-de-lesport-j-a-samaranch\/#primaryimage"},"thumbnailUrl":"https:\/\/www.museuolimpicbcn.cat\/wp-content\/uploads\/sites\/2\/2020\/03\/ADESP-Museu-Olimpic_2.jpg","articleSection":["Sin categorizar"],"inLanguage":"es"},{"@type":"WebPage","@id":"https:\/\/www.museuolimpicbcn.cat\/es\/la-junta-directiva-de-adesp-se-reune-en-el-museu-olimpic-i-de-lesport-j-a-samaranch\/","url":"https:\/\/www.museuolimpicbcn.cat\/es\/la-junta-directiva-de-adesp-se-reune-en-el-museu-olimpic-i-de-lesport-j-a-samaranch\/","name":"La Junta directiva de ADESP se re\u00fane en el Museu Ol\u00edmpic i de l\u2019Esport J.A. Samaranch - Museu Ol\u00edmpic i de l&#039;Esport Joan Antoni Samaranch. Barcelona","isPartOf":{"@id":"https:\/\/www.museuolimpicbcn.cat\/ca\/#website"},"primaryImageOfPage":{"@id":"https:\/\/www.museuolimpicbcn.cat\/es\/la-junta-directiva-de-adesp-se-reune-en-el-museu-olimpic-i-de-lesport-j-a-samaranch\/#primaryimage"},"image":{"@id":"https:\/\/www.museuolimpicbcn.cat\/es\/la-junta-directiva-de-adesp-se-reune-en-el-museu-olimpic-i-de-lesport-j-a-samaranch\/#primaryimage"},"thumbnailUrl":"https:\/\/www.museuolimpicbcn.cat\/wp-content\/uploads\/sites\/2\/2020\/03\/ADESP-Museu-Olimpic_2.jpg","datePublished":"2020-03-11T16:20:03+00:00","dateModified":"2020-03-11T16:20:03+00:00","breadcrumb":{"@id":"https:\/\/www.museuolimpicbcn.cat\/es\/la-junta-directiva-de-adesp-se-reune-en-el-museu-olimpic-i-de-lesport-j-a-samaranch\/#breadcrumb"},"inLanguage":"es","potentialAction":[{"@type":"ReadAction","target":["https:\/\/www.museuolimpicbcn.cat\/es\/la-junta-directiva-de-adesp-se-reune-en-el-museu-olimpic-i-de-lesport-j-a-samaranch\/"]}]},{"@type":"ImageObject","inLanguage":"es","@id":"https:\/\/www.museuolimpicbcn.cat\/es\/la-junta-directiva-de-adesp-se-reune-en-el-museu-olimpic-i-de-lesport-j-a-samaranch\/#primaryimage","url":"https:\/\/www.museuolimpicbcn.cat\/wp-content\/uploads\/sites\/2\/2020\/03\/ADESP-Museu-Olimpic_2.jpg","contentUrl":"https:\/\/www.museuolimpicbcn.cat\/wp-content\/uploads\/sites\/2\/2020\/03\/ADESP-Museu-Olimpic_2.jpg","width":5181,"height":2700},{"@type":"BreadcrumbList","@id":"https:\/\/www.museuolimpicbcn.cat\/es\/la-junta-directiva-de-adesp-se-reune-en-el-museu-olimpic-i-de-lesport-j-a-samaranch\/#breadcrumb","itemListElement":[{"@type":"ListItem","position":1,"name":"Inici","item":"https:\/\/www.museuolimpicbcn.cat\/es\/"},{"@type":"ListItem","position":2,"name":"La Junta directiva de ADESP se re\u00fane en el Museu Ol\u00edmpic i de l\u2019Esport J.A. Samaranch"}]},{"@type":"WebSite","@id":"https:\/\/www.museuolimpicbcn.cat\/ca\/#website","url":"https:\/\/www.museuolimpicbcn.cat\/ca\/","name":"Museu Ol\u00edmpic i de l&#039;Esport Joan Antoni Samaranch. Barcelona","description":"Altre lloc Web del Museu Ol\u00edmpic i de l&#039;Esport llocs","publisher":{"@id":"https:\/\/www.museuolimpicbcn.cat\/ca\/#organization"},"potentialAction":[{"@type":"SearchAction","target":{"@type":"EntryPoint","urlTemplate":"https:\/\/www.museuolimpicbcn.cat\/ca\/?s={search_term_string}"},"query-input":{"@type":"PropertyValueSpecification","valueRequired":true,"valueName":"search_term_string"}}],"inLanguage":"es"},{"@type":"Organization","@id":"https:\/\/www.museuolimpicbcn.cat\/ca\/#organization","name":"Museu Ol\u00edmpic i de l&#039;Esport Joan Antoni Samaranch. Barcelona","url":"https:\/\/www.museuolimpicbcn.cat\/ca\/","logo":{"@type":"ImageObject","inLanguage":"es","@id":"https:\/\/www.museuolimpicbcn.cat\/ca\/#\/schema\/logo\/image\/","url":"https:\/\/www.museuolimpicbcn.cat\/wp-content\/uploads\/sites\/2\/2018\/12\/logo-moe-header.svg","contentUrl":"https:\/\/www.museuolimpicbcn.cat\/wp-content\/uploads\/sites\/2\/2018\/12\/logo-moe-header.svg","caption":"Museu Ol\u00edmpic i de l&#039;Esport Joan Antoni Samaranch. Barcelona"},"image":{"@id":"https:\/\/www.museuolimpicbcn.cat\/ca\/#\/schema\/logo\/image\/"}},{"@type":"Person","@id":"https:\/\/www.museuolimpicbcn.cat\/ca\/#\/schema\/person\/b792834a53f193977df425a499287aa9","name":"Ibone","url":"https:\/\/www.museuolimpicbcn.cat\/es\/author\/fbolimpica\/"}]}},"_links":{"self":[{"href":"https:\/\/www.museuolimpicbcn.cat\/es\/wp-json\/wp\/v2\/posts\/24789"}],"collection":[{"href":"https:\/\/www.museuolimpicbcn.cat\/es\/wp-json\/wp\/v2\/posts"}],"about":[{"href":"https:\/\/www.museuolimpicbcn.cat\/es\/wp-json\/wp\/v2\/types\/post"}],"author":[{"embeddable":true,"href":"https:\/\/www.museuolimpicbcn.cat\/es\/wp-json\/wp\/v2\/users\/11"}],"replies":[{"embeddable":true,"href":"https:\/\/www.museuolimpicbcn.cat\/es\/wp-json\/wp\/v2\/comments?post=24789"}],"version-history":[{"count":1,"href":"https:\/\/www.museuolimpicbcn.cat\/es\/wp-json\/wp\/v2\/posts\/24789\/revisions"}],"predecessor-version":[{"id":24796,"href":"https:\/\/www.museuolimpicbcn.cat\/es\/wp-json\/wp\/v2\/posts\/24789\/revisions\/24796"}],"wp:featuredmedia":[{"embeddable":true,"href":"https:\/\/www.museuolimpicbcn.cat\/es\/wp-json\/wp\/v2\/media\/24793"}],"wp:attachment":[{"href":"https:\/\/www.museuolimpicbcn.cat\/es\/wp-json\/wp\/v2\/media?parent=24789"}],"wp:term":[{"taxonomy":"category","embeddable":true,"href":"https:\/\/www.museuolimpicbcn.cat\/es\/wp-json\/wp\/v2\/categories?post=24789"},{"taxonomy":"post_tag","embeddable":true,"href":"https:\/\/www.museuolimpicbcn.cat\/es\/wp-json\/wp\/v2\/tags?post=24789"}],"curies":[{"name":"wp","href":"https:\/\/api.w.org\/{rel}","templated":true}]}}