{"id":24844,"date":"2020-03-24T18:03:00","date_gmt":"2020-03-24T17:03:00","guid":{"rendered":"https:\/\/www.museuolimpicbcn.cat\/?p=24844"},"modified":"2020-03-24T18:06:47","modified_gmt":"2020-03-24T17:06:47","slug":"abierta-la-convocatoria-del-premio-internacional-fbo-%c2%b7-arte-sobre-papel","status":"publish","type":"post","link":"https:\/\/www.museuolimpicbcn.cat\/es\/abierta-la-convocatoria-del-premio-internacional-fbo-%c2%b7-arte-sobre-papel\/","title":{"rendered":"Abierta la convocatoria del &#8216;Premio Internacional FBO \u00b7 Arte sobre papel&#8217;"},"content":{"rendered":"<p>La Fundaci\u00f3 Barcelona Ol\u00edmpica abre la convocatoria de la 10\u00aa edici\u00f3n del Premio Internacional FBO \u00b7 Arte sobre Papel.<\/p>\n<p>Este premio bianual, desde la pasada edici\u00f3n a\u00f1o 2019, tiene como objetivo fomentar la expresi\u00f3n art\u00edstica del deporte a trav\u00e9s de la pintura.<\/p>\n<p>Transmitir valores es uno de los principales objetivos del movimiento ol\u00edmpico y el instrumento principal es el deporte, pero no es el \u00fanico elemento que toma parte de esta filosof\u00eda, la pintura, la escultura, la m\u00fasica son algunos de estos otros elementos que combinados con el deporte incrementa el poder del mismo. <a href=\"http:\/\/www.artsobrepaper.cat\/es\/bases-edicio-2021\/\"><strong>BASES<\/strong><\/a><\/p>\n","protected":false},"excerpt":{"rendered":"<p>La Fundaci\u00f3 Barcelona Ol\u00edmpica abre la convocatoria de la 10\u00aa edici\u00f3n del Premio Internacional FBO \u00b7 Arte sobre Papel. Este premio bianual, desde la pasada edici\u00f3n a\u00f1o 2019, tiene como objetivo fomentar la expresi\u00f3n art\u00edstica del deporte a trav\u00e9s de la pintura. Transmitir valores es uno de los principales objetivos del movimiento ol\u00edmpico y el [&hellip;]<\/p>\n","protected":false},"author":11,"featured_media":24846,"comment_status":"closed","ping_status":"closed","sticky":false,"template":"","format":"standard","meta":{"_acf_changed":false,"_price":"","_stock":"","_tribe_ticket_header":"","_tribe_default_ticket_provider":"","_tribe_ticket_capacity":"0","_ticket_start_date":"","_ticket_end_date":"","_tribe_ticket_show_description":"","_tribe_ticket_show_not_going":false,"_tribe_ticket_use_global_stock":"","_tribe_ticket_global_stock_level":"","_global_stock_mode":"","_global_stock_cap":"","_tribe_rsvp_for_event":"","_tribe_ticket_going_count":"","_tribe_ticket_not_going_count":"","_tribe_tickets_list":"[]","_tribe_ticket_has_attendee_info_fields":false,"footnotes":""},"categories":[3],"tags":[],"class_list":["post-24844","post","type-post","status-publish","format-standard","has-post-thumbnail","hentry","category-sin-categorizar"],"acf":[],"yoast_head":"<!-- This site is optimized with the Yoast SEO plugin v23.7 - https:\/\/yoast.com\/wordpress\/plugins\/seo\/ -->\n<title>Abierta la convocatoria del &#039;Premio Internacional FBO \u00b7 Arte sobre papel&#039; - Museu Ol\u00edmpic i de l&#039;Esport Joan Antoni Samaranch. Barcelona<\/title>\n<meta name=\"robots\" content=\"index, follow, max-snippet:-1, max-image-preview:large, max-video-preview:-1\" \/>\n<link rel=\"canonical\" href=\"https:\/\/www.museuolimpicbcn.cat\/es\/abierta-la-convocatoria-del-premio-internacional-fbo-\u00b7-arte-sobre-papel\/\" \/>\n<meta property=\"og:locale\" content=\"es_ES\" \/>\n<meta property=\"og:type\" content=\"article\" \/>\n<meta property=\"og:title\" content=\"Abierta la convocatoria del &#039;Premio Internacional FBO \u00b7 Arte sobre papel&#039; - Museu Ol\u00edmpic i de l&#039;Esport Joan Antoni Samaranch. Barcelona\" \/>\n<meta property=\"og:description\" content=\"La Fundaci\u00f3 Barcelona Ol\u00edmpica abre la convocatoria de la 10\u00aa edici\u00f3n del Premio Internacional FBO \u00b7 Arte sobre Papel. Este premio bianual, desde la pasada edici\u00f3n a\u00f1o 2019, tiene como objetivo fomentar la expresi\u00f3n art\u00edstica del deporte a trav\u00e9s de la pintura. Transmitir valores es uno de los principales objetivos del movimiento ol\u00edmpico y el [&hellip;]\" \/>\n<meta property=\"og:url\" content=\"https:\/\/www.museuolimpicbcn.cat\/es\/abierta-la-convocatoria-del-premio-internacional-fbo-\u00b7-arte-sobre-papel\/\" \/>\n<meta property=\"og:site_name\" content=\"Museu Ol\u00edmpic i de l&#039;Esport Joan Antoni Samaranch. Barcelona\" \/>\n<meta property=\"article:published_time\" content=\"2020-03-24T17:03:00+00:00\" \/>\n<meta property=\"article:modified_time\" content=\"2020-03-24T17:06:47+00:00\" \/>\n<meta property=\"og:image\" content=\"https:\/\/www.museuolimpicbcn.cat\/wp-content\/uploads\/sites\/2\/2020\/03\/gallery-01-2.jpg\" \/>\n\t<meta property=\"og:image:width\" content=\"1200\" \/>\n\t<meta property=\"og:image:height\" content=\"340\" \/>\n\t<meta property=\"og:image:type\" content=\"image\/jpeg\" \/>\n<meta name=\"author\" content=\"Ibone\" \/>\n<meta name=\"twitter:card\" content=\"summary_large_image\" \/>\n<meta name=\"twitter:label1\" content=\"Escrito por\" \/>\n\t<meta name=\"twitter:data1\" content=\"Ibone\" \/>\n\t<meta name=\"twitter:label2\" content=\"Tiempo de lectura\" \/>\n\t<meta name=\"twitter:data2\" content=\"1 minuto\" \/>\n<script type=\"application\/ld+json\" class=\"yoast-schema-graph\">{\"@context\":\"https:\/\/schema.org\",\"@graph\":[{\"@type\":\"Article\",\"@id\":\"https:\/\/www.museuolimpicbcn.cat\/es\/abierta-la-convocatoria-del-premio-internacional-fbo-%c2%b7-arte-sobre-papel\/#article\",\"isPartOf\":{\"@id\":\"https:\/\/www.museuolimpicbcn.cat\/es\/abierta-la-convocatoria-del-premio-internacional-fbo-%c2%b7-arte-sobre-papel\/\"},\"author\":{\"name\":\"Ibone\",\"@id\":\"https:\/\/www.museuolimpicbcn.cat\/ca\/#\/schema\/person\/b792834a53f193977df425a499287aa9\"},\"headline\":\"Abierta la convocatoria del &#8216;Premio Internacional FBO \u00b7 Arte sobre papel&#8217;\",\"datePublished\":\"2020-03-24T17:03:00+00:00\",\"dateModified\":\"2020-03-24T17:06:47+00:00\",\"mainEntityOfPage\":{\"@id\":\"https:\/\/www.museuolimpicbcn.cat\/es\/abierta-la-convocatoria-del-premio-internacional-fbo-%c2%b7-arte-sobre-papel\/\"},\"wordCount\":112,\"publisher\":{\"@id\":\"https:\/\/www.museuolimpicbcn.cat\/ca\/#organization\"},\"image\":{\"@id\":\"https:\/\/www.museuolimpicbcn.cat\/es\/abierta-la-convocatoria-del-premio-internacional-fbo-%c2%b7-arte-sobre-papel\/#primaryimage\"},\"thumbnailUrl\":\"https:\/\/www.museuolimpicbcn.cat\/wp-content\/uploads\/sites\/2\/2020\/03\/gallery-01-2.jpg\",\"articleSection\":[\"Sin categorizar\"],\"inLanguage\":\"es\"},{\"@type\":\"WebPage\",\"@id\":\"https:\/\/www.museuolimpicbcn.cat\/es\/abierta-la-convocatoria-del-premio-internacional-fbo-%c2%b7-arte-sobre-papel\/\",\"url\":\"https:\/\/www.museuolimpicbcn.cat\/es\/abierta-la-convocatoria-del-premio-internacional-fbo-%c2%b7-arte-sobre-papel\/\",\"name\":\"Abierta la convocatoria del 'Premio Internacional FBO \u00b7 Arte sobre papel' - Museu Ol\u00edmpic i de l&#039;Esport Joan Antoni Samaranch. Barcelona\",\"isPartOf\":{\"@id\":\"https:\/\/www.museuolimpicbcn.cat\/ca\/#website\"},\"primaryImageOfPage\":{\"@id\":\"https:\/\/www.museuolimpicbcn.cat\/es\/abierta-la-convocatoria-del-premio-internacional-fbo-%c2%b7-arte-sobre-papel\/#primaryimage\"},\"image\":{\"@id\":\"https:\/\/www.museuolimpicbcn.cat\/es\/abierta-la-convocatoria-del-premio-internacional-fbo-%c2%b7-arte-sobre-papel\/#primaryimage\"},\"thumbnailUrl\":\"https:\/\/www.museuolimpicbcn.cat\/wp-content\/uploads\/sites\/2\/2020\/03\/gallery-01-2.jpg\",\"datePublished\":\"2020-03-24T17:03:00+00:00\",\"dateModified\":\"2020-03-24T17:06:47+00:00\",\"breadcrumb\":{\"@id\":\"https:\/\/www.museuolimpicbcn.cat\/es\/abierta-la-convocatoria-del-premio-internacional-fbo-%c2%b7-arte-sobre-papel\/#breadcrumb\"},\"inLanguage\":\"es\",\"potentialAction\":[{\"@type\":\"ReadAction\",\"target\":[\"https:\/\/www.museuolimpicbcn.cat\/es\/abierta-la-convocatoria-del-premio-internacional-fbo-%c2%b7-arte-sobre-papel\/\"]}]},{\"@type\":\"ImageObject\",\"inLanguage\":\"es\",\"@id\":\"https:\/\/www.museuolimpicbcn.cat\/es\/abierta-la-convocatoria-del-premio-internacional-fbo-%c2%b7-arte-sobre-papel\/#primaryimage\",\"url\":\"https:\/\/www.museuolimpicbcn.cat\/wp-content\/uploads\/sites\/2\/2020\/03\/gallery-01-2.jpg\",\"contentUrl\":\"https:\/\/www.museuolimpicbcn.cat\/wp-content\/uploads\/sites\/2\/2020\/03\/gallery-01-2.jpg\",\"width\":1200,\"height\":340},{\"@type\":\"BreadcrumbList\",\"@id\":\"https:\/\/www.museuolimpicbcn.cat\/es\/abierta-la-convocatoria-del-premio-internacional-fbo-%c2%b7-arte-sobre-papel\/#breadcrumb\",\"itemListElement\":[{\"@type\":\"ListItem\",\"position\":1,\"name\":\"Inici\",\"item\":\"https:\/\/www.museuolimpicbcn.cat\/es\/\"},{\"@type\":\"ListItem\",\"position\":2,\"name\":\"Abierta la convocatoria del &#8216;Premio Internacional FBO \u00b7 Arte sobre papel&#8217;\"}]},{\"@type\":\"WebSite\",\"@id\":\"https:\/\/www.museuolimpicbcn.cat\/ca\/#website\",\"url\":\"https:\/\/www.museuolimpicbcn.cat\/ca\/\",\"name\":\"Museu Ol\u00edmpic i de l&#039;Esport Joan Antoni Samaranch. Barcelona\",\"description\":\"Altre lloc Web del Museu Ol\u00edmpic i de l&#039;Esport llocs\",\"publisher\":{\"@id\":\"https:\/\/www.museuolimpicbcn.cat\/ca\/#organization\"},\"potentialAction\":[{\"@type\":\"SearchAction\",\"target\":{\"@type\":\"EntryPoint\",\"urlTemplate\":\"https:\/\/www.museuolimpicbcn.cat\/ca\/?s={search_term_string}\"},\"query-input\":{\"@type\":\"PropertyValueSpecification\",\"valueRequired\":true,\"valueName\":\"search_term_string\"}}],\"inLanguage\":\"es\"},{\"@type\":\"Organization\",\"@id\":\"https:\/\/www.museuolimpicbcn.cat\/ca\/#organization\",\"name\":\"Museu Ol\u00edmpic i de l&#039;Esport Joan Antoni Samaranch. Barcelona\",\"url\":\"https:\/\/www.museuolimpicbcn.cat\/ca\/\",\"logo\":{\"@type\":\"ImageObject\",\"inLanguage\":\"es\",\"@id\":\"https:\/\/www.museuolimpicbcn.cat\/ca\/#\/schema\/logo\/image\/\",\"url\":\"https:\/\/www.museuolimpicbcn.cat\/wp-content\/uploads\/sites\/2\/2018\/12\/logo-moe-header.svg\",\"contentUrl\":\"https:\/\/www.museuolimpicbcn.cat\/wp-content\/uploads\/sites\/2\/2018\/12\/logo-moe-header.svg\",\"caption\":\"Museu Ol\u00edmpic i de l&#039;Esport Joan Antoni Samaranch. Barcelona\"},\"image\":{\"@id\":\"https:\/\/www.museuolimpicbcn.cat\/ca\/#\/schema\/logo\/image\/\"}},{\"@type\":\"Person\",\"@id\":\"https:\/\/www.museuolimpicbcn.cat\/ca\/#\/schema\/person\/b792834a53f193977df425a499287aa9\",\"name\":\"Ibone\",\"url\":\"https:\/\/www.museuolimpicbcn.cat\/es\/author\/fbolimpica\/\"}]}<\/script>\n<!-- \/ Yoast SEO plugin. -->","yoast_head_json":{"title":"Abierta la convocatoria del 'Premio Internacional FBO \u00b7 Arte sobre papel' - Museu Ol\u00edmpic i de l&#039;Esport Joan Antoni Samaranch. Barcelona","robots":{"index":"index","follow":"follow","max-snippet":"max-snippet:-1","max-image-preview":"max-image-preview:large","max-video-preview":"max-video-preview:-1"},"canonical":"https:\/\/www.museuolimpicbcn.cat\/es\/abierta-la-convocatoria-del-premio-internacional-fbo-\u00b7-arte-sobre-papel\/","og_locale":"es_ES","og_type":"article","og_title":"Abierta la convocatoria del 'Premio Internacional FBO \u00b7 Arte sobre papel' - Museu Ol\u00edmpic i de l&#039;Esport Joan Antoni Samaranch. Barcelona","og_description":"La Fundaci\u00f3 Barcelona Ol\u00edmpica abre la convocatoria de la 10\u00aa edici\u00f3n del Premio Internacional FBO \u00b7 Arte sobre Papel. Este premio bianual, desde la pasada edici\u00f3n a\u00f1o 2019, tiene como objetivo fomentar la expresi\u00f3n art\u00edstica del deporte a trav\u00e9s de la pintura. Transmitir valores es uno de los principales objetivos del movimiento ol\u00edmpico y el [&hellip;]","og_url":"https:\/\/www.museuolimpicbcn.cat\/es\/abierta-la-convocatoria-del-premio-internacional-fbo-\u00b7-arte-sobre-papel\/","og_site_name":"Museu Ol\u00edmpic i de l&#039;Esport Joan Antoni Samaranch. Barcelona","article_published_time":"2020-03-24T17:03:00+00:00","article_modified_time":"2020-03-24T17:06:47+00:00","og_image":[{"width":1200,"height":340,"url":"https:\/\/www.museuolimpicbcn.cat\/wp-content\/uploads\/sites\/2\/2020\/03\/gallery-01-2.jpg","type":"image\/jpeg"}],"author":"Ibone","twitter_card":"summary_large_image","twitter_misc":{"Escrito por":"Ibone","Tiempo de lectura":"1 minuto"},"schema":{"@context":"https:\/\/schema.org","@graph":[{"@type":"Article","@id":"https:\/\/www.museuolimpicbcn.cat\/es\/abierta-la-convocatoria-del-premio-internacional-fbo-%c2%b7-arte-sobre-papel\/#article","isPartOf":{"@id":"https:\/\/www.museuolimpicbcn.cat\/es\/abierta-la-convocatoria-del-premio-internacional-fbo-%c2%b7-arte-sobre-papel\/"},"author":{"name":"Ibone","@id":"https:\/\/www.museuolimpicbcn.cat\/ca\/#\/schema\/person\/b792834a53f193977df425a499287aa9"},"headline":"Abierta la convocatoria del &#8216;Premio Internacional FBO \u00b7 Arte sobre papel&#8217;","datePublished":"2020-03-24T17:03:00+00:00","dateModified":"2020-03-24T17:06:47+00:00","mainEntityOfPage":{"@id":"https:\/\/www.museuolimpicbcn.cat\/es\/abierta-la-convocatoria-del-premio-internacional-fbo-%c2%b7-arte-sobre-papel\/"},"wordCount":112,"publisher":{"@id":"https:\/\/www.museuolimpicbcn.cat\/ca\/#organization"},"image":{"@id":"https:\/\/www.museuolimpicbcn.cat\/es\/abierta-la-convocatoria-del-premio-internacional-fbo-%c2%b7-arte-sobre-papel\/#primaryimage"},"thumbnailUrl":"https:\/\/www.museuolimpicbcn.cat\/wp-content\/uploads\/sites\/2\/2020\/03\/gallery-01-2.jpg","articleSection":["Sin categorizar"],"inLanguage":"es"},{"@type":"WebPage","@id":"https:\/\/www.museuolimpicbcn.cat\/es\/abierta-la-convocatoria-del-premio-internacional-fbo-%c2%b7-arte-sobre-papel\/","url":"https:\/\/www.museuolimpicbcn.cat\/es\/abierta-la-convocatoria-del-premio-internacional-fbo-%c2%b7-arte-sobre-papel\/","name":"Abierta la convocatoria del 'Premio Internacional FBO \u00b7 Arte sobre papel' - Museu Ol\u00edmpic i de l&#039;Esport Joan Antoni Samaranch. Barcelona","isPartOf":{"@id":"https:\/\/www.museuolimpicbcn.cat\/ca\/#website"},"primaryImageOfPage":{"@id":"https:\/\/www.museuolimpicbcn.cat\/es\/abierta-la-convocatoria-del-premio-internacional-fbo-%c2%b7-arte-sobre-papel\/#primaryimage"},"image":{"@id":"https:\/\/www.museuolimpicbcn.cat\/es\/abierta-la-convocatoria-del-premio-internacional-fbo-%c2%b7-arte-sobre-papel\/#primaryimage"},"thumbnailUrl":"https:\/\/www.museuolimpicbcn.cat\/wp-content\/uploads\/sites\/2\/2020\/03\/gallery-01-2.jpg","datePublished":"2020-03-24T17:03:00+00:00","dateModified":"2020-03-24T17:06:47+00:00","breadcrumb":{"@id":"https:\/\/www.museuolimpicbcn.cat\/es\/abierta-la-convocatoria-del-premio-internacional-fbo-%c2%b7-arte-sobre-papel\/#breadcrumb"},"inLanguage":"es","potentialAction":[{"@type":"ReadAction","target":["https:\/\/www.museuolimpicbcn.cat\/es\/abierta-la-convocatoria-del-premio-internacional-fbo-%c2%b7-arte-sobre-papel\/"]}]},{"@type":"ImageObject","inLanguage":"es","@id":"https:\/\/www.museuolimpicbcn.cat\/es\/abierta-la-convocatoria-del-premio-internacional-fbo-%c2%b7-arte-sobre-papel\/#primaryimage","url":"https:\/\/www.museuolimpicbcn.cat\/wp-content\/uploads\/sites\/2\/2020\/03\/gallery-01-2.jpg","contentUrl":"https:\/\/www.museuolimpicbcn.cat\/wp-content\/uploads\/sites\/2\/2020\/03\/gallery-01-2.jpg","width":1200,"height":340},{"@type":"BreadcrumbList","@id":"https:\/\/www.museuolimpicbcn.cat\/es\/abierta-la-convocatoria-del-premio-internacional-fbo-%c2%b7-arte-sobre-papel\/#breadcrumb","itemListElement":[{"@type":"ListItem","position":1,"name":"Inici","item":"https:\/\/www.museuolimpicbcn.cat\/es\/"},{"@type":"ListItem","position":2,"name":"Abierta la convocatoria del &#8216;Premio Internacional FBO \u00b7 Arte sobre papel&#8217;"}]},{"@type":"WebSite","@id":"https:\/\/www.museuolimpicbcn.cat\/ca\/#website","url":"https:\/\/www.museuolimpicbcn.cat\/ca\/","name":"Museu Ol\u00edmpic i de l&#039;Esport Joan Antoni Samaranch. Barcelona","description":"Altre lloc Web del Museu Ol\u00edmpic i de l&#039;Esport llocs","publisher":{"@id":"https:\/\/www.museuolimpicbcn.cat\/ca\/#organization"},"potentialAction":[{"@type":"SearchAction","target":{"@type":"EntryPoint","urlTemplate":"https:\/\/www.museuolimpicbcn.cat\/ca\/?s={search_term_string}"},"query-input":{"@type":"PropertyValueSpecification","valueRequired":true,"valueName":"search_term_string"}}],"inLanguage":"es"},{"@type":"Organization","@id":"https:\/\/www.museuolimpicbcn.cat\/ca\/#organization","name":"Museu Ol\u00edmpic i de l&#039;Esport Joan Antoni Samaranch. Barcelona","url":"https:\/\/www.museuolimpicbcn.cat\/ca\/","logo":{"@type":"ImageObject","inLanguage":"es","@id":"https:\/\/www.museuolimpicbcn.cat\/ca\/#\/schema\/logo\/image\/","url":"https:\/\/www.museuolimpicbcn.cat\/wp-content\/uploads\/sites\/2\/2018\/12\/logo-moe-header.svg","contentUrl":"https:\/\/www.museuolimpicbcn.cat\/wp-content\/uploads\/sites\/2\/2018\/12\/logo-moe-header.svg","caption":"Museu Ol\u00edmpic i de l&#039;Esport Joan Antoni Samaranch. Barcelona"},"image":{"@id":"https:\/\/www.museuolimpicbcn.cat\/ca\/#\/schema\/logo\/image\/"}},{"@type":"Person","@id":"https:\/\/www.museuolimpicbcn.cat\/ca\/#\/schema\/person\/b792834a53f193977df425a499287aa9","name":"Ibone","url":"https:\/\/www.museuolimpicbcn.cat\/es\/author\/fbolimpica\/"}]}},"_links":{"self":[{"href":"https:\/\/www.museuolimpicbcn.cat\/es\/wp-json\/wp\/v2\/posts\/24844"}],"collection":[{"href":"https:\/\/www.museuolimpicbcn.cat\/es\/wp-json\/wp\/v2\/posts"}],"about":[{"href":"https:\/\/www.museuolimpicbcn.cat\/es\/wp-json\/wp\/v2\/types\/post"}],"author":[{"embeddable":true,"href":"https:\/\/www.museuolimpicbcn.cat\/es\/wp-json\/wp\/v2\/users\/11"}],"replies":[{"embeddable":true,"href":"https:\/\/www.museuolimpicbcn.cat\/es\/wp-json\/wp\/v2\/comments?post=24844"}],"version-history":[{"count":1,"href":"https:\/\/www.museuolimpicbcn.cat\/es\/wp-json\/wp\/v2\/posts\/24844\/revisions"}],"predecessor-version":[{"id":24845,"href":"https:\/\/www.museuolimpicbcn.cat\/es\/wp-json\/wp\/v2\/posts\/24844\/revisions\/24845"}],"wp:featuredmedia":[{"embeddable":true,"href":"https:\/\/www.museuolimpicbcn.cat\/es\/wp-json\/wp\/v2\/media\/24846"}],"wp:attachment":[{"href":"https:\/\/www.museuolimpicbcn.cat\/es\/wp-json\/wp\/v2\/media?parent=24844"}],"wp:term":[{"taxonomy":"category","embeddable":true,"href":"https:\/\/www.museuolimpicbcn.cat\/es\/wp-json\/wp\/v2\/categories?post=24844"},{"taxonomy":"post_tag","embeddable":true,"href":"https:\/\/www.museuolimpicbcn.cat\/es\/wp-json\/wp\/v2\/tags?post=24844"}],"curies":[{"name":"wp","href":"https:\/\/api.w.org\/{rel}","templated":true}]}}