{"id":25169,"date":"2020-06-15T13:50:34","date_gmt":"2020-06-15T11:50:34","guid":{"rendered":"https:\/\/www.museuolimpicbcn.cat\/?p=25169"},"modified":"2020-06-15T14:10:21","modified_gmt":"2020-06-15T12:10:21","slug":"vacaciones-en-el-museu-olimpic","status":"publish","type":"post","link":"https:\/\/www.museuolimpicbcn.cat\/es\/vacaciones-en-el-museu-olimpic\/","title":{"rendered":"Vacaciones en el Museu Ol\u00edmpic"},"content":{"rendered":"<p>Llega el verano y como cada a\u00f1o el Museu Ol\u00edmpic quiere compartir con vosotros una experiencia inolvidable.<\/p>\n<p>Debido a las medidas de seguridad requeridas para la realizaci\u00f3n de actividades, hemos adaptado nuestras actividades para que, de forma segura, podamos disfrutarlas.<\/p>\n<p><strong>Actividades en el Museu Ol\u00edmpic:<\/strong><\/p>\n<ul>\n<li>Las vacaciones en el Museo<\/li>\n<li>Taller \u201cSin l\u00edmites\u201d<\/li>\n<li>Descubre a los amigos de Cobi<\/li>\n<li>Visita guiada Museo<\/li>\n<li>Visita libre<\/li>\n<li>Prep\u00e1rate<\/li>\n<\/ul>\n<p><strong>En vuestras instalaciones. <\/strong>Este a\u00f1o, a parte de las actividades en el Museu Ol\u00edmpic, hemos querido incorporar el taller \u201cSin l\u00edmites\u201d en nuestra oferta para desarrollarlo en vuestras instalaciones.<\/p>\n<p>Toda la informaci\u00f3n la pod\u00e9is encontrar en nuestra web <a href=\"https:\/\/www.museuolimpicbcn.cat\/es\/actividades-de-vacaciones\/\">museuolimpic.cat<\/a>\u00a0\u00a0 o contact\u00e1ndo a <a href=\"reserves@fbolimpica.es\">reserves@fbolimpica.es<\/a><\/p>\n<p>&nbsp;<\/p>\n","protected":false},"excerpt":{"rendered":"<p>Llega el verano y como cada a\u00f1o el Museu Ol\u00edmpic quiere compartir con vosotros una experiencia inolvidable. Debido a las medidas de seguridad requeridas para la realizaci\u00f3n de actividades, hemos adaptado nuestras actividades para que, de forma segura, podamos disfrutarlas. Actividades en el Museu Ol\u00edmpic: Las vacaciones en el Museo Taller \u201cSin l\u00edmites\u201d Descubre a [&hellip;]<\/p>\n","protected":false},"author":11,"featured_media":16572,"comment_status":"closed","ping_status":"closed","sticky":false,"template":"","format":"standard","meta":{"_acf_changed":false,"_price":"","_stock":"","_tribe_ticket_header":"","_tribe_default_ticket_provider":"","_tribe_ticket_capacity":"0","_ticket_start_date":"","_ticket_end_date":"","_tribe_ticket_show_description":"","_tribe_ticket_show_not_going":false,"_tribe_ticket_use_global_stock":"","_tribe_ticket_global_stock_level":"","_global_stock_mode":"","_global_stock_cap":"","_tribe_rsvp_for_event":"","_tribe_ticket_going_count":"","_tribe_ticket_not_going_count":"","_tribe_tickets_list":"[]","_tribe_ticket_has_attendee_info_fields":false,"footnotes":""},"categories":[3],"tags":[],"class_list":["post-25169","post","type-post","status-publish","format-standard","has-post-thumbnail","hentry","category-sin-categorizar"],"acf":[],"yoast_head":"<!-- This site is optimized with the Yoast SEO plugin v23.7 - https:\/\/yoast.com\/wordpress\/plugins\/seo\/ -->\n<title>Vacaciones en el Museu Ol\u00edmpic - Museu Ol\u00edmpic i de l&#039;Esport Joan Antoni Samaranch. Barcelona<\/title>\n<meta name=\"robots\" content=\"index, follow, max-snippet:-1, max-image-preview:large, max-video-preview:-1\" \/>\n<link rel=\"canonical\" href=\"https:\/\/www.museuolimpicbcn.cat\/es\/vacaciones-en-el-museu-olimpic\/\" \/>\n<meta property=\"og:locale\" content=\"es_ES\" \/>\n<meta property=\"og:type\" content=\"article\" \/>\n<meta property=\"og:title\" content=\"Vacaciones en el Museu Ol\u00edmpic - Museu Ol\u00edmpic i de l&#039;Esport Joan Antoni Samaranch. Barcelona\" \/>\n<meta property=\"og:description\" content=\"Llega el verano y como cada a\u00f1o el Museu Ol\u00edmpic quiere compartir con vosotros una experiencia inolvidable. Debido a las medidas de seguridad requeridas para la realizaci\u00f3n de actividades, hemos adaptado nuestras actividades para que, de forma segura, podamos disfrutarlas. Actividades en el Museu Ol\u00edmpic: Las vacaciones en el Museo Taller \u201cSin l\u00edmites\u201d Descubre a [&hellip;]\" \/>\n<meta property=\"og:url\" content=\"https:\/\/www.museuolimpicbcn.cat\/es\/vacaciones-en-el-museu-olimpic\/\" \/>\n<meta property=\"og:site_name\" content=\"Museu Ol\u00edmpic i de l&#039;Esport Joan Antoni Samaranch. Barcelona\" \/>\n<meta property=\"article:published_time\" content=\"2020-06-15T11:50:34+00:00\" \/>\n<meta property=\"article:modified_time\" content=\"2020-06-15T12:10:21+00:00\" \/>\n<meta property=\"og:image\" content=\"https:\/\/www.museuolimpicbcn.cat\/wp-content\/uploads\/sites\/2\/2019\/03\/museu-olimpic-bcn-serveis-psicologic.jpg\" \/>\n\t<meta property=\"og:image:width\" content=\"900\" \/>\n\t<meta property=\"og:image:height\" content=\"600\" \/>\n\t<meta property=\"og:image:type\" content=\"image\/jpeg\" \/>\n<meta name=\"author\" content=\"Ibone\" \/>\n<meta name=\"twitter:card\" content=\"summary_large_image\" \/>\n<meta name=\"twitter:label1\" content=\"Escrito por\" \/>\n\t<meta name=\"twitter:data1\" content=\"Ibone\" \/>\n\t<meta name=\"twitter:label2\" content=\"Tiempo de lectura\" \/>\n\t<meta name=\"twitter:data2\" content=\"1 minuto\" \/>\n<script type=\"application\/ld+json\" class=\"yoast-schema-graph\">{\"@context\":\"https:\/\/schema.org\",\"@graph\":[{\"@type\":\"Article\",\"@id\":\"https:\/\/www.museuolimpicbcn.cat\/es\/vacaciones-en-el-museu-olimpic\/#article\",\"isPartOf\":{\"@id\":\"https:\/\/www.museuolimpicbcn.cat\/es\/vacaciones-en-el-museu-olimpic\/\"},\"author\":{\"name\":\"Ibone\",\"@id\":\"https:\/\/www.museuolimpicbcn.cat\/ca\/#\/schema\/person\/b792834a53f193977df425a499287aa9\"},\"headline\":\"Vacaciones en el Museu Ol\u00edmpic\",\"datePublished\":\"2020-06-15T11:50:34+00:00\",\"dateModified\":\"2020-06-15T12:10:21+00:00\",\"mainEntityOfPage\":{\"@id\":\"https:\/\/www.museuolimpicbcn.cat\/es\/vacaciones-en-el-museu-olimpic\/\"},\"wordCount\":130,\"publisher\":{\"@id\":\"https:\/\/www.museuolimpicbcn.cat\/ca\/#organization\"},\"image\":{\"@id\":\"https:\/\/www.museuolimpicbcn.cat\/es\/vacaciones-en-el-museu-olimpic\/#primaryimage\"},\"thumbnailUrl\":\"https:\/\/www.museuolimpicbcn.cat\/wp-content\/uploads\/sites\/2\/2019\/03\/museu-olimpic-bcn-serveis-psicologic.jpg\",\"articleSection\":[\"Sin categorizar\"],\"inLanguage\":\"es\"},{\"@type\":\"WebPage\",\"@id\":\"https:\/\/www.museuolimpicbcn.cat\/es\/vacaciones-en-el-museu-olimpic\/\",\"url\":\"https:\/\/www.museuolimpicbcn.cat\/es\/vacaciones-en-el-museu-olimpic\/\",\"name\":\"Vacaciones en el Museu Ol\u00edmpic - Museu Ol\u00edmpic i de l&#039;Esport Joan Antoni Samaranch. Barcelona\",\"isPartOf\":{\"@id\":\"https:\/\/www.museuolimpicbcn.cat\/ca\/#website\"},\"primaryImageOfPage\":{\"@id\":\"https:\/\/www.museuolimpicbcn.cat\/es\/vacaciones-en-el-museu-olimpic\/#primaryimage\"},\"image\":{\"@id\":\"https:\/\/www.museuolimpicbcn.cat\/es\/vacaciones-en-el-museu-olimpic\/#primaryimage\"},\"thumbnailUrl\":\"https:\/\/www.museuolimpicbcn.cat\/wp-content\/uploads\/sites\/2\/2019\/03\/museu-olimpic-bcn-serveis-psicologic.jpg\",\"datePublished\":\"2020-06-15T11:50:34+00:00\",\"dateModified\":\"2020-06-15T12:10:21+00:00\",\"breadcrumb\":{\"@id\":\"https:\/\/www.museuolimpicbcn.cat\/es\/vacaciones-en-el-museu-olimpic\/#breadcrumb\"},\"inLanguage\":\"es\",\"potentialAction\":[{\"@type\":\"ReadAction\",\"target\":[\"https:\/\/www.museuolimpicbcn.cat\/es\/vacaciones-en-el-museu-olimpic\/\"]}]},{\"@type\":\"ImageObject\",\"inLanguage\":\"es\",\"@id\":\"https:\/\/www.museuolimpicbcn.cat\/es\/vacaciones-en-el-museu-olimpic\/#primaryimage\",\"url\":\"https:\/\/www.museuolimpicbcn.cat\/wp-content\/uploads\/sites\/2\/2019\/03\/museu-olimpic-bcn-serveis-psicologic.jpg\",\"contentUrl\":\"https:\/\/www.museuolimpicbcn.cat\/wp-content\/uploads\/sites\/2\/2019\/03\/museu-olimpic-bcn-serveis-psicologic.jpg\",\"width\":900,\"height\":600},{\"@type\":\"BreadcrumbList\",\"@id\":\"https:\/\/www.museuolimpicbcn.cat\/es\/vacaciones-en-el-museu-olimpic\/#breadcrumb\",\"itemListElement\":[{\"@type\":\"ListItem\",\"position\":1,\"name\":\"Inici\",\"item\":\"https:\/\/www.museuolimpicbcn.cat\/es\/\"},{\"@type\":\"ListItem\",\"position\":2,\"name\":\"Vacaciones en el Museu Ol\u00edmpic\"}]},{\"@type\":\"WebSite\",\"@id\":\"https:\/\/www.museuolimpicbcn.cat\/ca\/#website\",\"url\":\"https:\/\/www.museuolimpicbcn.cat\/ca\/\",\"name\":\"Museu Ol\u00edmpic i de l&#039;Esport Joan Antoni Samaranch. Barcelona\",\"description\":\"Altre lloc Web del Museu Ol\u00edmpic i de l&#039;Esport llocs\",\"publisher\":{\"@id\":\"https:\/\/www.museuolimpicbcn.cat\/ca\/#organization\"},\"potentialAction\":[{\"@type\":\"SearchAction\",\"target\":{\"@type\":\"EntryPoint\",\"urlTemplate\":\"https:\/\/www.museuolimpicbcn.cat\/ca\/?s={search_term_string}\"},\"query-input\":{\"@type\":\"PropertyValueSpecification\",\"valueRequired\":true,\"valueName\":\"search_term_string\"}}],\"inLanguage\":\"es\"},{\"@type\":\"Organization\",\"@id\":\"https:\/\/www.museuolimpicbcn.cat\/ca\/#organization\",\"name\":\"Museu Ol\u00edmpic i de l&#039;Esport Joan Antoni Samaranch. Barcelona\",\"url\":\"https:\/\/www.museuolimpicbcn.cat\/ca\/\",\"logo\":{\"@type\":\"ImageObject\",\"inLanguage\":\"es\",\"@id\":\"https:\/\/www.museuolimpicbcn.cat\/ca\/#\/schema\/logo\/image\/\",\"url\":\"https:\/\/www.museuolimpicbcn.cat\/wp-content\/uploads\/sites\/2\/2018\/12\/logo-moe-header.svg\",\"contentUrl\":\"https:\/\/www.museuolimpicbcn.cat\/wp-content\/uploads\/sites\/2\/2018\/12\/logo-moe-header.svg\",\"caption\":\"Museu Ol\u00edmpic i de l&#039;Esport Joan Antoni Samaranch. Barcelona\"},\"image\":{\"@id\":\"https:\/\/www.museuolimpicbcn.cat\/ca\/#\/schema\/logo\/image\/\"}},{\"@type\":\"Person\",\"@id\":\"https:\/\/www.museuolimpicbcn.cat\/ca\/#\/schema\/person\/b792834a53f193977df425a499287aa9\",\"name\":\"Ibone\",\"url\":\"https:\/\/www.museuolimpicbcn.cat\/es\/author\/fbolimpica\/\"}]}<\/script>\n<!-- \/ Yoast SEO plugin. -->","yoast_head_json":{"title":"Vacaciones en el Museu Ol\u00edmpic - Museu Ol\u00edmpic i de l&#039;Esport Joan Antoni Samaranch. Barcelona","robots":{"index":"index","follow":"follow","max-snippet":"max-snippet:-1","max-image-preview":"max-image-preview:large","max-video-preview":"max-video-preview:-1"},"canonical":"https:\/\/www.museuolimpicbcn.cat\/es\/vacaciones-en-el-museu-olimpic\/","og_locale":"es_ES","og_type":"article","og_title":"Vacaciones en el Museu Ol\u00edmpic - Museu Ol\u00edmpic i de l&#039;Esport Joan Antoni Samaranch. Barcelona","og_description":"Llega el verano y como cada a\u00f1o el Museu Ol\u00edmpic quiere compartir con vosotros una experiencia inolvidable. Debido a las medidas de seguridad requeridas para la realizaci\u00f3n de actividades, hemos adaptado nuestras actividades para que, de forma segura, podamos disfrutarlas. Actividades en el Museu Ol\u00edmpic: Las vacaciones en el Museo Taller \u201cSin l\u00edmites\u201d Descubre a [&hellip;]","og_url":"https:\/\/www.museuolimpicbcn.cat\/es\/vacaciones-en-el-museu-olimpic\/","og_site_name":"Museu Ol\u00edmpic i de l&#039;Esport Joan Antoni Samaranch. Barcelona","article_published_time":"2020-06-15T11:50:34+00:00","article_modified_time":"2020-06-15T12:10:21+00:00","og_image":[{"width":900,"height":600,"url":"https:\/\/www.museuolimpicbcn.cat\/wp-content\/uploads\/sites\/2\/2019\/03\/museu-olimpic-bcn-serveis-psicologic.jpg","type":"image\/jpeg"}],"author":"Ibone","twitter_card":"summary_large_image","twitter_misc":{"Escrito por":"Ibone","Tiempo de lectura":"1 minuto"},"schema":{"@context":"https:\/\/schema.org","@graph":[{"@type":"Article","@id":"https:\/\/www.museuolimpicbcn.cat\/es\/vacaciones-en-el-museu-olimpic\/#article","isPartOf":{"@id":"https:\/\/www.museuolimpicbcn.cat\/es\/vacaciones-en-el-museu-olimpic\/"},"author":{"name":"Ibone","@id":"https:\/\/www.museuolimpicbcn.cat\/ca\/#\/schema\/person\/b792834a53f193977df425a499287aa9"},"headline":"Vacaciones en el Museu Ol\u00edmpic","datePublished":"2020-06-15T11:50:34+00:00","dateModified":"2020-06-15T12:10:21+00:00","mainEntityOfPage":{"@id":"https:\/\/www.museuolimpicbcn.cat\/es\/vacaciones-en-el-museu-olimpic\/"},"wordCount":130,"publisher":{"@id":"https:\/\/www.museuolimpicbcn.cat\/ca\/#organization"},"image":{"@id":"https:\/\/www.museuolimpicbcn.cat\/es\/vacaciones-en-el-museu-olimpic\/#primaryimage"},"thumbnailUrl":"https:\/\/www.museuolimpicbcn.cat\/wp-content\/uploads\/sites\/2\/2019\/03\/museu-olimpic-bcn-serveis-psicologic.jpg","articleSection":["Sin categorizar"],"inLanguage":"es"},{"@type":"WebPage","@id":"https:\/\/www.museuolimpicbcn.cat\/es\/vacaciones-en-el-museu-olimpic\/","url":"https:\/\/www.museuolimpicbcn.cat\/es\/vacaciones-en-el-museu-olimpic\/","name":"Vacaciones en el Museu Ol\u00edmpic - Museu Ol\u00edmpic i de l&#039;Esport Joan Antoni Samaranch. Barcelona","isPartOf":{"@id":"https:\/\/www.museuolimpicbcn.cat\/ca\/#website"},"primaryImageOfPage":{"@id":"https:\/\/www.museuolimpicbcn.cat\/es\/vacaciones-en-el-museu-olimpic\/#primaryimage"},"image":{"@id":"https:\/\/www.museuolimpicbcn.cat\/es\/vacaciones-en-el-museu-olimpic\/#primaryimage"},"thumbnailUrl":"https:\/\/www.museuolimpicbcn.cat\/wp-content\/uploads\/sites\/2\/2019\/03\/museu-olimpic-bcn-serveis-psicologic.jpg","datePublished":"2020-06-15T11:50:34+00:00","dateModified":"2020-06-15T12:10:21+00:00","breadcrumb":{"@id":"https:\/\/www.museuolimpicbcn.cat\/es\/vacaciones-en-el-museu-olimpic\/#breadcrumb"},"inLanguage":"es","potentialAction":[{"@type":"ReadAction","target":["https:\/\/www.museuolimpicbcn.cat\/es\/vacaciones-en-el-museu-olimpic\/"]}]},{"@type":"ImageObject","inLanguage":"es","@id":"https:\/\/www.museuolimpicbcn.cat\/es\/vacaciones-en-el-museu-olimpic\/#primaryimage","url":"https:\/\/www.museuolimpicbcn.cat\/wp-content\/uploads\/sites\/2\/2019\/03\/museu-olimpic-bcn-serveis-psicologic.jpg","contentUrl":"https:\/\/www.museuolimpicbcn.cat\/wp-content\/uploads\/sites\/2\/2019\/03\/museu-olimpic-bcn-serveis-psicologic.jpg","width":900,"height":600},{"@type":"BreadcrumbList","@id":"https:\/\/www.museuolimpicbcn.cat\/es\/vacaciones-en-el-museu-olimpic\/#breadcrumb","itemListElement":[{"@type":"ListItem","position":1,"name":"Inici","item":"https:\/\/www.museuolimpicbcn.cat\/es\/"},{"@type":"ListItem","position":2,"name":"Vacaciones en el Museu Ol\u00edmpic"}]},{"@type":"WebSite","@id":"https:\/\/www.museuolimpicbcn.cat\/ca\/#website","url":"https:\/\/www.museuolimpicbcn.cat\/ca\/","name":"Museu Ol\u00edmpic i de l&#039;Esport Joan Antoni Samaranch. Barcelona","description":"Altre lloc Web del Museu Ol\u00edmpic i de l&#039;Esport llocs","publisher":{"@id":"https:\/\/www.museuolimpicbcn.cat\/ca\/#organization"},"potentialAction":[{"@type":"SearchAction","target":{"@type":"EntryPoint","urlTemplate":"https:\/\/www.museuolimpicbcn.cat\/ca\/?s={search_term_string}"},"query-input":{"@type":"PropertyValueSpecification","valueRequired":true,"valueName":"search_term_string"}}],"inLanguage":"es"},{"@type":"Organization","@id":"https:\/\/www.museuolimpicbcn.cat\/ca\/#organization","name":"Museu Ol\u00edmpic i de l&#039;Esport Joan Antoni Samaranch. Barcelona","url":"https:\/\/www.museuolimpicbcn.cat\/ca\/","logo":{"@type":"ImageObject","inLanguage":"es","@id":"https:\/\/www.museuolimpicbcn.cat\/ca\/#\/schema\/logo\/image\/","url":"https:\/\/www.museuolimpicbcn.cat\/wp-content\/uploads\/sites\/2\/2018\/12\/logo-moe-header.svg","contentUrl":"https:\/\/www.museuolimpicbcn.cat\/wp-content\/uploads\/sites\/2\/2018\/12\/logo-moe-header.svg","caption":"Museu Ol\u00edmpic i de l&#039;Esport Joan Antoni Samaranch. Barcelona"},"image":{"@id":"https:\/\/www.museuolimpicbcn.cat\/ca\/#\/schema\/logo\/image\/"}},{"@type":"Person","@id":"https:\/\/www.museuolimpicbcn.cat\/ca\/#\/schema\/person\/b792834a53f193977df425a499287aa9","name":"Ibone","url":"https:\/\/www.museuolimpicbcn.cat\/es\/author\/fbolimpica\/"}]}},"_links":{"self":[{"href":"https:\/\/www.museuolimpicbcn.cat\/es\/wp-json\/wp\/v2\/posts\/25169"}],"collection":[{"href":"https:\/\/www.museuolimpicbcn.cat\/es\/wp-json\/wp\/v2\/posts"}],"about":[{"href":"https:\/\/www.museuolimpicbcn.cat\/es\/wp-json\/wp\/v2\/types\/post"}],"author":[{"embeddable":true,"href":"https:\/\/www.museuolimpicbcn.cat\/es\/wp-json\/wp\/v2\/users\/11"}],"replies":[{"embeddable":true,"href":"https:\/\/www.museuolimpicbcn.cat\/es\/wp-json\/wp\/v2\/comments?post=25169"}],"version-history":[{"count":2,"href":"https:\/\/www.museuolimpicbcn.cat\/es\/wp-json\/wp\/v2\/posts\/25169\/revisions"}],"predecessor-version":[{"id":25187,"href":"https:\/\/www.museuolimpicbcn.cat\/es\/wp-json\/wp\/v2\/posts\/25169\/revisions\/25187"}],"wp:featuredmedia":[{"embeddable":true,"href":"https:\/\/www.museuolimpicbcn.cat\/es\/wp-json\/wp\/v2\/media\/16572"}],"wp:attachment":[{"href":"https:\/\/www.museuolimpicbcn.cat\/es\/wp-json\/wp\/v2\/media?parent=25169"}],"wp:term":[{"taxonomy":"category","embeddable":true,"href":"https:\/\/www.museuolimpicbcn.cat\/es\/wp-json\/wp\/v2\/categories?post=25169"},{"taxonomy":"post_tag","embeddable":true,"href":"https:\/\/www.museuolimpicbcn.cat\/es\/wp-json\/wp\/v2\/tags?post=25169"}],"curies":[{"name":"wp","href":"https:\/\/api.w.org\/{rel}","templated":true}]}}