{"id":25401,"date":"2020-07-29T12:08:22","date_gmt":"2020-07-29T10:08:22","guid":{"rendered":"https:\/\/www.museuolimpicbcn.cat\/?p=25401"},"modified":"2020-07-29T12:13:24","modified_gmt":"2020-07-29T10:13:24","slug":"miembros-de-la-junta-directiva-del-junior-fc-visita-el-museu-olimpic-para-visitar-la-exposicion-temporal-dedicada-a-los-mas-de-100-anos-de-historia-del-club","status":"publish","type":"post","link":"https:\/\/www.museuolimpicbcn.cat\/es\/miembros-de-la-junta-directiva-del-junior-fc-visita-el-museu-olimpic-para-visitar-la-exposicion-temporal-dedicada-a-los-mas-de-100-anos-de-historia-del-club\/","title":{"rendered":"Miembros de la Junta Directiva del Junior FC visita el Museu Ol\u00edmpic para visitar la exposici\u00f3n temporal dedicada a los m\u00e1s de 100 a\u00f1os de historia del Club"},"content":{"rendered":"\t\t<div data-elementor-type=\"wp-post\" data-elementor-id=\"25401\" class=\"elementor elementor-25401\" data-elementor-post-type=\"post\">\n\t\t\t\t\t\t<section class=\"elementor-section elementor-top-section elementor-element elementor-element-7a5faefe elementor-section-boxed elementor-section-height-default elementor-section-height-default\" data-id=\"7a5faefe\" data-element_type=\"section\">\n\t\t\t\t\t\t<div class=\"elementor-container elementor-column-gap-default\">\n\t\t\t\t\t<div class=\"elementor-column elementor-col-100 elementor-top-column elementor-element elementor-element-74caa240\" data-id=\"74caa240\" data-element_type=\"column\">\n\t\t\t<div class=\"elementor-widget-wrap elementor-element-populated\">\n\t\t\t\t\t\t<div class=\"elementor-element elementor-element-65d38677 elementor-widget elementor-widget-text-editor\" data-id=\"65d38677\" data-element_type=\"widget\" data-widget_type=\"text-editor.default\">\n\t\t\t\t<div class=\"elementor-widget-container\">\n\t\t\t\t\t\t\t\t\t<p>Marcos Hofmann, presidente del Junior FC, encabezaba el grupo compuesto por Sergi Renieblas, vicepresidente\u00a0segundo; Salvador Font, secretario; Katery Maragall, tesorera; Jordi Mu\u00f1oz, vocal de Hockey; Israel Ferreres, vocal de Padel; Sergi Beca, vocal de Tenis; Jorge Castro, vocal de otras secciones; Marc Permanyer, vocal social y comunicaci\u00f3n y el presidente de honor, Joan Maragall.<\/p><p>El Junior FC fue fundado en 1917, en el coraz\u00f3n del barrio barcelon\u00e9s de Sarri\u00e0, por un grupo de amigos que se encontraban los fines de semana para jugar al f\u00fatbol en el jard\u00edn de Can Serrahima. A d\u00eda de hoy, y con m\u00e1s de 100 a\u00f1os de historia, el Junior FC se emplaza en unas instalaciones de 60000m2 en el municipio de Sant Cugat del Vall\u00e9s y cuenta con m\u00e1s de 2800 socios, entre los que destacan alg\u00fan que otro oro ol\u00edmpico.<\/p><p>Esta exposici\u00f3n podr\u00e1 ser visitada hasta el 24 de enero en el Museu Ol\u00edmpic i de l\u2019Esport Joan Antoni Samaranch.<\/p>\t\t\t\t\t\t\t\t<\/div>\n\t\t\t\t<\/div>\n\t\t\t\t\t<\/div>\n\t\t<\/div>\n\t\t\t\t\t<\/div>\n\t\t<\/section>\n\t\t\t\t<section class=\"elementor-section elementor-top-section elementor-element elementor-element-4074c99 elementor-section-boxed elementor-section-height-default elementor-section-height-default\" data-id=\"4074c99\" data-element_type=\"section\">\n\t\t\t\t\t\t<div class=\"elementor-container elementor-column-gap-default\">\n\t\t\t\t\t<div class=\"elementor-column elementor-col-100 elementor-top-column elementor-element elementor-element-ecb6036\" data-id=\"ecb6036\" data-element_type=\"column\">\n\t\t\t<div class=\"elementor-widget-wrap elementor-element-populated\">\n\t\t\t\t\t\t<div class=\"elementor-element elementor-element-98caec6 elementor-widget elementor-widget-video\" data-id=\"98caec6\" data-element_type=\"widget\" data-settings=\"{&quot;youtube_url&quot;:&quot;https:\\\/\\\/youtu.be\\\/hVk0W7ENF4o&quot;,&quot;video_type&quot;:&quot;youtube&quot;,&quot;controls&quot;:&quot;yes&quot;}\" data-widget_type=\"video.default\">\n\t\t\t\t<div class=\"elementor-widget-container\">\n\t\t\t\t\t\t\t<div class=\"elementor-wrapper elementor-open-inline\">\n\t\t\t<div class=\"elementor-video\"><\/div>\t\t<\/div>\n\t\t\t\t\t\t<\/div>\n\t\t\t\t<\/div>\n\t\t\t\t\t<\/div>\n\t\t<\/div>\n\t\t\t\t\t<\/div>\n\t\t<\/section>\n\t\t\t\t<\/div>\n\t\t","protected":false},"excerpt":{"rendered":"<p>Marcos Hofmann, presidente del Junior FC, encabezaba el grupo compuesto por Sergi Renieblas, vicepresidente\u00a0segundo; Salvador Font, secretario; Katery Maragall, tesorera; Jordi Mu\u00f1oz, vocal de Hockey; Israel Ferreres, vocal de Padel; Sergi Beca, vocal de Tenis; Jorge Castro, vocal de otras secciones; Marc Permanyer, vocal social y comunicaci\u00f3n y el presidente de honor, Joan Maragall. El [&hellip;]<\/p>\n","protected":false},"author":11,"featured_media":25402,"comment_status":"closed","ping_status":"closed","sticky":false,"template":"","format":"standard","meta":{"_acf_changed":false,"_price":"","_stock":"","_tribe_ticket_header":"","_tribe_default_ticket_provider":"","_tribe_ticket_capacity":"0","_ticket_start_date":"","_ticket_end_date":"","_tribe_ticket_show_description":"","_tribe_ticket_show_not_going":false,"_tribe_ticket_use_global_stock":"","_tribe_ticket_global_stock_level":"","_global_stock_mode":"","_global_stock_cap":"","_tribe_rsvp_for_event":"","_tribe_ticket_going_count":"","_tribe_ticket_not_going_count":"","_tribe_tickets_list":"[]","_tribe_ticket_has_attendee_info_fields":false,"footnotes":""},"categories":[3],"tags":[],"class_list":["post-25401","post","type-post","status-publish","format-standard","has-post-thumbnail","hentry","category-sin-categorizar"],"acf":[],"yoast_head":"<!-- This site is optimized with the Yoast SEO plugin v23.7 - https:\/\/yoast.com\/wordpress\/plugins\/seo\/ -->\n<title>Miembros de la Junta Directiva del Junior FC visita el Museu Ol\u00edmpic para visitar la exposici\u00f3n temporal dedicada a los m\u00e1s de 100 a\u00f1os de historia del Club - Museu Ol\u00edmpic i de l&#039;Esport Joan Antoni Samaranch. Barcelona<\/title>\n<meta name=\"robots\" content=\"index, follow, max-snippet:-1, max-image-preview:large, max-video-preview:-1\" \/>\n<link rel=\"canonical\" href=\"https:\/\/www.museuolimpicbcn.cat\/es\/miembros-de-la-junta-directiva-del-junior-fc-visita-el-museu-olimpic-para-visitar-la-exposicion-temporal-dedicada-a-los-mas-de-100-anos-de-historia-del-club\/\" \/>\n<meta property=\"og:locale\" content=\"es_ES\" \/>\n<meta property=\"og:type\" content=\"article\" \/>\n<meta property=\"og:title\" content=\"Miembros de la Junta Directiva del Junior FC visita el Museu Ol\u00edmpic para visitar la exposici\u00f3n temporal dedicada a los m\u00e1s de 100 a\u00f1os de historia del Club - Museu Ol\u00edmpic i de l&#039;Esport Joan Antoni Samaranch. Barcelona\" \/>\n<meta property=\"og:description\" content=\"Marcos Hofmann, presidente del Junior FC, encabezaba el grupo compuesto por Sergi Renieblas, vicepresidente\u00a0segundo; Salvador Font, secretario; Katery Maragall, tesorera; Jordi Mu\u00f1oz, vocal de Hockey; Israel Ferreres, vocal de Padel; Sergi Beca, vocal de Tenis; Jorge Castro, vocal de otras secciones; Marc Permanyer, vocal social y comunicaci\u00f3n y el presidente de honor, Joan Maragall. El [&hellip;]\" \/>\n<meta property=\"og:url\" content=\"https:\/\/www.museuolimpicbcn.cat\/es\/miembros-de-la-junta-directiva-del-junior-fc-visita-el-museu-olimpic-para-visitar-la-exposicion-temporal-dedicada-a-los-mas-de-100-anos-de-historia-del-club\/\" \/>\n<meta property=\"og:site_name\" content=\"Museu Ol\u00edmpic i de l&#039;Esport Joan Antoni Samaranch. Barcelona\" \/>\n<meta property=\"article:published_time\" content=\"2020-07-29T10:08:22+00:00\" \/>\n<meta property=\"article:modified_time\" content=\"2020-07-29T10:13:24+00:00\" \/>\n<meta property=\"og:image\" content=\"https:\/\/www.museuolimpicbcn.cat\/wp-content\/uploads\/sites\/2\/2020\/07\/Museu-Olimpic-Junior-FC6.jpg\" \/>\n\t<meta property=\"og:image:width\" content=\"1903\" \/>\n\t<meta property=\"og:image:height\" content=\"1071\" \/>\n\t<meta property=\"og:image:type\" content=\"image\/jpeg\" \/>\n<meta name=\"author\" content=\"Ibone\" \/>\n<meta name=\"twitter:card\" content=\"summary_large_image\" \/>\n<meta name=\"twitter:label1\" content=\"Escrito por\" \/>\n\t<meta name=\"twitter:data1\" content=\"Ibone\" \/>\n\t<meta name=\"twitter:label2\" content=\"Tiempo de lectura\" \/>\n\t<meta name=\"twitter:data2\" content=\"1 minuto\" \/>\n<script type=\"application\/ld+json\" class=\"yoast-schema-graph\">{\"@context\":\"https:\/\/schema.org\",\"@graph\":[{\"@type\":\"Article\",\"@id\":\"https:\/\/www.museuolimpicbcn.cat\/es\/miembros-de-la-junta-directiva-del-junior-fc-visita-el-museu-olimpic-para-visitar-la-exposicion-temporal-dedicada-a-los-mas-de-100-anos-de-historia-del-club\/#article\",\"isPartOf\":{\"@id\":\"https:\/\/www.museuolimpicbcn.cat\/es\/miembros-de-la-junta-directiva-del-junior-fc-visita-el-museu-olimpic-para-visitar-la-exposicion-temporal-dedicada-a-los-mas-de-100-anos-de-historia-del-club\/\"},\"author\":{\"name\":\"Ibone\",\"@id\":\"https:\/\/www.museuolimpicbcn.cat\/ca\/#\/schema\/person\/b792834a53f193977df425a499287aa9\"},\"headline\":\"Miembros de la Junta Directiva del Junior FC visita el Museu Ol\u00edmpic para visitar la exposici\u00f3n temporal dedicada a los m\u00e1s de 100 a\u00f1os de historia del Club\",\"datePublished\":\"2020-07-29T10:08:22+00:00\",\"dateModified\":\"2020-07-29T10:13:24+00:00\",\"mainEntityOfPage\":{\"@id\":\"https:\/\/www.museuolimpicbcn.cat\/es\/miembros-de-la-junta-directiva-del-junior-fc-visita-el-museu-olimpic-para-visitar-la-exposicion-temporal-dedicada-a-los-mas-de-100-anos-de-historia-del-club\/\"},\"wordCount\":208,\"publisher\":{\"@id\":\"https:\/\/www.museuolimpicbcn.cat\/ca\/#organization\"},\"image\":{\"@id\":\"https:\/\/www.museuolimpicbcn.cat\/es\/miembros-de-la-junta-directiva-del-junior-fc-visita-el-museu-olimpic-para-visitar-la-exposicion-temporal-dedicada-a-los-mas-de-100-anos-de-historia-del-club\/#primaryimage\"},\"thumbnailUrl\":\"https:\/\/www.museuolimpicbcn.cat\/wp-content\/uploads\/sites\/2\/2020\/07\/Museu-Olimpic-Junior-FC6.jpg\",\"articleSection\":[\"Sin categorizar\"],\"inLanguage\":\"es\"},{\"@type\":\"WebPage\",\"@id\":\"https:\/\/www.museuolimpicbcn.cat\/es\/miembros-de-la-junta-directiva-del-junior-fc-visita-el-museu-olimpic-para-visitar-la-exposicion-temporal-dedicada-a-los-mas-de-100-anos-de-historia-del-club\/\",\"url\":\"https:\/\/www.museuolimpicbcn.cat\/es\/miembros-de-la-junta-directiva-del-junior-fc-visita-el-museu-olimpic-para-visitar-la-exposicion-temporal-dedicada-a-los-mas-de-100-anos-de-historia-del-club\/\",\"name\":\"Miembros de la Junta Directiva del Junior FC visita el Museu Ol\u00edmpic para visitar la exposici\u00f3n temporal dedicada a los m\u00e1s de 100 a\u00f1os de historia del Club - Museu Ol\u00edmpic i de l&#039;Esport Joan Antoni Samaranch. Barcelona\",\"isPartOf\":{\"@id\":\"https:\/\/www.museuolimpicbcn.cat\/ca\/#website\"},\"primaryImageOfPage\":{\"@id\":\"https:\/\/www.museuolimpicbcn.cat\/es\/miembros-de-la-junta-directiva-del-junior-fc-visita-el-museu-olimpic-para-visitar-la-exposicion-temporal-dedicada-a-los-mas-de-100-anos-de-historia-del-club\/#primaryimage\"},\"image\":{\"@id\":\"https:\/\/www.museuolimpicbcn.cat\/es\/miembros-de-la-junta-directiva-del-junior-fc-visita-el-museu-olimpic-para-visitar-la-exposicion-temporal-dedicada-a-los-mas-de-100-anos-de-historia-del-club\/#primaryimage\"},\"thumbnailUrl\":\"https:\/\/www.museuolimpicbcn.cat\/wp-content\/uploads\/sites\/2\/2020\/07\/Museu-Olimpic-Junior-FC6.jpg\",\"datePublished\":\"2020-07-29T10:08:22+00:00\",\"dateModified\":\"2020-07-29T10:13:24+00:00\",\"breadcrumb\":{\"@id\":\"https:\/\/www.museuolimpicbcn.cat\/es\/miembros-de-la-junta-directiva-del-junior-fc-visita-el-museu-olimpic-para-visitar-la-exposicion-temporal-dedicada-a-los-mas-de-100-anos-de-historia-del-club\/#breadcrumb\"},\"inLanguage\":\"es\",\"potentialAction\":[{\"@type\":\"ReadAction\",\"target\":[\"https:\/\/www.museuolimpicbcn.cat\/es\/miembros-de-la-junta-directiva-del-junior-fc-visita-el-museu-olimpic-para-visitar-la-exposicion-temporal-dedicada-a-los-mas-de-100-anos-de-historia-del-club\/\"]}]},{\"@type\":\"ImageObject\",\"inLanguage\":\"es\",\"@id\":\"https:\/\/www.museuolimpicbcn.cat\/es\/miembros-de-la-junta-directiva-del-junior-fc-visita-el-museu-olimpic-para-visitar-la-exposicion-temporal-dedicada-a-los-mas-de-100-anos-de-historia-del-club\/#primaryimage\",\"url\":\"https:\/\/www.museuolimpicbcn.cat\/wp-content\/uploads\/sites\/2\/2020\/07\/Museu-Olimpic-Junior-FC6.jpg\",\"contentUrl\":\"https:\/\/www.museuolimpicbcn.cat\/wp-content\/uploads\/sites\/2\/2020\/07\/Museu-Olimpic-Junior-FC6.jpg\",\"width\":1903,\"height\":1071,\"caption\":\"Junta Directiva del Junior FC\"},{\"@type\":\"BreadcrumbList\",\"@id\":\"https:\/\/www.museuolimpicbcn.cat\/es\/miembros-de-la-junta-directiva-del-junior-fc-visita-el-museu-olimpic-para-visitar-la-exposicion-temporal-dedicada-a-los-mas-de-100-anos-de-historia-del-club\/#breadcrumb\",\"itemListElement\":[{\"@type\":\"ListItem\",\"position\":1,\"name\":\"Inici\",\"item\":\"https:\/\/www.museuolimpicbcn.cat\/es\/\"},{\"@type\":\"ListItem\",\"position\":2,\"name\":\"Miembros de la Junta Directiva del Junior FC visita el Museu Ol\u00edmpic para visitar la exposici\u00f3n temporal dedicada a los m\u00e1s de 100 a\u00f1os de historia del Club\"}]},{\"@type\":\"WebSite\",\"@id\":\"https:\/\/www.museuolimpicbcn.cat\/ca\/#website\",\"url\":\"https:\/\/www.museuolimpicbcn.cat\/ca\/\",\"name\":\"Museu Ol\u00edmpic i de l&#039;Esport Joan Antoni Samaranch. Barcelona\",\"description\":\"Altre lloc Web del Museu Ol\u00edmpic i de l&#039;Esport llocs\",\"publisher\":{\"@id\":\"https:\/\/www.museuolimpicbcn.cat\/ca\/#organization\"},\"potentialAction\":[{\"@type\":\"SearchAction\",\"target\":{\"@type\":\"EntryPoint\",\"urlTemplate\":\"https:\/\/www.museuolimpicbcn.cat\/ca\/?s={search_term_string}\"},\"query-input\":{\"@type\":\"PropertyValueSpecification\",\"valueRequired\":true,\"valueName\":\"search_term_string\"}}],\"inLanguage\":\"es\"},{\"@type\":\"Organization\",\"@id\":\"https:\/\/www.museuolimpicbcn.cat\/ca\/#organization\",\"name\":\"Museu Ol\u00edmpic i de l&#039;Esport Joan Antoni Samaranch. Barcelona\",\"url\":\"https:\/\/www.museuolimpicbcn.cat\/ca\/\",\"logo\":{\"@type\":\"ImageObject\",\"inLanguage\":\"es\",\"@id\":\"https:\/\/www.museuolimpicbcn.cat\/ca\/#\/schema\/logo\/image\/\",\"url\":\"https:\/\/www.museuolimpicbcn.cat\/wp-content\/uploads\/sites\/2\/2018\/12\/logo-moe-header.svg\",\"contentUrl\":\"https:\/\/www.museuolimpicbcn.cat\/wp-content\/uploads\/sites\/2\/2018\/12\/logo-moe-header.svg\",\"caption\":\"Museu Ol\u00edmpic i de l&#039;Esport Joan Antoni Samaranch. Barcelona\"},\"image\":{\"@id\":\"https:\/\/www.museuolimpicbcn.cat\/ca\/#\/schema\/logo\/image\/\"}},{\"@type\":\"Person\",\"@id\":\"https:\/\/www.museuolimpicbcn.cat\/ca\/#\/schema\/person\/b792834a53f193977df425a499287aa9\",\"name\":\"Ibone\",\"url\":\"https:\/\/www.museuolimpicbcn.cat\/es\/author\/fbolimpica\/\"}]}<\/script>\n<!-- \/ Yoast SEO plugin. -->","yoast_head_json":{"title":"Miembros de la Junta Directiva del Junior FC visita el Museu Ol\u00edmpic para visitar la exposici\u00f3n temporal dedicada a los m\u00e1s de 100 a\u00f1os de historia del Club - Museu Ol\u00edmpic i de l&#039;Esport Joan Antoni Samaranch. Barcelona","robots":{"index":"index","follow":"follow","max-snippet":"max-snippet:-1","max-image-preview":"max-image-preview:large","max-video-preview":"max-video-preview:-1"},"canonical":"https:\/\/www.museuolimpicbcn.cat\/es\/miembros-de-la-junta-directiva-del-junior-fc-visita-el-museu-olimpic-para-visitar-la-exposicion-temporal-dedicada-a-los-mas-de-100-anos-de-historia-del-club\/","og_locale":"es_ES","og_type":"article","og_title":"Miembros de la Junta Directiva del Junior FC visita el Museu Ol\u00edmpic para visitar la exposici\u00f3n temporal dedicada a los m\u00e1s de 100 a\u00f1os de historia del Club - Museu Ol\u00edmpic i de l&#039;Esport Joan Antoni Samaranch. Barcelona","og_description":"Marcos Hofmann, presidente del Junior FC, encabezaba el grupo compuesto por Sergi Renieblas, vicepresidente\u00a0segundo; Salvador Font, secretario; Katery Maragall, tesorera; Jordi Mu\u00f1oz, vocal de Hockey; Israel Ferreres, vocal de Padel; Sergi Beca, vocal de Tenis; Jorge Castro, vocal de otras secciones; Marc Permanyer, vocal social y comunicaci\u00f3n y el presidente de honor, Joan Maragall. El [&hellip;]","og_url":"https:\/\/www.museuolimpicbcn.cat\/es\/miembros-de-la-junta-directiva-del-junior-fc-visita-el-museu-olimpic-para-visitar-la-exposicion-temporal-dedicada-a-los-mas-de-100-anos-de-historia-del-club\/","og_site_name":"Museu Ol\u00edmpic i de l&#039;Esport Joan Antoni Samaranch. Barcelona","article_published_time":"2020-07-29T10:08:22+00:00","article_modified_time":"2020-07-29T10:13:24+00:00","og_image":[{"width":1903,"height":1071,"url":"https:\/\/www.museuolimpicbcn.cat\/wp-content\/uploads\/sites\/2\/2020\/07\/Museu-Olimpic-Junior-FC6.jpg","type":"image\/jpeg"}],"author":"Ibone","twitter_card":"summary_large_image","twitter_misc":{"Escrito por":"Ibone","Tiempo de lectura":"1 minuto"},"schema":{"@context":"https:\/\/schema.org","@graph":[{"@type":"Article","@id":"https:\/\/www.museuolimpicbcn.cat\/es\/miembros-de-la-junta-directiva-del-junior-fc-visita-el-museu-olimpic-para-visitar-la-exposicion-temporal-dedicada-a-los-mas-de-100-anos-de-historia-del-club\/#article","isPartOf":{"@id":"https:\/\/www.museuolimpicbcn.cat\/es\/miembros-de-la-junta-directiva-del-junior-fc-visita-el-museu-olimpic-para-visitar-la-exposicion-temporal-dedicada-a-los-mas-de-100-anos-de-historia-del-club\/"},"author":{"name":"Ibone","@id":"https:\/\/www.museuolimpicbcn.cat\/ca\/#\/schema\/person\/b792834a53f193977df425a499287aa9"},"headline":"Miembros de la Junta Directiva del Junior FC visita el Museu Ol\u00edmpic para visitar la exposici\u00f3n temporal dedicada a los m\u00e1s de 100 a\u00f1os de historia del Club","datePublished":"2020-07-29T10:08:22+00:00","dateModified":"2020-07-29T10:13:24+00:00","mainEntityOfPage":{"@id":"https:\/\/www.museuolimpicbcn.cat\/es\/miembros-de-la-junta-directiva-del-junior-fc-visita-el-museu-olimpic-para-visitar-la-exposicion-temporal-dedicada-a-los-mas-de-100-anos-de-historia-del-club\/"},"wordCount":208,"publisher":{"@id":"https:\/\/www.museuolimpicbcn.cat\/ca\/#organization"},"image":{"@id":"https:\/\/www.museuolimpicbcn.cat\/es\/miembros-de-la-junta-directiva-del-junior-fc-visita-el-museu-olimpic-para-visitar-la-exposicion-temporal-dedicada-a-los-mas-de-100-anos-de-historia-del-club\/#primaryimage"},"thumbnailUrl":"https:\/\/www.museuolimpicbcn.cat\/wp-content\/uploads\/sites\/2\/2020\/07\/Museu-Olimpic-Junior-FC6.jpg","articleSection":["Sin categorizar"],"inLanguage":"es"},{"@type":"WebPage","@id":"https:\/\/www.museuolimpicbcn.cat\/es\/miembros-de-la-junta-directiva-del-junior-fc-visita-el-museu-olimpic-para-visitar-la-exposicion-temporal-dedicada-a-los-mas-de-100-anos-de-historia-del-club\/","url":"https:\/\/www.museuolimpicbcn.cat\/es\/miembros-de-la-junta-directiva-del-junior-fc-visita-el-museu-olimpic-para-visitar-la-exposicion-temporal-dedicada-a-los-mas-de-100-anos-de-historia-del-club\/","name":"Miembros de la Junta Directiva del Junior FC visita el Museu Ol\u00edmpic para visitar la exposici\u00f3n temporal dedicada a los m\u00e1s de 100 a\u00f1os de historia del Club - Museu Ol\u00edmpic i de l&#039;Esport Joan Antoni Samaranch. Barcelona","isPartOf":{"@id":"https:\/\/www.museuolimpicbcn.cat\/ca\/#website"},"primaryImageOfPage":{"@id":"https:\/\/www.museuolimpicbcn.cat\/es\/miembros-de-la-junta-directiva-del-junior-fc-visita-el-museu-olimpic-para-visitar-la-exposicion-temporal-dedicada-a-los-mas-de-100-anos-de-historia-del-club\/#primaryimage"},"image":{"@id":"https:\/\/www.museuolimpicbcn.cat\/es\/miembros-de-la-junta-directiva-del-junior-fc-visita-el-museu-olimpic-para-visitar-la-exposicion-temporal-dedicada-a-los-mas-de-100-anos-de-historia-del-club\/#primaryimage"},"thumbnailUrl":"https:\/\/www.museuolimpicbcn.cat\/wp-content\/uploads\/sites\/2\/2020\/07\/Museu-Olimpic-Junior-FC6.jpg","datePublished":"2020-07-29T10:08:22+00:00","dateModified":"2020-07-29T10:13:24+00:00","breadcrumb":{"@id":"https:\/\/www.museuolimpicbcn.cat\/es\/miembros-de-la-junta-directiva-del-junior-fc-visita-el-museu-olimpic-para-visitar-la-exposicion-temporal-dedicada-a-los-mas-de-100-anos-de-historia-del-club\/#breadcrumb"},"inLanguage":"es","potentialAction":[{"@type":"ReadAction","target":["https:\/\/www.museuolimpicbcn.cat\/es\/miembros-de-la-junta-directiva-del-junior-fc-visita-el-museu-olimpic-para-visitar-la-exposicion-temporal-dedicada-a-los-mas-de-100-anos-de-historia-del-club\/"]}]},{"@type":"ImageObject","inLanguage":"es","@id":"https:\/\/www.museuolimpicbcn.cat\/es\/miembros-de-la-junta-directiva-del-junior-fc-visita-el-museu-olimpic-para-visitar-la-exposicion-temporal-dedicada-a-los-mas-de-100-anos-de-historia-del-club\/#primaryimage","url":"https:\/\/www.museuolimpicbcn.cat\/wp-content\/uploads\/sites\/2\/2020\/07\/Museu-Olimpic-Junior-FC6.jpg","contentUrl":"https:\/\/www.museuolimpicbcn.cat\/wp-content\/uploads\/sites\/2\/2020\/07\/Museu-Olimpic-Junior-FC6.jpg","width":1903,"height":1071,"caption":"Junta Directiva del Junior FC"},{"@type":"BreadcrumbList","@id":"https:\/\/www.museuolimpicbcn.cat\/es\/miembros-de-la-junta-directiva-del-junior-fc-visita-el-museu-olimpic-para-visitar-la-exposicion-temporal-dedicada-a-los-mas-de-100-anos-de-historia-del-club\/#breadcrumb","itemListElement":[{"@type":"ListItem","position":1,"name":"Inici","item":"https:\/\/www.museuolimpicbcn.cat\/es\/"},{"@type":"ListItem","position":2,"name":"Miembros de la Junta Directiva del Junior FC visita el Museu Ol\u00edmpic para visitar la exposici\u00f3n temporal dedicada a los m\u00e1s de 100 a\u00f1os de historia del Club"}]},{"@type":"WebSite","@id":"https:\/\/www.museuolimpicbcn.cat\/ca\/#website","url":"https:\/\/www.museuolimpicbcn.cat\/ca\/","name":"Museu Ol\u00edmpic i de l&#039;Esport Joan Antoni Samaranch. Barcelona","description":"Altre lloc Web del Museu Ol\u00edmpic i de l&#039;Esport llocs","publisher":{"@id":"https:\/\/www.museuolimpicbcn.cat\/ca\/#organization"},"potentialAction":[{"@type":"SearchAction","target":{"@type":"EntryPoint","urlTemplate":"https:\/\/www.museuolimpicbcn.cat\/ca\/?s={search_term_string}"},"query-input":{"@type":"PropertyValueSpecification","valueRequired":true,"valueName":"search_term_string"}}],"inLanguage":"es"},{"@type":"Organization","@id":"https:\/\/www.museuolimpicbcn.cat\/ca\/#organization","name":"Museu Ol\u00edmpic i de l&#039;Esport Joan Antoni Samaranch. Barcelona","url":"https:\/\/www.museuolimpicbcn.cat\/ca\/","logo":{"@type":"ImageObject","inLanguage":"es","@id":"https:\/\/www.museuolimpicbcn.cat\/ca\/#\/schema\/logo\/image\/","url":"https:\/\/www.museuolimpicbcn.cat\/wp-content\/uploads\/sites\/2\/2018\/12\/logo-moe-header.svg","contentUrl":"https:\/\/www.museuolimpicbcn.cat\/wp-content\/uploads\/sites\/2\/2018\/12\/logo-moe-header.svg","caption":"Museu Ol\u00edmpic i de l&#039;Esport Joan Antoni Samaranch. Barcelona"},"image":{"@id":"https:\/\/www.museuolimpicbcn.cat\/ca\/#\/schema\/logo\/image\/"}},{"@type":"Person","@id":"https:\/\/www.museuolimpicbcn.cat\/ca\/#\/schema\/person\/b792834a53f193977df425a499287aa9","name":"Ibone","url":"https:\/\/www.museuolimpicbcn.cat\/es\/author\/fbolimpica\/"}]}},"_links":{"self":[{"href":"https:\/\/www.museuolimpicbcn.cat\/es\/wp-json\/wp\/v2\/posts\/25401"}],"collection":[{"href":"https:\/\/www.museuolimpicbcn.cat\/es\/wp-json\/wp\/v2\/posts"}],"about":[{"href":"https:\/\/www.museuolimpicbcn.cat\/es\/wp-json\/wp\/v2\/types\/post"}],"author":[{"embeddable":true,"href":"https:\/\/www.museuolimpicbcn.cat\/es\/wp-json\/wp\/v2\/users\/11"}],"replies":[{"embeddable":true,"href":"https:\/\/www.museuolimpicbcn.cat\/es\/wp-json\/wp\/v2\/comments?post=25401"}],"version-history":[{"count":3,"href":"https:\/\/www.museuolimpicbcn.cat\/es\/wp-json\/wp\/v2\/posts\/25401\/revisions"}],"predecessor-version":[{"id":25413,"href":"https:\/\/www.museuolimpicbcn.cat\/es\/wp-json\/wp\/v2\/posts\/25401\/revisions\/25413"}],"wp:featuredmedia":[{"embeddable":true,"href":"https:\/\/www.museuolimpicbcn.cat\/es\/wp-json\/wp\/v2\/media\/25402"}],"wp:attachment":[{"href":"https:\/\/www.museuolimpicbcn.cat\/es\/wp-json\/wp\/v2\/media?parent=25401"}],"wp:term":[{"taxonomy":"category","embeddable":true,"href":"https:\/\/www.museuolimpicbcn.cat\/es\/wp-json\/wp\/v2\/categories?post=25401"},{"taxonomy":"post_tag","embeddable":true,"href":"https:\/\/www.museuolimpicbcn.cat\/es\/wp-json\/wp\/v2\/tags?post=25401"}],"curies":[{"name":"wp","href":"https:\/\/api.w.org\/{rel}","templated":true}]}}