{"id":25689,"date":"2020-09-30T19:24:38","date_gmt":"2020-09-30T17:24:38","guid":{"rendered":"https:\/\/www.museuolimpicbcn.cat\/?p=25689"},"modified":"2020-10-01T10:54:12","modified_gmt":"2020-10-01T08:54:12","slug":"hay-que-adaptarse-y-las-tecnologias-nos-lo-permite","status":"publish","type":"post","link":"https:\/\/www.museuolimpicbcn.cat\/es\/hay-que-adaptarse-y-las-tecnologias-nos-lo-permite\/","title":{"rendered":"Hay que adaptarse y las tecnolog\u00edas nos lo permite"},"content":{"rendered":"\t\t<div data-elementor-type=\"wp-post\" data-elementor-id=\"25689\" class=\"elementor elementor-25689\" data-elementor-post-type=\"post\">\n\t\t\t\t\t\t<section class=\"elementor-section elementor-top-section elementor-element elementor-element-7a5faefe elementor-section-boxed elementor-section-height-default elementor-section-height-default\" data-id=\"7a5faefe\" data-element_type=\"section\">\n\t\t\t\t\t\t<div class=\"elementor-container elementor-column-gap-default\">\n\t\t\t\t\t<div class=\"elementor-column elementor-col-100 elementor-top-column elementor-element elementor-element-74caa240\" data-id=\"74caa240\" data-element_type=\"column\">\n\t\t\t<div class=\"elementor-widget-wrap elementor-element-populated\">\n\t\t\t\t\t\t<div class=\"elementor-element elementor-element-65d38677 elementor-widget elementor-widget-text-editor\" data-id=\"65d38677\" data-element_type=\"widget\" data-widget_type=\"text-editor.default\">\n\t\t\t\t<div class=\"elementor-widget-container\">\n\t\t\t\t\t\t\t\t\t<p>La jornada \u201cLos nuevos escenarios virtuales en el deporte\u201d del ciclo de conferencias \u201cel valor del deporte en el siglo XXI\u201d se ha realizado en las instalaciones del Museu Ol\u00edmpic y ha sido retransmitida v\u00eda streaming a trav\u00e9s del canal YouTube del BCN Esports. David Escud\u00e9, regidor de deportes del Ayuntamiento de Barcelona y presidente de la Fundaci\u00f3 Barcelona Ol\u00edmpica ha destacado la importancia de esta jornada, ya que la necesidad nos ha hecho adaptar a la demanda de los ciudadanos.<\/p><p>La jornada coordinada por el periodista de TV3 Jordi Fandi\u00f1o ha contado con la presencia de Bernat Gay\u00e0, socio-consultor\u00a0de 3 POC Consulting; Josep Maria Figueras, Managing Director de YFS Barcelona; Olga L\u00f3pez, Directora de Innovaci\u00f3n y Calidad deportiva del Club Claror y Miriam Garc\u00eda, conocida influencer en el \u00e1mbito deportivo.\u00a0<\/p><p>Los ponentes han dialogado sobre las perspectivas de futuro del deporte haciendo hincapi\u00e9 en Barcelona, ciudad muy vinculada al deporte y donde gran parte de la poblaci\u00f3n practica deporte de forma activa.<\/p><p>Una conferencia muy interesante que puedes volver a ver <a href=\"https:\/\/youtu.be\/SsOzAovNWx4\">AQU\u00cd<\/a><\/p>\t\t\t\t\t\t\t\t<\/div>\n\t\t\t\t<\/div>\n\t\t\t\t\t<\/div>\n\t\t<\/div>\n\t\t\t\t\t<\/div>\n\t\t<\/section>\n\t\t\t\t<section class=\"elementor-section elementor-top-section elementor-element elementor-element-df152a2 elementor-section-boxed elementor-section-height-default elementor-section-height-default\" data-id=\"df152a2\" data-element_type=\"section\">\n\t\t\t\t\t\t<div class=\"elementor-container elementor-column-gap-default\">\n\t\t\t\t\t<div class=\"elementor-column elementor-col-100 elementor-top-column elementor-element elementor-element-b421126\" data-id=\"b421126\" data-element_type=\"column\">\n\t\t\t<div class=\"elementor-widget-wrap elementor-element-populated\">\n\t\t\t\t\t\t<div class=\"elementor-element elementor-element-e936525 elementor-widget elementor-widget-video\" data-id=\"e936525\" data-element_type=\"widget\" data-settings=\"{&quot;youtube_url&quot;:&quot;https:\\\/\\\/www.youtube.com\\\/watch?v=SsOzAovNWx4&amp;feature=youtu.be&quot;,&quot;start&quot;:&quot;430&quot;,&quot;video_type&quot;:&quot;youtube&quot;,&quot;controls&quot;:&quot;yes&quot;}\" data-widget_type=\"video.default\">\n\t\t\t\t<div class=\"elementor-widget-container\">\n\t\t\t\t\t\t\t<div class=\"elementor-wrapper elementor-open-inline\">\n\t\t\t<div class=\"elementor-video\"><\/div>\t\t<\/div>\n\t\t\t\t\t\t<\/div>\n\t\t\t\t<\/div>\n\t\t\t\t\t<\/div>\n\t\t<\/div>\n\t\t\t\t\t<\/div>\n\t\t<\/section>\n\t\t\t\t<\/div>\n\t\t","protected":false},"excerpt":{"rendered":"<p>La jornada \u201cLos nuevos escenarios virtuales en el deporte\u201d del ciclo de conferencias \u201cel valor del deporte en el siglo XXI\u201d se ha realizado en las instalaciones del Museu Ol\u00edmpic y ha sido retransmitida v\u00eda streaming a trav\u00e9s del canal YouTube del BCN Esports. David Escud\u00e9, regidor de deportes del Ayuntamiento de Barcelona y presidente [&hellip;]<\/p>\n","protected":false},"author":11,"featured_media":25691,"comment_status":"closed","ping_status":"closed","sticky":false,"template":"","format":"standard","meta":{"_acf_changed":false,"_price":"","_stock":"","_tribe_ticket_header":"","_tribe_default_ticket_provider":"","_tribe_ticket_capacity":"0","_ticket_start_date":"","_ticket_end_date":"","_tribe_ticket_show_description":"","_tribe_ticket_show_not_going":false,"_tribe_ticket_use_global_stock":"","_tribe_ticket_global_stock_level":"","_global_stock_mode":"","_global_stock_cap":"","_tribe_rsvp_for_event":"","_tribe_ticket_going_count":"","_tribe_ticket_not_going_count":"","_tribe_tickets_list":"[]","_tribe_ticket_has_attendee_info_fields":false,"footnotes":""},"categories":[3],"tags":[],"class_list":["post-25689","post","type-post","status-publish","format-standard","has-post-thumbnail","hentry","category-sin-categorizar"],"acf":[],"yoast_head":"<!-- This site is optimized with the Yoast SEO plugin v23.7 - https:\/\/yoast.com\/wordpress\/plugins\/seo\/ -->\n<title>Hay que adaptarse y las tecnolog\u00edas nos lo permite - Museu Ol\u00edmpic i de l&#039;Esport Joan Antoni Samaranch. Barcelona<\/title>\n<meta name=\"robots\" content=\"index, follow, max-snippet:-1, max-image-preview:large, max-video-preview:-1\" \/>\n<link rel=\"canonical\" href=\"https:\/\/www.museuolimpicbcn.cat\/es\/hay-que-adaptarse-y-las-tecnologias-nos-lo-permite\/\" \/>\n<meta property=\"og:locale\" content=\"es_ES\" \/>\n<meta property=\"og:type\" content=\"article\" \/>\n<meta property=\"og:title\" content=\"Hay que adaptarse y las tecnolog\u00edas nos lo permite - Museu Ol\u00edmpic i de l&#039;Esport Joan Antoni Samaranch. Barcelona\" \/>\n<meta property=\"og:description\" content=\"La jornada \u201cLos nuevos escenarios virtuales en el deporte\u201d del ciclo de conferencias \u201cel valor del deporte en el siglo XXI\u201d se ha realizado en las instalaciones del Museu Ol\u00edmpic y ha sido retransmitida v\u00eda streaming a trav\u00e9s del canal YouTube del BCN Esports. David Escud\u00e9, regidor de deportes del Ayuntamiento de Barcelona y presidente [&hellip;]\" \/>\n<meta property=\"og:url\" content=\"https:\/\/www.museuolimpicbcn.cat\/es\/hay-que-adaptarse-y-las-tecnologias-nos-lo-permite\/\" \/>\n<meta property=\"og:site_name\" content=\"Museu Ol\u00edmpic i de l&#039;Esport Joan Antoni Samaranch. Barcelona\" \/>\n<meta property=\"article:published_time\" content=\"2020-09-30T17:24:38+00:00\" \/>\n<meta property=\"article:modified_time\" content=\"2020-10-01T08:54:12+00:00\" \/>\n<meta property=\"og:image\" content=\"https:\/\/www.museuolimpicbcn.cat\/wp-content\/uploads\/sites\/2\/2020\/09\/MuseuOlimpicBCN_Jornadas_Esport_Escude.jpeg\" \/>\n\t<meta property=\"og:image:width\" content=\"1600\" \/>\n\t<meta property=\"og:image:height\" content=\"1200\" \/>\n\t<meta property=\"og:image:type\" content=\"image\/jpeg\" \/>\n<meta name=\"author\" content=\"Ibone\" \/>\n<meta name=\"twitter:card\" content=\"summary_large_image\" \/>\n<meta name=\"twitter:label1\" content=\"Escrito por\" \/>\n\t<meta name=\"twitter:data1\" content=\"Ibone\" \/>\n\t<meta name=\"twitter:label2\" content=\"Tiempo de lectura\" \/>\n\t<meta name=\"twitter:data2\" content=\"1 minuto\" \/>\n<script type=\"application\/ld+json\" class=\"yoast-schema-graph\">{\"@context\":\"https:\/\/schema.org\",\"@graph\":[{\"@type\":\"Article\",\"@id\":\"https:\/\/www.museuolimpicbcn.cat\/es\/hay-que-adaptarse-y-las-tecnologias-nos-lo-permite\/#article\",\"isPartOf\":{\"@id\":\"https:\/\/www.museuolimpicbcn.cat\/es\/hay-que-adaptarse-y-las-tecnologias-nos-lo-permite\/\"},\"author\":{\"name\":\"Ibone\",\"@id\":\"https:\/\/www.museuolimpicbcn.cat\/ca\/#\/schema\/person\/b792834a53f193977df425a499287aa9\"},\"headline\":\"Hay que adaptarse y las tecnolog\u00edas nos lo permite\",\"datePublished\":\"2020-09-30T17:24:38+00:00\",\"dateModified\":\"2020-10-01T08:54:12+00:00\",\"mainEntityOfPage\":{\"@id\":\"https:\/\/www.museuolimpicbcn.cat\/es\/hay-que-adaptarse-y-las-tecnologias-nos-lo-permite\/\"},\"wordCount\":202,\"publisher\":{\"@id\":\"https:\/\/www.museuolimpicbcn.cat\/ca\/#organization\"},\"image\":{\"@id\":\"https:\/\/www.museuolimpicbcn.cat\/es\/hay-que-adaptarse-y-las-tecnologias-nos-lo-permite\/#primaryimage\"},\"thumbnailUrl\":\"https:\/\/www.museuolimpicbcn.cat\/wp-content\/uploads\/sites\/2\/2020\/09\/MuseuOlimpicBCN_Jornadas_Esport_Escude.jpeg\",\"articleSection\":[\"Sin categorizar\"],\"inLanguage\":\"es\"},{\"@type\":\"WebPage\",\"@id\":\"https:\/\/www.museuolimpicbcn.cat\/es\/hay-que-adaptarse-y-las-tecnologias-nos-lo-permite\/\",\"url\":\"https:\/\/www.museuolimpicbcn.cat\/es\/hay-que-adaptarse-y-las-tecnologias-nos-lo-permite\/\",\"name\":\"Hay que adaptarse y las tecnolog\u00edas nos lo permite - Museu Ol\u00edmpic i de l&#039;Esport Joan Antoni Samaranch. Barcelona\",\"isPartOf\":{\"@id\":\"https:\/\/www.museuolimpicbcn.cat\/ca\/#website\"},\"primaryImageOfPage\":{\"@id\":\"https:\/\/www.museuolimpicbcn.cat\/es\/hay-que-adaptarse-y-las-tecnologias-nos-lo-permite\/#primaryimage\"},\"image\":{\"@id\":\"https:\/\/www.museuolimpicbcn.cat\/es\/hay-que-adaptarse-y-las-tecnologias-nos-lo-permite\/#primaryimage\"},\"thumbnailUrl\":\"https:\/\/www.museuolimpicbcn.cat\/wp-content\/uploads\/sites\/2\/2020\/09\/MuseuOlimpicBCN_Jornadas_Esport_Escude.jpeg\",\"datePublished\":\"2020-09-30T17:24:38+00:00\",\"dateModified\":\"2020-10-01T08:54:12+00:00\",\"breadcrumb\":{\"@id\":\"https:\/\/www.museuolimpicbcn.cat\/es\/hay-que-adaptarse-y-las-tecnologias-nos-lo-permite\/#breadcrumb\"},\"inLanguage\":\"es\",\"potentialAction\":[{\"@type\":\"ReadAction\",\"target\":[\"https:\/\/www.museuolimpicbcn.cat\/es\/hay-que-adaptarse-y-las-tecnologias-nos-lo-permite\/\"]}]},{\"@type\":\"ImageObject\",\"inLanguage\":\"es\",\"@id\":\"https:\/\/www.museuolimpicbcn.cat\/es\/hay-que-adaptarse-y-las-tecnologias-nos-lo-permite\/#primaryimage\",\"url\":\"https:\/\/www.museuolimpicbcn.cat\/wp-content\/uploads\/sites\/2\/2020\/09\/MuseuOlimpicBCN_Jornadas_Esport_Escude.jpeg\",\"contentUrl\":\"https:\/\/www.museuolimpicbcn.cat\/wp-content\/uploads\/sites\/2\/2020\/09\/MuseuOlimpicBCN_Jornadas_Esport_Escude.jpeg\",\"width\":1600,\"height\":1200},{\"@type\":\"BreadcrumbList\",\"@id\":\"https:\/\/www.museuolimpicbcn.cat\/es\/hay-que-adaptarse-y-las-tecnologias-nos-lo-permite\/#breadcrumb\",\"itemListElement\":[{\"@type\":\"ListItem\",\"position\":1,\"name\":\"Inici\",\"item\":\"https:\/\/www.museuolimpicbcn.cat\/es\/\"},{\"@type\":\"ListItem\",\"position\":2,\"name\":\"Hay que adaptarse y las tecnolog\u00edas nos lo permite\"}]},{\"@type\":\"WebSite\",\"@id\":\"https:\/\/www.museuolimpicbcn.cat\/ca\/#website\",\"url\":\"https:\/\/www.museuolimpicbcn.cat\/ca\/\",\"name\":\"Museu Ol\u00edmpic i de l&#039;Esport Joan Antoni Samaranch. Barcelona\",\"description\":\"Altre lloc Web del Museu Ol\u00edmpic i de l&#039;Esport llocs\",\"publisher\":{\"@id\":\"https:\/\/www.museuolimpicbcn.cat\/ca\/#organization\"},\"potentialAction\":[{\"@type\":\"SearchAction\",\"target\":{\"@type\":\"EntryPoint\",\"urlTemplate\":\"https:\/\/www.museuolimpicbcn.cat\/ca\/?s={search_term_string}\"},\"query-input\":{\"@type\":\"PropertyValueSpecification\",\"valueRequired\":true,\"valueName\":\"search_term_string\"}}],\"inLanguage\":\"es\"},{\"@type\":\"Organization\",\"@id\":\"https:\/\/www.museuolimpicbcn.cat\/ca\/#organization\",\"name\":\"Museu Ol\u00edmpic i de l&#039;Esport Joan Antoni Samaranch. Barcelona\",\"url\":\"https:\/\/www.museuolimpicbcn.cat\/ca\/\",\"logo\":{\"@type\":\"ImageObject\",\"inLanguage\":\"es\",\"@id\":\"https:\/\/www.museuolimpicbcn.cat\/ca\/#\/schema\/logo\/image\/\",\"url\":\"https:\/\/www.museuolimpicbcn.cat\/wp-content\/uploads\/sites\/2\/2018\/12\/logo-moe-header.svg\",\"contentUrl\":\"https:\/\/www.museuolimpicbcn.cat\/wp-content\/uploads\/sites\/2\/2018\/12\/logo-moe-header.svg\",\"caption\":\"Museu Ol\u00edmpic i de l&#039;Esport Joan Antoni Samaranch. Barcelona\"},\"image\":{\"@id\":\"https:\/\/www.museuolimpicbcn.cat\/ca\/#\/schema\/logo\/image\/\"}},{\"@type\":\"Person\",\"@id\":\"https:\/\/www.museuolimpicbcn.cat\/ca\/#\/schema\/person\/b792834a53f193977df425a499287aa9\",\"name\":\"Ibone\",\"url\":\"https:\/\/www.museuolimpicbcn.cat\/es\/author\/fbolimpica\/\"}]}<\/script>\n<!-- \/ Yoast SEO plugin. -->","yoast_head_json":{"title":"Hay que adaptarse y las tecnolog\u00edas nos lo permite - Museu Ol\u00edmpic i de l&#039;Esport Joan Antoni Samaranch. Barcelona","robots":{"index":"index","follow":"follow","max-snippet":"max-snippet:-1","max-image-preview":"max-image-preview:large","max-video-preview":"max-video-preview:-1"},"canonical":"https:\/\/www.museuolimpicbcn.cat\/es\/hay-que-adaptarse-y-las-tecnologias-nos-lo-permite\/","og_locale":"es_ES","og_type":"article","og_title":"Hay que adaptarse y las tecnolog\u00edas nos lo permite - Museu Ol\u00edmpic i de l&#039;Esport Joan Antoni Samaranch. Barcelona","og_description":"La jornada \u201cLos nuevos escenarios virtuales en el deporte\u201d del ciclo de conferencias \u201cel valor del deporte en el siglo XXI\u201d se ha realizado en las instalaciones del Museu Ol\u00edmpic y ha sido retransmitida v\u00eda streaming a trav\u00e9s del canal YouTube del BCN Esports. David Escud\u00e9, regidor de deportes del Ayuntamiento de Barcelona y presidente [&hellip;]","og_url":"https:\/\/www.museuolimpicbcn.cat\/es\/hay-que-adaptarse-y-las-tecnologias-nos-lo-permite\/","og_site_name":"Museu Ol\u00edmpic i de l&#039;Esport Joan Antoni Samaranch. Barcelona","article_published_time":"2020-09-30T17:24:38+00:00","article_modified_time":"2020-10-01T08:54:12+00:00","og_image":[{"width":1600,"height":1200,"url":"https:\/\/www.museuolimpicbcn.cat\/wp-content\/uploads\/sites\/2\/2020\/09\/MuseuOlimpicBCN_Jornadas_Esport_Escude.jpeg","type":"image\/jpeg"}],"author":"Ibone","twitter_card":"summary_large_image","twitter_misc":{"Escrito por":"Ibone","Tiempo de lectura":"1 minuto"},"schema":{"@context":"https:\/\/schema.org","@graph":[{"@type":"Article","@id":"https:\/\/www.museuolimpicbcn.cat\/es\/hay-que-adaptarse-y-las-tecnologias-nos-lo-permite\/#article","isPartOf":{"@id":"https:\/\/www.museuolimpicbcn.cat\/es\/hay-que-adaptarse-y-las-tecnologias-nos-lo-permite\/"},"author":{"name":"Ibone","@id":"https:\/\/www.museuolimpicbcn.cat\/ca\/#\/schema\/person\/b792834a53f193977df425a499287aa9"},"headline":"Hay que adaptarse y las tecnolog\u00edas nos lo permite","datePublished":"2020-09-30T17:24:38+00:00","dateModified":"2020-10-01T08:54:12+00:00","mainEntityOfPage":{"@id":"https:\/\/www.museuolimpicbcn.cat\/es\/hay-que-adaptarse-y-las-tecnologias-nos-lo-permite\/"},"wordCount":202,"publisher":{"@id":"https:\/\/www.museuolimpicbcn.cat\/ca\/#organization"},"image":{"@id":"https:\/\/www.museuolimpicbcn.cat\/es\/hay-que-adaptarse-y-las-tecnologias-nos-lo-permite\/#primaryimage"},"thumbnailUrl":"https:\/\/www.museuolimpicbcn.cat\/wp-content\/uploads\/sites\/2\/2020\/09\/MuseuOlimpicBCN_Jornadas_Esport_Escude.jpeg","articleSection":["Sin categorizar"],"inLanguage":"es"},{"@type":"WebPage","@id":"https:\/\/www.museuolimpicbcn.cat\/es\/hay-que-adaptarse-y-las-tecnologias-nos-lo-permite\/","url":"https:\/\/www.museuolimpicbcn.cat\/es\/hay-que-adaptarse-y-las-tecnologias-nos-lo-permite\/","name":"Hay que adaptarse y las tecnolog\u00edas nos lo permite - Museu Ol\u00edmpic i de l&#039;Esport Joan Antoni Samaranch. Barcelona","isPartOf":{"@id":"https:\/\/www.museuolimpicbcn.cat\/ca\/#website"},"primaryImageOfPage":{"@id":"https:\/\/www.museuolimpicbcn.cat\/es\/hay-que-adaptarse-y-las-tecnologias-nos-lo-permite\/#primaryimage"},"image":{"@id":"https:\/\/www.museuolimpicbcn.cat\/es\/hay-que-adaptarse-y-las-tecnologias-nos-lo-permite\/#primaryimage"},"thumbnailUrl":"https:\/\/www.museuolimpicbcn.cat\/wp-content\/uploads\/sites\/2\/2020\/09\/MuseuOlimpicBCN_Jornadas_Esport_Escude.jpeg","datePublished":"2020-09-30T17:24:38+00:00","dateModified":"2020-10-01T08:54:12+00:00","breadcrumb":{"@id":"https:\/\/www.museuolimpicbcn.cat\/es\/hay-que-adaptarse-y-las-tecnologias-nos-lo-permite\/#breadcrumb"},"inLanguage":"es","potentialAction":[{"@type":"ReadAction","target":["https:\/\/www.museuolimpicbcn.cat\/es\/hay-que-adaptarse-y-las-tecnologias-nos-lo-permite\/"]}]},{"@type":"ImageObject","inLanguage":"es","@id":"https:\/\/www.museuolimpicbcn.cat\/es\/hay-que-adaptarse-y-las-tecnologias-nos-lo-permite\/#primaryimage","url":"https:\/\/www.museuolimpicbcn.cat\/wp-content\/uploads\/sites\/2\/2020\/09\/MuseuOlimpicBCN_Jornadas_Esport_Escude.jpeg","contentUrl":"https:\/\/www.museuolimpicbcn.cat\/wp-content\/uploads\/sites\/2\/2020\/09\/MuseuOlimpicBCN_Jornadas_Esport_Escude.jpeg","width":1600,"height":1200},{"@type":"BreadcrumbList","@id":"https:\/\/www.museuolimpicbcn.cat\/es\/hay-que-adaptarse-y-las-tecnologias-nos-lo-permite\/#breadcrumb","itemListElement":[{"@type":"ListItem","position":1,"name":"Inici","item":"https:\/\/www.museuolimpicbcn.cat\/es\/"},{"@type":"ListItem","position":2,"name":"Hay que adaptarse y las tecnolog\u00edas nos lo permite"}]},{"@type":"WebSite","@id":"https:\/\/www.museuolimpicbcn.cat\/ca\/#website","url":"https:\/\/www.museuolimpicbcn.cat\/ca\/","name":"Museu Ol\u00edmpic i de l&#039;Esport Joan Antoni Samaranch. Barcelona","description":"Altre lloc Web del Museu Ol\u00edmpic i de l&#039;Esport llocs","publisher":{"@id":"https:\/\/www.museuolimpicbcn.cat\/ca\/#organization"},"potentialAction":[{"@type":"SearchAction","target":{"@type":"EntryPoint","urlTemplate":"https:\/\/www.museuolimpicbcn.cat\/ca\/?s={search_term_string}"},"query-input":{"@type":"PropertyValueSpecification","valueRequired":true,"valueName":"search_term_string"}}],"inLanguage":"es"},{"@type":"Organization","@id":"https:\/\/www.museuolimpicbcn.cat\/ca\/#organization","name":"Museu Ol\u00edmpic i de l&#039;Esport Joan Antoni Samaranch. Barcelona","url":"https:\/\/www.museuolimpicbcn.cat\/ca\/","logo":{"@type":"ImageObject","inLanguage":"es","@id":"https:\/\/www.museuolimpicbcn.cat\/ca\/#\/schema\/logo\/image\/","url":"https:\/\/www.museuolimpicbcn.cat\/wp-content\/uploads\/sites\/2\/2018\/12\/logo-moe-header.svg","contentUrl":"https:\/\/www.museuolimpicbcn.cat\/wp-content\/uploads\/sites\/2\/2018\/12\/logo-moe-header.svg","caption":"Museu Ol\u00edmpic i de l&#039;Esport Joan Antoni Samaranch. Barcelona"},"image":{"@id":"https:\/\/www.museuolimpicbcn.cat\/ca\/#\/schema\/logo\/image\/"}},{"@type":"Person","@id":"https:\/\/www.museuolimpicbcn.cat\/ca\/#\/schema\/person\/b792834a53f193977df425a499287aa9","name":"Ibone","url":"https:\/\/www.museuolimpicbcn.cat\/es\/author\/fbolimpica\/"}]}},"_links":{"self":[{"href":"https:\/\/www.museuolimpicbcn.cat\/es\/wp-json\/wp\/v2\/posts\/25689"}],"collection":[{"href":"https:\/\/www.museuolimpicbcn.cat\/es\/wp-json\/wp\/v2\/posts"}],"about":[{"href":"https:\/\/www.museuolimpicbcn.cat\/es\/wp-json\/wp\/v2\/types\/post"}],"author":[{"embeddable":true,"href":"https:\/\/www.museuolimpicbcn.cat\/es\/wp-json\/wp\/v2\/users\/11"}],"replies":[{"embeddable":true,"href":"https:\/\/www.museuolimpicbcn.cat\/es\/wp-json\/wp\/v2\/comments?post=25689"}],"version-history":[{"count":5,"href":"https:\/\/www.museuolimpicbcn.cat\/es\/wp-json\/wp\/v2\/posts\/25689\/revisions"}],"predecessor-version":[{"id":25703,"href":"https:\/\/www.museuolimpicbcn.cat\/es\/wp-json\/wp\/v2\/posts\/25689\/revisions\/25703"}],"wp:featuredmedia":[{"embeddable":true,"href":"https:\/\/www.museuolimpicbcn.cat\/es\/wp-json\/wp\/v2\/media\/25691"}],"wp:attachment":[{"href":"https:\/\/www.museuolimpicbcn.cat\/es\/wp-json\/wp\/v2\/media?parent=25689"}],"wp:term":[{"taxonomy":"category","embeddable":true,"href":"https:\/\/www.museuolimpicbcn.cat\/es\/wp-json\/wp\/v2\/categories?post=25689"},{"taxonomy":"post_tag","embeddable":true,"href":"https:\/\/www.museuolimpicbcn.cat\/es\/wp-json\/wp\/v2\/tags?post=25689"}],"curies":[{"name":"wp","href":"https:\/\/api.w.org\/{rel}","templated":true}]}}