{"id":25750,"date":"2020-11-06T10:56:20","date_gmt":"2020-11-06T09:56:20","guid":{"rendered":"https:\/\/www.museuolimpicbcn.cat\/?p=25750"},"modified":"2020-11-06T10:56:20","modified_gmt":"2020-11-06T09:56:20","slug":"el-espectaculo-del-deporte-tras-la-covid-19-la-perspectiva-de-profesionales-del-deporte","status":"publish","type":"post","link":"https:\/\/www.museuolimpicbcn.cat\/es\/el-espectaculo-del-deporte-tras-la-covid-19-la-perspectiva-de-profesionales-del-deporte\/","title":{"rendered":"\u201cEl espect\u00e1culo del deporte tras la Covid-19\u201d la perspectiva de profesionales del deporte"},"content":{"rendered":"<p>Durante 3 d\u00edas, Palco23 ha desarrollado sus jornadas Sport Business Meeting v\u00eda streaming desde el Museu Ol\u00edmpic de Barcelona.<\/p>\n<p><strong>Sports Business Meeting ha explorado un nuevo formato en su 3\u00aa edici\u00f3n para adaptarse al entorno marcado por la Covid-19 con una convocatoria 100% digital que ha tenido lugar del 3 al 5 de noviembre con sede en el Museu Ol\u00edmpic de Barcelona<\/strong>, y en la que ha vuelto a reunir al mejor elenco de expertos y directivos del sector. Bajo el t\u00edtulo <em>El espect\u00e1culo del deporte tras la Covid-19<\/em>, Sports Business Meeting 2020 se ha transmitido en streaming durante las tres jornadas, contando con ponencias, entrevistas y paneles de expertos tales como David Escud\u00e9, regidor d\u2019Esports de l\u2019Ajuntament de Barcelona, Luis Bassat, empresario de la publicidad; David Dellea, PwC; Juan del R\u00edo, Viva Gym; Carlos Cant\u00f3 Naves, Spsg Consulting; Melcior Soler, LaLiga; Ignacio N\u00fa\u00f1ez, Gipuzkoa Basket; Andrew Saxton, Kantar Worldpanel; Jes\u00fas Garc\u00eda, RPM-MKTG; Jos\u00e9 Ram\u00f3n Diaz, Good Game Group ; Patricia Rodr\u00edguez, Elche CF; Jordi Vi\u00f1as Fort, Itik Consulting Sport &amp; Leisur; David Meire, Hurley; Susana Closa Castella, Ajuntament de Barcelona y Alfonso Feijoo, Federaci\u00f3n Espa\u00f1ola de Rugby.<\/p>\n<p><a href=\"https:\/\/www.palco23.com\/entorno\/sports-business-meeting-2020-mas-de-1500-conectados-al-dia-para-reinventar-el-espectaculo-del-deporte.html\">RESUMEN JORNADAS Palco 23<\/a><\/p>\n","protected":false},"excerpt":{"rendered":"<p>Durante 3 d\u00edas, Palco23 ha desarrollado sus jornadas Sport Business Meeting v\u00eda streaming desde el Museu Ol\u00edmpic de Barcelona. Sports Business Meeting ha explorado un nuevo formato en su 3\u00aa edici\u00f3n para adaptarse al entorno marcado por la Covid-19 con una convocatoria 100% digital que ha tenido lugar del 3 al 5 de noviembre con [&hellip;]<\/p>\n","protected":false},"author":11,"featured_media":25747,"comment_status":"closed","ping_status":"closed","sticky":false,"template":"","format":"standard","meta":{"_acf_changed":false,"_price":"","_stock":"","_tribe_ticket_header":"","_tribe_default_ticket_provider":"","_tribe_ticket_capacity":"0","_ticket_start_date":"","_ticket_end_date":"","_tribe_ticket_show_description":"","_tribe_ticket_show_not_going":false,"_tribe_ticket_use_global_stock":"","_tribe_ticket_global_stock_level":"","_global_stock_mode":"","_global_stock_cap":"","_tribe_rsvp_for_event":"","_tribe_ticket_going_count":"","_tribe_ticket_not_going_count":"","_tribe_tickets_list":"[]","_tribe_ticket_has_attendee_info_fields":false,"footnotes":""},"categories":[3],"tags":[],"class_list":["post-25750","post","type-post","status-publish","format-standard","has-post-thumbnail","hentry","category-sin-categorizar"],"acf":[],"yoast_head":"<!-- This site is optimized with the Yoast SEO plugin v23.7 - https:\/\/yoast.com\/wordpress\/plugins\/seo\/ -->\n<title>\u201cEl espect\u00e1culo del deporte tras la Covid-19\u201d la perspectiva de profesionales del deporte - Museu Ol\u00edmpic i de l&#039;Esport Joan Antoni Samaranch. Barcelona<\/title>\n<meta name=\"robots\" content=\"index, follow, max-snippet:-1, max-image-preview:large, max-video-preview:-1\" \/>\n<link rel=\"canonical\" href=\"https:\/\/www.museuolimpicbcn.cat\/es\/el-espectaculo-del-deporte-tras-la-covid-19-la-perspectiva-de-profesionales-del-deporte\/\" \/>\n<meta property=\"og:locale\" content=\"es_ES\" \/>\n<meta property=\"og:type\" content=\"article\" \/>\n<meta property=\"og:title\" content=\"\u201cEl espect\u00e1culo del deporte tras la Covid-19\u201d la perspectiva de profesionales del deporte - Museu Ol\u00edmpic i de l&#039;Esport Joan Antoni Samaranch. Barcelona\" \/>\n<meta property=\"og:description\" content=\"Durante 3 d\u00edas, Palco23 ha desarrollado sus jornadas Sport Business Meeting v\u00eda streaming desde el Museu Ol\u00edmpic de Barcelona. Sports Business Meeting ha explorado un nuevo formato en su 3\u00aa edici\u00f3n para adaptarse al entorno marcado por la Covid-19 con una convocatoria 100% digital que ha tenido lugar del 3 al 5 de noviembre con [&hellip;]\" \/>\n<meta property=\"og:url\" content=\"https:\/\/www.museuolimpicbcn.cat\/es\/el-espectaculo-del-deporte-tras-la-covid-19-la-perspectiva-de-profesionales-del-deporte\/\" \/>\n<meta property=\"og:site_name\" content=\"Museu Ol\u00edmpic i de l&#039;Esport Joan Antoni Samaranch. Barcelona\" \/>\n<meta property=\"article:published_time\" content=\"2020-11-06T09:56:20+00:00\" \/>\n<meta property=\"og:image\" content=\"https:\/\/www.museuolimpicbcn.cat\/wp-content\/uploads\/sites\/2\/2020\/11\/Museu-Olimpic-streaming2-SBM2020.jpg\" \/>\n\t<meta property=\"og:image:width\" content=\"3024\" \/>\n\t<meta property=\"og:image:height\" content=\"2318\" \/>\n\t<meta property=\"og:image:type\" content=\"image\/jpeg\" \/>\n<meta name=\"author\" content=\"Ibone\" \/>\n<meta name=\"twitter:card\" content=\"summary_large_image\" \/>\n<meta name=\"twitter:label1\" content=\"Escrito por\" \/>\n\t<meta name=\"twitter:data1\" content=\"Ibone\" \/>\n\t<meta name=\"twitter:label2\" content=\"Tiempo de lectura\" \/>\n\t<meta name=\"twitter:data2\" content=\"1 minuto\" \/>\n<script type=\"application\/ld+json\" class=\"yoast-schema-graph\">{\"@context\":\"https:\/\/schema.org\",\"@graph\":[{\"@type\":\"Article\",\"@id\":\"https:\/\/www.museuolimpicbcn.cat\/es\/el-espectaculo-del-deporte-tras-la-covid-19-la-perspectiva-de-profesionales-del-deporte\/#article\",\"isPartOf\":{\"@id\":\"https:\/\/www.museuolimpicbcn.cat\/es\/el-espectaculo-del-deporte-tras-la-covid-19-la-perspectiva-de-profesionales-del-deporte\/\"},\"author\":{\"name\":\"Ibone\",\"@id\":\"https:\/\/www.museuolimpicbcn.cat\/ca\/#\/schema\/person\/b792834a53f193977df425a499287aa9\"},\"headline\":\"\u201cEl espect\u00e1culo del deporte tras la Covid-19\u201d la perspectiva de profesionales del deporte\",\"datePublished\":\"2020-11-06T09:56:20+00:00\",\"dateModified\":\"2020-11-06T09:56:20+00:00\",\"mainEntityOfPage\":{\"@id\":\"https:\/\/www.museuolimpicbcn.cat\/es\/el-espectaculo-del-deporte-tras-la-covid-19-la-perspectiva-de-profesionales-del-deporte\/\"},\"wordCount\":216,\"publisher\":{\"@id\":\"https:\/\/www.museuolimpicbcn.cat\/ca\/#organization\"},\"image\":{\"@id\":\"https:\/\/www.museuolimpicbcn.cat\/es\/el-espectaculo-del-deporte-tras-la-covid-19-la-perspectiva-de-profesionales-del-deporte\/#primaryimage\"},\"thumbnailUrl\":\"https:\/\/www.museuolimpicbcn.cat\/wp-content\/uploads\/sites\/2\/2020\/11\/Museu-Olimpic-streaming2-SBM2020.jpg\",\"articleSection\":[\"Sin categorizar\"],\"inLanguage\":\"es\"},{\"@type\":\"WebPage\",\"@id\":\"https:\/\/www.museuolimpicbcn.cat\/es\/el-espectaculo-del-deporte-tras-la-covid-19-la-perspectiva-de-profesionales-del-deporte\/\",\"url\":\"https:\/\/www.museuolimpicbcn.cat\/es\/el-espectaculo-del-deporte-tras-la-covid-19-la-perspectiva-de-profesionales-del-deporte\/\",\"name\":\"\u201cEl espect\u00e1culo del deporte tras la Covid-19\u201d la perspectiva de profesionales del deporte - Museu Ol\u00edmpic i de l&#039;Esport Joan Antoni Samaranch. Barcelona\",\"isPartOf\":{\"@id\":\"https:\/\/www.museuolimpicbcn.cat\/ca\/#website\"},\"primaryImageOfPage\":{\"@id\":\"https:\/\/www.museuolimpicbcn.cat\/es\/el-espectaculo-del-deporte-tras-la-covid-19-la-perspectiva-de-profesionales-del-deporte\/#primaryimage\"},\"image\":{\"@id\":\"https:\/\/www.museuolimpicbcn.cat\/es\/el-espectaculo-del-deporte-tras-la-covid-19-la-perspectiva-de-profesionales-del-deporte\/#primaryimage\"},\"thumbnailUrl\":\"https:\/\/www.museuolimpicbcn.cat\/wp-content\/uploads\/sites\/2\/2020\/11\/Museu-Olimpic-streaming2-SBM2020.jpg\",\"datePublished\":\"2020-11-06T09:56:20+00:00\",\"dateModified\":\"2020-11-06T09:56:20+00:00\",\"breadcrumb\":{\"@id\":\"https:\/\/www.museuolimpicbcn.cat\/es\/el-espectaculo-del-deporte-tras-la-covid-19-la-perspectiva-de-profesionales-del-deporte\/#breadcrumb\"},\"inLanguage\":\"es\",\"potentialAction\":[{\"@type\":\"ReadAction\",\"target\":[\"https:\/\/www.museuolimpicbcn.cat\/es\/el-espectaculo-del-deporte-tras-la-covid-19-la-perspectiva-de-profesionales-del-deporte\/\"]}]},{\"@type\":\"ImageObject\",\"inLanguage\":\"es\",\"@id\":\"https:\/\/www.museuolimpicbcn.cat\/es\/el-espectaculo-del-deporte-tras-la-covid-19-la-perspectiva-de-profesionales-del-deporte\/#primaryimage\",\"url\":\"https:\/\/www.museuolimpicbcn.cat\/wp-content\/uploads\/sites\/2\/2020\/11\/Museu-Olimpic-streaming2-SBM2020.jpg\",\"contentUrl\":\"https:\/\/www.museuolimpicbcn.cat\/wp-content\/uploads\/sites\/2\/2020\/11\/Museu-Olimpic-streaming2-SBM2020.jpg\",\"width\":3024,\"height\":2318},{\"@type\":\"BreadcrumbList\",\"@id\":\"https:\/\/www.museuolimpicbcn.cat\/es\/el-espectaculo-del-deporte-tras-la-covid-19-la-perspectiva-de-profesionales-del-deporte\/#breadcrumb\",\"itemListElement\":[{\"@type\":\"ListItem\",\"position\":1,\"name\":\"Inici\",\"item\":\"https:\/\/www.museuolimpicbcn.cat\/es\/\"},{\"@type\":\"ListItem\",\"position\":2,\"name\":\"\u201cEl espect\u00e1culo del deporte tras la Covid-19\u201d la perspectiva de profesionales del deporte\"}]},{\"@type\":\"WebSite\",\"@id\":\"https:\/\/www.museuolimpicbcn.cat\/ca\/#website\",\"url\":\"https:\/\/www.museuolimpicbcn.cat\/ca\/\",\"name\":\"Museu Ol\u00edmpic i de l&#039;Esport Joan Antoni Samaranch. Barcelona\",\"description\":\"Altre lloc Web del Museu Ol\u00edmpic i de l&#039;Esport llocs\",\"publisher\":{\"@id\":\"https:\/\/www.museuolimpicbcn.cat\/ca\/#organization\"},\"potentialAction\":[{\"@type\":\"SearchAction\",\"target\":{\"@type\":\"EntryPoint\",\"urlTemplate\":\"https:\/\/www.museuolimpicbcn.cat\/ca\/?s={search_term_string}\"},\"query-input\":{\"@type\":\"PropertyValueSpecification\",\"valueRequired\":true,\"valueName\":\"search_term_string\"}}],\"inLanguage\":\"es\"},{\"@type\":\"Organization\",\"@id\":\"https:\/\/www.museuolimpicbcn.cat\/ca\/#organization\",\"name\":\"Museu Ol\u00edmpic i de l&#039;Esport Joan Antoni Samaranch. Barcelona\",\"url\":\"https:\/\/www.museuolimpicbcn.cat\/ca\/\",\"logo\":{\"@type\":\"ImageObject\",\"inLanguage\":\"es\",\"@id\":\"https:\/\/www.museuolimpicbcn.cat\/ca\/#\/schema\/logo\/image\/\",\"url\":\"https:\/\/www.museuolimpicbcn.cat\/wp-content\/uploads\/sites\/2\/2018\/12\/logo-moe-header.svg\",\"contentUrl\":\"https:\/\/www.museuolimpicbcn.cat\/wp-content\/uploads\/sites\/2\/2018\/12\/logo-moe-header.svg\",\"caption\":\"Museu Ol\u00edmpic i de l&#039;Esport Joan Antoni Samaranch. Barcelona\"},\"image\":{\"@id\":\"https:\/\/www.museuolimpicbcn.cat\/ca\/#\/schema\/logo\/image\/\"}},{\"@type\":\"Person\",\"@id\":\"https:\/\/www.museuolimpicbcn.cat\/ca\/#\/schema\/person\/b792834a53f193977df425a499287aa9\",\"name\":\"Ibone\",\"url\":\"https:\/\/www.museuolimpicbcn.cat\/es\/author\/fbolimpica\/\"}]}<\/script>\n<!-- \/ Yoast SEO plugin. -->","yoast_head_json":{"title":"\u201cEl espect\u00e1culo del deporte tras la Covid-19\u201d la perspectiva de profesionales del deporte - Museu Ol\u00edmpic i de l&#039;Esport Joan Antoni Samaranch. Barcelona","robots":{"index":"index","follow":"follow","max-snippet":"max-snippet:-1","max-image-preview":"max-image-preview:large","max-video-preview":"max-video-preview:-1"},"canonical":"https:\/\/www.museuolimpicbcn.cat\/es\/el-espectaculo-del-deporte-tras-la-covid-19-la-perspectiva-de-profesionales-del-deporte\/","og_locale":"es_ES","og_type":"article","og_title":"\u201cEl espect\u00e1culo del deporte tras la Covid-19\u201d la perspectiva de profesionales del deporte - Museu Ol\u00edmpic i de l&#039;Esport Joan Antoni Samaranch. Barcelona","og_description":"Durante 3 d\u00edas, Palco23 ha desarrollado sus jornadas Sport Business Meeting v\u00eda streaming desde el Museu Ol\u00edmpic de Barcelona. Sports Business Meeting ha explorado un nuevo formato en su 3\u00aa edici\u00f3n para adaptarse al entorno marcado por la Covid-19 con una convocatoria 100% digital que ha tenido lugar del 3 al 5 de noviembre con [&hellip;]","og_url":"https:\/\/www.museuolimpicbcn.cat\/es\/el-espectaculo-del-deporte-tras-la-covid-19-la-perspectiva-de-profesionales-del-deporte\/","og_site_name":"Museu Ol\u00edmpic i de l&#039;Esport Joan Antoni Samaranch. Barcelona","article_published_time":"2020-11-06T09:56:20+00:00","og_image":[{"width":3024,"height":2318,"url":"https:\/\/www.museuolimpicbcn.cat\/wp-content\/uploads\/sites\/2\/2020\/11\/Museu-Olimpic-streaming2-SBM2020.jpg","type":"image\/jpeg"}],"author":"Ibone","twitter_card":"summary_large_image","twitter_misc":{"Escrito por":"Ibone","Tiempo de lectura":"1 minuto"},"schema":{"@context":"https:\/\/schema.org","@graph":[{"@type":"Article","@id":"https:\/\/www.museuolimpicbcn.cat\/es\/el-espectaculo-del-deporte-tras-la-covid-19-la-perspectiva-de-profesionales-del-deporte\/#article","isPartOf":{"@id":"https:\/\/www.museuolimpicbcn.cat\/es\/el-espectaculo-del-deporte-tras-la-covid-19-la-perspectiva-de-profesionales-del-deporte\/"},"author":{"name":"Ibone","@id":"https:\/\/www.museuolimpicbcn.cat\/ca\/#\/schema\/person\/b792834a53f193977df425a499287aa9"},"headline":"\u201cEl espect\u00e1culo del deporte tras la Covid-19\u201d la perspectiva de profesionales del deporte","datePublished":"2020-11-06T09:56:20+00:00","dateModified":"2020-11-06T09:56:20+00:00","mainEntityOfPage":{"@id":"https:\/\/www.museuolimpicbcn.cat\/es\/el-espectaculo-del-deporte-tras-la-covid-19-la-perspectiva-de-profesionales-del-deporte\/"},"wordCount":216,"publisher":{"@id":"https:\/\/www.museuolimpicbcn.cat\/ca\/#organization"},"image":{"@id":"https:\/\/www.museuolimpicbcn.cat\/es\/el-espectaculo-del-deporte-tras-la-covid-19-la-perspectiva-de-profesionales-del-deporte\/#primaryimage"},"thumbnailUrl":"https:\/\/www.museuolimpicbcn.cat\/wp-content\/uploads\/sites\/2\/2020\/11\/Museu-Olimpic-streaming2-SBM2020.jpg","articleSection":["Sin categorizar"],"inLanguage":"es"},{"@type":"WebPage","@id":"https:\/\/www.museuolimpicbcn.cat\/es\/el-espectaculo-del-deporte-tras-la-covid-19-la-perspectiva-de-profesionales-del-deporte\/","url":"https:\/\/www.museuolimpicbcn.cat\/es\/el-espectaculo-del-deporte-tras-la-covid-19-la-perspectiva-de-profesionales-del-deporte\/","name":"\u201cEl espect\u00e1culo del deporte tras la Covid-19\u201d la perspectiva de profesionales del deporte - Museu Ol\u00edmpic i de l&#039;Esport Joan Antoni Samaranch. Barcelona","isPartOf":{"@id":"https:\/\/www.museuolimpicbcn.cat\/ca\/#website"},"primaryImageOfPage":{"@id":"https:\/\/www.museuolimpicbcn.cat\/es\/el-espectaculo-del-deporte-tras-la-covid-19-la-perspectiva-de-profesionales-del-deporte\/#primaryimage"},"image":{"@id":"https:\/\/www.museuolimpicbcn.cat\/es\/el-espectaculo-del-deporte-tras-la-covid-19-la-perspectiva-de-profesionales-del-deporte\/#primaryimage"},"thumbnailUrl":"https:\/\/www.museuolimpicbcn.cat\/wp-content\/uploads\/sites\/2\/2020\/11\/Museu-Olimpic-streaming2-SBM2020.jpg","datePublished":"2020-11-06T09:56:20+00:00","dateModified":"2020-11-06T09:56:20+00:00","breadcrumb":{"@id":"https:\/\/www.museuolimpicbcn.cat\/es\/el-espectaculo-del-deporte-tras-la-covid-19-la-perspectiva-de-profesionales-del-deporte\/#breadcrumb"},"inLanguage":"es","potentialAction":[{"@type":"ReadAction","target":["https:\/\/www.museuolimpicbcn.cat\/es\/el-espectaculo-del-deporte-tras-la-covid-19-la-perspectiva-de-profesionales-del-deporte\/"]}]},{"@type":"ImageObject","inLanguage":"es","@id":"https:\/\/www.museuolimpicbcn.cat\/es\/el-espectaculo-del-deporte-tras-la-covid-19-la-perspectiva-de-profesionales-del-deporte\/#primaryimage","url":"https:\/\/www.museuolimpicbcn.cat\/wp-content\/uploads\/sites\/2\/2020\/11\/Museu-Olimpic-streaming2-SBM2020.jpg","contentUrl":"https:\/\/www.museuolimpicbcn.cat\/wp-content\/uploads\/sites\/2\/2020\/11\/Museu-Olimpic-streaming2-SBM2020.jpg","width":3024,"height":2318},{"@type":"BreadcrumbList","@id":"https:\/\/www.museuolimpicbcn.cat\/es\/el-espectaculo-del-deporte-tras-la-covid-19-la-perspectiva-de-profesionales-del-deporte\/#breadcrumb","itemListElement":[{"@type":"ListItem","position":1,"name":"Inici","item":"https:\/\/www.museuolimpicbcn.cat\/es\/"},{"@type":"ListItem","position":2,"name":"\u201cEl espect\u00e1culo del deporte tras la Covid-19\u201d la perspectiva de profesionales del deporte"}]},{"@type":"WebSite","@id":"https:\/\/www.museuolimpicbcn.cat\/ca\/#website","url":"https:\/\/www.museuolimpicbcn.cat\/ca\/","name":"Museu Ol\u00edmpic i de l&#039;Esport Joan Antoni Samaranch. Barcelona","description":"Altre lloc Web del Museu Ol\u00edmpic i de l&#039;Esport llocs","publisher":{"@id":"https:\/\/www.museuolimpicbcn.cat\/ca\/#organization"},"potentialAction":[{"@type":"SearchAction","target":{"@type":"EntryPoint","urlTemplate":"https:\/\/www.museuolimpicbcn.cat\/ca\/?s={search_term_string}"},"query-input":{"@type":"PropertyValueSpecification","valueRequired":true,"valueName":"search_term_string"}}],"inLanguage":"es"},{"@type":"Organization","@id":"https:\/\/www.museuolimpicbcn.cat\/ca\/#organization","name":"Museu Ol\u00edmpic i de l&#039;Esport Joan Antoni Samaranch. Barcelona","url":"https:\/\/www.museuolimpicbcn.cat\/ca\/","logo":{"@type":"ImageObject","inLanguage":"es","@id":"https:\/\/www.museuolimpicbcn.cat\/ca\/#\/schema\/logo\/image\/","url":"https:\/\/www.museuolimpicbcn.cat\/wp-content\/uploads\/sites\/2\/2018\/12\/logo-moe-header.svg","contentUrl":"https:\/\/www.museuolimpicbcn.cat\/wp-content\/uploads\/sites\/2\/2018\/12\/logo-moe-header.svg","caption":"Museu Ol\u00edmpic i de l&#039;Esport Joan Antoni Samaranch. Barcelona"},"image":{"@id":"https:\/\/www.museuolimpicbcn.cat\/ca\/#\/schema\/logo\/image\/"}},{"@type":"Person","@id":"https:\/\/www.museuolimpicbcn.cat\/ca\/#\/schema\/person\/b792834a53f193977df425a499287aa9","name":"Ibone","url":"https:\/\/www.museuolimpicbcn.cat\/es\/author\/fbolimpica\/"}]}},"_links":{"self":[{"href":"https:\/\/www.museuolimpicbcn.cat\/es\/wp-json\/wp\/v2\/posts\/25750"}],"collection":[{"href":"https:\/\/www.museuolimpicbcn.cat\/es\/wp-json\/wp\/v2\/posts"}],"about":[{"href":"https:\/\/www.museuolimpicbcn.cat\/es\/wp-json\/wp\/v2\/types\/post"}],"author":[{"embeddable":true,"href":"https:\/\/www.museuolimpicbcn.cat\/es\/wp-json\/wp\/v2\/users\/11"}],"replies":[{"embeddable":true,"href":"https:\/\/www.museuolimpicbcn.cat\/es\/wp-json\/wp\/v2\/comments?post=25750"}],"version-history":[{"count":2,"href":"https:\/\/www.museuolimpicbcn.cat\/es\/wp-json\/wp\/v2\/posts\/25750\/revisions"}],"predecessor-version":[{"id":25752,"href":"https:\/\/www.museuolimpicbcn.cat\/es\/wp-json\/wp\/v2\/posts\/25750\/revisions\/25752"}],"wp:featuredmedia":[{"embeddable":true,"href":"https:\/\/www.museuolimpicbcn.cat\/es\/wp-json\/wp\/v2\/media\/25747"}],"wp:attachment":[{"href":"https:\/\/www.museuolimpicbcn.cat\/es\/wp-json\/wp\/v2\/media?parent=25750"}],"wp:term":[{"taxonomy":"category","embeddable":true,"href":"https:\/\/www.museuolimpicbcn.cat\/es\/wp-json\/wp\/v2\/categories?post=25750"},{"taxonomy":"post_tag","embeddable":true,"href":"https:\/\/www.museuolimpicbcn.cat\/es\/wp-json\/wp\/v2\/tags?post=25750"}],"curies":[{"name":"wp","href":"https:\/\/api.w.org\/{rel}","templated":true}]}}