{"id":25777,"date":"2020-11-14T15:58:14","date_gmt":"2020-11-14T14:58:14","guid":{"rendered":"https:\/\/www.museuolimpicbcn.cat\/?p=25777"},"modified":"2020-11-14T16:11:04","modified_gmt":"2020-11-14T15:11:04","slug":"la-fundacio-barcelona-olimpica-expresa-sus-condolencias-por-la-muerte-de-josep-lluis-vilaseca-patrono-de-la-fundacio-y-primer-secretario-general-del-deporte","status":"publish","type":"post","link":"https:\/\/www.museuolimpicbcn.cat\/es\/la-fundacio-barcelona-olimpica-expresa-sus-condolencias-por-la-muerte-de-josep-lluis-vilaseca-patrono-de-la-fundacio-y-primer-secretario-general-del-deporte\/","title":{"rendered":"La Fundaci\u00f3 Barcelona Ol\u00edmpica expresa sus condolencias por la muerte de Josep Llu\u00eds Vilaseca, patrono de la Fundaci\u00f3 y  primer Secretario General del Deporte."},"content":{"rendered":"<p>Vilaseca (1930) abogado. Estuvo vinculado en el mundo del deporte como directivo del FC Barcelona (1969-1977) y como miembro de la Comisi\u00f3n Jur\u00eddica y de Disciplina de la UEFA. Tambi\u00e9n fue miembro del Comit\u00e9 Ol\u00edmpico Espa\u00f1ol y secretario General del Deporte del Generalitat de Catalunya. Fue Jurado de los Premios de la Fundaci\u00f3n Principe de Asturias. El 2002 recibi\u00f3 la Cruz de San Jorge y el 2007 recibi\u00f3 la orden del M\u00e9rito de la UEFA y el 2014 la medalla de Oro de la Ciudad de Barcelona<\/p>\n<p><strong>28 de mayo del 2010:<\/strong> El Auditori del Museu Ol\u00edmpic i de l\u2019Esport en mayo del 2010 acogi\u00f3 la ponencia de Josep Llu\u00eds Vilaseca, tras la dictadura\u00a0 primer\u00a0 regidor de Esports de Catalunya.<\/p>\n<p><a href=\"https:\/\/youtu.be\/_Nkss2ChHFk\">VIDEO PONENCIA<\/a><\/p>\n<p>Un auditori repleto de autoridades vinculadas al deporte de Catalunya y de Espa\u00f1a\u00a0 escucharon\u00a0 muy atentamente las palabras de Josep Llu\u00eds Vilaseca quien hizo un peque\u00f1o recorrido de sus 15 a\u00f1os al frente de la delegaci\u00f3n de deportes de Catalunya (1980-1995). La mayor\u00eda de los presentes tuvo su momento dentro del discurso del ponente porque en palabras de Vilaseca: &#8220;la transici\u00f3n a la democracia fue dura pero la cooperaci\u00f3n entre personas \u2013 independientemente del partido pol\u00edtico o el lugar de procedencia &#8211; y las ganas de\u00a0 trabajar por el deporte hicieron que muchos sue\u00f1os, de muchos de nosotros, se cumpliesen&#8221;.<\/p>\n<p>Al final de la ponencia Vilaseca agradeci\u00f3 la participaci\u00f3n a todos los presentes y el p\u00fablico le correspondi\u00f3 con un largo aplauso, en pie, a modo de reconocimiento a un hombre comprometido con el trabajo, su pa\u00eds, pero sobre todo con el deporte.<\/p>\n","protected":false},"excerpt":{"rendered":"<p>Vilaseca (1930) abogado. Estuvo vinculado en el mundo del deporte como directivo del FC Barcelona (1969-1977) y como miembro de la Comisi\u00f3n Jur\u00eddica y de Disciplina de la UEFA. Tambi\u00e9n fue miembro del Comit\u00e9 Ol\u00edmpico Espa\u00f1ol y secretario General del Deporte del Generalitat de Catalunya. Fue Jurado de los Premios de la Fundaci\u00f3n Principe de [&hellip;]<\/p>\n","protected":false},"author":11,"featured_media":25762,"comment_status":"closed","ping_status":"closed","sticky":false,"template":"","format":"standard","meta":{"_acf_changed":false,"_price":"","_stock":"","_tribe_ticket_header":"","_tribe_default_ticket_provider":"","_tribe_ticket_capacity":"0","_ticket_start_date":"","_ticket_end_date":"","_tribe_ticket_show_description":"","_tribe_ticket_show_not_going":false,"_tribe_ticket_use_global_stock":"","_tribe_ticket_global_stock_level":"","_global_stock_mode":"","_global_stock_cap":"","_tribe_rsvp_for_event":"","_tribe_ticket_going_count":"","_tribe_ticket_not_going_count":"","_tribe_tickets_list":"[]","_tribe_ticket_has_attendee_info_fields":false,"footnotes":""},"categories":[3],"tags":[],"class_list":["post-25777","post","type-post","status-publish","format-standard","has-post-thumbnail","hentry","category-sin-categorizar"],"acf":[],"yoast_head":"<!-- This site is optimized with the Yoast SEO plugin v23.7 - https:\/\/yoast.com\/wordpress\/plugins\/seo\/ -->\n<title>La Fundaci\u00f3 Barcelona Ol\u00edmpica expresa sus condolencias por la muerte de Josep Llu\u00eds Vilaseca, patrono de la Fundaci\u00f3 y primer Secretario General del Deporte. - Museu Ol\u00edmpic i de l&#039;Esport Joan Antoni Samaranch. Barcelona<\/title>\n<meta name=\"robots\" content=\"index, follow, max-snippet:-1, max-image-preview:large, max-video-preview:-1\" \/>\n<link rel=\"canonical\" href=\"https:\/\/www.museuolimpicbcn.cat\/es\/la-fundacio-barcelona-olimpica-expresa-sus-condolencias-por-la-muerte-de-josep-lluis-vilaseca-patrono-de-la-fundacio-y-primer-secretario-general-del-deporte\/\" \/>\n<meta property=\"og:locale\" content=\"es_ES\" \/>\n<meta property=\"og:type\" content=\"article\" \/>\n<meta property=\"og:title\" content=\"La Fundaci\u00f3 Barcelona Ol\u00edmpica expresa sus condolencias por la muerte de Josep Llu\u00eds Vilaseca, patrono de la Fundaci\u00f3 y primer Secretario General del Deporte. - Museu Ol\u00edmpic i de l&#039;Esport Joan Antoni Samaranch. Barcelona\" \/>\n<meta property=\"og:description\" content=\"Vilaseca (1930) abogado. Estuvo vinculado en el mundo del deporte como directivo del FC Barcelona (1969-1977) y como miembro de la Comisi\u00f3n Jur\u00eddica y de Disciplina de la UEFA. Tambi\u00e9n fue miembro del Comit\u00e9 Ol\u00edmpico Espa\u00f1ol y secretario General del Deporte del Generalitat de Catalunya. Fue Jurado de los Premios de la Fundaci\u00f3n Principe de [&hellip;]\" \/>\n<meta property=\"og:url\" content=\"https:\/\/www.museuolimpicbcn.cat\/es\/la-fundacio-barcelona-olimpica-expresa-sus-condolencias-por-la-muerte-de-josep-lluis-vilaseca-patrono-de-la-fundacio-y-primer-secretario-general-del-deporte\/\" \/>\n<meta property=\"og:site_name\" content=\"Museu Ol\u00edmpic i de l&#039;Esport Joan Antoni Samaranch. Barcelona\" \/>\n<meta property=\"article:published_time\" content=\"2020-11-14T14:58:14+00:00\" \/>\n<meta property=\"article:modified_time\" content=\"2020-11-14T15:11:04+00:00\" \/>\n<meta property=\"og:image\" content=\"https:\/\/www.museuolimpicbcn.cat\/wp-content\/uploads\/sites\/2\/2020\/11\/09_vilaseca-copia.jpg\" \/>\n\t<meta property=\"og:image:width\" content=\"933\" \/>\n\t<meta property=\"og:image:height\" content=\"619\" \/>\n\t<meta property=\"og:image:type\" content=\"image\/jpeg\" \/>\n<meta name=\"author\" content=\"Ibone\" \/>\n<meta name=\"twitter:card\" content=\"summary_large_image\" \/>\n<meta name=\"twitter:label1\" content=\"Escrito por\" \/>\n\t<meta name=\"twitter:data1\" content=\"Ibone\" \/>\n\t<meta name=\"twitter:label2\" content=\"Tiempo de lectura\" \/>\n\t<meta name=\"twitter:data2\" content=\"1 minuto\" \/>\n<script type=\"application\/ld+json\" class=\"yoast-schema-graph\">{\"@context\":\"https:\/\/schema.org\",\"@graph\":[{\"@type\":\"Article\",\"@id\":\"https:\/\/www.museuolimpicbcn.cat\/es\/la-fundacio-barcelona-olimpica-expresa-sus-condolencias-por-la-muerte-de-josep-lluis-vilaseca-patrono-de-la-fundacio-y-primer-secretario-general-del-deporte\/#article\",\"isPartOf\":{\"@id\":\"https:\/\/www.museuolimpicbcn.cat\/es\/la-fundacio-barcelona-olimpica-expresa-sus-condolencias-por-la-muerte-de-josep-lluis-vilaseca-patrono-de-la-fundacio-y-primer-secretario-general-del-deporte\/\"},\"author\":{\"name\":\"Ibone\",\"@id\":\"https:\/\/www.museuolimpicbcn.cat\/ca\/#\/schema\/person\/b792834a53f193977df425a499287aa9\"},\"headline\":\"La Fundaci\u00f3 Barcelona Ol\u00edmpica expresa sus condolencias por la muerte de Josep Llu\u00eds Vilaseca, patrono de la Fundaci\u00f3 y primer Secretario General del Deporte.\",\"datePublished\":\"2020-11-14T14:58:14+00:00\",\"dateModified\":\"2020-11-14T15:11:04+00:00\",\"mainEntityOfPage\":{\"@id\":\"https:\/\/www.museuolimpicbcn.cat\/es\/la-fundacio-barcelona-olimpica-expresa-sus-condolencias-por-la-muerte-de-josep-lluis-vilaseca-patrono-de-la-fundacio-y-primer-secretario-general-del-deporte\/\"},\"wordCount\":305,\"publisher\":{\"@id\":\"https:\/\/www.museuolimpicbcn.cat\/ca\/#organization\"},\"image\":{\"@id\":\"https:\/\/www.museuolimpicbcn.cat\/es\/la-fundacio-barcelona-olimpica-expresa-sus-condolencias-por-la-muerte-de-josep-lluis-vilaseca-patrono-de-la-fundacio-y-primer-secretario-general-del-deporte\/#primaryimage\"},\"thumbnailUrl\":\"https:\/\/www.museuolimpicbcn.cat\/wp-content\/uploads\/sites\/2\/2020\/11\/09_vilaseca-copia.jpg\",\"articleSection\":[\"Sin categorizar\"],\"inLanguage\":\"es\"},{\"@type\":\"WebPage\",\"@id\":\"https:\/\/www.museuolimpicbcn.cat\/es\/la-fundacio-barcelona-olimpica-expresa-sus-condolencias-por-la-muerte-de-josep-lluis-vilaseca-patrono-de-la-fundacio-y-primer-secretario-general-del-deporte\/\",\"url\":\"https:\/\/www.museuolimpicbcn.cat\/es\/la-fundacio-barcelona-olimpica-expresa-sus-condolencias-por-la-muerte-de-josep-lluis-vilaseca-patrono-de-la-fundacio-y-primer-secretario-general-del-deporte\/\",\"name\":\"La Fundaci\u00f3 Barcelona Ol\u00edmpica expresa sus condolencias por la muerte de Josep Llu\u00eds Vilaseca, patrono de la Fundaci\u00f3 y primer Secretario General del Deporte. - Museu Ol\u00edmpic i de l&#039;Esport Joan Antoni Samaranch. Barcelona\",\"isPartOf\":{\"@id\":\"https:\/\/www.museuolimpicbcn.cat\/ca\/#website\"},\"primaryImageOfPage\":{\"@id\":\"https:\/\/www.museuolimpicbcn.cat\/es\/la-fundacio-barcelona-olimpica-expresa-sus-condolencias-por-la-muerte-de-josep-lluis-vilaseca-patrono-de-la-fundacio-y-primer-secretario-general-del-deporte\/#primaryimage\"},\"image\":{\"@id\":\"https:\/\/www.museuolimpicbcn.cat\/es\/la-fundacio-barcelona-olimpica-expresa-sus-condolencias-por-la-muerte-de-josep-lluis-vilaseca-patrono-de-la-fundacio-y-primer-secretario-general-del-deporte\/#primaryimage\"},\"thumbnailUrl\":\"https:\/\/www.museuolimpicbcn.cat\/wp-content\/uploads\/sites\/2\/2020\/11\/09_vilaseca-copia.jpg\",\"datePublished\":\"2020-11-14T14:58:14+00:00\",\"dateModified\":\"2020-11-14T15:11:04+00:00\",\"breadcrumb\":{\"@id\":\"https:\/\/www.museuolimpicbcn.cat\/es\/la-fundacio-barcelona-olimpica-expresa-sus-condolencias-por-la-muerte-de-josep-lluis-vilaseca-patrono-de-la-fundacio-y-primer-secretario-general-del-deporte\/#breadcrumb\"},\"inLanguage\":\"es\",\"potentialAction\":[{\"@type\":\"ReadAction\",\"target\":[\"https:\/\/www.museuolimpicbcn.cat\/es\/la-fundacio-barcelona-olimpica-expresa-sus-condolencias-por-la-muerte-de-josep-lluis-vilaseca-patrono-de-la-fundacio-y-primer-secretario-general-del-deporte\/\"]}]},{\"@type\":\"ImageObject\",\"inLanguage\":\"es\",\"@id\":\"https:\/\/www.museuolimpicbcn.cat\/es\/la-fundacio-barcelona-olimpica-expresa-sus-condolencias-por-la-muerte-de-josep-lluis-vilaseca-patrono-de-la-fundacio-y-primer-secretario-general-del-deporte\/#primaryimage\",\"url\":\"https:\/\/www.museuolimpicbcn.cat\/wp-content\/uploads\/sites\/2\/2020\/11\/09_vilaseca-copia.jpg\",\"contentUrl\":\"https:\/\/www.museuolimpicbcn.cat\/wp-content\/uploads\/sites\/2\/2020\/11\/09_vilaseca-copia.jpg\",\"width\":933,\"height\":619},{\"@type\":\"BreadcrumbList\",\"@id\":\"https:\/\/www.museuolimpicbcn.cat\/es\/la-fundacio-barcelona-olimpica-expresa-sus-condolencias-por-la-muerte-de-josep-lluis-vilaseca-patrono-de-la-fundacio-y-primer-secretario-general-del-deporte\/#breadcrumb\",\"itemListElement\":[{\"@type\":\"ListItem\",\"position\":1,\"name\":\"Inici\",\"item\":\"https:\/\/www.museuolimpicbcn.cat\/es\/\"},{\"@type\":\"ListItem\",\"position\":2,\"name\":\"La Fundaci\u00f3 Barcelona Ol\u00edmpica expresa sus condolencias por la muerte de Josep Llu\u00eds Vilaseca, patrono de la Fundaci\u00f3 y primer Secretario General del Deporte.\"}]},{\"@type\":\"WebSite\",\"@id\":\"https:\/\/www.museuolimpicbcn.cat\/ca\/#website\",\"url\":\"https:\/\/www.museuolimpicbcn.cat\/ca\/\",\"name\":\"Museu Ol\u00edmpic i de l&#039;Esport Joan Antoni Samaranch. Barcelona\",\"description\":\"Altre lloc Web del Museu Ol\u00edmpic i de l&#039;Esport llocs\",\"publisher\":{\"@id\":\"https:\/\/www.museuolimpicbcn.cat\/ca\/#organization\"},\"potentialAction\":[{\"@type\":\"SearchAction\",\"target\":{\"@type\":\"EntryPoint\",\"urlTemplate\":\"https:\/\/www.museuolimpicbcn.cat\/ca\/?s={search_term_string}\"},\"query-input\":{\"@type\":\"PropertyValueSpecification\",\"valueRequired\":true,\"valueName\":\"search_term_string\"}}],\"inLanguage\":\"es\"},{\"@type\":\"Organization\",\"@id\":\"https:\/\/www.museuolimpicbcn.cat\/ca\/#organization\",\"name\":\"Museu Ol\u00edmpic i de l&#039;Esport Joan Antoni Samaranch. Barcelona\",\"url\":\"https:\/\/www.museuolimpicbcn.cat\/ca\/\",\"logo\":{\"@type\":\"ImageObject\",\"inLanguage\":\"es\",\"@id\":\"https:\/\/www.museuolimpicbcn.cat\/ca\/#\/schema\/logo\/image\/\",\"url\":\"https:\/\/www.museuolimpicbcn.cat\/wp-content\/uploads\/sites\/2\/2018\/12\/logo-moe-header.svg\",\"contentUrl\":\"https:\/\/www.museuolimpicbcn.cat\/wp-content\/uploads\/sites\/2\/2018\/12\/logo-moe-header.svg\",\"caption\":\"Museu Ol\u00edmpic i de l&#039;Esport Joan Antoni Samaranch. Barcelona\"},\"image\":{\"@id\":\"https:\/\/www.museuolimpicbcn.cat\/ca\/#\/schema\/logo\/image\/\"}},{\"@type\":\"Person\",\"@id\":\"https:\/\/www.museuolimpicbcn.cat\/ca\/#\/schema\/person\/b792834a53f193977df425a499287aa9\",\"name\":\"Ibone\",\"url\":\"https:\/\/www.museuolimpicbcn.cat\/es\/author\/fbolimpica\/\"}]}<\/script>\n<!-- \/ Yoast SEO plugin. -->","yoast_head_json":{"title":"La Fundaci\u00f3 Barcelona Ol\u00edmpica expresa sus condolencias por la muerte de Josep Llu\u00eds Vilaseca, patrono de la Fundaci\u00f3 y primer Secretario General del Deporte. - Museu Ol\u00edmpic i de l&#039;Esport Joan Antoni Samaranch. Barcelona","robots":{"index":"index","follow":"follow","max-snippet":"max-snippet:-1","max-image-preview":"max-image-preview:large","max-video-preview":"max-video-preview:-1"},"canonical":"https:\/\/www.museuolimpicbcn.cat\/es\/la-fundacio-barcelona-olimpica-expresa-sus-condolencias-por-la-muerte-de-josep-lluis-vilaseca-patrono-de-la-fundacio-y-primer-secretario-general-del-deporte\/","og_locale":"es_ES","og_type":"article","og_title":"La Fundaci\u00f3 Barcelona Ol\u00edmpica expresa sus condolencias por la muerte de Josep Llu\u00eds Vilaseca, patrono de la Fundaci\u00f3 y primer Secretario General del Deporte. - Museu Ol\u00edmpic i de l&#039;Esport Joan Antoni Samaranch. Barcelona","og_description":"Vilaseca (1930) abogado. Estuvo vinculado en el mundo del deporte como directivo del FC Barcelona (1969-1977) y como miembro de la Comisi\u00f3n Jur\u00eddica y de Disciplina de la UEFA. Tambi\u00e9n fue miembro del Comit\u00e9 Ol\u00edmpico Espa\u00f1ol y secretario General del Deporte del Generalitat de Catalunya. Fue Jurado de los Premios de la Fundaci\u00f3n Principe de [&hellip;]","og_url":"https:\/\/www.museuolimpicbcn.cat\/es\/la-fundacio-barcelona-olimpica-expresa-sus-condolencias-por-la-muerte-de-josep-lluis-vilaseca-patrono-de-la-fundacio-y-primer-secretario-general-del-deporte\/","og_site_name":"Museu Ol\u00edmpic i de l&#039;Esport Joan Antoni Samaranch. Barcelona","article_published_time":"2020-11-14T14:58:14+00:00","article_modified_time":"2020-11-14T15:11:04+00:00","og_image":[{"width":933,"height":619,"url":"https:\/\/www.museuolimpicbcn.cat\/wp-content\/uploads\/sites\/2\/2020\/11\/09_vilaseca-copia.jpg","type":"image\/jpeg"}],"author":"Ibone","twitter_card":"summary_large_image","twitter_misc":{"Escrito por":"Ibone","Tiempo de lectura":"1 minuto"},"schema":{"@context":"https:\/\/schema.org","@graph":[{"@type":"Article","@id":"https:\/\/www.museuolimpicbcn.cat\/es\/la-fundacio-barcelona-olimpica-expresa-sus-condolencias-por-la-muerte-de-josep-lluis-vilaseca-patrono-de-la-fundacio-y-primer-secretario-general-del-deporte\/#article","isPartOf":{"@id":"https:\/\/www.museuolimpicbcn.cat\/es\/la-fundacio-barcelona-olimpica-expresa-sus-condolencias-por-la-muerte-de-josep-lluis-vilaseca-patrono-de-la-fundacio-y-primer-secretario-general-del-deporte\/"},"author":{"name":"Ibone","@id":"https:\/\/www.museuolimpicbcn.cat\/ca\/#\/schema\/person\/b792834a53f193977df425a499287aa9"},"headline":"La Fundaci\u00f3 Barcelona Ol\u00edmpica expresa sus condolencias por la muerte de Josep Llu\u00eds Vilaseca, patrono de la Fundaci\u00f3 y primer Secretario General del Deporte.","datePublished":"2020-11-14T14:58:14+00:00","dateModified":"2020-11-14T15:11:04+00:00","mainEntityOfPage":{"@id":"https:\/\/www.museuolimpicbcn.cat\/es\/la-fundacio-barcelona-olimpica-expresa-sus-condolencias-por-la-muerte-de-josep-lluis-vilaseca-patrono-de-la-fundacio-y-primer-secretario-general-del-deporte\/"},"wordCount":305,"publisher":{"@id":"https:\/\/www.museuolimpicbcn.cat\/ca\/#organization"},"image":{"@id":"https:\/\/www.museuolimpicbcn.cat\/es\/la-fundacio-barcelona-olimpica-expresa-sus-condolencias-por-la-muerte-de-josep-lluis-vilaseca-patrono-de-la-fundacio-y-primer-secretario-general-del-deporte\/#primaryimage"},"thumbnailUrl":"https:\/\/www.museuolimpicbcn.cat\/wp-content\/uploads\/sites\/2\/2020\/11\/09_vilaseca-copia.jpg","articleSection":["Sin categorizar"],"inLanguage":"es"},{"@type":"WebPage","@id":"https:\/\/www.museuolimpicbcn.cat\/es\/la-fundacio-barcelona-olimpica-expresa-sus-condolencias-por-la-muerte-de-josep-lluis-vilaseca-patrono-de-la-fundacio-y-primer-secretario-general-del-deporte\/","url":"https:\/\/www.museuolimpicbcn.cat\/es\/la-fundacio-barcelona-olimpica-expresa-sus-condolencias-por-la-muerte-de-josep-lluis-vilaseca-patrono-de-la-fundacio-y-primer-secretario-general-del-deporte\/","name":"La Fundaci\u00f3 Barcelona Ol\u00edmpica expresa sus condolencias por la muerte de Josep Llu\u00eds Vilaseca, patrono de la Fundaci\u00f3 y primer Secretario General del Deporte. - Museu Ol\u00edmpic i de l&#039;Esport Joan Antoni Samaranch. Barcelona","isPartOf":{"@id":"https:\/\/www.museuolimpicbcn.cat\/ca\/#website"},"primaryImageOfPage":{"@id":"https:\/\/www.museuolimpicbcn.cat\/es\/la-fundacio-barcelona-olimpica-expresa-sus-condolencias-por-la-muerte-de-josep-lluis-vilaseca-patrono-de-la-fundacio-y-primer-secretario-general-del-deporte\/#primaryimage"},"image":{"@id":"https:\/\/www.museuolimpicbcn.cat\/es\/la-fundacio-barcelona-olimpica-expresa-sus-condolencias-por-la-muerte-de-josep-lluis-vilaseca-patrono-de-la-fundacio-y-primer-secretario-general-del-deporte\/#primaryimage"},"thumbnailUrl":"https:\/\/www.museuolimpicbcn.cat\/wp-content\/uploads\/sites\/2\/2020\/11\/09_vilaseca-copia.jpg","datePublished":"2020-11-14T14:58:14+00:00","dateModified":"2020-11-14T15:11:04+00:00","breadcrumb":{"@id":"https:\/\/www.museuolimpicbcn.cat\/es\/la-fundacio-barcelona-olimpica-expresa-sus-condolencias-por-la-muerte-de-josep-lluis-vilaseca-patrono-de-la-fundacio-y-primer-secretario-general-del-deporte\/#breadcrumb"},"inLanguage":"es","potentialAction":[{"@type":"ReadAction","target":["https:\/\/www.museuolimpicbcn.cat\/es\/la-fundacio-barcelona-olimpica-expresa-sus-condolencias-por-la-muerte-de-josep-lluis-vilaseca-patrono-de-la-fundacio-y-primer-secretario-general-del-deporte\/"]}]},{"@type":"ImageObject","inLanguage":"es","@id":"https:\/\/www.museuolimpicbcn.cat\/es\/la-fundacio-barcelona-olimpica-expresa-sus-condolencias-por-la-muerte-de-josep-lluis-vilaseca-patrono-de-la-fundacio-y-primer-secretario-general-del-deporte\/#primaryimage","url":"https:\/\/www.museuolimpicbcn.cat\/wp-content\/uploads\/sites\/2\/2020\/11\/09_vilaseca-copia.jpg","contentUrl":"https:\/\/www.museuolimpicbcn.cat\/wp-content\/uploads\/sites\/2\/2020\/11\/09_vilaseca-copia.jpg","width":933,"height":619},{"@type":"BreadcrumbList","@id":"https:\/\/www.museuolimpicbcn.cat\/es\/la-fundacio-barcelona-olimpica-expresa-sus-condolencias-por-la-muerte-de-josep-lluis-vilaseca-patrono-de-la-fundacio-y-primer-secretario-general-del-deporte\/#breadcrumb","itemListElement":[{"@type":"ListItem","position":1,"name":"Inici","item":"https:\/\/www.museuolimpicbcn.cat\/es\/"},{"@type":"ListItem","position":2,"name":"La Fundaci\u00f3 Barcelona Ol\u00edmpica expresa sus condolencias por la muerte de Josep Llu\u00eds Vilaseca, patrono de la Fundaci\u00f3 y primer Secretario General del Deporte."}]},{"@type":"WebSite","@id":"https:\/\/www.museuolimpicbcn.cat\/ca\/#website","url":"https:\/\/www.museuolimpicbcn.cat\/ca\/","name":"Museu Ol\u00edmpic i de l&#039;Esport Joan Antoni Samaranch. Barcelona","description":"Altre lloc Web del Museu Ol\u00edmpic i de l&#039;Esport llocs","publisher":{"@id":"https:\/\/www.museuolimpicbcn.cat\/ca\/#organization"},"potentialAction":[{"@type":"SearchAction","target":{"@type":"EntryPoint","urlTemplate":"https:\/\/www.museuolimpicbcn.cat\/ca\/?s={search_term_string}"},"query-input":{"@type":"PropertyValueSpecification","valueRequired":true,"valueName":"search_term_string"}}],"inLanguage":"es"},{"@type":"Organization","@id":"https:\/\/www.museuolimpicbcn.cat\/ca\/#organization","name":"Museu Ol\u00edmpic i de l&#039;Esport Joan Antoni Samaranch. Barcelona","url":"https:\/\/www.museuolimpicbcn.cat\/ca\/","logo":{"@type":"ImageObject","inLanguage":"es","@id":"https:\/\/www.museuolimpicbcn.cat\/ca\/#\/schema\/logo\/image\/","url":"https:\/\/www.museuolimpicbcn.cat\/wp-content\/uploads\/sites\/2\/2018\/12\/logo-moe-header.svg","contentUrl":"https:\/\/www.museuolimpicbcn.cat\/wp-content\/uploads\/sites\/2\/2018\/12\/logo-moe-header.svg","caption":"Museu Ol\u00edmpic i de l&#039;Esport Joan Antoni Samaranch. Barcelona"},"image":{"@id":"https:\/\/www.museuolimpicbcn.cat\/ca\/#\/schema\/logo\/image\/"}},{"@type":"Person","@id":"https:\/\/www.museuolimpicbcn.cat\/ca\/#\/schema\/person\/b792834a53f193977df425a499287aa9","name":"Ibone","url":"https:\/\/www.museuolimpicbcn.cat\/es\/author\/fbolimpica\/"}]}},"_links":{"self":[{"href":"https:\/\/www.museuolimpicbcn.cat\/es\/wp-json\/wp\/v2\/posts\/25777"}],"collection":[{"href":"https:\/\/www.museuolimpicbcn.cat\/es\/wp-json\/wp\/v2\/posts"}],"about":[{"href":"https:\/\/www.museuolimpicbcn.cat\/es\/wp-json\/wp\/v2\/types\/post"}],"author":[{"embeddable":true,"href":"https:\/\/www.museuolimpicbcn.cat\/es\/wp-json\/wp\/v2\/users\/11"}],"replies":[{"embeddable":true,"href":"https:\/\/www.museuolimpicbcn.cat\/es\/wp-json\/wp\/v2\/comments?post=25777"}],"version-history":[{"count":3,"href":"https:\/\/www.museuolimpicbcn.cat\/es\/wp-json\/wp\/v2\/posts\/25777\/revisions"}],"predecessor-version":[{"id":25781,"href":"https:\/\/www.museuolimpicbcn.cat\/es\/wp-json\/wp\/v2\/posts\/25777\/revisions\/25781"}],"wp:featuredmedia":[{"embeddable":true,"href":"https:\/\/www.museuolimpicbcn.cat\/es\/wp-json\/wp\/v2\/media\/25762"}],"wp:attachment":[{"href":"https:\/\/www.museuolimpicbcn.cat\/es\/wp-json\/wp\/v2\/media?parent=25777"}],"wp:term":[{"taxonomy":"category","embeddable":true,"href":"https:\/\/www.museuolimpicbcn.cat\/es\/wp-json\/wp\/v2\/categories?post=25777"},{"taxonomy":"post_tag","embeddable":true,"href":"https:\/\/www.museuolimpicbcn.cat\/es\/wp-json\/wp\/v2\/tags?post=25777"}],"curies":[{"name":"wp","href":"https:\/\/api.w.org\/{rel}","templated":true}]}}