{"id":25897,"date":"2020-12-15T20:10:03","date_gmt":"2020-12-15T19:10:03","guid":{"rendered":"https:\/\/www.museuolimpicbcn.cat\/?p=25897"},"modified":"2021-02-04T14:48:37","modified_gmt":"2021-02-04T13:48:37","slug":"el-esfuerzo-y-el-compromiso-deportivo-herramientas-para-vivir","status":"publish","type":"post","link":"https:\/\/www.museuolimpicbcn.cat\/es\/el-esfuerzo-y-el-compromiso-deportivo-herramientas-para-vivir\/","title":{"rendered":"\u201cEl esfuerzo y el compromiso deportivo, herramientas para vivir\u201d"},"content":{"rendered":"\t\t<div data-elementor-type=\"wp-post\" data-elementor-id=\"25897\" class=\"elementor elementor-25897\" data-elementor-post-type=\"post\">\n\t\t\t\t\t\t<section class=\"elementor-section elementor-top-section elementor-element elementor-element-22f6a07d elementor-section-boxed elementor-section-height-default elementor-section-height-default\" data-id=\"22f6a07d\" data-element_type=\"section\">\n\t\t\t\t\t\t<div class=\"elementor-container elementor-column-gap-default\">\n\t\t\t\t\t<div class=\"elementor-column elementor-col-100 elementor-top-column elementor-element elementor-element-7ea53822\" data-id=\"7ea53822\" data-element_type=\"column\">\n\t\t\t<div class=\"elementor-widget-wrap elementor-element-populated\">\n\t\t\t\t\t\t<div class=\"elementor-element elementor-element-d21211a elementor-widget elementor-widget-text-editor\" data-id=\"d21211a\" data-element_type=\"widget\" data-widget_type=\"text-editor.default\">\n\t\t\t\t<div class=\"elementor-widget-container\">\n\t\t\t\t\t\t\t\t\tLa jornada \u201cEl esfuerzo y el compromiso deportivo, herramientas para vivir\u201d del ciclo de conferencias \u201cel valor del deporte en el siglo XXI\u201d se ha realizado en las instalaciones del Museu Ol\u00edmpic y ha sido retransmitida v\u00eda streaming a trav\u00e9s del canal YouTube del BCN Esports. David Escud\u00e9, regidor de deportes del Ayuntamiento de Barcelona y presidente de la Fundaci\u00f3 Barcelona Ol\u00edmpica ha destacado la importancia de esta jornada, ya que la necesidad nos ha hecho adaptar a la demanda de los ciudadanos.\r\n\r\nLa jornada coordinada por el periodista de TV3 Jordi Fandi\u00f1o ha contado con las ponencias del deportista Juan Carlos Unzu\u00e9, embajador de la Fundaci\u00f3n Luz\u00f3n y la psic\u00f3loga del deporte y la actividad f\u00edsica Montserrat Ferraro, directora de Ferraro Consulting.\u00a0 Tambi\u00e9n hemos contado con la presencia de la periodista Mireia Vicente y el entrenador de f\u00fatbol Marc Fuentes.\r\n\r\nLos ponentes han dialogado sobre como herramientas que habitualmente se aplican en el deporte pueden ser transferidas a superar retos en otros \u00e1mbitos de la vida cotidiana.\r\n\r\nUna conferencia muy interesante que puedes volver a ver <a href=\"https:\/\/www.youtube.com\/watch?v=OoJbn5bkVqU\">AQU\u00cd<\/a>\t\t\t\t\t\t\t\t<\/div>\n\t\t\t\t<\/div>\n\t\t\t\t\t<\/div>\n\t\t<\/div>\n\t\t\t\t\t<\/div>\n\t\t<\/section>\n\t\t\t\t<section class=\"elementor-section elementor-top-section elementor-element elementor-element-5d484a6 elementor-section-boxed elementor-section-height-default elementor-section-height-default\" data-id=\"5d484a6\" data-element_type=\"section\">\n\t\t\t\t\t\t<div class=\"elementor-container elementor-column-gap-default\">\n\t\t\t\t\t<div class=\"elementor-column elementor-col-100 elementor-top-column elementor-element elementor-element-1511dfb\" data-id=\"1511dfb\" data-element_type=\"column\">\n\t\t\t<div class=\"elementor-widget-wrap elementor-element-populated\">\n\t\t\t\t\t\t<div class=\"elementor-element elementor-element-7224e8f elementor-widget elementor-widget-video\" data-id=\"7224e8f\" data-element_type=\"widget\" data-settings=\"{&quot;youtube_url&quot;:&quot;https:\\\/\\\/youtu.be\\\/OoJbn5bkVqU&quot;,&quot;video_type&quot;:&quot;youtube&quot;,&quot;controls&quot;:&quot;yes&quot;}\" data-widget_type=\"video.default\">\n\t\t\t\t<div class=\"elementor-widget-container\">\n\t\t\t\t\t\t\t<div class=\"elementor-wrapper elementor-open-inline\">\n\t\t\t<div class=\"elementor-video\"><\/div>\t\t<\/div>\n\t\t\t\t\t\t<\/div>\n\t\t\t\t<\/div>\n\t\t\t\t\t<\/div>\n\t\t<\/div>\n\t\t\t\t\t<\/div>\n\t\t<\/section>\n\t\t\t\t<\/div>\n\t\t","protected":false},"excerpt":{"rendered":"<p>La jornada \u201cEl esfuerzo y el compromiso deportivo, herramientas para vivir\u201d del ciclo de conferencias \u201cel valor del deporte en el siglo XXI\u201d se ha realizado en las instalaciones del Museu Ol\u00edmpic y ha sido retransmitida v\u00eda streaming a trav\u00e9s del canal YouTube del BCN Esports. David Escud\u00e9, regidor de deportes del Ayuntamiento de Barcelona [&hellip;]<\/p>\n","protected":false},"author":11,"featured_media":25916,"comment_status":"closed","ping_status":"closed","sticky":false,"template":"","format":"standard","meta":{"_acf_changed":false,"_price":"","_stock":"","_tribe_ticket_header":"","_tribe_default_ticket_provider":"","_tribe_ticket_capacity":"0","_ticket_start_date":"","_ticket_end_date":"","_tribe_ticket_show_description":"","_tribe_ticket_show_not_going":false,"_tribe_ticket_use_global_stock":"","_tribe_ticket_global_stock_level":"","_global_stock_mode":"","_global_stock_cap":"","_tribe_rsvp_for_event":"","_tribe_ticket_going_count":"","_tribe_ticket_not_going_count":"","_tribe_tickets_list":"[]","_tribe_ticket_has_attendee_info_fields":false,"footnotes":""},"categories":[3],"tags":[],"class_list":["post-25897","post","type-post","status-publish","format-standard","has-post-thumbnail","hentry","category-sin-categorizar"],"acf":[],"yoast_head":"<!-- This site is optimized with the Yoast SEO plugin v23.7 - https:\/\/yoast.com\/wordpress\/plugins\/seo\/ -->\n<title>\u201cEl esfuerzo y el compromiso deportivo, herramientas para vivir\u201d - Museu Ol\u00edmpic i de l&#039;Esport Joan Antoni Samaranch. Barcelona<\/title>\n<meta name=\"robots\" content=\"index, follow, max-snippet:-1, max-image-preview:large, max-video-preview:-1\" \/>\n<link rel=\"canonical\" href=\"https:\/\/www.museuolimpicbcn.cat\/es\/el-esfuerzo-y-el-compromiso-deportivo-herramientas-para-vivir\/\" \/>\n<meta property=\"og:locale\" content=\"es_ES\" \/>\n<meta property=\"og:type\" content=\"article\" \/>\n<meta property=\"og:title\" content=\"\u201cEl esfuerzo y el compromiso deportivo, herramientas para vivir\u201d - Museu Ol\u00edmpic i de l&#039;Esport Joan Antoni Samaranch. Barcelona\" \/>\n<meta property=\"og:description\" content=\"La jornada \u201cEl esfuerzo y el compromiso deportivo, herramientas para vivir\u201d del ciclo de conferencias \u201cel valor del deporte en el siglo XXI\u201d se ha realizado en las instalaciones del Museu Ol\u00edmpic y ha sido retransmitida v\u00eda streaming a trav\u00e9s del canal YouTube del BCN Esports. David Escud\u00e9, regidor de deportes del Ayuntamiento de Barcelona [&hellip;]\" \/>\n<meta property=\"og:url\" content=\"https:\/\/www.museuolimpicbcn.cat\/es\/el-esfuerzo-y-el-compromiso-deportivo-herramientas-para-vivir\/\" \/>\n<meta property=\"og:site_name\" content=\"Museu Ol\u00edmpic i de l&#039;Esport Joan Antoni Samaranch. Barcelona\" \/>\n<meta property=\"article:published_time\" content=\"2020-12-15T19:10:03+00:00\" \/>\n<meta property=\"article:modified_time\" content=\"2021-02-04T13:48:37+00:00\" \/>\n<meta property=\"og:image\" content=\"https:\/\/www.museuolimpicbcn.cat\/wp-content\/uploads\/sites\/2\/2020\/12\/jornadaes-S-XXI-Museu-OLIMPIC-UNZUE_32.jpg\" \/>\n\t<meta property=\"og:image:width\" content=\"1839\" \/>\n\t<meta property=\"og:image:height\" content=\"1226\" \/>\n\t<meta property=\"og:image:type\" content=\"image\/jpeg\" \/>\n<meta name=\"author\" content=\"Ibone\" \/>\n<meta name=\"twitter:card\" content=\"summary_large_image\" \/>\n<meta name=\"twitter:label1\" content=\"Escrito por\" \/>\n\t<meta name=\"twitter:data1\" content=\"Ibone\" \/>\n\t<meta name=\"twitter:label2\" content=\"Tiempo de lectura\" \/>\n\t<meta name=\"twitter:data2\" content=\"1 minuto\" \/>\n<script type=\"application\/ld+json\" class=\"yoast-schema-graph\">{\"@context\":\"https:\/\/schema.org\",\"@graph\":[{\"@type\":\"Article\",\"@id\":\"https:\/\/www.museuolimpicbcn.cat\/es\/el-esfuerzo-y-el-compromiso-deportivo-herramientas-para-vivir\/#article\",\"isPartOf\":{\"@id\":\"https:\/\/www.museuolimpicbcn.cat\/es\/el-esfuerzo-y-el-compromiso-deportivo-herramientas-para-vivir\/\"},\"author\":{\"name\":\"Ibone\",\"@id\":\"https:\/\/www.museuolimpicbcn.cat\/ca\/#\/schema\/person\/b792834a53f193977df425a499287aa9\"},\"headline\":\"\u201cEl esfuerzo y el compromiso deportivo, herramientas para vivir\u201d\",\"datePublished\":\"2020-12-15T19:10:03+00:00\",\"dateModified\":\"2021-02-04T13:48:37+00:00\",\"mainEntityOfPage\":{\"@id\":\"https:\/\/www.museuolimpicbcn.cat\/es\/el-esfuerzo-y-el-compromiso-deportivo-herramientas-para-vivir\/\"},\"wordCount\":203,\"publisher\":{\"@id\":\"https:\/\/www.museuolimpicbcn.cat\/ca\/#organization\"},\"image\":{\"@id\":\"https:\/\/www.museuolimpicbcn.cat\/es\/el-esfuerzo-y-el-compromiso-deportivo-herramientas-para-vivir\/#primaryimage\"},\"thumbnailUrl\":\"https:\/\/www.museuolimpicbcn.cat\/wp-content\/uploads\/sites\/2\/2020\/12\/jornadaes-S-XXI-Museu-OLIMPIC-UNZUE_32.jpg\",\"articleSection\":[\"Sin categorizar\"],\"inLanguage\":\"es\"},{\"@type\":\"WebPage\",\"@id\":\"https:\/\/www.museuolimpicbcn.cat\/es\/el-esfuerzo-y-el-compromiso-deportivo-herramientas-para-vivir\/\",\"url\":\"https:\/\/www.museuolimpicbcn.cat\/es\/el-esfuerzo-y-el-compromiso-deportivo-herramientas-para-vivir\/\",\"name\":\"\u201cEl esfuerzo y el compromiso deportivo, herramientas para vivir\u201d - Museu Ol\u00edmpic i de l&#039;Esport Joan Antoni Samaranch. Barcelona\",\"isPartOf\":{\"@id\":\"https:\/\/www.museuolimpicbcn.cat\/ca\/#website\"},\"primaryImageOfPage\":{\"@id\":\"https:\/\/www.museuolimpicbcn.cat\/es\/el-esfuerzo-y-el-compromiso-deportivo-herramientas-para-vivir\/#primaryimage\"},\"image\":{\"@id\":\"https:\/\/www.museuolimpicbcn.cat\/es\/el-esfuerzo-y-el-compromiso-deportivo-herramientas-para-vivir\/#primaryimage\"},\"thumbnailUrl\":\"https:\/\/www.museuolimpicbcn.cat\/wp-content\/uploads\/sites\/2\/2020\/12\/jornadaes-S-XXI-Museu-OLIMPIC-UNZUE_32.jpg\",\"datePublished\":\"2020-12-15T19:10:03+00:00\",\"dateModified\":\"2021-02-04T13:48:37+00:00\",\"breadcrumb\":{\"@id\":\"https:\/\/www.museuolimpicbcn.cat\/es\/el-esfuerzo-y-el-compromiso-deportivo-herramientas-para-vivir\/#breadcrumb\"},\"inLanguage\":\"es\",\"potentialAction\":[{\"@type\":\"ReadAction\",\"target\":[\"https:\/\/www.museuolimpicbcn.cat\/es\/el-esfuerzo-y-el-compromiso-deportivo-herramientas-para-vivir\/\"]}]},{\"@type\":\"ImageObject\",\"inLanguage\":\"es\",\"@id\":\"https:\/\/www.museuolimpicbcn.cat\/es\/el-esfuerzo-y-el-compromiso-deportivo-herramientas-para-vivir\/#primaryimage\",\"url\":\"https:\/\/www.museuolimpicbcn.cat\/wp-content\/uploads\/sites\/2\/2020\/12\/jornadaes-S-XXI-Museu-OLIMPIC-UNZUE_32.jpg\",\"contentUrl\":\"https:\/\/www.museuolimpicbcn.cat\/wp-content\/uploads\/sites\/2\/2020\/12\/jornadaes-S-XXI-Museu-OLIMPIC-UNZUE_32.jpg\",\"width\":1839,\"height\":1226,\"caption\":\"Jordi Fandi\u00f1o, Juan Carlos Unzue, Montserrat Ferrero, Marc Fuentes, David Escud\u00e9 i Mireia Vicente\"},{\"@type\":\"BreadcrumbList\",\"@id\":\"https:\/\/www.museuolimpicbcn.cat\/es\/el-esfuerzo-y-el-compromiso-deportivo-herramientas-para-vivir\/#breadcrumb\",\"itemListElement\":[{\"@type\":\"ListItem\",\"position\":1,\"name\":\"Inici\",\"item\":\"https:\/\/www.museuolimpicbcn.cat\/es\/\"},{\"@type\":\"ListItem\",\"position\":2,\"name\":\"\u201cEl esfuerzo y el compromiso deportivo, herramientas para vivir\u201d\"}]},{\"@type\":\"WebSite\",\"@id\":\"https:\/\/www.museuolimpicbcn.cat\/ca\/#website\",\"url\":\"https:\/\/www.museuolimpicbcn.cat\/ca\/\",\"name\":\"Museu Ol\u00edmpic i de l&#039;Esport Joan Antoni Samaranch. Barcelona\",\"description\":\"Altre lloc Web del Museu Ol\u00edmpic i de l&#039;Esport llocs\",\"publisher\":{\"@id\":\"https:\/\/www.museuolimpicbcn.cat\/ca\/#organization\"},\"potentialAction\":[{\"@type\":\"SearchAction\",\"target\":{\"@type\":\"EntryPoint\",\"urlTemplate\":\"https:\/\/www.museuolimpicbcn.cat\/ca\/?s={search_term_string}\"},\"query-input\":{\"@type\":\"PropertyValueSpecification\",\"valueRequired\":true,\"valueName\":\"search_term_string\"}}],\"inLanguage\":\"es\"},{\"@type\":\"Organization\",\"@id\":\"https:\/\/www.museuolimpicbcn.cat\/ca\/#organization\",\"name\":\"Museu Ol\u00edmpic i de l&#039;Esport Joan Antoni Samaranch. Barcelona\",\"url\":\"https:\/\/www.museuolimpicbcn.cat\/ca\/\",\"logo\":{\"@type\":\"ImageObject\",\"inLanguage\":\"es\",\"@id\":\"https:\/\/www.museuolimpicbcn.cat\/ca\/#\/schema\/logo\/image\/\",\"url\":\"https:\/\/www.museuolimpicbcn.cat\/wp-content\/uploads\/sites\/2\/2018\/12\/logo-moe-header.svg\",\"contentUrl\":\"https:\/\/www.museuolimpicbcn.cat\/wp-content\/uploads\/sites\/2\/2018\/12\/logo-moe-header.svg\",\"caption\":\"Museu Ol\u00edmpic i de l&#039;Esport Joan Antoni Samaranch. Barcelona\"},\"image\":{\"@id\":\"https:\/\/www.museuolimpicbcn.cat\/ca\/#\/schema\/logo\/image\/\"}},{\"@type\":\"Person\",\"@id\":\"https:\/\/www.museuolimpicbcn.cat\/ca\/#\/schema\/person\/b792834a53f193977df425a499287aa9\",\"name\":\"Ibone\",\"url\":\"https:\/\/www.museuolimpicbcn.cat\/es\/author\/fbolimpica\/\"}]}<\/script>\n<!-- \/ Yoast SEO plugin. -->","yoast_head_json":{"title":"\u201cEl esfuerzo y el compromiso deportivo, herramientas para vivir\u201d - Museu Ol\u00edmpic i de l&#039;Esport Joan Antoni Samaranch. Barcelona","robots":{"index":"index","follow":"follow","max-snippet":"max-snippet:-1","max-image-preview":"max-image-preview:large","max-video-preview":"max-video-preview:-1"},"canonical":"https:\/\/www.museuolimpicbcn.cat\/es\/el-esfuerzo-y-el-compromiso-deportivo-herramientas-para-vivir\/","og_locale":"es_ES","og_type":"article","og_title":"\u201cEl esfuerzo y el compromiso deportivo, herramientas para vivir\u201d - Museu Ol\u00edmpic i de l&#039;Esport Joan Antoni Samaranch. Barcelona","og_description":"La jornada \u201cEl esfuerzo y el compromiso deportivo, herramientas para vivir\u201d del ciclo de conferencias \u201cel valor del deporte en el siglo XXI\u201d se ha realizado en las instalaciones del Museu Ol\u00edmpic y ha sido retransmitida v\u00eda streaming a trav\u00e9s del canal YouTube del BCN Esports. David Escud\u00e9, regidor de deportes del Ayuntamiento de Barcelona [&hellip;]","og_url":"https:\/\/www.museuolimpicbcn.cat\/es\/el-esfuerzo-y-el-compromiso-deportivo-herramientas-para-vivir\/","og_site_name":"Museu Ol\u00edmpic i de l&#039;Esport Joan Antoni Samaranch. Barcelona","article_published_time":"2020-12-15T19:10:03+00:00","article_modified_time":"2021-02-04T13:48:37+00:00","og_image":[{"width":1839,"height":1226,"url":"https:\/\/www.museuolimpicbcn.cat\/wp-content\/uploads\/sites\/2\/2020\/12\/jornadaes-S-XXI-Museu-OLIMPIC-UNZUE_32.jpg","type":"image\/jpeg"}],"author":"Ibone","twitter_card":"summary_large_image","twitter_misc":{"Escrito por":"Ibone","Tiempo de lectura":"1 minuto"},"schema":{"@context":"https:\/\/schema.org","@graph":[{"@type":"Article","@id":"https:\/\/www.museuolimpicbcn.cat\/es\/el-esfuerzo-y-el-compromiso-deportivo-herramientas-para-vivir\/#article","isPartOf":{"@id":"https:\/\/www.museuolimpicbcn.cat\/es\/el-esfuerzo-y-el-compromiso-deportivo-herramientas-para-vivir\/"},"author":{"name":"Ibone","@id":"https:\/\/www.museuolimpicbcn.cat\/ca\/#\/schema\/person\/b792834a53f193977df425a499287aa9"},"headline":"\u201cEl esfuerzo y el compromiso deportivo, herramientas para vivir\u201d","datePublished":"2020-12-15T19:10:03+00:00","dateModified":"2021-02-04T13:48:37+00:00","mainEntityOfPage":{"@id":"https:\/\/www.museuolimpicbcn.cat\/es\/el-esfuerzo-y-el-compromiso-deportivo-herramientas-para-vivir\/"},"wordCount":203,"publisher":{"@id":"https:\/\/www.museuolimpicbcn.cat\/ca\/#organization"},"image":{"@id":"https:\/\/www.museuolimpicbcn.cat\/es\/el-esfuerzo-y-el-compromiso-deportivo-herramientas-para-vivir\/#primaryimage"},"thumbnailUrl":"https:\/\/www.museuolimpicbcn.cat\/wp-content\/uploads\/sites\/2\/2020\/12\/jornadaes-S-XXI-Museu-OLIMPIC-UNZUE_32.jpg","articleSection":["Sin categorizar"],"inLanguage":"es"},{"@type":"WebPage","@id":"https:\/\/www.museuolimpicbcn.cat\/es\/el-esfuerzo-y-el-compromiso-deportivo-herramientas-para-vivir\/","url":"https:\/\/www.museuolimpicbcn.cat\/es\/el-esfuerzo-y-el-compromiso-deportivo-herramientas-para-vivir\/","name":"\u201cEl esfuerzo y el compromiso deportivo, herramientas para vivir\u201d - Museu Ol\u00edmpic i de l&#039;Esport Joan Antoni Samaranch. Barcelona","isPartOf":{"@id":"https:\/\/www.museuolimpicbcn.cat\/ca\/#website"},"primaryImageOfPage":{"@id":"https:\/\/www.museuolimpicbcn.cat\/es\/el-esfuerzo-y-el-compromiso-deportivo-herramientas-para-vivir\/#primaryimage"},"image":{"@id":"https:\/\/www.museuolimpicbcn.cat\/es\/el-esfuerzo-y-el-compromiso-deportivo-herramientas-para-vivir\/#primaryimage"},"thumbnailUrl":"https:\/\/www.museuolimpicbcn.cat\/wp-content\/uploads\/sites\/2\/2020\/12\/jornadaes-S-XXI-Museu-OLIMPIC-UNZUE_32.jpg","datePublished":"2020-12-15T19:10:03+00:00","dateModified":"2021-02-04T13:48:37+00:00","breadcrumb":{"@id":"https:\/\/www.museuolimpicbcn.cat\/es\/el-esfuerzo-y-el-compromiso-deportivo-herramientas-para-vivir\/#breadcrumb"},"inLanguage":"es","potentialAction":[{"@type":"ReadAction","target":["https:\/\/www.museuolimpicbcn.cat\/es\/el-esfuerzo-y-el-compromiso-deportivo-herramientas-para-vivir\/"]}]},{"@type":"ImageObject","inLanguage":"es","@id":"https:\/\/www.museuolimpicbcn.cat\/es\/el-esfuerzo-y-el-compromiso-deportivo-herramientas-para-vivir\/#primaryimage","url":"https:\/\/www.museuolimpicbcn.cat\/wp-content\/uploads\/sites\/2\/2020\/12\/jornadaes-S-XXI-Museu-OLIMPIC-UNZUE_32.jpg","contentUrl":"https:\/\/www.museuolimpicbcn.cat\/wp-content\/uploads\/sites\/2\/2020\/12\/jornadaes-S-XXI-Museu-OLIMPIC-UNZUE_32.jpg","width":1839,"height":1226,"caption":"Jordi Fandi\u00f1o, Juan Carlos Unzue, Montserrat Ferrero, Marc Fuentes, David Escud\u00e9 i Mireia Vicente"},{"@type":"BreadcrumbList","@id":"https:\/\/www.museuolimpicbcn.cat\/es\/el-esfuerzo-y-el-compromiso-deportivo-herramientas-para-vivir\/#breadcrumb","itemListElement":[{"@type":"ListItem","position":1,"name":"Inici","item":"https:\/\/www.museuolimpicbcn.cat\/es\/"},{"@type":"ListItem","position":2,"name":"\u201cEl esfuerzo y el compromiso deportivo, herramientas para vivir\u201d"}]},{"@type":"WebSite","@id":"https:\/\/www.museuolimpicbcn.cat\/ca\/#website","url":"https:\/\/www.museuolimpicbcn.cat\/ca\/","name":"Museu Ol\u00edmpic i de l&#039;Esport Joan Antoni Samaranch. Barcelona","description":"Altre lloc Web del Museu Ol\u00edmpic i de l&#039;Esport llocs","publisher":{"@id":"https:\/\/www.museuolimpicbcn.cat\/ca\/#organization"},"potentialAction":[{"@type":"SearchAction","target":{"@type":"EntryPoint","urlTemplate":"https:\/\/www.museuolimpicbcn.cat\/ca\/?s={search_term_string}"},"query-input":{"@type":"PropertyValueSpecification","valueRequired":true,"valueName":"search_term_string"}}],"inLanguage":"es"},{"@type":"Organization","@id":"https:\/\/www.museuolimpicbcn.cat\/ca\/#organization","name":"Museu Ol\u00edmpic i de l&#039;Esport Joan Antoni Samaranch. Barcelona","url":"https:\/\/www.museuolimpicbcn.cat\/ca\/","logo":{"@type":"ImageObject","inLanguage":"es","@id":"https:\/\/www.museuolimpicbcn.cat\/ca\/#\/schema\/logo\/image\/","url":"https:\/\/www.museuolimpicbcn.cat\/wp-content\/uploads\/sites\/2\/2018\/12\/logo-moe-header.svg","contentUrl":"https:\/\/www.museuolimpicbcn.cat\/wp-content\/uploads\/sites\/2\/2018\/12\/logo-moe-header.svg","caption":"Museu Ol\u00edmpic i de l&#039;Esport Joan Antoni Samaranch. Barcelona"},"image":{"@id":"https:\/\/www.museuolimpicbcn.cat\/ca\/#\/schema\/logo\/image\/"}},{"@type":"Person","@id":"https:\/\/www.museuolimpicbcn.cat\/ca\/#\/schema\/person\/b792834a53f193977df425a499287aa9","name":"Ibone","url":"https:\/\/www.museuolimpicbcn.cat\/es\/author\/fbolimpica\/"}]}},"_links":{"self":[{"href":"https:\/\/www.museuolimpicbcn.cat\/es\/wp-json\/wp\/v2\/posts\/25897"}],"collection":[{"href":"https:\/\/www.museuolimpicbcn.cat\/es\/wp-json\/wp\/v2\/posts"}],"about":[{"href":"https:\/\/www.museuolimpicbcn.cat\/es\/wp-json\/wp\/v2\/types\/post"}],"author":[{"embeddable":true,"href":"https:\/\/www.museuolimpicbcn.cat\/es\/wp-json\/wp\/v2\/users\/11"}],"replies":[{"embeddable":true,"href":"https:\/\/www.museuolimpicbcn.cat\/es\/wp-json\/wp\/v2\/comments?post=25897"}],"version-history":[{"count":6,"href":"https:\/\/www.museuolimpicbcn.cat\/es\/wp-json\/wp\/v2\/posts\/25897\/revisions"}],"predecessor-version":[{"id":26832,"href":"https:\/\/www.museuolimpicbcn.cat\/es\/wp-json\/wp\/v2\/posts\/25897\/revisions\/26832"}],"wp:featuredmedia":[{"embeddable":true,"href":"https:\/\/www.museuolimpicbcn.cat\/es\/wp-json\/wp\/v2\/media\/25916"}],"wp:attachment":[{"href":"https:\/\/www.museuolimpicbcn.cat\/es\/wp-json\/wp\/v2\/media?parent=25897"}],"wp:term":[{"taxonomy":"category","embeddable":true,"href":"https:\/\/www.museuolimpicbcn.cat\/es\/wp-json\/wp\/v2\/categories?post=25897"},{"taxonomy":"post_tag","embeddable":true,"href":"https:\/\/www.museuolimpicbcn.cat\/es\/wp-json\/wp\/v2\/tags?post=25897"}],"curies":[{"name":"wp","href":"https:\/\/api.w.org\/{rel}","templated":true}]}}