{"id":28929,"date":"2021-06-07T10:01:01","date_gmt":"2021-06-07T08:01:01","guid":{"rendered":"https:\/\/www.museuolimpicbcn.cat\/?p=28929"},"modified":"2021-06-07T16:02:53","modified_gmt":"2021-06-07T14:02:53","slug":"la-ciudad-espacio-de-practica-deportiva-miercoles-9-a-las-17h-jornada-virtual","status":"publish","type":"post","link":"https:\/\/www.museuolimpicbcn.cat\/es\/la-ciudad-espacio-de-practica-deportiva-miercoles-9-a-las-17h-jornada-virtual\/","title":{"rendered":"La ciudad, espacio de pr\u00e1ctica deportiva. Mi\u00e9rcoles 9 a las 17h, jornada virtual"},"content":{"rendered":"<p>La jornada <strong>\u201cEl deporte como herramienta de salud. La ciudad, espacio de pr\u00e1ctica deportiva\u201d <\/strong>del ciclo de conferencias \u201cel valor del deporte en el siglo XXI\u201d se realizar\u00e1 el <strong>mi\u00e9rcoles 9 de junio a las 17 horas,<\/strong> v\u00eda Streaming en las instalaciones del Museu Ol\u00edmpic y se retransmitir\u00e1 a trav\u00e9s de la p\u00e1gina web <a href=\"http:\/\/www.museuolimpicbcn.cat\">www.museuolimpicbcn.cat<\/a> y del <a href=\"https:\/\/youtu.be\/mkOYE3ToqGk\">canal YouTube de la Fundaci\u00f3 Barcelona Ol\u00edmpica<\/a>.<\/p>\n<p><a href=\"https:\/\/www.fundaciobarcelonaolimpica.es\/es\/valor_de_lesport\/\"><strong>Inscr\u00edbete en las jornadas<\/strong><\/a><\/p>\n<p>En esta edici\u00f3n, seguimos reflexionando en el entorno del deporte como herramienta de salud pero pondremos el foco en la ciudad como importante escenario para la pr\u00e1ctica deportiva. La pandemia que hemos vivido ha hecho que cada vez m\u00e1s gente salga a la calle a practicar deporte. \u00bfEsta tendencia ha venido para quedarse?, \u00bfCu\u00e1les son las necesidades de la ciudad?, \u00bfCu\u00e1les son las tendencias deportivas que podemos encontrar?, \u00bfC\u00f3mo combinan los centros deportivos la pr\u00e1ctica deportiva\u00a0indoor\u00a0con la pr\u00e1ctica al aire libre?<\/p>\n<p>La jornada coordinada por el periodista de TV3 Jordi Fandi\u00f1o contar\u00e1 con la presencia de:<\/p>\n<ul>\n<li><strong>Juan-Andr\u00e9s Hernando L\u00f3pez:<\/strong> Arquitecto Urbanista, especializado en Espacios para la gestion&#8221;Activa y positiva&#8221;<em>.<\/em><\/li>\n<\/ul>\n<p><em>&#8220;La Educacion, el deporte y la recreaci\u00f3n como &#8220;espacios vitales&#8221; para facilitar el bienestar saludable y sostenible, de las personas. El urbanismo, condiciona nuestras vidas&#8221;<\/em><\/p>\n<ul>\n<li><strong>Jordi Cavero Buscat\u00f3<\/strong>: Gerente de Servicios de Deporte. Diputaci\u00f3n de Barcelona.<\/li>\n<\/ul>\n<p><em>&#8220;El deporte es un derecho para todo el mundo, en este sentido el medio natural se presenta como un escenario id\u00f3neo, abierto y de libre accesibilidad para la ciudadan\u00eda. El itinerarios deportivos de la provincia de Barcelona configuran una red territorial con gran potencial para apoyar a la pr\u00e1ctica deportiva outdoor: andar, marcha n\u00f3rdica, correr, ananr en bici..&#8221;<\/em><\/p>\n<ul>\n<li><strong>Alba Gamell:<\/strong> Presidenta del Club Beach Tennis Barcelona y Responsable del Tenis Playa Catal\u00e1n en la Federaci\u00f3n Catalana de Tenis.<\/li>\n<\/ul>\n<p><em>&#8220;La experiencia y visi\u00f3n de la ciudad y los espacio de pr\u00e1ctica deportiva al aire libre, en especial la zona de playas y el litoral barcelon\u00e9s&#8221;<\/em><\/p>\n<ul>\n<li><strong>Carles Meilan: <\/strong>presidente de CET10<\/li>\n<\/ul>\n<p><strong>\u201c<\/strong>Desde los centros deportivos nos hemos tenido que adaptar a las necesidades y demanda de nuestros clientes\u201d<\/p>\n<p><a href=\"https:\/\/www.fundaciobarcelonaolimpica.es\/es\/aceptar-newletter\/\">Inscr\u00edbete en el bolet\u00edn de conferencias y descubre la pr\u00f3xima<\/a>.<\/p>\n<p><strong>El ciclo de conferencias \u201cEl Valor del deporte en el siglo XXI\u201d est\u00e1 organizado por la Fundaci\u00f3 Barcelona Ol\u00edmpica en colaboraci\u00f3n con el Institut Barcelona Esports.<\/strong><\/p>\n","protected":false},"excerpt":{"rendered":"<p>La jornada \u201cEl deporte como herramienta de salud. La ciudad, espacio de pr\u00e1ctica deportiva\u201d del ciclo de conferencias \u201cel valor del deporte en el siglo XXI\u201d se realizar\u00e1 el mi\u00e9rcoles 9 de junio a las 17 horas, v\u00eda Streaming en las instalaciones del Museu Ol\u00edmpic y se retransmitir\u00e1 a trav\u00e9s de la p\u00e1gina web www.museuolimpicbcn.cat [&hellip;]<\/p>\n","protected":false},"author":11,"featured_media":28936,"comment_status":"closed","ping_status":"closed","sticky":false,"template":"","format":"standard","meta":{"_acf_changed":false,"_price":"","_stock":"","_tribe_ticket_header":"","_tribe_default_ticket_provider":"","_tribe_ticket_capacity":"0","_ticket_start_date":"","_ticket_end_date":"","_tribe_ticket_show_description":"","_tribe_ticket_show_not_going":false,"_tribe_ticket_use_global_stock":"","_tribe_ticket_global_stock_level":"","_global_stock_mode":"","_global_stock_cap":"","_tribe_rsvp_for_event":"","_tribe_ticket_going_count":"","_tribe_ticket_not_going_count":"","_tribe_tickets_list":"[]","_tribe_ticket_has_attendee_info_fields":false,"footnotes":""},"categories":[3],"tags":[],"class_list":["post-28929","post","type-post","status-publish","format-standard","has-post-thumbnail","hentry","category-sin-categorizar"],"acf":[],"yoast_head":"<!-- This site is optimized with the Yoast SEO plugin v23.7 - https:\/\/yoast.com\/wordpress\/plugins\/seo\/ -->\n<title>La ciudad, espacio de pr\u00e1ctica deportiva. Mi\u00e9rcoles 9 a las 17h, jornada virtual - Museu Ol\u00edmpic i de l&#039;Esport Joan Antoni Samaranch. Barcelona<\/title>\n<meta name=\"robots\" content=\"index, follow, max-snippet:-1, max-image-preview:large, max-video-preview:-1\" \/>\n<link rel=\"canonical\" href=\"https:\/\/www.museuolimpicbcn.cat\/es\/la-ciudad-espacio-de-practica-deportiva-miercoles-9-a-las-17h-jornada-virtual\/\" \/>\n<meta property=\"og:locale\" content=\"es_ES\" \/>\n<meta property=\"og:type\" content=\"article\" \/>\n<meta property=\"og:title\" content=\"La ciudad, espacio de pr\u00e1ctica deportiva. Mi\u00e9rcoles 9 a las 17h, jornada virtual - Museu Ol\u00edmpic i de l&#039;Esport Joan Antoni Samaranch. Barcelona\" \/>\n<meta property=\"og:description\" content=\"La jornada \u201cEl deporte como herramienta de salud. La ciudad, espacio de pr\u00e1ctica deportiva\u201d del ciclo de conferencias \u201cel valor del deporte en el siglo XXI\u201d se realizar\u00e1 el mi\u00e9rcoles 9 de junio a las 17 horas, v\u00eda Streaming en las instalaciones del Museu Ol\u00edmpic y se retransmitir\u00e1 a trav\u00e9s de la p\u00e1gina web www.museuolimpicbcn.cat [&hellip;]\" \/>\n<meta property=\"og:url\" content=\"https:\/\/www.museuolimpicbcn.cat\/es\/la-ciudad-espacio-de-practica-deportiva-miercoles-9-a-las-17h-jornada-virtual\/\" \/>\n<meta property=\"og:site_name\" content=\"Museu Ol\u00edmpic i de l&#039;Esport Joan Antoni Samaranch. Barcelona\" \/>\n<meta property=\"article:published_time\" content=\"2021-06-07T08:01:01+00:00\" \/>\n<meta property=\"article:modified_time\" content=\"2021-06-07T14:02:53+00:00\" \/>\n<meta property=\"og:image\" content=\"https:\/\/www.museuolimpicbcn.cat\/wp-content\/uploads\/sites\/2\/2021\/06\/Cast-Pantalla.png\" \/>\n\t<meta property=\"og:image:width\" content=\"3840\" \/>\n\t<meta property=\"og:image:height\" content=\"2160\" \/>\n\t<meta property=\"og:image:type\" content=\"image\/png\" \/>\n<meta name=\"author\" content=\"Ibone\" \/>\n<meta name=\"twitter:card\" content=\"summary_large_image\" \/>\n<meta name=\"twitter:label1\" content=\"Escrito por\" \/>\n\t<meta name=\"twitter:data1\" content=\"Ibone\" \/>\n\t<meta name=\"twitter:label2\" content=\"Tiempo de lectura\" \/>\n\t<meta name=\"twitter:data2\" content=\"2 minutos\" \/>\n<script type=\"application\/ld+json\" class=\"yoast-schema-graph\">{\"@context\":\"https:\/\/schema.org\",\"@graph\":[{\"@type\":\"Article\",\"@id\":\"https:\/\/www.museuolimpicbcn.cat\/es\/la-ciudad-espacio-de-practica-deportiva-miercoles-9-a-las-17h-jornada-virtual\/#article\",\"isPartOf\":{\"@id\":\"https:\/\/www.museuolimpicbcn.cat\/es\/la-ciudad-espacio-de-practica-deportiva-miercoles-9-a-las-17h-jornada-virtual\/\"},\"author\":{\"name\":\"Ibone\",\"@id\":\"https:\/\/www.museuolimpicbcn.cat\/ca\/#\/schema\/person\/b792834a53f193977df425a499287aa9\"},\"headline\":\"La ciudad, espacio de pr\u00e1ctica deportiva. Mi\u00e9rcoles 9 a las 17h, jornada virtual\",\"datePublished\":\"2021-06-07T08:01:01+00:00\",\"dateModified\":\"2021-06-07T14:02:53+00:00\",\"mainEntityOfPage\":{\"@id\":\"https:\/\/www.museuolimpicbcn.cat\/es\/la-ciudad-espacio-de-practica-deportiva-miercoles-9-a-las-17h-jornada-virtual\/\"},\"wordCount\":427,\"publisher\":{\"@id\":\"https:\/\/www.museuolimpicbcn.cat\/ca\/#organization\"},\"image\":{\"@id\":\"https:\/\/www.museuolimpicbcn.cat\/es\/la-ciudad-espacio-de-practica-deportiva-miercoles-9-a-las-17h-jornada-virtual\/#primaryimage\"},\"thumbnailUrl\":\"https:\/\/www.museuolimpicbcn.cat\/wp-content\/uploads\/sites\/2\/2021\/06\/Cast-Pantalla.png\",\"articleSection\":[\"Sin categorizar\"],\"inLanguage\":\"es\"},{\"@type\":\"WebPage\",\"@id\":\"https:\/\/www.museuolimpicbcn.cat\/es\/la-ciudad-espacio-de-practica-deportiva-miercoles-9-a-las-17h-jornada-virtual\/\",\"url\":\"https:\/\/www.museuolimpicbcn.cat\/es\/la-ciudad-espacio-de-practica-deportiva-miercoles-9-a-las-17h-jornada-virtual\/\",\"name\":\"La ciudad, espacio de pr\u00e1ctica deportiva. Mi\u00e9rcoles 9 a las 17h, jornada virtual - Museu Ol\u00edmpic i de l&#039;Esport Joan Antoni Samaranch. Barcelona\",\"isPartOf\":{\"@id\":\"https:\/\/www.museuolimpicbcn.cat\/ca\/#website\"},\"primaryImageOfPage\":{\"@id\":\"https:\/\/www.museuolimpicbcn.cat\/es\/la-ciudad-espacio-de-practica-deportiva-miercoles-9-a-las-17h-jornada-virtual\/#primaryimage\"},\"image\":{\"@id\":\"https:\/\/www.museuolimpicbcn.cat\/es\/la-ciudad-espacio-de-practica-deportiva-miercoles-9-a-las-17h-jornada-virtual\/#primaryimage\"},\"thumbnailUrl\":\"https:\/\/www.museuolimpicbcn.cat\/wp-content\/uploads\/sites\/2\/2021\/06\/Cast-Pantalla.png\",\"datePublished\":\"2021-06-07T08:01:01+00:00\",\"dateModified\":\"2021-06-07T14:02:53+00:00\",\"breadcrumb\":{\"@id\":\"https:\/\/www.museuolimpicbcn.cat\/es\/la-ciudad-espacio-de-practica-deportiva-miercoles-9-a-las-17h-jornada-virtual\/#breadcrumb\"},\"inLanguage\":\"es\",\"potentialAction\":[{\"@type\":\"ReadAction\",\"target\":[\"https:\/\/www.museuolimpicbcn.cat\/es\/la-ciudad-espacio-de-practica-deportiva-miercoles-9-a-las-17h-jornada-virtual\/\"]}]},{\"@type\":\"ImageObject\",\"inLanguage\":\"es\",\"@id\":\"https:\/\/www.museuolimpicbcn.cat\/es\/la-ciudad-espacio-de-practica-deportiva-miercoles-9-a-las-17h-jornada-virtual\/#primaryimage\",\"url\":\"https:\/\/www.museuolimpicbcn.cat\/wp-content\/uploads\/sites\/2\/2021\/06\/Cast-Pantalla.png\",\"contentUrl\":\"https:\/\/www.museuolimpicbcn.cat\/wp-content\/uploads\/sites\/2\/2021\/06\/Cast-Pantalla.png\",\"width\":3840,\"height\":2160},{\"@type\":\"BreadcrumbList\",\"@id\":\"https:\/\/www.museuolimpicbcn.cat\/es\/la-ciudad-espacio-de-practica-deportiva-miercoles-9-a-las-17h-jornada-virtual\/#breadcrumb\",\"itemListElement\":[{\"@type\":\"ListItem\",\"position\":1,\"name\":\"Inici\",\"item\":\"https:\/\/www.museuolimpicbcn.cat\/es\/\"},{\"@type\":\"ListItem\",\"position\":2,\"name\":\"La ciudad, espacio de pr\u00e1ctica deportiva. Mi\u00e9rcoles 9 a las 17h, jornada virtual\"}]},{\"@type\":\"WebSite\",\"@id\":\"https:\/\/www.museuolimpicbcn.cat\/ca\/#website\",\"url\":\"https:\/\/www.museuolimpicbcn.cat\/ca\/\",\"name\":\"Museu Ol\u00edmpic i de l&#039;Esport Joan Antoni Samaranch. Barcelona\",\"description\":\"Altre lloc Web del Museu Ol\u00edmpic i de l&#039;Esport llocs\",\"publisher\":{\"@id\":\"https:\/\/www.museuolimpicbcn.cat\/ca\/#organization\"},\"potentialAction\":[{\"@type\":\"SearchAction\",\"target\":{\"@type\":\"EntryPoint\",\"urlTemplate\":\"https:\/\/www.museuolimpicbcn.cat\/ca\/?s={search_term_string}\"},\"query-input\":{\"@type\":\"PropertyValueSpecification\",\"valueRequired\":true,\"valueName\":\"search_term_string\"}}],\"inLanguage\":\"es\"},{\"@type\":\"Organization\",\"@id\":\"https:\/\/www.museuolimpicbcn.cat\/ca\/#organization\",\"name\":\"Museu Ol\u00edmpic i de l&#039;Esport Joan Antoni Samaranch. Barcelona\",\"url\":\"https:\/\/www.museuolimpicbcn.cat\/ca\/\",\"logo\":{\"@type\":\"ImageObject\",\"inLanguage\":\"es\",\"@id\":\"https:\/\/www.museuolimpicbcn.cat\/ca\/#\/schema\/logo\/image\/\",\"url\":\"https:\/\/www.museuolimpicbcn.cat\/wp-content\/uploads\/sites\/2\/2018\/12\/logo-moe-header.svg\",\"contentUrl\":\"https:\/\/www.museuolimpicbcn.cat\/wp-content\/uploads\/sites\/2\/2018\/12\/logo-moe-header.svg\",\"caption\":\"Museu Ol\u00edmpic i de l&#039;Esport Joan Antoni Samaranch. Barcelona\"},\"image\":{\"@id\":\"https:\/\/www.museuolimpicbcn.cat\/ca\/#\/schema\/logo\/image\/\"}},{\"@type\":\"Person\",\"@id\":\"https:\/\/www.museuolimpicbcn.cat\/ca\/#\/schema\/person\/b792834a53f193977df425a499287aa9\",\"name\":\"Ibone\",\"url\":\"https:\/\/www.museuolimpicbcn.cat\/es\/author\/fbolimpica\/\"}]}<\/script>\n<!-- \/ Yoast SEO plugin. -->","yoast_head_json":{"title":"La ciudad, espacio de pr\u00e1ctica deportiva. Mi\u00e9rcoles 9 a las 17h, jornada virtual - Museu Ol\u00edmpic i de l&#039;Esport Joan Antoni Samaranch. Barcelona","robots":{"index":"index","follow":"follow","max-snippet":"max-snippet:-1","max-image-preview":"max-image-preview:large","max-video-preview":"max-video-preview:-1"},"canonical":"https:\/\/www.museuolimpicbcn.cat\/es\/la-ciudad-espacio-de-practica-deportiva-miercoles-9-a-las-17h-jornada-virtual\/","og_locale":"es_ES","og_type":"article","og_title":"La ciudad, espacio de pr\u00e1ctica deportiva. Mi\u00e9rcoles 9 a las 17h, jornada virtual - Museu Ol\u00edmpic i de l&#039;Esport Joan Antoni Samaranch. Barcelona","og_description":"La jornada \u201cEl deporte como herramienta de salud. La ciudad, espacio de pr\u00e1ctica deportiva\u201d del ciclo de conferencias \u201cel valor del deporte en el siglo XXI\u201d se realizar\u00e1 el mi\u00e9rcoles 9 de junio a las 17 horas, v\u00eda Streaming en las instalaciones del Museu Ol\u00edmpic y se retransmitir\u00e1 a trav\u00e9s de la p\u00e1gina web www.museuolimpicbcn.cat [&hellip;]","og_url":"https:\/\/www.museuolimpicbcn.cat\/es\/la-ciudad-espacio-de-practica-deportiva-miercoles-9-a-las-17h-jornada-virtual\/","og_site_name":"Museu Ol\u00edmpic i de l&#039;Esport Joan Antoni Samaranch. Barcelona","article_published_time":"2021-06-07T08:01:01+00:00","article_modified_time":"2021-06-07T14:02:53+00:00","og_image":[{"width":3840,"height":2160,"url":"https:\/\/www.museuolimpicbcn.cat\/wp-content\/uploads\/sites\/2\/2021\/06\/Cast-Pantalla.png","type":"image\/png"}],"author":"Ibone","twitter_card":"summary_large_image","twitter_misc":{"Escrito por":"Ibone","Tiempo de lectura":"2 minutos"},"schema":{"@context":"https:\/\/schema.org","@graph":[{"@type":"Article","@id":"https:\/\/www.museuolimpicbcn.cat\/es\/la-ciudad-espacio-de-practica-deportiva-miercoles-9-a-las-17h-jornada-virtual\/#article","isPartOf":{"@id":"https:\/\/www.museuolimpicbcn.cat\/es\/la-ciudad-espacio-de-practica-deportiva-miercoles-9-a-las-17h-jornada-virtual\/"},"author":{"name":"Ibone","@id":"https:\/\/www.museuolimpicbcn.cat\/ca\/#\/schema\/person\/b792834a53f193977df425a499287aa9"},"headline":"La ciudad, espacio de pr\u00e1ctica deportiva. Mi\u00e9rcoles 9 a las 17h, jornada virtual","datePublished":"2021-06-07T08:01:01+00:00","dateModified":"2021-06-07T14:02:53+00:00","mainEntityOfPage":{"@id":"https:\/\/www.museuolimpicbcn.cat\/es\/la-ciudad-espacio-de-practica-deportiva-miercoles-9-a-las-17h-jornada-virtual\/"},"wordCount":427,"publisher":{"@id":"https:\/\/www.museuolimpicbcn.cat\/ca\/#organization"},"image":{"@id":"https:\/\/www.museuolimpicbcn.cat\/es\/la-ciudad-espacio-de-practica-deportiva-miercoles-9-a-las-17h-jornada-virtual\/#primaryimage"},"thumbnailUrl":"https:\/\/www.museuolimpicbcn.cat\/wp-content\/uploads\/sites\/2\/2021\/06\/Cast-Pantalla.png","articleSection":["Sin categorizar"],"inLanguage":"es"},{"@type":"WebPage","@id":"https:\/\/www.museuolimpicbcn.cat\/es\/la-ciudad-espacio-de-practica-deportiva-miercoles-9-a-las-17h-jornada-virtual\/","url":"https:\/\/www.museuolimpicbcn.cat\/es\/la-ciudad-espacio-de-practica-deportiva-miercoles-9-a-las-17h-jornada-virtual\/","name":"La ciudad, espacio de pr\u00e1ctica deportiva. Mi\u00e9rcoles 9 a las 17h, jornada virtual - Museu Ol\u00edmpic i de l&#039;Esport Joan Antoni Samaranch. Barcelona","isPartOf":{"@id":"https:\/\/www.museuolimpicbcn.cat\/ca\/#website"},"primaryImageOfPage":{"@id":"https:\/\/www.museuolimpicbcn.cat\/es\/la-ciudad-espacio-de-practica-deportiva-miercoles-9-a-las-17h-jornada-virtual\/#primaryimage"},"image":{"@id":"https:\/\/www.museuolimpicbcn.cat\/es\/la-ciudad-espacio-de-practica-deportiva-miercoles-9-a-las-17h-jornada-virtual\/#primaryimage"},"thumbnailUrl":"https:\/\/www.museuolimpicbcn.cat\/wp-content\/uploads\/sites\/2\/2021\/06\/Cast-Pantalla.png","datePublished":"2021-06-07T08:01:01+00:00","dateModified":"2021-06-07T14:02:53+00:00","breadcrumb":{"@id":"https:\/\/www.museuolimpicbcn.cat\/es\/la-ciudad-espacio-de-practica-deportiva-miercoles-9-a-las-17h-jornada-virtual\/#breadcrumb"},"inLanguage":"es","potentialAction":[{"@type":"ReadAction","target":["https:\/\/www.museuolimpicbcn.cat\/es\/la-ciudad-espacio-de-practica-deportiva-miercoles-9-a-las-17h-jornada-virtual\/"]}]},{"@type":"ImageObject","inLanguage":"es","@id":"https:\/\/www.museuolimpicbcn.cat\/es\/la-ciudad-espacio-de-practica-deportiva-miercoles-9-a-las-17h-jornada-virtual\/#primaryimage","url":"https:\/\/www.museuolimpicbcn.cat\/wp-content\/uploads\/sites\/2\/2021\/06\/Cast-Pantalla.png","contentUrl":"https:\/\/www.museuolimpicbcn.cat\/wp-content\/uploads\/sites\/2\/2021\/06\/Cast-Pantalla.png","width":3840,"height":2160},{"@type":"BreadcrumbList","@id":"https:\/\/www.museuolimpicbcn.cat\/es\/la-ciudad-espacio-de-practica-deportiva-miercoles-9-a-las-17h-jornada-virtual\/#breadcrumb","itemListElement":[{"@type":"ListItem","position":1,"name":"Inici","item":"https:\/\/www.museuolimpicbcn.cat\/es\/"},{"@type":"ListItem","position":2,"name":"La ciudad, espacio de pr\u00e1ctica deportiva. Mi\u00e9rcoles 9 a las 17h, jornada virtual"}]},{"@type":"WebSite","@id":"https:\/\/www.museuolimpicbcn.cat\/ca\/#website","url":"https:\/\/www.museuolimpicbcn.cat\/ca\/","name":"Museu Ol\u00edmpic i de l&#039;Esport Joan Antoni Samaranch. Barcelona","description":"Altre lloc Web del Museu Ol\u00edmpic i de l&#039;Esport llocs","publisher":{"@id":"https:\/\/www.museuolimpicbcn.cat\/ca\/#organization"},"potentialAction":[{"@type":"SearchAction","target":{"@type":"EntryPoint","urlTemplate":"https:\/\/www.museuolimpicbcn.cat\/ca\/?s={search_term_string}"},"query-input":{"@type":"PropertyValueSpecification","valueRequired":true,"valueName":"search_term_string"}}],"inLanguage":"es"},{"@type":"Organization","@id":"https:\/\/www.museuolimpicbcn.cat\/ca\/#organization","name":"Museu Ol\u00edmpic i de l&#039;Esport Joan Antoni Samaranch. Barcelona","url":"https:\/\/www.museuolimpicbcn.cat\/ca\/","logo":{"@type":"ImageObject","inLanguage":"es","@id":"https:\/\/www.museuolimpicbcn.cat\/ca\/#\/schema\/logo\/image\/","url":"https:\/\/www.museuolimpicbcn.cat\/wp-content\/uploads\/sites\/2\/2018\/12\/logo-moe-header.svg","contentUrl":"https:\/\/www.museuolimpicbcn.cat\/wp-content\/uploads\/sites\/2\/2018\/12\/logo-moe-header.svg","caption":"Museu Ol\u00edmpic i de l&#039;Esport Joan Antoni Samaranch. Barcelona"},"image":{"@id":"https:\/\/www.museuolimpicbcn.cat\/ca\/#\/schema\/logo\/image\/"}},{"@type":"Person","@id":"https:\/\/www.museuolimpicbcn.cat\/ca\/#\/schema\/person\/b792834a53f193977df425a499287aa9","name":"Ibone","url":"https:\/\/www.museuolimpicbcn.cat\/es\/author\/fbolimpica\/"}]}},"_links":{"self":[{"href":"https:\/\/www.museuolimpicbcn.cat\/es\/wp-json\/wp\/v2\/posts\/28929"}],"collection":[{"href":"https:\/\/www.museuolimpicbcn.cat\/es\/wp-json\/wp\/v2\/posts"}],"about":[{"href":"https:\/\/www.museuolimpicbcn.cat\/es\/wp-json\/wp\/v2\/types\/post"}],"author":[{"embeddable":true,"href":"https:\/\/www.museuolimpicbcn.cat\/es\/wp-json\/wp\/v2\/users\/11"}],"replies":[{"embeddable":true,"href":"https:\/\/www.museuolimpicbcn.cat\/es\/wp-json\/wp\/v2\/comments?post=28929"}],"version-history":[{"count":1,"href":"https:\/\/www.museuolimpicbcn.cat\/es\/wp-json\/wp\/v2\/posts\/28929\/revisions"}],"predecessor-version":[{"id":28930,"href":"https:\/\/www.museuolimpicbcn.cat\/es\/wp-json\/wp\/v2\/posts\/28929\/revisions\/28930"}],"wp:featuredmedia":[{"embeddable":true,"href":"https:\/\/www.museuolimpicbcn.cat\/es\/wp-json\/wp\/v2\/media\/28936"}],"wp:attachment":[{"href":"https:\/\/www.museuolimpicbcn.cat\/es\/wp-json\/wp\/v2\/media?parent=28929"}],"wp:term":[{"taxonomy":"category","embeddable":true,"href":"https:\/\/www.museuolimpicbcn.cat\/es\/wp-json\/wp\/v2\/categories?post=28929"},{"taxonomy":"post_tag","embeddable":true,"href":"https:\/\/www.museuolimpicbcn.cat\/es\/wp-json\/wp\/v2\/tags?post=28929"}],"curies":[{"name":"wp","href":"https:\/\/api.w.org\/{rel}","templated":true}]}}