{"id":30434,"date":"2021-11-05T12:13:33","date_gmt":"2021-11-05T11:13:33","guid":{"rendered":"https:\/\/www.museuolimpicbcn.cat\/?p=30434"},"modified":"2021-11-05T12:29:56","modified_gmt":"2021-11-05T11:29:56","slug":"el-museu-olimpic-de-barcelona-inaugura-una-nueva-exposicion-dedicada-a-los-deportes-de-nieve","status":"publish","type":"post","link":"https:\/\/www.museuolimpicbcn.cat\/es\/el-museu-olimpic-de-barcelona-inaugura-una-nueva-exposicion-dedicada-a-los-deportes-de-nieve\/","title":{"rendered":"El Museu Ol\u00edmpic de Barcelona inaugura una nueva exposici\u00f3n dedicada a los deportes de nieve"},"content":{"rendered":"<p>Con motivo de la presentaci\u00f3n del libro \u201cLa historia de los deportes de nieve en Espa\u00f1a\u201d de la Real Federaci\u00f3n Espa\u00f1ola de Deportes de Invierno, el Museu Ol\u00edmpic ha actualizado el espacio \u201cEl deporte en im\u00e1genes\u201d donde se podr\u00e1 disfrutar de una selecci\u00f3n de fotograf\u00edas vinculadas con la historia de los deportes de nieve en Espa\u00f1a. Momentos que han pasado a la historia del deporte por su significado o simbolismo.<\/p>\n<p>La presentaci\u00f3n del libro ha estado encabezada por May Peus, presidente de la \u201cSpainSnow\u201d; David Escud\u00e9, regidor de deportes del Ajuntament de Barcelona y Aleix Villatoro, director del Consell Catal\u00e0 de l\u2019Esport.<\/p>\n<p>Tambi\u00e9n hemos podido contar con la presencia de la historiadora Montse Bofill, autora del libro y de algunos de los deportistas protagonistas del mismo: Jordi Pujol, Jordi Rib\u00f3, Angel Joaniquet y Queralt Castellet.<\/p>\n","protected":false},"excerpt":{"rendered":"<p>Con motivo de la presentaci\u00f3n del libro \u201cLa historia de los deportes de nieve en Espa\u00f1a\u201d de la Real Federaci\u00f3n Espa\u00f1ola de Deportes de Invierno, el Museu Ol\u00edmpic ha actualizado el espacio \u201cEl deporte en im\u00e1genes\u201d donde se podr\u00e1 disfrutar de una selecci\u00f3n de fotograf\u00edas vinculadas con la historia de los deportes de nieve en [&hellip;]<\/p>\n","protected":false},"author":11,"featured_media":30468,"comment_status":"closed","ping_status":"closed","sticky":false,"template":"","format":"standard","meta":{"_acf_changed":false,"_price":"","_stock":"","_tribe_ticket_header":"","_tribe_default_ticket_provider":"","_tribe_ticket_capacity":"0","_ticket_start_date":"","_ticket_end_date":"","_tribe_ticket_show_description":"","_tribe_ticket_show_not_going":false,"_tribe_ticket_use_global_stock":"","_tribe_ticket_global_stock_level":"","_global_stock_mode":"","_global_stock_cap":"","_tribe_rsvp_for_event":"","_tribe_ticket_going_count":"","_tribe_ticket_not_going_count":"","_tribe_tickets_list":"[]","_tribe_ticket_has_attendee_info_fields":false,"footnotes":""},"categories":[3],"tags":[],"class_list":["post-30434","post","type-post","status-publish","format-standard","has-post-thumbnail","hentry","category-sin-categorizar"],"acf":[],"yoast_head":"<!-- This site is optimized with the Yoast SEO plugin v23.7 - https:\/\/yoast.com\/wordpress\/plugins\/seo\/ -->\n<title>El Museu Ol\u00edmpic de Barcelona inaugura una nueva exposici\u00f3n dedicada a los deportes de nieve - Museu Ol\u00edmpic i de l&#039;Esport Joan Antoni Samaranch. Barcelona<\/title>\n<meta name=\"robots\" content=\"index, follow, max-snippet:-1, max-image-preview:large, max-video-preview:-1\" \/>\n<link rel=\"canonical\" href=\"https:\/\/www.museuolimpicbcn.cat\/es\/el-museu-olimpic-de-barcelona-inaugura-una-nueva-exposicion-dedicada-a-los-deportes-de-nieve\/\" \/>\n<meta property=\"og:locale\" content=\"es_ES\" \/>\n<meta property=\"og:type\" content=\"article\" \/>\n<meta property=\"og:title\" content=\"El Museu Ol\u00edmpic de Barcelona inaugura una nueva exposici\u00f3n dedicada a los deportes de nieve - Museu Ol\u00edmpic i de l&#039;Esport Joan Antoni Samaranch. Barcelona\" \/>\n<meta property=\"og:description\" content=\"Con motivo de la presentaci\u00f3n del libro \u201cLa historia de los deportes de nieve en Espa\u00f1a\u201d de la Real Federaci\u00f3n Espa\u00f1ola de Deportes de Invierno, el Museu Ol\u00edmpic ha actualizado el espacio \u201cEl deporte en im\u00e1genes\u201d donde se podr\u00e1 disfrutar de una selecci\u00f3n de fotograf\u00edas vinculadas con la historia de los deportes de nieve en [&hellip;]\" \/>\n<meta property=\"og:url\" content=\"https:\/\/www.museuolimpicbcn.cat\/es\/el-museu-olimpic-de-barcelona-inaugura-una-nueva-exposicion-dedicada-a-los-deportes-de-nieve\/\" \/>\n<meta property=\"og:site_name\" content=\"Museu Ol\u00edmpic i de l&#039;Esport Joan Antoni Samaranch. Barcelona\" \/>\n<meta property=\"article:published_time\" content=\"2021-11-05T11:13:33+00:00\" \/>\n<meta property=\"article:modified_time\" content=\"2021-11-05T11:29:56+00:00\" \/>\n<meta property=\"og:image\" content=\"https:\/\/www.museuolimpicbcn.cat\/wp-content\/uploads\/sites\/2\/2021\/11\/HISTORIA-NIEVE-ESP-Musue-Oli\u0301mpic_28-scaled.jpg\" \/>\n\t<meta property=\"og:image:width\" content=\"2560\" \/>\n\t<meta property=\"og:image:height\" content=\"1635\" \/>\n\t<meta property=\"og:image:type\" content=\"image\/jpeg\" \/>\n<meta name=\"author\" content=\"Ibone\" \/>\n<meta name=\"twitter:card\" content=\"summary_large_image\" \/>\n<meta name=\"twitter:label1\" content=\"Escrito por\" \/>\n\t<meta name=\"twitter:data1\" content=\"Ibone\" \/>\n\t<meta name=\"twitter:label2\" content=\"Tiempo de lectura\" \/>\n\t<meta name=\"twitter:data2\" content=\"1 minuto\" \/>\n<script type=\"application\/ld+json\" class=\"yoast-schema-graph\">{\"@context\":\"https:\/\/schema.org\",\"@graph\":[{\"@type\":\"Article\",\"@id\":\"https:\/\/www.museuolimpicbcn.cat\/es\/el-museu-olimpic-de-barcelona-inaugura-una-nueva-exposicion-dedicada-a-los-deportes-de-nieve\/#article\",\"isPartOf\":{\"@id\":\"https:\/\/www.museuolimpicbcn.cat\/es\/el-museu-olimpic-de-barcelona-inaugura-una-nueva-exposicion-dedicada-a-los-deportes-de-nieve\/\"},\"author\":{\"name\":\"Ibone\",\"@id\":\"https:\/\/www.museuolimpicbcn.cat\/ca\/#\/schema\/person\/b792834a53f193977df425a499287aa9\"},\"headline\":\"El Museu Ol\u00edmpic de Barcelona inaugura una nueva exposici\u00f3n dedicada a los deportes de nieve\",\"datePublished\":\"2021-11-05T11:13:33+00:00\",\"dateModified\":\"2021-11-05T11:29:56+00:00\",\"mainEntityOfPage\":{\"@id\":\"https:\/\/www.museuolimpicbcn.cat\/es\/el-museu-olimpic-de-barcelona-inaugura-una-nueva-exposicion-dedicada-a-los-deportes-de-nieve\/\"},\"wordCount\":164,\"publisher\":{\"@id\":\"https:\/\/www.museuolimpicbcn.cat\/ca\/#organization\"},\"image\":{\"@id\":\"https:\/\/www.museuolimpicbcn.cat\/es\/el-museu-olimpic-de-barcelona-inaugura-una-nueva-exposicion-dedicada-a-los-deportes-de-nieve\/#primaryimage\"},\"thumbnailUrl\":\"https:\/\/www.museuolimpicbcn.cat\/wp-content\/uploads\/sites\/2\/2021\/11\/HISTORIA-NIEVE-ESP-Musue-Oli\u0301mpic_28-scaled.jpg\",\"articleSection\":[\"Sin categorizar\"],\"inLanguage\":\"es\"},{\"@type\":\"WebPage\",\"@id\":\"https:\/\/www.museuolimpicbcn.cat\/es\/el-museu-olimpic-de-barcelona-inaugura-una-nueva-exposicion-dedicada-a-los-deportes-de-nieve\/\",\"url\":\"https:\/\/www.museuolimpicbcn.cat\/es\/el-museu-olimpic-de-barcelona-inaugura-una-nueva-exposicion-dedicada-a-los-deportes-de-nieve\/\",\"name\":\"El Museu Ol\u00edmpic de Barcelona inaugura una nueva exposici\u00f3n dedicada a los deportes de nieve - Museu Ol\u00edmpic i de l&#039;Esport Joan Antoni Samaranch. Barcelona\",\"isPartOf\":{\"@id\":\"https:\/\/www.museuolimpicbcn.cat\/ca\/#website\"},\"primaryImageOfPage\":{\"@id\":\"https:\/\/www.museuolimpicbcn.cat\/es\/el-museu-olimpic-de-barcelona-inaugura-una-nueva-exposicion-dedicada-a-los-deportes-de-nieve\/#primaryimage\"},\"image\":{\"@id\":\"https:\/\/www.museuolimpicbcn.cat\/es\/el-museu-olimpic-de-barcelona-inaugura-una-nueva-exposicion-dedicada-a-los-deportes-de-nieve\/#primaryimage\"},\"thumbnailUrl\":\"https:\/\/www.museuolimpicbcn.cat\/wp-content\/uploads\/sites\/2\/2021\/11\/HISTORIA-NIEVE-ESP-Musue-Oli\u0301mpic_28-scaled.jpg\",\"datePublished\":\"2021-11-05T11:13:33+00:00\",\"dateModified\":\"2021-11-05T11:29:56+00:00\",\"breadcrumb\":{\"@id\":\"https:\/\/www.museuolimpicbcn.cat\/es\/el-museu-olimpic-de-barcelona-inaugura-una-nueva-exposicion-dedicada-a-los-deportes-de-nieve\/#breadcrumb\"},\"inLanguage\":\"es\",\"potentialAction\":[{\"@type\":\"ReadAction\",\"target\":[\"https:\/\/www.museuolimpicbcn.cat\/es\/el-museu-olimpic-de-barcelona-inaugura-una-nueva-exposicion-dedicada-a-los-deportes-de-nieve\/\"]}]},{\"@type\":\"ImageObject\",\"inLanguage\":\"es\",\"@id\":\"https:\/\/www.museuolimpicbcn.cat\/es\/el-museu-olimpic-de-barcelona-inaugura-una-nueva-exposicion-dedicada-a-los-deportes-de-nieve\/#primaryimage\",\"url\":\"https:\/\/www.museuolimpicbcn.cat\/wp-content\/uploads\/sites\/2\/2021\/11\/HISTORIA-NIEVE-ESP-Musue-Oli\u0301mpic_28-scaled.jpg\",\"contentUrl\":\"https:\/\/www.museuolimpicbcn.cat\/wp-content\/uploads\/sites\/2\/2021\/11\/HISTORIA-NIEVE-ESP-Musue-Oli\u0301mpic_28-scaled.jpg\",\"width\":2560,\"height\":1635},{\"@type\":\"BreadcrumbList\",\"@id\":\"https:\/\/www.museuolimpicbcn.cat\/es\/el-museu-olimpic-de-barcelona-inaugura-una-nueva-exposicion-dedicada-a-los-deportes-de-nieve\/#breadcrumb\",\"itemListElement\":[{\"@type\":\"ListItem\",\"position\":1,\"name\":\"Inici\",\"item\":\"https:\/\/www.museuolimpicbcn.cat\/es\/\"},{\"@type\":\"ListItem\",\"position\":2,\"name\":\"El Museu Ol\u00edmpic de Barcelona inaugura una nueva exposici\u00f3n dedicada a los deportes de nieve\"}]},{\"@type\":\"WebSite\",\"@id\":\"https:\/\/www.museuolimpicbcn.cat\/ca\/#website\",\"url\":\"https:\/\/www.museuolimpicbcn.cat\/ca\/\",\"name\":\"Museu Ol\u00edmpic i de l&#039;Esport Joan Antoni Samaranch. Barcelona\",\"description\":\"Altre lloc Web del Museu Ol\u00edmpic i de l&#039;Esport llocs\",\"publisher\":{\"@id\":\"https:\/\/www.museuolimpicbcn.cat\/ca\/#organization\"},\"potentialAction\":[{\"@type\":\"SearchAction\",\"target\":{\"@type\":\"EntryPoint\",\"urlTemplate\":\"https:\/\/www.museuolimpicbcn.cat\/ca\/?s={search_term_string}\"},\"query-input\":{\"@type\":\"PropertyValueSpecification\",\"valueRequired\":true,\"valueName\":\"search_term_string\"}}],\"inLanguage\":\"es\"},{\"@type\":\"Organization\",\"@id\":\"https:\/\/www.museuolimpicbcn.cat\/ca\/#organization\",\"name\":\"Museu Ol\u00edmpic i de l&#039;Esport Joan Antoni Samaranch. Barcelona\",\"url\":\"https:\/\/www.museuolimpicbcn.cat\/ca\/\",\"logo\":{\"@type\":\"ImageObject\",\"inLanguage\":\"es\",\"@id\":\"https:\/\/www.museuolimpicbcn.cat\/ca\/#\/schema\/logo\/image\/\",\"url\":\"https:\/\/www.museuolimpicbcn.cat\/wp-content\/uploads\/sites\/2\/2018\/12\/logo-moe-header.svg\",\"contentUrl\":\"https:\/\/www.museuolimpicbcn.cat\/wp-content\/uploads\/sites\/2\/2018\/12\/logo-moe-header.svg\",\"caption\":\"Museu Ol\u00edmpic i de l&#039;Esport Joan Antoni Samaranch. Barcelona\"},\"image\":{\"@id\":\"https:\/\/www.museuolimpicbcn.cat\/ca\/#\/schema\/logo\/image\/\"}},{\"@type\":\"Person\",\"@id\":\"https:\/\/www.museuolimpicbcn.cat\/ca\/#\/schema\/person\/b792834a53f193977df425a499287aa9\",\"name\":\"Ibone\",\"url\":\"https:\/\/www.museuolimpicbcn.cat\/es\/author\/fbolimpica\/\"}]}<\/script>\n<!-- \/ Yoast SEO plugin. -->","yoast_head_json":{"title":"El Museu Ol\u00edmpic de Barcelona inaugura una nueva exposici\u00f3n dedicada a los deportes de nieve - Museu Ol\u00edmpic i de l&#039;Esport Joan Antoni Samaranch. Barcelona","robots":{"index":"index","follow":"follow","max-snippet":"max-snippet:-1","max-image-preview":"max-image-preview:large","max-video-preview":"max-video-preview:-1"},"canonical":"https:\/\/www.museuolimpicbcn.cat\/es\/el-museu-olimpic-de-barcelona-inaugura-una-nueva-exposicion-dedicada-a-los-deportes-de-nieve\/","og_locale":"es_ES","og_type":"article","og_title":"El Museu Ol\u00edmpic de Barcelona inaugura una nueva exposici\u00f3n dedicada a los deportes de nieve - Museu Ol\u00edmpic i de l&#039;Esport Joan Antoni Samaranch. Barcelona","og_description":"Con motivo de la presentaci\u00f3n del libro \u201cLa historia de los deportes de nieve en Espa\u00f1a\u201d de la Real Federaci\u00f3n Espa\u00f1ola de Deportes de Invierno, el Museu Ol\u00edmpic ha actualizado el espacio \u201cEl deporte en im\u00e1genes\u201d donde se podr\u00e1 disfrutar de una selecci\u00f3n de fotograf\u00edas vinculadas con la historia de los deportes de nieve en [&hellip;]","og_url":"https:\/\/www.museuolimpicbcn.cat\/es\/el-museu-olimpic-de-barcelona-inaugura-una-nueva-exposicion-dedicada-a-los-deportes-de-nieve\/","og_site_name":"Museu Ol\u00edmpic i de l&#039;Esport Joan Antoni Samaranch. Barcelona","article_published_time":"2021-11-05T11:13:33+00:00","article_modified_time":"2021-11-05T11:29:56+00:00","og_image":[{"width":2560,"height":1635,"url":"https:\/\/www.museuolimpicbcn.cat\/wp-content\/uploads\/sites\/2\/2021\/11\/HISTORIA-NIEVE-ESP-Musue-Oli\u0301mpic_28-scaled.jpg","type":"image\/jpeg"}],"author":"Ibone","twitter_card":"summary_large_image","twitter_misc":{"Escrito por":"Ibone","Tiempo de lectura":"1 minuto"},"schema":{"@context":"https:\/\/schema.org","@graph":[{"@type":"Article","@id":"https:\/\/www.museuolimpicbcn.cat\/es\/el-museu-olimpic-de-barcelona-inaugura-una-nueva-exposicion-dedicada-a-los-deportes-de-nieve\/#article","isPartOf":{"@id":"https:\/\/www.museuolimpicbcn.cat\/es\/el-museu-olimpic-de-barcelona-inaugura-una-nueva-exposicion-dedicada-a-los-deportes-de-nieve\/"},"author":{"name":"Ibone","@id":"https:\/\/www.museuolimpicbcn.cat\/ca\/#\/schema\/person\/b792834a53f193977df425a499287aa9"},"headline":"El Museu Ol\u00edmpic de Barcelona inaugura una nueva exposici\u00f3n dedicada a los deportes de nieve","datePublished":"2021-11-05T11:13:33+00:00","dateModified":"2021-11-05T11:29:56+00:00","mainEntityOfPage":{"@id":"https:\/\/www.museuolimpicbcn.cat\/es\/el-museu-olimpic-de-barcelona-inaugura-una-nueva-exposicion-dedicada-a-los-deportes-de-nieve\/"},"wordCount":164,"publisher":{"@id":"https:\/\/www.museuolimpicbcn.cat\/ca\/#organization"},"image":{"@id":"https:\/\/www.museuolimpicbcn.cat\/es\/el-museu-olimpic-de-barcelona-inaugura-una-nueva-exposicion-dedicada-a-los-deportes-de-nieve\/#primaryimage"},"thumbnailUrl":"https:\/\/www.museuolimpicbcn.cat\/wp-content\/uploads\/sites\/2\/2021\/11\/HISTORIA-NIEVE-ESP-Musue-Oli\u0301mpic_28-scaled.jpg","articleSection":["Sin categorizar"],"inLanguage":"es"},{"@type":"WebPage","@id":"https:\/\/www.museuolimpicbcn.cat\/es\/el-museu-olimpic-de-barcelona-inaugura-una-nueva-exposicion-dedicada-a-los-deportes-de-nieve\/","url":"https:\/\/www.museuolimpicbcn.cat\/es\/el-museu-olimpic-de-barcelona-inaugura-una-nueva-exposicion-dedicada-a-los-deportes-de-nieve\/","name":"El Museu Ol\u00edmpic de Barcelona inaugura una nueva exposici\u00f3n dedicada a los deportes de nieve - Museu Ol\u00edmpic i de l&#039;Esport Joan Antoni Samaranch. Barcelona","isPartOf":{"@id":"https:\/\/www.museuolimpicbcn.cat\/ca\/#website"},"primaryImageOfPage":{"@id":"https:\/\/www.museuolimpicbcn.cat\/es\/el-museu-olimpic-de-barcelona-inaugura-una-nueva-exposicion-dedicada-a-los-deportes-de-nieve\/#primaryimage"},"image":{"@id":"https:\/\/www.museuolimpicbcn.cat\/es\/el-museu-olimpic-de-barcelona-inaugura-una-nueva-exposicion-dedicada-a-los-deportes-de-nieve\/#primaryimage"},"thumbnailUrl":"https:\/\/www.museuolimpicbcn.cat\/wp-content\/uploads\/sites\/2\/2021\/11\/HISTORIA-NIEVE-ESP-Musue-Oli\u0301mpic_28-scaled.jpg","datePublished":"2021-11-05T11:13:33+00:00","dateModified":"2021-11-05T11:29:56+00:00","breadcrumb":{"@id":"https:\/\/www.museuolimpicbcn.cat\/es\/el-museu-olimpic-de-barcelona-inaugura-una-nueva-exposicion-dedicada-a-los-deportes-de-nieve\/#breadcrumb"},"inLanguage":"es","potentialAction":[{"@type":"ReadAction","target":["https:\/\/www.museuolimpicbcn.cat\/es\/el-museu-olimpic-de-barcelona-inaugura-una-nueva-exposicion-dedicada-a-los-deportes-de-nieve\/"]}]},{"@type":"ImageObject","inLanguage":"es","@id":"https:\/\/www.museuolimpicbcn.cat\/es\/el-museu-olimpic-de-barcelona-inaugura-una-nueva-exposicion-dedicada-a-los-deportes-de-nieve\/#primaryimage","url":"https:\/\/www.museuolimpicbcn.cat\/wp-content\/uploads\/sites\/2\/2021\/11\/HISTORIA-NIEVE-ESP-Musue-Oli\u0301mpic_28-scaled.jpg","contentUrl":"https:\/\/www.museuolimpicbcn.cat\/wp-content\/uploads\/sites\/2\/2021\/11\/HISTORIA-NIEVE-ESP-Musue-Oli\u0301mpic_28-scaled.jpg","width":2560,"height":1635},{"@type":"BreadcrumbList","@id":"https:\/\/www.museuolimpicbcn.cat\/es\/el-museu-olimpic-de-barcelona-inaugura-una-nueva-exposicion-dedicada-a-los-deportes-de-nieve\/#breadcrumb","itemListElement":[{"@type":"ListItem","position":1,"name":"Inici","item":"https:\/\/www.museuolimpicbcn.cat\/es\/"},{"@type":"ListItem","position":2,"name":"El Museu Ol\u00edmpic de Barcelona inaugura una nueva exposici\u00f3n dedicada a los deportes de nieve"}]},{"@type":"WebSite","@id":"https:\/\/www.museuolimpicbcn.cat\/ca\/#website","url":"https:\/\/www.museuolimpicbcn.cat\/ca\/","name":"Museu Ol\u00edmpic i de l&#039;Esport Joan Antoni Samaranch. Barcelona","description":"Altre lloc Web del Museu Ol\u00edmpic i de l&#039;Esport llocs","publisher":{"@id":"https:\/\/www.museuolimpicbcn.cat\/ca\/#organization"},"potentialAction":[{"@type":"SearchAction","target":{"@type":"EntryPoint","urlTemplate":"https:\/\/www.museuolimpicbcn.cat\/ca\/?s={search_term_string}"},"query-input":{"@type":"PropertyValueSpecification","valueRequired":true,"valueName":"search_term_string"}}],"inLanguage":"es"},{"@type":"Organization","@id":"https:\/\/www.museuolimpicbcn.cat\/ca\/#organization","name":"Museu Ol\u00edmpic i de l&#039;Esport Joan Antoni Samaranch. Barcelona","url":"https:\/\/www.museuolimpicbcn.cat\/ca\/","logo":{"@type":"ImageObject","inLanguage":"es","@id":"https:\/\/www.museuolimpicbcn.cat\/ca\/#\/schema\/logo\/image\/","url":"https:\/\/www.museuolimpicbcn.cat\/wp-content\/uploads\/sites\/2\/2018\/12\/logo-moe-header.svg","contentUrl":"https:\/\/www.museuolimpicbcn.cat\/wp-content\/uploads\/sites\/2\/2018\/12\/logo-moe-header.svg","caption":"Museu Ol\u00edmpic i de l&#039;Esport Joan Antoni Samaranch. Barcelona"},"image":{"@id":"https:\/\/www.museuolimpicbcn.cat\/ca\/#\/schema\/logo\/image\/"}},{"@type":"Person","@id":"https:\/\/www.museuolimpicbcn.cat\/ca\/#\/schema\/person\/b792834a53f193977df425a499287aa9","name":"Ibone","url":"https:\/\/www.museuolimpicbcn.cat\/es\/author\/fbolimpica\/"}]}},"_links":{"self":[{"href":"https:\/\/www.museuolimpicbcn.cat\/es\/wp-json\/wp\/v2\/posts\/30434"}],"collection":[{"href":"https:\/\/www.museuolimpicbcn.cat\/es\/wp-json\/wp\/v2\/posts"}],"about":[{"href":"https:\/\/www.museuolimpicbcn.cat\/es\/wp-json\/wp\/v2\/types\/post"}],"author":[{"embeddable":true,"href":"https:\/\/www.museuolimpicbcn.cat\/es\/wp-json\/wp\/v2\/users\/11"}],"replies":[{"embeddable":true,"href":"https:\/\/www.museuolimpicbcn.cat\/es\/wp-json\/wp\/v2\/comments?post=30434"}],"version-history":[{"count":3,"href":"https:\/\/www.museuolimpicbcn.cat\/es\/wp-json\/wp\/v2\/posts\/30434\/revisions"}],"predecessor-version":[{"id":30538,"href":"https:\/\/www.museuolimpicbcn.cat\/es\/wp-json\/wp\/v2\/posts\/30434\/revisions\/30538"}],"wp:featuredmedia":[{"embeddable":true,"href":"https:\/\/www.museuolimpicbcn.cat\/es\/wp-json\/wp\/v2\/media\/30468"}],"wp:attachment":[{"href":"https:\/\/www.museuolimpicbcn.cat\/es\/wp-json\/wp\/v2\/media?parent=30434"}],"wp:term":[{"taxonomy":"category","embeddable":true,"href":"https:\/\/www.museuolimpicbcn.cat\/es\/wp-json\/wp\/v2\/categories?post=30434"},{"taxonomy":"post_tag","embeddable":true,"href":"https:\/\/www.museuolimpicbcn.cat\/es\/wp-json\/wp\/v2\/tags?post=30434"}],"curies":[{"name":"wp","href":"https:\/\/api.w.org\/{rel}","templated":true}]}}