{"id":30583,"date":"2021-11-08T13:40:28","date_gmt":"2021-11-08T12:40:28","guid":{"rendered":"https:\/\/www.museuolimpicbcn.cat\/?p=30583"},"modified":"2021-11-09T13:43:41","modified_gmt":"2021-11-09T12:43:41","slug":"muevete-y-come-bien-la-nueva-guia-sobre-alimentacion-saludable-dirigida-a-profesionales-de-la-actividad-fisica","status":"publish","type":"post","link":"https:\/\/www.museuolimpicbcn.cat\/es\/muevete-y-come-bien-la-nueva-guia-sobre-alimentacion-saludable-dirigida-a-profesionales-de-la-actividad-fisica\/","title":{"rendered":"\u00a1Mu\u00e9vete y come bien!\u2019, la nueva gu\u00eda sobre alimentaci\u00f3n saludable dirigida a profesionales de la actividad f\u00edsica"},"content":{"rendered":"<p>David Escud\u00e9, regidor de Deportes, ha presentado la gu\u00eda de alimentaci\u00f3n saludable \u201cMu\u00e9vete y come bien!\u201d. A la presentaci\u00f3n tambi\u00e9n ha asistido la Secretaria de Salud P\u00fablica de la Generalitat de Catalu\u00f1a, Carmen Cabezas.<\/p>\n<p>En el marco de la Capitalidad Mundial de la Alimentaci\u00f3n Sostenible, el Instituto Barcelona Deportes, conjuntamente con la Agencia de Salud P\u00fablica de Catalu\u00f1a, ha presentado una gu\u00eda con 20 preguntas frecuentes y su respuesta sobre alimentaci\u00f3n saludable e hidrataci\u00f3n en la pr\u00e1ctica f\u00edsica y deportiva durante la infancia y la adolescencia.<\/p>\n<p>Mu\u00e9vete y come bien!\u2019 se dirige al personal profesional de la actividad f\u00edsica que est\u00e1 a cargo de ni\u00f1os y j\u00f3venes durante actividades en horario no lectivo y pretende facilitar informaci\u00f3n contrastada y rigurosa a este colectivo.<\/p>\n","protected":false},"excerpt":{"rendered":"<p>David Escud\u00e9, regidor de Deportes, ha presentado la gu\u00eda de alimentaci\u00f3n saludable \u201cMu\u00e9vete y come bien!\u201d. A la presentaci\u00f3n tambi\u00e9n ha asistido la Secretaria de Salud P\u00fablica de la Generalitat de Catalu\u00f1a, Carmen Cabezas. En el marco de la Capitalidad Mundial de la Alimentaci\u00f3n Sostenible, el Instituto Barcelona Deportes, conjuntamente con la Agencia de Salud [&hellip;]<\/p>\n","protected":false},"author":11,"featured_media":30576,"comment_status":"closed","ping_status":"closed","sticky":false,"template":"","format":"standard","meta":{"_acf_changed":false,"_price":"","_stock":"","_tribe_ticket_header":"","_tribe_default_ticket_provider":"","_tribe_ticket_capacity":"0","_ticket_start_date":"","_ticket_end_date":"","_tribe_ticket_show_description":"","_tribe_ticket_show_not_going":false,"_tribe_ticket_use_global_stock":"","_tribe_ticket_global_stock_level":"","_global_stock_mode":"","_global_stock_cap":"","_tribe_rsvp_for_event":"","_tribe_ticket_going_count":"","_tribe_ticket_not_going_count":"","_tribe_tickets_list":"[]","_tribe_ticket_has_attendee_info_fields":false,"footnotes":""},"categories":[3],"tags":[],"class_list":["post-30583","post","type-post","status-publish","format-standard","has-post-thumbnail","hentry","category-sin-categorizar"],"acf":[],"yoast_head":"<!-- This site is optimized with the Yoast SEO plugin v23.7 - https:\/\/yoast.com\/wordpress\/plugins\/seo\/ -->\n<title>\u00a1Mu\u00e9vete y come bien!\u2019, la nueva gu\u00eda sobre alimentaci\u00f3n saludable dirigida a profesionales de la actividad f\u00edsica - Museu Ol\u00edmpic i de l&#039;Esport Joan Antoni Samaranch. Barcelona<\/title>\n<meta name=\"robots\" content=\"index, follow, max-snippet:-1, max-image-preview:large, max-video-preview:-1\" \/>\n<link rel=\"canonical\" href=\"https:\/\/www.museuolimpicbcn.cat\/es\/muevete-y-come-bien-la-nueva-guia-sobre-alimentacion-saludable-dirigida-a-profesionales-de-la-actividad-fisica\/\" \/>\n<meta property=\"og:locale\" content=\"es_ES\" \/>\n<meta property=\"og:type\" content=\"article\" \/>\n<meta property=\"og:title\" content=\"\u00a1Mu\u00e9vete y come bien!\u2019, la nueva gu\u00eda sobre alimentaci\u00f3n saludable dirigida a profesionales de la actividad f\u00edsica - Museu Ol\u00edmpic i de l&#039;Esport Joan Antoni Samaranch. Barcelona\" \/>\n<meta property=\"og:description\" content=\"David Escud\u00e9, regidor de Deportes, ha presentado la gu\u00eda de alimentaci\u00f3n saludable \u201cMu\u00e9vete y come bien!\u201d. A la presentaci\u00f3n tambi\u00e9n ha asistido la Secretaria de Salud P\u00fablica de la Generalitat de Catalu\u00f1a, Carmen Cabezas. En el marco de la Capitalidad Mundial de la Alimentaci\u00f3n Sostenible, el Instituto Barcelona Deportes, conjuntamente con la Agencia de Salud [&hellip;]\" \/>\n<meta property=\"og:url\" content=\"https:\/\/www.museuolimpicbcn.cat\/es\/muevete-y-come-bien-la-nueva-guia-sobre-alimentacion-saludable-dirigida-a-profesionales-de-la-actividad-fisica\/\" \/>\n<meta property=\"og:site_name\" content=\"Museu Ol\u00edmpic i de l&#039;Esport Joan Antoni Samaranch. Barcelona\" \/>\n<meta property=\"article:published_time\" content=\"2021-11-08T12:40:28+00:00\" \/>\n<meta property=\"article:modified_time\" content=\"2021-11-09T12:43:41+00:00\" \/>\n<meta property=\"og:image\" content=\"https:\/\/www.museuolimpicbcn.cat\/wp-content\/uploads\/sites\/2\/2021\/11\/Captura-de-pantalla-2021-11-09-a-las-12.20.11.png\" \/>\n\t<meta property=\"og:image:width\" content=\"727\" \/>\n\t<meta property=\"og:image:height\" content=\"535\" \/>\n\t<meta property=\"og:image:type\" content=\"image\/png\" \/>\n<meta name=\"author\" content=\"Ibone\" \/>\n<meta name=\"twitter:card\" content=\"summary_large_image\" \/>\n<meta name=\"twitter:label1\" content=\"Escrito por\" \/>\n\t<meta name=\"twitter:data1\" content=\"Ibone\" \/>\n\t<meta name=\"twitter:label2\" content=\"Tiempo de lectura\" \/>\n\t<meta name=\"twitter:data2\" content=\"1 minuto\" \/>\n<script type=\"application\/ld+json\" class=\"yoast-schema-graph\">{\"@context\":\"https:\/\/schema.org\",\"@graph\":[{\"@type\":\"Article\",\"@id\":\"https:\/\/www.museuolimpicbcn.cat\/es\/muevete-y-come-bien-la-nueva-guia-sobre-alimentacion-saludable-dirigida-a-profesionales-de-la-actividad-fisica\/#article\",\"isPartOf\":{\"@id\":\"https:\/\/www.museuolimpicbcn.cat\/es\/muevete-y-come-bien-la-nueva-guia-sobre-alimentacion-saludable-dirigida-a-profesionales-de-la-actividad-fisica\/\"},\"author\":{\"name\":\"Ibone\",\"@id\":\"https:\/\/www.museuolimpicbcn.cat\/ca\/#\/schema\/person\/b792834a53f193977df425a499287aa9\"},\"headline\":\"\u00a1Mu\u00e9vete y come bien!\u2019, la nueva gu\u00eda sobre alimentaci\u00f3n saludable dirigida a profesionales de la actividad f\u00edsica\",\"datePublished\":\"2021-11-08T12:40:28+00:00\",\"dateModified\":\"2021-11-09T12:43:41+00:00\",\"mainEntityOfPage\":{\"@id\":\"https:\/\/www.museuolimpicbcn.cat\/es\/muevete-y-come-bien-la-nueva-guia-sobre-alimentacion-saludable-dirigida-a-profesionales-de-la-actividad-fisica\/\"},\"wordCount\":163,\"publisher\":{\"@id\":\"https:\/\/www.museuolimpicbcn.cat\/ca\/#organization\"},\"image\":{\"@id\":\"https:\/\/www.museuolimpicbcn.cat\/es\/muevete-y-come-bien-la-nueva-guia-sobre-alimentacion-saludable-dirigida-a-profesionales-de-la-actividad-fisica\/#primaryimage\"},\"thumbnailUrl\":\"https:\/\/www.museuolimpicbcn.cat\/wp-content\/uploads\/sites\/2\/2021\/11\/Captura-de-pantalla-2021-11-09-a-las-12.20.11.png\",\"articleSection\":[\"Sin categorizar\"],\"inLanguage\":\"es\"},{\"@type\":\"WebPage\",\"@id\":\"https:\/\/www.museuolimpicbcn.cat\/es\/muevete-y-come-bien-la-nueva-guia-sobre-alimentacion-saludable-dirigida-a-profesionales-de-la-actividad-fisica\/\",\"url\":\"https:\/\/www.museuolimpicbcn.cat\/es\/muevete-y-come-bien-la-nueva-guia-sobre-alimentacion-saludable-dirigida-a-profesionales-de-la-actividad-fisica\/\",\"name\":\"\u00a1Mu\u00e9vete y come bien!\u2019, la nueva gu\u00eda sobre alimentaci\u00f3n saludable dirigida a profesionales de la actividad f\u00edsica - Museu Ol\u00edmpic i de l&#039;Esport Joan Antoni Samaranch. Barcelona\",\"isPartOf\":{\"@id\":\"https:\/\/www.museuolimpicbcn.cat\/ca\/#website\"},\"primaryImageOfPage\":{\"@id\":\"https:\/\/www.museuolimpicbcn.cat\/es\/muevete-y-come-bien-la-nueva-guia-sobre-alimentacion-saludable-dirigida-a-profesionales-de-la-actividad-fisica\/#primaryimage\"},\"image\":{\"@id\":\"https:\/\/www.museuolimpicbcn.cat\/es\/muevete-y-come-bien-la-nueva-guia-sobre-alimentacion-saludable-dirigida-a-profesionales-de-la-actividad-fisica\/#primaryimage\"},\"thumbnailUrl\":\"https:\/\/www.museuolimpicbcn.cat\/wp-content\/uploads\/sites\/2\/2021\/11\/Captura-de-pantalla-2021-11-09-a-las-12.20.11.png\",\"datePublished\":\"2021-11-08T12:40:28+00:00\",\"dateModified\":\"2021-11-09T12:43:41+00:00\",\"breadcrumb\":{\"@id\":\"https:\/\/www.museuolimpicbcn.cat\/es\/muevete-y-come-bien-la-nueva-guia-sobre-alimentacion-saludable-dirigida-a-profesionales-de-la-actividad-fisica\/#breadcrumb\"},\"inLanguage\":\"es\",\"potentialAction\":[{\"@type\":\"ReadAction\",\"target\":[\"https:\/\/www.museuolimpicbcn.cat\/es\/muevete-y-come-bien-la-nueva-guia-sobre-alimentacion-saludable-dirigida-a-profesionales-de-la-actividad-fisica\/\"]}]},{\"@type\":\"ImageObject\",\"inLanguage\":\"es\",\"@id\":\"https:\/\/www.museuolimpicbcn.cat\/es\/muevete-y-come-bien-la-nueva-guia-sobre-alimentacion-saludable-dirigida-a-profesionales-de-la-actividad-fisica\/#primaryimage\",\"url\":\"https:\/\/www.museuolimpicbcn.cat\/wp-content\/uploads\/sites\/2\/2021\/11\/Captura-de-pantalla-2021-11-09-a-las-12.20.11.png\",\"contentUrl\":\"https:\/\/www.museuolimpicbcn.cat\/wp-content\/uploads\/sites\/2\/2021\/11\/Captura-de-pantalla-2021-11-09-a-las-12.20.11.png\",\"width\":727,\"height\":535},{\"@type\":\"BreadcrumbList\",\"@id\":\"https:\/\/www.museuolimpicbcn.cat\/es\/muevete-y-come-bien-la-nueva-guia-sobre-alimentacion-saludable-dirigida-a-profesionales-de-la-actividad-fisica\/#breadcrumb\",\"itemListElement\":[{\"@type\":\"ListItem\",\"position\":1,\"name\":\"Inici\",\"item\":\"https:\/\/www.museuolimpicbcn.cat\/es\/\"},{\"@type\":\"ListItem\",\"position\":2,\"name\":\"\u00a1Mu\u00e9vete y come bien!\u2019, la nueva gu\u00eda sobre alimentaci\u00f3n saludable dirigida a profesionales de la actividad f\u00edsica\"}]},{\"@type\":\"WebSite\",\"@id\":\"https:\/\/www.museuolimpicbcn.cat\/ca\/#website\",\"url\":\"https:\/\/www.museuolimpicbcn.cat\/ca\/\",\"name\":\"Museu Ol\u00edmpic i de l&#039;Esport Joan Antoni Samaranch. Barcelona\",\"description\":\"Altre lloc Web del Museu Ol\u00edmpic i de l&#039;Esport llocs\",\"publisher\":{\"@id\":\"https:\/\/www.museuolimpicbcn.cat\/ca\/#organization\"},\"potentialAction\":[{\"@type\":\"SearchAction\",\"target\":{\"@type\":\"EntryPoint\",\"urlTemplate\":\"https:\/\/www.museuolimpicbcn.cat\/ca\/?s={search_term_string}\"},\"query-input\":{\"@type\":\"PropertyValueSpecification\",\"valueRequired\":true,\"valueName\":\"search_term_string\"}}],\"inLanguage\":\"es\"},{\"@type\":\"Organization\",\"@id\":\"https:\/\/www.museuolimpicbcn.cat\/ca\/#organization\",\"name\":\"Museu Ol\u00edmpic i de l&#039;Esport Joan Antoni Samaranch. Barcelona\",\"url\":\"https:\/\/www.museuolimpicbcn.cat\/ca\/\",\"logo\":{\"@type\":\"ImageObject\",\"inLanguage\":\"es\",\"@id\":\"https:\/\/www.museuolimpicbcn.cat\/ca\/#\/schema\/logo\/image\/\",\"url\":\"https:\/\/www.museuolimpicbcn.cat\/wp-content\/uploads\/sites\/2\/2018\/12\/logo-moe-header.svg\",\"contentUrl\":\"https:\/\/www.museuolimpicbcn.cat\/wp-content\/uploads\/sites\/2\/2018\/12\/logo-moe-header.svg\",\"caption\":\"Museu Ol\u00edmpic i de l&#039;Esport Joan Antoni Samaranch. Barcelona\"},\"image\":{\"@id\":\"https:\/\/www.museuolimpicbcn.cat\/ca\/#\/schema\/logo\/image\/\"}},{\"@type\":\"Person\",\"@id\":\"https:\/\/www.museuolimpicbcn.cat\/ca\/#\/schema\/person\/b792834a53f193977df425a499287aa9\",\"name\":\"Ibone\",\"url\":\"https:\/\/www.museuolimpicbcn.cat\/es\/author\/fbolimpica\/\"}]}<\/script>\n<!-- \/ Yoast SEO plugin. -->","yoast_head_json":{"title":"\u00a1Mu\u00e9vete y come bien!\u2019, la nueva gu\u00eda sobre alimentaci\u00f3n saludable dirigida a profesionales de la actividad f\u00edsica - Museu Ol\u00edmpic i de l&#039;Esport Joan Antoni Samaranch. Barcelona","robots":{"index":"index","follow":"follow","max-snippet":"max-snippet:-1","max-image-preview":"max-image-preview:large","max-video-preview":"max-video-preview:-1"},"canonical":"https:\/\/www.museuolimpicbcn.cat\/es\/muevete-y-come-bien-la-nueva-guia-sobre-alimentacion-saludable-dirigida-a-profesionales-de-la-actividad-fisica\/","og_locale":"es_ES","og_type":"article","og_title":"\u00a1Mu\u00e9vete y come bien!\u2019, la nueva gu\u00eda sobre alimentaci\u00f3n saludable dirigida a profesionales de la actividad f\u00edsica - Museu Ol\u00edmpic i de l&#039;Esport Joan Antoni Samaranch. Barcelona","og_description":"David Escud\u00e9, regidor de Deportes, ha presentado la gu\u00eda de alimentaci\u00f3n saludable \u201cMu\u00e9vete y come bien!\u201d. A la presentaci\u00f3n tambi\u00e9n ha asistido la Secretaria de Salud P\u00fablica de la Generalitat de Catalu\u00f1a, Carmen Cabezas. En el marco de la Capitalidad Mundial de la Alimentaci\u00f3n Sostenible, el Instituto Barcelona Deportes, conjuntamente con la Agencia de Salud [&hellip;]","og_url":"https:\/\/www.museuolimpicbcn.cat\/es\/muevete-y-come-bien-la-nueva-guia-sobre-alimentacion-saludable-dirigida-a-profesionales-de-la-actividad-fisica\/","og_site_name":"Museu Ol\u00edmpic i de l&#039;Esport Joan Antoni Samaranch. Barcelona","article_published_time":"2021-11-08T12:40:28+00:00","article_modified_time":"2021-11-09T12:43:41+00:00","og_image":[{"width":727,"height":535,"url":"https:\/\/www.museuolimpicbcn.cat\/wp-content\/uploads\/sites\/2\/2021\/11\/Captura-de-pantalla-2021-11-09-a-las-12.20.11.png","type":"image\/png"}],"author":"Ibone","twitter_card":"summary_large_image","twitter_misc":{"Escrito por":"Ibone","Tiempo de lectura":"1 minuto"},"schema":{"@context":"https:\/\/schema.org","@graph":[{"@type":"Article","@id":"https:\/\/www.museuolimpicbcn.cat\/es\/muevete-y-come-bien-la-nueva-guia-sobre-alimentacion-saludable-dirigida-a-profesionales-de-la-actividad-fisica\/#article","isPartOf":{"@id":"https:\/\/www.museuolimpicbcn.cat\/es\/muevete-y-come-bien-la-nueva-guia-sobre-alimentacion-saludable-dirigida-a-profesionales-de-la-actividad-fisica\/"},"author":{"name":"Ibone","@id":"https:\/\/www.museuolimpicbcn.cat\/ca\/#\/schema\/person\/b792834a53f193977df425a499287aa9"},"headline":"\u00a1Mu\u00e9vete y come bien!\u2019, la nueva gu\u00eda sobre alimentaci\u00f3n saludable dirigida a profesionales de la actividad f\u00edsica","datePublished":"2021-11-08T12:40:28+00:00","dateModified":"2021-11-09T12:43:41+00:00","mainEntityOfPage":{"@id":"https:\/\/www.museuolimpicbcn.cat\/es\/muevete-y-come-bien-la-nueva-guia-sobre-alimentacion-saludable-dirigida-a-profesionales-de-la-actividad-fisica\/"},"wordCount":163,"publisher":{"@id":"https:\/\/www.museuolimpicbcn.cat\/ca\/#organization"},"image":{"@id":"https:\/\/www.museuolimpicbcn.cat\/es\/muevete-y-come-bien-la-nueva-guia-sobre-alimentacion-saludable-dirigida-a-profesionales-de-la-actividad-fisica\/#primaryimage"},"thumbnailUrl":"https:\/\/www.museuolimpicbcn.cat\/wp-content\/uploads\/sites\/2\/2021\/11\/Captura-de-pantalla-2021-11-09-a-las-12.20.11.png","articleSection":["Sin categorizar"],"inLanguage":"es"},{"@type":"WebPage","@id":"https:\/\/www.museuolimpicbcn.cat\/es\/muevete-y-come-bien-la-nueva-guia-sobre-alimentacion-saludable-dirigida-a-profesionales-de-la-actividad-fisica\/","url":"https:\/\/www.museuolimpicbcn.cat\/es\/muevete-y-come-bien-la-nueva-guia-sobre-alimentacion-saludable-dirigida-a-profesionales-de-la-actividad-fisica\/","name":"\u00a1Mu\u00e9vete y come bien!\u2019, la nueva gu\u00eda sobre alimentaci\u00f3n saludable dirigida a profesionales de la actividad f\u00edsica - Museu Ol\u00edmpic i de l&#039;Esport Joan Antoni Samaranch. Barcelona","isPartOf":{"@id":"https:\/\/www.museuolimpicbcn.cat\/ca\/#website"},"primaryImageOfPage":{"@id":"https:\/\/www.museuolimpicbcn.cat\/es\/muevete-y-come-bien-la-nueva-guia-sobre-alimentacion-saludable-dirigida-a-profesionales-de-la-actividad-fisica\/#primaryimage"},"image":{"@id":"https:\/\/www.museuolimpicbcn.cat\/es\/muevete-y-come-bien-la-nueva-guia-sobre-alimentacion-saludable-dirigida-a-profesionales-de-la-actividad-fisica\/#primaryimage"},"thumbnailUrl":"https:\/\/www.museuolimpicbcn.cat\/wp-content\/uploads\/sites\/2\/2021\/11\/Captura-de-pantalla-2021-11-09-a-las-12.20.11.png","datePublished":"2021-11-08T12:40:28+00:00","dateModified":"2021-11-09T12:43:41+00:00","breadcrumb":{"@id":"https:\/\/www.museuolimpicbcn.cat\/es\/muevete-y-come-bien-la-nueva-guia-sobre-alimentacion-saludable-dirigida-a-profesionales-de-la-actividad-fisica\/#breadcrumb"},"inLanguage":"es","potentialAction":[{"@type":"ReadAction","target":["https:\/\/www.museuolimpicbcn.cat\/es\/muevete-y-come-bien-la-nueva-guia-sobre-alimentacion-saludable-dirigida-a-profesionales-de-la-actividad-fisica\/"]}]},{"@type":"ImageObject","inLanguage":"es","@id":"https:\/\/www.museuolimpicbcn.cat\/es\/muevete-y-come-bien-la-nueva-guia-sobre-alimentacion-saludable-dirigida-a-profesionales-de-la-actividad-fisica\/#primaryimage","url":"https:\/\/www.museuolimpicbcn.cat\/wp-content\/uploads\/sites\/2\/2021\/11\/Captura-de-pantalla-2021-11-09-a-las-12.20.11.png","contentUrl":"https:\/\/www.museuolimpicbcn.cat\/wp-content\/uploads\/sites\/2\/2021\/11\/Captura-de-pantalla-2021-11-09-a-las-12.20.11.png","width":727,"height":535},{"@type":"BreadcrumbList","@id":"https:\/\/www.museuolimpicbcn.cat\/es\/muevete-y-come-bien-la-nueva-guia-sobre-alimentacion-saludable-dirigida-a-profesionales-de-la-actividad-fisica\/#breadcrumb","itemListElement":[{"@type":"ListItem","position":1,"name":"Inici","item":"https:\/\/www.museuolimpicbcn.cat\/es\/"},{"@type":"ListItem","position":2,"name":"\u00a1Mu\u00e9vete y come bien!\u2019, la nueva gu\u00eda sobre alimentaci\u00f3n saludable dirigida a profesionales de la actividad f\u00edsica"}]},{"@type":"WebSite","@id":"https:\/\/www.museuolimpicbcn.cat\/ca\/#website","url":"https:\/\/www.museuolimpicbcn.cat\/ca\/","name":"Museu Ol\u00edmpic i de l&#039;Esport Joan Antoni Samaranch. Barcelona","description":"Altre lloc Web del Museu Ol\u00edmpic i de l&#039;Esport llocs","publisher":{"@id":"https:\/\/www.museuolimpicbcn.cat\/ca\/#organization"},"potentialAction":[{"@type":"SearchAction","target":{"@type":"EntryPoint","urlTemplate":"https:\/\/www.museuolimpicbcn.cat\/ca\/?s={search_term_string}"},"query-input":{"@type":"PropertyValueSpecification","valueRequired":true,"valueName":"search_term_string"}}],"inLanguage":"es"},{"@type":"Organization","@id":"https:\/\/www.museuolimpicbcn.cat\/ca\/#organization","name":"Museu Ol\u00edmpic i de l&#039;Esport Joan Antoni Samaranch. Barcelona","url":"https:\/\/www.museuolimpicbcn.cat\/ca\/","logo":{"@type":"ImageObject","inLanguage":"es","@id":"https:\/\/www.museuolimpicbcn.cat\/ca\/#\/schema\/logo\/image\/","url":"https:\/\/www.museuolimpicbcn.cat\/wp-content\/uploads\/sites\/2\/2018\/12\/logo-moe-header.svg","contentUrl":"https:\/\/www.museuolimpicbcn.cat\/wp-content\/uploads\/sites\/2\/2018\/12\/logo-moe-header.svg","caption":"Museu Ol\u00edmpic i de l&#039;Esport Joan Antoni Samaranch. Barcelona"},"image":{"@id":"https:\/\/www.museuolimpicbcn.cat\/ca\/#\/schema\/logo\/image\/"}},{"@type":"Person","@id":"https:\/\/www.museuolimpicbcn.cat\/ca\/#\/schema\/person\/b792834a53f193977df425a499287aa9","name":"Ibone","url":"https:\/\/www.museuolimpicbcn.cat\/es\/author\/fbolimpica\/"}]}},"_links":{"self":[{"href":"https:\/\/www.museuolimpicbcn.cat\/es\/wp-json\/wp\/v2\/posts\/30583"}],"collection":[{"href":"https:\/\/www.museuolimpicbcn.cat\/es\/wp-json\/wp\/v2\/posts"}],"about":[{"href":"https:\/\/www.museuolimpicbcn.cat\/es\/wp-json\/wp\/v2\/types\/post"}],"author":[{"embeddable":true,"href":"https:\/\/www.museuolimpicbcn.cat\/es\/wp-json\/wp\/v2\/users\/11"}],"replies":[{"embeddable":true,"href":"https:\/\/www.museuolimpicbcn.cat\/es\/wp-json\/wp\/v2\/comments?post=30583"}],"version-history":[{"count":1,"href":"https:\/\/www.museuolimpicbcn.cat\/es\/wp-json\/wp\/v2\/posts\/30583\/revisions"}],"predecessor-version":[{"id":30584,"href":"https:\/\/www.museuolimpicbcn.cat\/es\/wp-json\/wp\/v2\/posts\/30583\/revisions\/30584"}],"wp:featuredmedia":[{"embeddable":true,"href":"https:\/\/www.museuolimpicbcn.cat\/es\/wp-json\/wp\/v2\/media\/30576"}],"wp:attachment":[{"href":"https:\/\/www.museuolimpicbcn.cat\/es\/wp-json\/wp\/v2\/media?parent=30583"}],"wp:term":[{"taxonomy":"category","embeddable":true,"href":"https:\/\/www.museuolimpicbcn.cat\/es\/wp-json\/wp\/v2\/categories?post=30583"},{"taxonomy":"post_tag","embeddable":true,"href":"https:\/\/www.museuolimpicbcn.cat\/es\/wp-json\/wp\/v2\/tags?post=30583"}],"curies":[{"name":"wp","href":"https:\/\/api.w.org\/{rel}","templated":true}]}}