{"id":30594,"date":"2021-11-10T12:47:07","date_gmt":"2021-11-10T11:47:07","guid":{"rendered":"https:\/\/www.museuolimpicbcn.cat\/?p=30594"},"modified":"2021-11-10T12:47:07","modified_gmt":"2021-11-10T11:47:07","slug":"la-gimnasta-natalia-garcia-timofeeva-anuncia-su-retirada-tras-su-participacion-en-el-trofeo-internacional-ciutat-de-barcelona-de-gimnasia-ritmica","status":"publish","type":"post","link":"https:\/\/www.museuolimpicbcn.cat\/es\/la-gimnasta-natalia-garcia-timofeeva-anuncia-su-retirada-tras-su-participacion-en-el-trofeo-internacional-ciutat-de-barcelona-de-gimnasia-ritmica\/","title":{"rendered":"La gimnasta Natalia Garc\u00eda Timofeeva anuncia su retirada tras su participaci\u00f3n en el Trofeo Internacional Ciutat de Barcelona de Gimnasia R\u00edtmica"},"content":{"rendered":"<p>Xavier March, presidente de la Federaci\u00f3 Catalana de Gimn\u00e0stica junto con Gabriel Arranz, director de promoci\u00f3n y eventos deportivos del Institut Barcelona Esports, Carme Garc\u00eda, directora de competiciones y actividades de la FCG y Natalia Garc\u00eda, gimnasta, han presentado el 6\u00ba Trofeo Internacional Ciutat de Barcelona que tendr\u00e1 lugar el s\u00e1bado 13 de noviembre en el CEM Ol\u00edmpics Vall d\u2019Hebron. <\/p>\n<p>Durante la presentaci\u00f3n, Natalia Garc\u00eda ha anunciado que este ser\u00e1 su \u00faltimo concurso, que cierra su carrera deportiva este s\u00e1bado en su casa, Barcelona. Natalia estar\u00e1 compitiendo con las que ha denominado \u201cel futuro de la gimnasia\u201d, las rusas Daria Trubnikova, campeona ol\u00edmpica en los Juegos Ol\u00edmpicos de la Juventud y Lala Kramarenko, campeona del mundo junior por equipos, y en los aparatos de pelota y mazas.<\/p>\n","protected":false},"excerpt":{"rendered":"<p>Xavier March, presidente de la Federaci\u00f3 Catalana de Gimn\u00e0stica junto con Gabriel Arranz, director de promoci\u00f3n y eventos deportivos del Institut Barcelona Esports, Carme Garc\u00eda, directora de competiciones y actividades de la FCG y Natalia Garc\u00eda, gimnasta, han presentado el 6\u00ba Trofeo Internacional Ciutat de Barcelona que tendr\u00e1 lugar el s\u00e1bado 13 de noviembre en [&hellip;]<\/p>\n","protected":false},"author":11,"featured_media":30625,"comment_status":"closed","ping_status":"closed","sticky":false,"template":"","format":"standard","meta":{"_acf_changed":false,"_price":"","_stock":"","_tribe_ticket_header":"","_tribe_default_ticket_provider":"","_tribe_ticket_capacity":"0","_ticket_start_date":"","_ticket_end_date":"","_tribe_ticket_show_description":"","_tribe_ticket_show_not_going":false,"_tribe_ticket_use_global_stock":"","_tribe_ticket_global_stock_level":"","_global_stock_mode":"","_global_stock_cap":"","_tribe_rsvp_for_event":"","_tribe_ticket_going_count":"","_tribe_ticket_not_going_count":"","_tribe_tickets_list":"[]","_tribe_ticket_has_attendee_info_fields":false,"footnotes":""},"categories":[3],"tags":[],"class_list":["post-30594","post","type-post","status-publish","format-standard","has-post-thumbnail","hentry","category-sin-categorizar"],"acf":[],"yoast_head":"<!-- This site is optimized with the Yoast SEO plugin v23.7 - https:\/\/yoast.com\/wordpress\/plugins\/seo\/ -->\n<title>La gimnasta Natalia Garc\u00eda Timofeeva anuncia su retirada tras su participaci\u00f3n en el Trofeo Internacional Ciutat de Barcelona de Gimnasia R\u00edtmica - Museu Ol\u00edmpic i de l&#039;Esport Joan Antoni Samaranch. Barcelona<\/title>\n<meta name=\"robots\" content=\"index, follow, max-snippet:-1, max-image-preview:large, max-video-preview:-1\" \/>\n<link rel=\"canonical\" href=\"https:\/\/www.museuolimpicbcn.cat\/es\/la-gimnasta-natalia-garcia-timofeeva-anuncia-su-retirada-tras-su-participacion-en-el-trofeo-internacional-ciutat-de-barcelona-de-gimnasia-ritmica\/\" \/>\n<meta property=\"og:locale\" content=\"es_ES\" \/>\n<meta property=\"og:type\" content=\"article\" \/>\n<meta property=\"og:title\" content=\"La gimnasta Natalia Garc\u00eda Timofeeva anuncia su retirada tras su participaci\u00f3n en el Trofeo Internacional Ciutat de Barcelona de Gimnasia R\u00edtmica - Museu Ol\u00edmpic i de l&#039;Esport Joan Antoni Samaranch. Barcelona\" \/>\n<meta property=\"og:description\" content=\"Xavier March, presidente de la Federaci\u00f3 Catalana de Gimn\u00e0stica junto con Gabriel Arranz, director de promoci\u00f3n y eventos deportivos del Institut Barcelona Esports, Carme Garc\u00eda, directora de competiciones y actividades de la FCG y Natalia Garc\u00eda, gimnasta, han presentado el 6\u00ba Trofeo Internacional Ciutat de Barcelona que tendr\u00e1 lugar el s\u00e1bado 13 de noviembre en [&hellip;]\" \/>\n<meta property=\"og:url\" content=\"https:\/\/www.museuolimpicbcn.cat\/es\/la-gimnasta-natalia-garcia-timofeeva-anuncia-su-retirada-tras-su-participacion-en-el-trofeo-internacional-ciutat-de-barcelona-de-gimnasia-ritmica\/\" \/>\n<meta property=\"og:site_name\" content=\"Museu Ol\u00edmpic i de l&#039;Esport Joan Antoni Samaranch. Barcelona\" \/>\n<meta property=\"article:published_time\" content=\"2021-11-10T11:47:07+00:00\" \/>\n<meta property=\"og:image\" content=\"https:\/\/www.museuolimpicbcn.cat\/wp-content\/uploads\/sites\/2\/2021\/11\/TICBR-Museu-Olimpic-Natalia-Garci\u0301a-Timofeeva-_25-scaled.jpg\" \/>\n\t<meta property=\"og:image:width\" content=\"2560\" \/>\n\t<meta property=\"og:image:height\" content=\"1487\" \/>\n\t<meta property=\"og:image:type\" content=\"image\/jpeg\" \/>\n<meta name=\"author\" content=\"Ibone\" \/>\n<meta name=\"twitter:card\" content=\"summary_large_image\" \/>\n<meta name=\"twitter:label1\" content=\"Escrito por\" \/>\n\t<meta name=\"twitter:data1\" content=\"Ibone\" \/>\n\t<meta name=\"twitter:label2\" content=\"Tiempo de lectura\" \/>\n\t<meta name=\"twitter:data2\" content=\"1 minuto\" \/>\n<script type=\"application\/ld+json\" class=\"yoast-schema-graph\">{\"@context\":\"https:\/\/schema.org\",\"@graph\":[{\"@type\":\"Article\",\"@id\":\"https:\/\/www.museuolimpicbcn.cat\/es\/la-gimnasta-natalia-garcia-timofeeva-anuncia-su-retirada-tras-su-participacion-en-el-trofeo-internacional-ciutat-de-barcelona-de-gimnasia-ritmica\/#article\",\"isPartOf\":{\"@id\":\"https:\/\/www.museuolimpicbcn.cat\/es\/la-gimnasta-natalia-garcia-timofeeva-anuncia-su-retirada-tras-su-participacion-en-el-trofeo-internacional-ciutat-de-barcelona-de-gimnasia-ritmica\/\"},\"author\":{\"name\":\"Ibone\",\"@id\":\"https:\/\/www.museuolimpicbcn.cat\/ca\/#\/schema\/person\/b792834a53f193977df425a499287aa9\"},\"headline\":\"La gimnasta Natalia Garc\u00eda Timofeeva anuncia su retirada tras su participaci\u00f3n en el Trofeo Internacional Ciutat de Barcelona de Gimnasia R\u00edtmica\",\"datePublished\":\"2021-11-10T11:47:07+00:00\",\"dateModified\":\"2021-11-10T11:47:07+00:00\",\"mainEntityOfPage\":{\"@id\":\"https:\/\/www.museuolimpicbcn.cat\/es\/la-gimnasta-natalia-garcia-timofeeva-anuncia-su-retirada-tras-su-participacion-en-el-trofeo-internacional-ciutat-de-barcelona-de-gimnasia-ritmica\/\"},\"wordCount\":161,\"publisher\":{\"@id\":\"https:\/\/www.museuolimpicbcn.cat\/ca\/#organization\"},\"image\":{\"@id\":\"https:\/\/www.museuolimpicbcn.cat\/es\/la-gimnasta-natalia-garcia-timofeeva-anuncia-su-retirada-tras-su-participacion-en-el-trofeo-internacional-ciutat-de-barcelona-de-gimnasia-ritmica\/#primaryimage\"},\"thumbnailUrl\":\"https:\/\/www.museuolimpicbcn.cat\/wp-content\/uploads\/sites\/2\/2021\/11\/TICBR-Museu-Olimpic-Natalia-Garci\u0301a-Timofeeva-_25-scaled.jpg\",\"articleSection\":[\"Sin categorizar\"],\"inLanguage\":\"es\"},{\"@type\":\"WebPage\",\"@id\":\"https:\/\/www.museuolimpicbcn.cat\/es\/la-gimnasta-natalia-garcia-timofeeva-anuncia-su-retirada-tras-su-participacion-en-el-trofeo-internacional-ciutat-de-barcelona-de-gimnasia-ritmica\/\",\"url\":\"https:\/\/www.museuolimpicbcn.cat\/es\/la-gimnasta-natalia-garcia-timofeeva-anuncia-su-retirada-tras-su-participacion-en-el-trofeo-internacional-ciutat-de-barcelona-de-gimnasia-ritmica\/\",\"name\":\"La gimnasta Natalia Garc\u00eda Timofeeva anuncia su retirada tras su participaci\u00f3n en el Trofeo Internacional Ciutat de Barcelona de Gimnasia R\u00edtmica - Museu Ol\u00edmpic i de l&#039;Esport Joan Antoni Samaranch. Barcelona\",\"isPartOf\":{\"@id\":\"https:\/\/www.museuolimpicbcn.cat\/ca\/#website\"},\"primaryImageOfPage\":{\"@id\":\"https:\/\/www.museuolimpicbcn.cat\/es\/la-gimnasta-natalia-garcia-timofeeva-anuncia-su-retirada-tras-su-participacion-en-el-trofeo-internacional-ciutat-de-barcelona-de-gimnasia-ritmica\/#primaryimage\"},\"image\":{\"@id\":\"https:\/\/www.museuolimpicbcn.cat\/es\/la-gimnasta-natalia-garcia-timofeeva-anuncia-su-retirada-tras-su-participacion-en-el-trofeo-internacional-ciutat-de-barcelona-de-gimnasia-ritmica\/#primaryimage\"},\"thumbnailUrl\":\"https:\/\/www.museuolimpicbcn.cat\/wp-content\/uploads\/sites\/2\/2021\/11\/TICBR-Museu-Olimpic-Natalia-Garci\u0301a-Timofeeva-_25-scaled.jpg\",\"datePublished\":\"2021-11-10T11:47:07+00:00\",\"dateModified\":\"2021-11-10T11:47:07+00:00\",\"breadcrumb\":{\"@id\":\"https:\/\/www.museuolimpicbcn.cat\/es\/la-gimnasta-natalia-garcia-timofeeva-anuncia-su-retirada-tras-su-participacion-en-el-trofeo-internacional-ciutat-de-barcelona-de-gimnasia-ritmica\/#breadcrumb\"},\"inLanguage\":\"es\",\"potentialAction\":[{\"@type\":\"ReadAction\",\"target\":[\"https:\/\/www.museuolimpicbcn.cat\/es\/la-gimnasta-natalia-garcia-timofeeva-anuncia-su-retirada-tras-su-participacion-en-el-trofeo-internacional-ciutat-de-barcelona-de-gimnasia-ritmica\/\"]}]},{\"@type\":\"ImageObject\",\"inLanguage\":\"es\",\"@id\":\"https:\/\/www.museuolimpicbcn.cat\/es\/la-gimnasta-natalia-garcia-timofeeva-anuncia-su-retirada-tras-su-participacion-en-el-trofeo-internacional-ciutat-de-barcelona-de-gimnasia-ritmica\/#primaryimage\",\"url\":\"https:\/\/www.museuolimpicbcn.cat\/wp-content\/uploads\/sites\/2\/2021\/11\/TICBR-Museu-Olimpic-Natalia-Garci\u0301a-Timofeeva-_25-scaled.jpg\",\"contentUrl\":\"https:\/\/www.museuolimpicbcn.cat\/wp-content\/uploads\/sites\/2\/2021\/11\/TICBR-Museu-Olimpic-Natalia-Garci\u0301a-Timofeeva-_25-scaled.jpg\",\"width\":2560,\"height\":1487},{\"@type\":\"BreadcrumbList\",\"@id\":\"https:\/\/www.museuolimpicbcn.cat\/es\/la-gimnasta-natalia-garcia-timofeeva-anuncia-su-retirada-tras-su-participacion-en-el-trofeo-internacional-ciutat-de-barcelona-de-gimnasia-ritmica\/#breadcrumb\",\"itemListElement\":[{\"@type\":\"ListItem\",\"position\":1,\"name\":\"Inici\",\"item\":\"https:\/\/www.museuolimpicbcn.cat\/es\/\"},{\"@type\":\"ListItem\",\"position\":2,\"name\":\"La gimnasta Natalia Garc\u00eda Timofeeva anuncia su retirada tras su participaci\u00f3n en el Trofeo Internacional Ciutat de Barcelona de Gimnasia R\u00edtmica\"}]},{\"@type\":\"WebSite\",\"@id\":\"https:\/\/www.museuolimpicbcn.cat\/ca\/#website\",\"url\":\"https:\/\/www.museuolimpicbcn.cat\/ca\/\",\"name\":\"Museu Ol\u00edmpic i de l&#039;Esport Joan Antoni Samaranch. Barcelona\",\"description\":\"Altre lloc Web del Museu Ol\u00edmpic i de l&#039;Esport llocs\",\"publisher\":{\"@id\":\"https:\/\/www.museuolimpicbcn.cat\/ca\/#organization\"},\"potentialAction\":[{\"@type\":\"SearchAction\",\"target\":{\"@type\":\"EntryPoint\",\"urlTemplate\":\"https:\/\/www.museuolimpicbcn.cat\/ca\/?s={search_term_string}\"},\"query-input\":{\"@type\":\"PropertyValueSpecification\",\"valueRequired\":true,\"valueName\":\"search_term_string\"}}],\"inLanguage\":\"es\"},{\"@type\":\"Organization\",\"@id\":\"https:\/\/www.museuolimpicbcn.cat\/ca\/#organization\",\"name\":\"Museu Ol\u00edmpic i de l&#039;Esport Joan Antoni Samaranch. Barcelona\",\"url\":\"https:\/\/www.museuolimpicbcn.cat\/ca\/\",\"logo\":{\"@type\":\"ImageObject\",\"inLanguage\":\"es\",\"@id\":\"https:\/\/www.museuolimpicbcn.cat\/ca\/#\/schema\/logo\/image\/\",\"url\":\"https:\/\/www.museuolimpicbcn.cat\/wp-content\/uploads\/sites\/2\/2018\/12\/logo-moe-header.svg\",\"contentUrl\":\"https:\/\/www.museuolimpicbcn.cat\/wp-content\/uploads\/sites\/2\/2018\/12\/logo-moe-header.svg\",\"caption\":\"Museu Ol\u00edmpic i de l&#039;Esport Joan Antoni Samaranch. Barcelona\"},\"image\":{\"@id\":\"https:\/\/www.museuolimpicbcn.cat\/ca\/#\/schema\/logo\/image\/\"}},{\"@type\":\"Person\",\"@id\":\"https:\/\/www.museuolimpicbcn.cat\/ca\/#\/schema\/person\/b792834a53f193977df425a499287aa9\",\"name\":\"Ibone\",\"url\":\"https:\/\/www.museuolimpicbcn.cat\/es\/author\/fbolimpica\/\"}]}<\/script>\n<!-- \/ Yoast SEO plugin. -->","yoast_head_json":{"title":"La gimnasta Natalia Garc\u00eda Timofeeva anuncia su retirada tras su participaci\u00f3n en el Trofeo Internacional Ciutat de Barcelona de Gimnasia R\u00edtmica - Museu Ol\u00edmpic i de l&#039;Esport Joan Antoni Samaranch. Barcelona","robots":{"index":"index","follow":"follow","max-snippet":"max-snippet:-1","max-image-preview":"max-image-preview:large","max-video-preview":"max-video-preview:-1"},"canonical":"https:\/\/www.museuolimpicbcn.cat\/es\/la-gimnasta-natalia-garcia-timofeeva-anuncia-su-retirada-tras-su-participacion-en-el-trofeo-internacional-ciutat-de-barcelona-de-gimnasia-ritmica\/","og_locale":"es_ES","og_type":"article","og_title":"La gimnasta Natalia Garc\u00eda Timofeeva anuncia su retirada tras su participaci\u00f3n en el Trofeo Internacional Ciutat de Barcelona de Gimnasia R\u00edtmica - Museu Ol\u00edmpic i de l&#039;Esport Joan Antoni Samaranch. Barcelona","og_description":"Xavier March, presidente de la Federaci\u00f3 Catalana de Gimn\u00e0stica junto con Gabriel Arranz, director de promoci\u00f3n y eventos deportivos del Institut Barcelona Esports, Carme Garc\u00eda, directora de competiciones y actividades de la FCG y Natalia Garc\u00eda, gimnasta, han presentado el 6\u00ba Trofeo Internacional Ciutat de Barcelona que tendr\u00e1 lugar el s\u00e1bado 13 de noviembre en [&hellip;]","og_url":"https:\/\/www.museuolimpicbcn.cat\/es\/la-gimnasta-natalia-garcia-timofeeva-anuncia-su-retirada-tras-su-participacion-en-el-trofeo-internacional-ciutat-de-barcelona-de-gimnasia-ritmica\/","og_site_name":"Museu Ol\u00edmpic i de l&#039;Esport Joan Antoni Samaranch. Barcelona","article_published_time":"2021-11-10T11:47:07+00:00","og_image":[{"width":2560,"height":1487,"url":"https:\/\/www.museuolimpicbcn.cat\/wp-content\/uploads\/sites\/2\/2021\/11\/TICBR-Museu-Olimpic-Natalia-Garci\u0301a-Timofeeva-_25-scaled.jpg","type":"image\/jpeg"}],"author":"Ibone","twitter_card":"summary_large_image","twitter_misc":{"Escrito por":"Ibone","Tiempo de lectura":"1 minuto"},"schema":{"@context":"https:\/\/schema.org","@graph":[{"@type":"Article","@id":"https:\/\/www.museuolimpicbcn.cat\/es\/la-gimnasta-natalia-garcia-timofeeva-anuncia-su-retirada-tras-su-participacion-en-el-trofeo-internacional-ciutat-de-barcelona-de-gimnasia-ritmica\/#article","isPartOf":{"@id":"https:\/\/www.museuolimpicbcn.cat\/es\/la-gimnasta-natalia-garcia-timofeeva-anuncia-su-retirada-tras-su-participacion-en-el-trofeo-internacional-ciutat-de-barcelona-de-gimnasia-ritmica\/"},"author":{"name":"Ibone","@id":"https:\/\/www.museuolimpicbcn.cat\/ca\/#\/schema\/person\/b792834a53f193977df425a499287aa9"},"headline":"La gimnasta Natalia Garc\u00eda Timofeeva anuncia su retirada tras su participaci\u00f3n en el Trofeo Internacional Ciutat de Barcelona de Gimnasia R\u00edtmica","datePublished":"2021-11-10T11:47:07+00:00","dateModified":"2021-11-10T11:47:07+00:00","mainEntityOfPage":{"@id":"https:\/\/www.museuolimpicbcn.cat\/es\/la-gimnasta-natalia-garcia-timofeeva-anuncia-su-retirada-tras-su-participacion-en-el-trofeo-internacional-ciutat-de-barcelona-de-gimnasia-ritmica\/"},"wordCount":161,"publisher":{"@id":"https:\/\/www.museuolimpicbcn.cat\/ca\/#organization"},"image":{"@id":"https:\/\/www.museuolimpicbcn.cat\/es\/la-gimnasta-natalia-garcia-timofeeva-anuncia-su-retirada-tras-su-participacion-en-el-trofeo-internacional-ciutat-de-barcelona-de-gimnasia-ritmica\/#primaryimage"},"thumbnailUrl":"https:\/\/www.museuolimpicbcn.cat\/wp-content\/uploads\/sites\/2\/2021\/11\/TICBR-Museu-Olimpic-Natalia-Garci\u0301a-Timofeeva-_25-scaled.jpg","articleSection":["Sin categorizar"],"inLanguage":"es"},{"@type":"WebPage","@id":"https:\/\/www.museuolimpicbcn.cat\/es\/la-gimnasta-natalia-garcia-timofeeva-anuncia-su-retirada-tras-su-participacion-en-el-trofeo-internacional-ciutat-de-barcelona-de-gimnasia-ritmica\/","url":"https:\/\/www.museuolimpicbcn.cat\/es\/la-gimnasta-natalia-garcia-timofeeva-anuncia-su-retirada-tras-su-participacion-en-el-trofeo-internacional-ciutat-de-barcelona-de-gimnasia-ritmica\/","name":"La gimnasta Natalia Garc\u00eda Timofeeva anuncia su retirada tras su participaci\u00f3n en el Trofeo Internacional Ciutat de Barcelona de Gimnasia R\u00edtmica - Museu Ol\u00edmpic i de l&#039;Esport Joan Antoni Samaranch. Barcelona","isPartOf":{"@id":"https:\/\/www.museuolimpicbcn.cat\/ca\/#website"},"primaryImageOfPage":{"@id":"https:\/\/www.museuolimpicbcn.cat\/es\/la-gimnasta-natalia-garcia-timofeeva-anuncia-su-retirada-tras-su-participacion-en-el-trofeo-internacional-ciutat-de-barcelona-de-gimnasia-ritmica\/#primaryimage"},"image":{"@id":"https:\/\/www.museuolimpicbcn.cat\/es\/la-gimnasta-natalia-garcia-timofeeva-anuncia-su-retirada-tras-su-participacion-en-el-trofeo-internacional-ciutat-de-barcelona-de-gimnasia-ritmica\/#primaryimage"},"thumbnailUrl":"https:\/\/www.museuolimpicbcn.cat\/wp-content\/uploads\/sites\/2\/2021\/11\/TICBR-Museu-Olimpic-Natalia-Garci\u0301a-Timofeeva-_25-scaled.jpg","datePublished":"2021-11-10T11:47:07+00:00","dateModified":"2021-11-10T11:47:07+00:00","breadcrumb":{"@id":"https:\/\/www.museuolimpicbcn.cat\/es\/la-gimnasta-natalia-garcia-timofeeva-anuncia-su-retirada-tras-su-participacion-en-el-trofeo-internacional-ciutat-de-barcelona-de-gimnasia-ritmica\/#breadcrumb"},"inLanguage":"es","potentialAction":[{"@type":"ReadAction","target":["https:\/\/www.museuolimpicbcn.cat\/es\/la-gimnasta-natalia-garcia-timofeeva-anuncia-su-retirada-tras-su-participacion-en-el-trofeo-internacional-ciutat-de-barcelona-de-gimnasia-ritmica\/"]}]},{"@type":"ImageObject","inLanguage":"es","@id":"https:\/\/www.museuolimpicbcn.cat\/es\/la-gimnasta-natalia-garcia-timofeeva-anuncia-su-retirada-tras-su-participacion-en-el-trofeo-internacional-ciutat-de-barcelona-de-gimnasia-ritmica\/#primaryimage","url":"https:\/\/www.museuolimpicbcn.cat\/wp-content\/uploads\/sites\/2\/2021\/11\/TICBR-Museu-Olimpic-Natalia-Garci\u0301a-Timofeeva-_25-scaled.jpg","contentUrl":"https:\/\/www.museuolimpicbcn.cat\/wp-content\/uploads\/sites\/2\/2021\/11\/TICBR-Museu-Olimpic-Natalia-Garci\u0301a-Timofeeva-_25-scaled.jpg","width":2560,"height":1487},{"@type":"BreadcrumbList","@id":"https:\/\/www.museuolimpicbcn.cat\/es\/la-gimnasta-natalia-garcia-timofeeva-anuncia-su-retirada-tras-su-participacion-en-el-trofeo-internacional-ciutat-de-barcelona-de-gimnasia-ritmica\/#breadcrumb","itemListElement":[{"@type":"ListItem","position":1,"name":"Inici","item":"https:\/\/www.museuolimpicbcn.cat\/es\/"},{"@type":"ListItem","position":2,"name":"La gimnasta Natalia Garc\u00eda Timofeeva anuncia su retirada tras su participaci\u00f3n en el Trofeo Internacional Ciutat de Barcelona de Gimnasia R\u00edtmica"}]},{"@type":"WebSite","@id":"https:\/\/www.museuolimpicbcn.cat\/ca\/#website","url":"https:\/\/www.museuolimpicbcn.cat\/ca\/","name":"Museu Ol\u00edmpic i de l&#039;Esport Joan Antoni Samaranch. Barcelona","description":"Altre lloc Web del Museu Ol\u00edmpic i de l&#039;Esport llocs","publisher":{"@id":"https:\/\/www.museuolimpicbcn.cat\/ca\/#organization"},"potentialAction":[{"@type":"SearchAction","target":{"@type":"EntryPoint","urlTemplate":"https:\/\/www.museuolimpicbcn.cat\/ca\/?s={search_term_string}"},"query-input":{"@type":"PropertyValueSpecification","valueRequired":true,"valueName":"search_term_string"}}],"inLanguage":"es"},{"@type":"Organization","@id":"https:\/\/www.museuolimpicbcn.cat\/ca\/#organization","name":"Museu Ol\u00edmpic i de l&#039;Esport Joan Antoni Samaranch. Barcelona","url":"https:\/\/www.museuolimpicbcn.cat\/ca\/","logo":{"@type":"ImageObject","inLanguage":"es","@id":"https:\/\/www.museuolimpicbcn.cat\/ca\/#\/schema\/logo\/image\/","url":"https:\/\/www.museuolimpicbcn.cat\/wp-content\/uploads\/sites\/2\/2018\/12\/logo-moe-header.svg","contentUrl":"https:\/\/www.museuolimpicbcn.cat\/wp-content\/uploads\/sites\/2\/2018\/12\/logo-moe-header.svg","caption":"Museu Ol\u00edmpic i de l&#039;Esport Joan Antoni Samaranch. Barcelona"},"image":{"@id":"https:\/\/www.museuolimpicbcn.cat\/ca\/#\/schema\/logo\/image\/"}},{"@type":"Person","@id":"https:\/\/www.museuolimpicbcn.cat\/ca\/#\/schema\/person\/b792834a53f193977df425a499287aa9","name":"Ibone","url":"https:\/\/www.museuolimpicbcn.cat\/es\/author\/fbolimpica\/"}]}},"_links":{"self":[{"href":"https:\/\/www.museuolimpicbcn.cat\/es\/wp-json\/wp\/v2\/posts\/30594"}],"collection":[{"href":"https:\/\/www.museuolimpicbcn.cat\/es\/wp-json\/wp\/v2\/posts"}],"about":[{"href":"https:\/\/www.museuolimpicbcn.cat\/es\/wp-json\/wp\/v2\/types\/post"}],"author":[{"embeddable":true,"href":"https:\/\/www.museuolimpicbcn.cat\/es\/wp-json\/wp\/v2\/users\/11"}],"replies":[{"embeddable":true,"href":"https:\/\/www.museuolimpicbcn.cat\/es\/wp-json\/wp\/v2\/comments?post=30594"}],"version-history":[{"count":1,"href":"https:\/\/www.museuolimpicbcn.cat\/es\/wp-json\/wp\/v2\/posts\/30594\/revisions"}],"predecessor-version":[{"id":30631,"href":"https:\/\/www.museuolimpicbcn.cat\/es\/wp-json\/wp\/v2\/posts\/30594\/revisions\/30631"}],"wp:featuredmedia":[{"embeddable":true,"href":"https:\/\/www.museuolimpicbcn.cat\/es\/wp-json\/wp\/v2\/media\/30625"}],"wp:attachment":[{"href":"https:\/\/www.museuolimpicbcn.cat\/es\/wp-json\/wp\/v2\/media?parent=30594"}],"wp:term":[{"taxonomy":"category","embeddable":true,"href":"https:\/\/www.museuolimpicbcn.cat\/es\/wp-json\/wp\/v2\/categories?post=30594"},{"taxonomy":"post_tag","embeddable":true,"href":"https:\/\/www.museuolimpicbcn.cat\/es\/wp-json\/wp\/v2\/tags?post=30594"}],"curies":[{"name":"wp","href":"https:\/\/api.w.org\/{rel}","templated":true}]}}