{"id":31516,"date":"2022-02-01T17:18:05","date_gmt":"2022-02-01T16:18:05","guid":{"rendered":"https:\/\/www.museuolimpicbcn.cat\/?p=31516"},"modified":"2022-02-01T17:19:42","modified_gmt":"2022-02-01T16:19:42","slug":"inaugurada-oficialmente-la-exposicion-de-beijing-2022-juntos-por-un-futuro-compartido","status":"publish","type":"post","link":"https:\/\/www.museuolimpicbcn.cat\/es\/inaugurada-oficialmente-la-exposicion-de-beijing-2022-juntos-por-un-futuro-compartido\/","title":{"rendered":"Inaugurada oficialmente la exposici\u00f3n de \u201cBeijing 2022. Juntos por un futuro compartido\u201d"},"content":{"rendered":"<p>David Escud\u00e9, presidente de la Fundaci\u00f3 Barcelona Ol\u00edmpica ha recibido a Zhu Jingyang, C\u00f3nsul General de la Rep\u00fablica Popular China en Barcelona en las instalaciones del Museu Ol\u00edmpic i de l\u2019Esport JA Samaranch donde se encuentra la exposici\u00f3n dedicada a \u201cBeijing 2022\u201d. Durante el recorrido estuvieron acompa\u00f1ados de Francesc Terr\u00f3n, director de la Fundaci\u00f3 Barcelona Ol\u00edmpica, entidad gestora del Museu Ol\u00edmpic de Barcelona.<\/p>\n<p>Esta exposici\u00f3n recoge la cultura e historia china, as\u00ed como los deportes del programa ol\u00edmpico y el leitmotiv de estos Juegos Ol\u00edmpicos \u201cGreen, Inclusive, Open and Clean\u201d haciendo referencia a la sostenibilidad y al cuidado del planeta.<br \/>\nLa exposici\u00f3n forma parte del taller en familia \u201cBeijing 2022. Juntos por un futuro compartido\u201d, un taller dedicado a los m\u00e1s peque\u00f1os donde podr\u00e1n descubrir de forma din\u00e1mica y divertida la historia y la cultura china a trav\u00e9s del deporte.<br \/>\nLa exposici\u00f3n y el taller estar\u00e1n abiertos al p\u00fablico hasta el 3 de julio del 2022.<\/p>\n","protected":false},"excerpt":{"rendered":"<p>David Escud\u00e9, presidente de la Fundaci\u00f3 Barcelona Ol\u00edmpica ha recibido a Zhu Jingyang, C\u00f3nsul General de la Rep\u00fablica Popular China en Barcelona en las instalaciones del Museu Ol\u00edmpic i de l\u2019Esport JA Samaranch donde se encuentra la exposici\u00f3n dedicada a \u201cBeijing 2022\u201d. Durante el recorrido estuvieron acompa\u00f1ados de Francesc Terr\u00f3n, director de la Fundaci\u00f3 Barcelona [&hellip;]<\/p>\n","protected":false},"author":11,"featured_media":31523,"comment_status":"closed","ping_status":"closed","sticky":false,"template":"","format":"standard","meta":{"_acf_changed":false,"_price":"","_stock":"","_tribe_ticket_header":"","_tribe_default_ticket_provider":"","_tribe_ticket_capacity":"0","_ticket_start_date":"","_ticket_end_date":"","_tribe_ticket_show_description":"","_tribe_ticket_show_not_going":false,"_tribe_ticket_use_global_stock":"","_tribe_ticket_global_stock_level":"","_global_stock_mode":"","_global_stock_cap":"","_tribe_rsvp_for_event":"","_tribe_ticket_going_count":"","_tribe_ticket_not_going_count":"","_tribe_tickets_list":"[]","_tribe_ticket_has_attendee_info_fields":false,"footnotes":""},"categories":[3],"tags":[],"class_list":["post-31516","post","type-post","status-publish","format-standard","has-post-thumbnail","hentry","category-sin-categorizar"],"acf":[],"yoast_head":"<!-- This site is optimized with the Yoast SEO plugin v23.7 - https:\/\/yoast.com\/wordpress\/plugins\/seo\/ -->\n<title>Inaugurada oficialmente la exposici\u00f3n de \u201cBeijing 2022. Juntos por un futuro compartido\u201d - Museu Ol\u00edmpic i de l&#039;Esport Joan Antoni Samaranch. Barcelona<\/title>\n<meta name=\"robots\" content=\"index, follow, max-snippet:-1, max-image-preview:large, max-video-preview:-1\" \/>\n<link rel=\"canonical\" href=\"https:\/\/www.museuolimpicbcn.cat\/es\/inaugurada-oficialmente-la-exposicion-de-beijing-2022-juntos-por-un-futuro-compartido\/\" \/>\n<meta property=\"og:locale\" content=\"es_ES\" \/>\n<meta property=\"og:type\" content=\"article\" \/>\n<meta property=\"og:title\" content=\"Inaugurada oficialmente la exposici\u00f3n de \u201cBeijing 2022. Juntos por un futuro compartido\u201d - Museu Ol\u00edmpic i de l&#039;Esport Joan Antoni Samaranch. Barcelona\" \/>\n<meta property=\"og:description\" content=\"David Escud\u00e9, presidente de la Fundaci\u00f3 Barcelona Ol\u00edmpica ha recibido a Zhu Jingyang, C\u00f3nsul General de la Rep\u00fablica Popular China en Barcelona en las instalaciones del Museu Ol\u00edmpic i de l\u2019Esport JA Samaranch donde se encuentra la exposici\u00f3n dedicada a \u201cBeijing 2022\u201d. Durante el recorrido estuvieron acompa\u00f1ados de Francesc Terr\u00f3n, director de la Fundaci\u00f3 Barcelona [&hellip;]\" \/>\n<meta property=\"og:url\" content=\"https:\/\/www.museuolimpicbcn.cat\/es\/inaugurada-oficialmente-la-exposicion-de-beijing-2022-juntos-por-un-futuro-compartido\/\" \/>\n<meta property=\"og:site_name\" content=\"Museu Ol\u00edmpic i de l&#039;Esport Joan Antoni Samaranch. Barcelona\" \/>\n<meta property=\"article:published_time\" content=\"2022-02-01T16:18:05+00:00\" \/>\n<meta property=\"article:modified_time\" content=\"2022-02-01T16:19:42+00:00\" \/>\n<meta property=\"og:image\" content=\"https:\/\/www.museuolimpicbcn.cat\/wp-content\/uploads\/sites\/2\/2022\/02\/image11.jpeg\" \/>\n\t<meta property=\"og:image:width\" content=\"640\" \/>\n\t<meta property=\"og:image:height\" content=\"360\" \/>\n\t<meta property=\"og:image:type\" content=\"image\/jpeg\" \/>\n<meta name=\"author\" content=\"Ibone\" \/>\n<meta name=\"twitter:card\" content=\"summary_large_image\" \/>\n<meta name=\"twitter:label1\" content=\"Escrito por\" \/>\n\t<meta name=\"twitter:data1\" content=\"Ibone\" \/>\n\t<meta name=\"twitter:label2\" content=\"Tiempo de lectura\" \/>\n\t<meta name=\"twitter:data2\" content=\"1 minuto\" \/>\n<script type=\"application\/ld+json\" class=\"yoast-schema-graph\">{\"@context\":\"https:\/\/schema.org\",\"@graph\":[{\"@type\":\"Article\",\"@id\":\"https:\/\/www.museuolimpicbcn.cat\/es\/inaugurada-oficialmente-la-exposicion-de-beijing-2022-juntos-por-un-futuro-compartido\/#article\",\"isPartOf\":{\"@id\":\"https:\/\/www.museuolimpicbcn.cat\/es\/inaugurada-oficialmente-la-exposicion-de-beijing-2022-juntos-por-un-futuro-compartido\/\"},\"author\":{\"name\":\"Ibone\",\"@id\":\"https:\/\/www.museuolimpicbcn.cat\/ca\/#\/schema\/person\/b792834a53f193977df425a499287aa9\"},\"headline\":\"Inaugurada oficialmente la exposici\u00f3n de \u201cBeijing 2022. Juntos por un futuro compartido\u201d\",\"datePublished\":\"2022-02-01T16:18:05+00:00\",\"dateModified\":\"2022-02-01T16:19:42+00:00\",\"mainEntityOfPage\":{\"@id\":\"https:\/\/www.museuolimpicbcn.cat\/es\/inaugurada-oficialmente-la-exposicion-de-beijing-2022-juntos-por-un-futuro-compartido\/\"},\"wordCount\":186,\"publisher\":{\"@id\":\"https:\/\/www.museuolimpicbcn.cat\/ca\/#organization\"},\"image\":{\"@id\":\"https:\/\/www.museuolimpicbcn.cat\/es\/inaugurada-oficialmente-la-exposicion-de-beijing-2022-juntos-por-un-futuro-compartido\/#primaryimage\"},\"thumbnailUrl\":\"https:\/\/www.museuolimpicbcn.cat\/wp-content\/uploads\/sites\/2\/2022\/02\/image11.jpeg\",\"articleSection\":[\"Sin categorizar\"],\"inLanguage\":\"es\"},{\"@type\":\"WebPage\",\"@id\":\"https:\/\/www.museuolimpicbcn.cat\/es\/inaugurada-oficialmente-la-exposicion-de-beijing-2022-juntos-por-un-futuro-compartido\/\",\"url\":\"https:\/\/www.museuolimpicbcn.cat\/es\/inaugurada-oficialmente-la-exposicion-de-beijing-2022-juntos-por-un-futuro-compartido\/\",\"name\":\"Inaugurada oficialmente la exposici\u00f3n de \u201cBeijing 2022. Juntos por un futuro compartido\u201d - Museu Ol\u00edmpic i de l&#039;Esport Joan Antoni Samaranch. Barcelona\",\"isPartOf\":{\"@id\":\"https:\/\/www.museuolimpicbcn.cat\/ca\/#website\"},\"primaryImageOfPage\":{\"@id\":\"https:\/\/www.museuolimpicbcn.cat\/es\/inaugurada-oficialmente-la-exposicion-de-beijing-2022-juntos-por-un-futuro-compartido\/#primaryimage\"},\"image\":{\"@id\":\"https:\/\/www.museuolimpicbcn.cat\/es\/inaugurada-oficialmente-la-exposicion-de-beijing-2022-juntos-por-un-futuro-compartido\/#primaryimage\"},\"thumbnailUrl\":\"https:\/\/www.museuolimpicbcn.cat\/wp-content\/uploads\/sites\/2\/2022\/02\/image11.jpeg\",\"datePublished\":\"2022-02-01T16:18:05+00:00\",\"dateModified\":\"2022-02-01T16:19:42+00:00\",\"breadcrumb\":{\"@id\":\"https:\/\/www.museuolimpicbcn.cat\/es\/inaugurada-oficialmente-la-exposicion-de-beijing-2022-juntos-por-un-futuro-compartido\/#breadcrumb\"},\"inLanguage\":\"es\",\"potentialAction\":[{\"@type\":\"ReadAction\",\"target\":[\"https:\/\/www.museuolimpicbcn.cat\/es\/inaugurada-oficialmente-la-exposicion-de-beijing-2022-juntos-por-un-futuro-compartido\/\"]}]},{\"@type\":\"ImageObject\",\"inLanguage\":\"es\",\"@id\":\"https:\/\/www.museuolimpicbcn.cat\/es\/inaugurada-oficialmente-la-exposicion-de-beijing-2022-juntos-por-un-futuro-compartido\/#primaryimage\",\"url\":\"https:\/\/www.museuolimpicbcn.cat\/wp-content\/uploads\/sites\/2\/2022\/02\/image11.jpeg\",\"contentUrl\":\"https:\/\/www.museuolimpicbcn.cat\/wp-content\/uploads\/sites\/2\/2022\/02\/image11.jpeg\",\"width\":640,\"height\":360},{\"@type\":\"BreadcrumbList\",\"@id\":\"https:\/\/www.museuolimpicbcn.cat\/es\/inaugurada-oficialmente-la-exposicion-de-beijing-2022-juntos-por-un-futuro-compartido\/#breadcrumb\",\"itemListElement\":[{\"@type\":\"ListItem\",\"position\":1,\"name\":\"Inici\",\"item\":\"https:\/\/www.museuolimpicbcn.cat\/es\/\"},{\"@type\":\"ListItem\",\"position\":2,\"name\":\"Inaugurada oficialmente la exposici\u00f3n de \u201cBeijing 2022. Juntos por un futuro compartido\u201d\"}]},{\"@type\":\"WebSite\",\"@id\":\"https:\/\/www.museuolimpicbcn.cat\/ca\/#website\",\"url\":\"https:\/\/www.museuolimpicbcn.cat\/ca\/\",\"name\":\"Museu Ol\u00edmpic i de l&#039;Esport Joan Antoni Samaranch. Barcelona\",\"description\":\"Altre lloc Web del Museu Ol\u00edmpic i de l&#039;Esport llocs\",\"publisher\":{\"@id\":\"https:\/\/www.museuolimpicbcn.cat\/ca\/#organization\"},\"potentialAction\":[{\"@type\":\"SearchAction\",\"target\":{\"@type\":\"EntryPoint\",\"urlTemplate\":\"https:\/\/www.museuolimpicbcn.cat\/ca\/?s={search_term_string}\"},\"query-input\":{\"@type\":\"PropertyValueSpecification\",\"valueRequired\":true,\"valueName\":\"search_term_string\"}}],\"inLanguage\":\"es\"},{\"@type\":\"Organization\",\"@id\":\"https:\/\/www.museuolimpicbcn.cat\/ca\/#organization\",\"name\":\"Museu Ol\u00edmpic i de l&#039;Esport Joan Antoni Samaranch. Barcelona\",\"url\":\"https:\/\/www.museuolimpicbcn.cat\/ca\/\",\"logo\":{\"@type\":\"ImageObject\",\"inLanguage\":\"es\",\"@id\":\"https:\/\/www.museuolimpicbcn.cat\/ca\/#\/schema\/logo\/image\/\",\"url\":\"https:\/\/www.museuolimpicbcn.cat\/wp-content\/uploads\/sites\/2\/2018\/12\/logo-moe-header.svg\",\"contentUrl\":\"https:\/\/www.museuolimpicbcn.cat\/wp-content\/uploads\/sites\/2\/2018\/12\/logo-moe-header.svg\",\"caption\":\"Museu Ol\u00edmpic i de l&#039;Esport Joan Antoni Samaranch. Barcelona\"},\"image\":{\"@id\":\"https:\/\/www.museuolimpicbcn.cat\/ca\/#\/schema\/logo\/image\/\"}},{\"@type\":\"Person\",\"@id\":\"https:\/\/www.museuolimpicbcn.cat\/ca\/#\/schema\/person\/b792834a53f193977df425a499287aa9\",\"name\":\"Ibone\",\"url\":\"https:\/\/www.museuolimpicbcn.cat\/es\/author\/fbolimpica\/\"}]}<\/script>\n<!-- \/ Yoast SEO plugin. -->","yoast_head_json":{"title":"Inaugurada oficialmente la exposici\u00f3n de \u201cBeijing 2022. Juntos por un futuro compartido\u201d - Museu Ol\u00edmpic i de l&#039;Esport Joan Antoni Samaranch. Barcelona","robots":{"index":"index","follow":"follow","max-snippet":"max-snippet:-1","max-image-preview":"max-image-preview:large","max-video-preview":"max-video-preview:-1"},"canonical":"https:\/\/www.museuolimpicbcn.cat\/es\/inaugurada-oficialmente-la-exposicion-de-beijing-2022-juntos-por-un-futuro-compartido\/","og_locale":"es_ES","og_type":"article","og_title":"Inaugurada oficialmente la exposici\u00f3n de \u201cBeijing 2022. Juntos por un futuro compartido\u201d - Museu Ol\u00edmpic i de l&#039;Esport Joan Antoni Samaranch. Barcelona","og_description":"David Escud\u00e9, presidente de la Fundaci\u00f3 Barcelona Ol\u00edmpica ha recibido a Zhu Jingyang, C\u00f3nsul General de la Rep\u00fablica Popular China en Barcelona en las instalaciones del Museu Ol\u00edmpic i de l\u2019Esport JA Samaranch donde se encuentra la exposici\u00f3n dedicada a \u201cBeijing 2022\u201d. Durante el recorrido estuvieron acompa\u00f1ados de Francesc Terr\u00f3n, director de la Fundaci\u00f3 Barcelona [&hellip;]","og_url":"https:\/\/www.museuolimpicbcn.cat\/es\/inaugurada-oficialmente-la-exposicion-de-beijing-2022-juntos-por-un-futuro-compartido\/","og_site_name":"Museu Ol\u00edmpic i de l&#039;Esport Joan Antoni Samaranch. Barcelona","article_published_time":"2022-02-01T16:18:05+00:00","article_modified_time":"2022-02-01T16:19:42+00:00","og_image":[{"width":640,"height":360,"url":"https:\/\/www.museuolimpicbcn.cat\/wp-content\/uploads\/sites\/2\/2022\/02\/image11.jpeg","type":"image\/jpeg"}],"author":"Ibone","twitter_card":"summary_large_image","twitter_misc":{"Escrito por":"Ibone","Tiempo de lectura":"1 minuto"},"schema":{"@context":"https:\/\/schema.org","@graph":[{"@type":"Article","@id":"https:\/\/www.museuolimpicbcn.cat\/es\/inaugurada-oficialmente-la-exposicion-de-beijing-2022-juntos-por-un-futuro-compartido\/#article","isPartOf":{"@id":"https:\/\/www.museuolimpicbcn.cat\/es\/inaugurada-oficialmente-la-exposicion-de-beijing-2022-juntos-por-un-futuro-compartido\/"},"author":{"name":"Ibone","@id":"https:\/\/www.museuolimpicbcn.cat\/ca\/#\/schema\/person\/b792834a53f193977df425a499287aa9"},"headline":"Inaugurada oficialmente la exposici\u00f3n de \u201cBeijing 2022. Juntos por un futuro compartido\u201d","datePublished":"2022-02-01T16:18:05+00:00","dateModified":"2022-02-01T16:19:42+00:00","mainEntityOfPage":{"@id":"https:\/\/www.museuolimpicbcn.cat\/es\/inaugurada-oficialmente-la-exposicion-de-beijing-2022-juntos-por-un-futuro-compartido\/"},"wordCount":186,"publisher":{"@id":"https:\/\/www.museuolimpicbcn.cat\/ca\/#organization"},"image":{"@id":"https:\/\/www.museuolimpicbcn.cat\/es\/inaugurada-oficialmente-la-exposicion-de-beijing-2022-juntos-por-un-futuro-compartido\/#primaryimage"},"thumbnailUrl":"https:\/\/www.museuolimpicbcn.cat\/wp-content\/uploads\/sites\/2\/2022\/02\/image11.jpeg","articleSection":["Sin categorizar"],"inLanguage":"es"},{"@type":"WebPage","@id":"https:\/\/www.museuolimpicbcn.cat\/es\/inaugurada-oficialmente-la-exposicion-de-beijing-2022-juntos-por-un-futuro-compartido\/","url":"https:\/\/www.museuolimpicbcn.cat\/es\/inaugurada-oficialmente-la-exposicion-de-beijing-2022-juntos-por-un-futuro-compartido\/","name":"Inaugurada oficialmente la exposici\u00f3n de \u201cBeijing 2022. Juntos por un futuro compartido\u201d - Museu Ol\u00edmpic i de l&#039;Esport Joan Antoni Samaranch. Barcelona","isPartOf":{"@id":"https:\/\/www.museuolimpicbcn.cat\/ca\/#website"},"primaryImageOfPage":{"@id":"https:\/\/www.museuolimpicbcn.cat\/es\/inaugurada-oficialmente-la-exposicion-de-beijing-2022-juntos-por-un-futuro-compartido\/#primaryimage"},"image":{"@id":"https:\/\/www.museuolimpicbcn.cat\/es\/inaugurada-oficialmente-la-exposicion-de-beijing-2022-juntos-por-un-futuro-compartido\/#primaryimage"},"thumbnailUrl":"https:\/\/www.museuolimpicbcn.cat\/wp-content\/uploads\/sites\/2\/2022\/02\/image11.jpeg","datePublished":"2022-02-01T16:18:05+00:00","dateModified":"2022-02-01T16:19:42+00:00","breadcrumb":{"@id":"https:\/\/www.museuolimpicbcn.cat\/es\/inaugurada-oficialmente-la-exposicion-de-beijing-2022-juntos-por-un-futuro-compartido\/#breadcrumb"},"inLanguage":"es","potentialAction":[{"@type":"ReadAction","target":["https:\/\/www.museuolimpicbcn.cat\/es\/inaugurada-oficialmente-la-exposicion-de-beijing-2022-juntos-por-un-futuro-compartido\/"]}]},{"@type":"ImageObject","inLanguage":"es","@id":"https:\/\/www.museuolimpicbcn.cat\/es\/inaugurada-oficialmente-la-exposicion-de-beijing-2022-juntos-por-un-futuro-compartido\/#primaryimage","url":"https:\/\/www.museuolimpicbcn.cat\/wp-content\/uploads\/sites\/2\/2022\/02\/image11.jpeg","contentUrl":"https:\/\/www.museuolimpicbcn.cat\/wp-content\/uploads\/sites\/2\/2022\/02\/image11.jpeg","width":640,"height":360},{"@type":"BreadcrumbList","@id":"https:\/\/www.museuolimpicbcn.cat\/es\/inaugurada-oficialmente-la-exposicion-de-beijing-2022-juntos-por-un-futuro-compartido\/#breadcrumb","itemListElement":[{"@type":"ListItem","position":1,"name":"Inici","item":"https:\/\/www.museuolimpicbcn.cat\/es\/"},{"@type":"ListItem","position":2,"name":"Inaugurada oficialmente la exposici\u00f3n de \u201cBeijing 2022. Juntos por un futuro compartido\u201d"}]},{"@type":"WebSite","@id":"https:\/\/www.museuolimpicbcn.cat\/ca\/#website","url":"https:\/\/www.museuolimpicbcn.cat\/ca\/","name":"Museu Ol\u00edmpic i de l&#039;Esport Joan Antoni Samaranch. Barcelona","description":"Altre lloc Web del Museu Ol\u00edmpic i de l&#039;Esport llocs","publisher":{"@id":"https:\/\/www.museuolimpicbcn.cat\/ca\/#organization"},"potentialAction":[{"@type":"SearchAction","target":{"@type":"EntryPoint","urlTemplate":"https:\/\/www.museuolimpicbcn.cat\/ca\/?s={search_term_string}"},"query-input":{"@type":"PropertyValueSpecification","valueRequired":true,"valueName":"search_term_string"}}],"inLanguage":"es"},{"@type":"Organization","@id":"https:\/\/www.museuolimpicbcn.cat\/ca\/#organization","name":"Museu Ol\u00edmpic i de l&#039;Esport Joan Antoni Samaranch. Barcelona","url":"https:\/\/www.museuolimpicbcn.cat\/ca\/","logo":{"@type":"ImageObject","inLanguage":"es","@id":"https:\/\/www.museuolimpicbcn.cat\/ca\/#\/schema\/logo\/image\/","url":"https:\/\/www.museuolimpicbcn.cat\/wp-content\/uploads\/sites\/2\/2018\/12\/logo-moe-header.svg","contentUrl":"https:\/\/www.museuolimpicbcn.cat\/wp-content\/uploads\/sites\/2\/2018\/12\/logo-moe-header.svg","caption":"Museu Ol\u00edmpic i de l&#039;Esport Joan Antoni Samaranch. Barcelona"},"image":{"@id":"https:\/\/www.museuolimpicbcn.cat\/ca\/#\/schema\/logo\/image\/"}},{"@type":"Person","@id":"https:\/\/www.museuolimpicbcn.cat\/ca\/#\/schema\/person\/b792834a53f193977df425a499287aa9","name":"Ibone","url":"https:\/\/www.museuolimpicbcn.cat\/es\/author\/fbolimpica\/"}]}},"_links":{"self":[{"href":"https:\/\/www.museuolimpicbcn.cat\/es\/wp-json\/wp\/v2\/posts\/31516"}],"collection":[{"href":"https:\/\/www.museuolimpicbcn.cat\/es\/wp-json\/wp\/v2\/posts"}],"about":[{"href":"https:\/\/www.museuolimpicbcn.cat\/es\/wp-json\/wp\/v2\/types\/post"}],"author":[{"embeddable":true,"href":"https:\/\/www.museuolimpicbcn.cat\/es\/wp-json\/wp\/v2\/users\/11"}],"replies":[{"embeddable":true,"href":"https:\/\/www.museuolimpicbcn.cat\/es\/wp-json\/wp\/v2\/comments?post=31516"}],"version-history":[{"count":2,"href":"https:\/\/www.museuolimpicbcn.cat\/es\/wp-json\/wp\/v2\/posts\/31516\/revisions"}],"predecessor-version":[{"id":31549,"href":"https:\/\/www.museuolimpicbcn.cat\/es\/wp-json\/wp\/v2\/posts\/31516\/revisions\/31549"}],"wp:featuredmedia":[{"embeddable":true,"href":"https:\/\/www.museuolimpicbcn.cat\/es\/wp-json\/wp\/v2\/media\/31523"}],"wp:attachment":[{"href":"https:\/\/www.museuolimpicbcn.cat\/es\/wp-json\/wp\/v2\/media?parent=31516"}],"wp:term":[{"taxonomy":"category","embeddable":true,"href":"https:\/\/www.museuolimpicbcn.cat\/es\/wp-json\/wp\/v2\/categories?post=31516"},{"taxonomy":"post_tag","embeddable":true,"href":"https:\/\/www.museuolimpicbcn.cat\/es\/wp-json\/wp\/v2\/tags?post=31516"}],"curies":[{"name":"wp","href":"https:\/\/api.w.org\/{rel}","templated":true}]}}