{"id":31907,"date":"2022-03-16T16:30:32","date_gmt":"2022-03-16T15:30:32","guid":{"rendered":"https:\/\/www.museuolimpicbcn.cat\/?p=31907"},"modified":"2022-03-16T16:30:32","modified_gmt":"2022-03-16T15:30:32","slug":"con-motivo-de-su-175-aniversario-el-gran-teatre-liceu-ha-reunido-a-119-centros-culturales-para-la-exposicion-una-historia-compartida","status":"publish","type":"post","link":"https:\/\/www.museuolimpicbcn.cat\/es\/con-motivo-de-su-175-aniversario-el-gran-teatre-liceu-ha-reunido-a-119-centros-culturales-para-la-exposicion-una-historia-compartida\/","title":{"rendered":"Con motivo de su 175 aniversario, el Gran Teatre Liceu ha reunido a 119 centros culturales para la exposici\u00f3n \u201cUna Historia Compartida\u201d."},"content":{"rendered":"<p>Este nost\u00e1lgico proyecto encabezado por el Liceu ha contado con m\u00e1s de 100 centros de toda Catalu\u00f1a relacionados con la historia del Gran Teatre.<\/p>\n<p>Entre las m\u00e1s de 145 obras, que comprende pinturas, fotograf\u00edas, bocetos escenogr\u00e1ficos, dioramas, documentos, instrumentos, etc., se encuentra H\u00e9rcules, la figura estrella de la Ceremonia de inauguraci\u00f3n de los Juegos Ol\u00edmpicos de Barcelona en la escenograf\u00eda \u201cMediterrani, mar ol\u00edmpic\u201d de la Fura dels Baus. Esta grandiosa pieza forma parte del patrimonio de\u00a0 \u00a0La Fundaci\u00f3 Barcelona Ol\u00edmpica y est\u00e1 expuesta en el Museu Ol\u00edmpic i de l\u2019Esport Joan Antoni Samaranch. \u00a0<a href=\"http:\/\/museus.liceu.whads.com\/ca\/hercules\">http:\/\/museus.liceu.whads.com\/ca\/hercules<\/a><\/p>\n<p>Hasta julio 2023 la exposici\u00f3n virtual estar\u00e1 activa a trav\u00e9s de la web: <a href=\"https:\/\/liceualsmuseus.cat\/\">https:\/\/liceualsmuseus.cat\/<\/a><\/p>\n","protected":false},"excerpt":{"rendered":"<p>Este nost\u00e1lgico proyecto encabezado por el Liceu ha contado con m\u00e1s de 100 centros de toda Catalu\u00f1a relacionados con la historia del Gran Teatre. Entre las m\u00e1s de 145 obras, que comprende pinturas, fotograf\u00edas, bocetos escenogr\u00e1ficos, dioramas, documentos, instrumentos, etc., se encuentra H\u00e9rcules, la figura estrella de la Ceremonia de inauguraci\u00f3n de los Juegos Ol\u00edmpicos [&hellip;]<\/p>\n","protected":false},"author":11,"featured_media":31908,"comment_status":"closed","ping_status":"closed","sticky":false,"template":"","format":"standard","meta":{"_acf_changed":false,"_price":"","_stock":"","_tribe_ticket_header":"","_tribe_default_ticket_provider":"","_tribe_ticket_capacity":"0","_ticket_start_date":"","_ticket_end_date":"","_tribe_ticket_show_description":"","_tribe_ticket_show_not_going":false,"_tribe_ticket_use_global_stock":"","_tribe_ticket_global_stock_level":"","_global_stock_mode":"","_global_stock_cap":"","_tribe_rsvp_for_event":"","_tribe_ticket_going_count":"","_tribe_ticket_not_going_count":"","_tribe_tickets_list":"[]","_tribe_ticket_has_attendee_info_fields":false,"footnotes":""},"categories":[3],"tags":[],"class_list":["post-31907","post","type-post","status-publish","format-standard","has-post-thumbnail","hentry","category-sin-categorizar"],"acf":[],"yoast_head":"<!-- This site is optimized with the Yoast SEO plugin v23.7 - https:\/\/yoast.com\/wordpress\/plugins\/seo\/ -->\n<title>Con motivo de su 175 aniversario, el Gran Teatre Liceu ha reunido a 119 centros culturales para la exposici\u00f3n \u201cUna Historia Compartida\u201d. - Museu Ol\u00edmpic i de l&#039;Esport Joan Antoni Samaranch. Barcelona<\/title>\n<meta name=\"robots\" content=\"index, follow, max-snippet:-1, max-image-preview:large, max-video-preview:-1\" \/>\n<link rel=\"canonical\" href=\"https:\/\/www.museuolimpicbcn.cat\/es\/con-motivo-de-su-175-aniversario-el-gran-teatre-liceu-ha-reunido-a-119-centros-culturales-para-la-exposicion-una-historia-compartida\/\" \/>\n<meta property=\"og:locale\" content=\"es_ES\" \/>\n<meta property=\"og:type\" content=\"article\" \/>\n<meta property=\"og:title\" content=\"Con motivo de su 175 aniversario, el Gran Teatre Liceu ha reunido a 119 centros culturales para la exposici\u00f3n \u201cUna Historia Compartida\u201d. - Museu Ol\u00edmpic i de l&#039;Esport Joan Antoni Samaranch. Barcelona\" \/>\n<meta property=\"og:description\" content=\"Este nost\u00e1lgico proyecto encabezado por el Liceu ha contado con m\u00e1s de 100 centros de toda Catalu\u00f1a relacionados con la historia del Gran Teatre. Entre las m\u00e1s de 145 obras, que comprende pinturas, fotograf\u00edas, bocetos escenogr\u00e1ficos, dioramas, documentos, instrumentos, etc., se encuentra H\u00e9rcules, la figura estrella de la Ceremonia de inauguraci\u00f3n de los Juegos Ol\u00edmpicos [&hellip;]\" \/>\n<meta property=\"og:url\" content=\"https:\/\/www.museuolimpicbcn.cat\/es\/con-motivo-de-su-175-aniversario-el-gran-teatre-liceu-ha-reunido-a-119-centros-culturales-para-la-exposicion-una-historia-compartida\/\" \/>\n<meta property=\"og:site_name\" content=\"Museu Ol\u00edmpic i de l&#039;Esport Joan Antoni Samaranch. Barcelona\" \/>\n<meta property=\"article:published_time\" content=\"2022-03-16T15:30:32+00:00\" \/>\n<meta property=\"og:image\" content=\"https:\/\/www.museuolimpicbcn.cat\/wp-content\/uploads\/sites\/2\/2022\/03\/LOW-sergi-panizo_220315_liceu-museus_002-scaled.jpg\" \/>\n\t<meta property=\"og:image:width\" content=\"2560\" \/>\n\t<meta property=\"og:image:height\" content=\"1040\" \/>\n\t<meta property=\"og:image:type\" content=\"image\/jpeg\" \/>\n<meta name=\"author\" content=\"Ibone\" \/>\n<meta name=\"twitter:card\" content=\"summary_large_image\" \/>\n<meta name=\"twitter:label1\" content=\"Escrito por\" \/>\n\t<meta name=\"twitter:data1\" content=\"Ibone\" \/>\n\t<meta name=\"twitter:label2\" content=\"Tiempo de lectura\" \/>\n\t<meta name=\"twitter:data2\" content=\"1 minuto\" \/>\n<script type=\"application\/ld+json\" class=\"yoast-schema-graph\">{\"@context\":\"https:\/\/schema.org\",\"@graph\":[{\"@type\":\"Article\",\"@id\":\"https:\/\/www.museuolimpicbcn.cat\/es\/con-motivo-de-su-175-aniversario-el-gran-teatre-liceu-ha-reunido-a-119-centros-culturales-para-la-exposicion-una-historia-compartida\/#article\",\"isPartOf\":{\"@id\":\"https:\/\/www.museuolimpicbcn.cat\/es\/con-motivo-de-su-175-aniversario-el-gran-teatre-liceu-ha-reunido-a-119-centros-culturales-para-la-exposicion-una-historia-compartida\/\"},\"author\":{\"name\":\"Ibone\",\"@id\":\"https:\/\/www.museuolimpicbcn.cat\/ca\/#\/schema\/person\/b792834a53f193977df425a499287aa9\"},\"headline\":\"Con motivo de su 175 aniversario, el Gran Teatre Liceu ha reunido a 119 centros culturales para la exposici\u00f3n \u201cUna Historia Compartida\u201d.\",\"datePublished\":\"2022-03-16T15:30:32+00:00\",\"dateModified\":\"2022-03-16T15:30:32+00:00\",\"mainEntityOfPage\":{\"@id\":\"https:\/\/www.museuolimpicbcn.cat\/es\/con-motivo-de-su-175-aniversario-el-gran-teatre-liceu-ha-reunido-a-119-centros-culturales-para-la-exposicion-una-historia-compartida\/\"},\"wordCount\":150,\"publisher\":{\"@id\":\"https:\/\/www.museuolimpicbcn.cat\/ca\/#organization\"},\"image\":{\"@id\":\"https:\/\/www.museuolimpicbcn.cat\/es\/con-motivo-de-su-175-aniversario-el-gran-teatre-liceu-ha-reunido-a-119-centros-culturales-para-la-exposicion-una-historia-compartida\/#primaryimage\"},\"thumbnailUrl\":\"https:\/\/www.museuolimpicbcn.cat\/wp-content\/uploads\/sites\/2\/2022\/03\/LOW-sergi-panizo_220315_liceu-museus_002-scaled.jpg\",\"articleSection\":[\"Sin categorizar\"],\"inLanguage\":\"es\"},{\"@type\":\"WebPage\",\"@id\":\"https:\/\/www.museuolimpicbcn.cat\/es\/con-motivo-de-su-175-aniversario-el-gran-teatre-liceu-ha-reunido-a-119-centros-culturales-para-la-exposicion-una-historia-compartida\/\",\"url\":\"https:\/\/www.museuolimpicbcn.cat\/es\/con-motivo-de-su-175-aniversario-el-gran-teatre-liceu-ha-reunido-a-119-centros-culturales-para-la-exposicion-una-historia-compartida\/\",\"name\":\"Con motivo de su 175 aniversario, el Gran Teatre Liceu ha reunido a 119 centros culturales para la exposici\u00f3n \u201cUna Historia Compartida\u201d. - Museu Ol\u00edmpic i de l&#039;Esport Joan Antoni Samaranch. Barcelona\",\"isPartOf\":{\"@id\":\"https:\/\/www.museuolimpicbcn.cat\/ca\/#website\"},\"primaryImageOfPage\":{\"@id\":\"https:\/\/www.museuolimpicbcn.cat\/es\/con-motivo-de-su-175-aniversario-el-gran-teatre-liceu-ha-reunido-a-119-centros-culturales-para-la-exposicion-una-historia-compartida\/#primaryimage\"},\"image\":{\"@id\":\"https:\/\/www.museuolimpicbcn.cat\/es\/con-motivo-de-su-175-aniversario-el-gran-teatre-liceu-ha-reunido-a-119-centros-culturales-para-la-exposicion-una-historia-compartida\/#primaryimage\"},\"thumbnailUrl\":\"https:\/\/www.museuolimpicbcn.cat\/wp-content\/uploads\/sites\/2\/2022\/03\/LOW-sergi-panizo_220315_liceu-museus_002-scaled.jpg\",\"datePublished\":\"2022-03-16T15:30:32+00:00\",\"dateModified\":\"2022-03-16T15:30:32+00:00\",\"breadcrumb\":{\"@id\":\"https:\/\/www.museuolimpicbcn.cat\/es\/con-motivo-de-su-175-aniversario-el-gran-teatre-liceu-ha-reunido-a-119-centros-culturales-para-la-exposicion-una-historia-compartida\/#breadcrumb\"},\"inLanguage\":\"es\",\"potentialAction\":[{\"@type\":\"ReadAction\",\"target\":[\"https:\/\/www.museuolimpicbcn.cat\/es\/con-motivo-de-su-175-aniversario-el-gran-teatre-liceu-ha-reunido-a-119-centros-culturales-para-la-exposicion-una-historia-compartida\/\"]}]},{\"@type\":\"ImageObject\",\"inLanguage\":\"es\",\"@id\":\"https:\/\/www.museuolimpicbcn.cat\/es\/con-motivo-de-su-175-aniversario-el-gran-teatre-liceu-ha-reunido-a-119-centros-culturales-para-la-exposicion-una-historia-compartida\/#primaryimage\",\"url\":\"https:\/\/www.museuolimpicbcn.cat\/wp-content\/uploads\/sites\/2\/2022\/03\/LOW-sergi-panizo_220315_liceu-museus_002-scaled.jpg\",\"contentUrl\":\"https:\/\/www.museuolimpicbcn.cat\/wp-content\/uploads\/sites\/2\/2022\/03\/LOW-sergi-panizo_220315_liceu-museus_002-scaled.jpg\",\"width\":2560,\"height\":1040},{\"@type\":\"BreadcrumbList\",\"@id\":\"https:\/\/www.museuolimpicbcn.cat\/es\/con-motivo-de-su-175-aniversario-el-gran-teatre-liceu-ha-reunido-a-119-centros-culturales-para-la-exposicion-una-historia-compartida\/#breadcrumb\",\"itemListElement\":[{\"@type\":\"ListItem\",\"position\":1,\"name\":\"Inici\",\"item\":\"https:\/\/www.museuolimpicbcn.cat\/es\/\"},{\"@type\":\"ListItem\",\"position\":2,\"name\":\"Con motivo de su 175 aniversario, el Gran Teatre Liceu ha reunido a 119 centros culturales para la exposici\u00f3n \u201cUna Historia Compartida\u201d.\"}]},{\"@type\":\"WebSite\",\"@id\":\"https:\/\/www.museuolimpicbcn.cat\/ca\/#website\",\"url\":\"https:\/\/www.museuolimpicbcn.cat\/ca\/\",\"name\":\"Museu Ol\u00edmpic i de l&#039;Esport Joan Antoni Samaranch. Barcelona\",\"description\":\"Altre lloc Web del Museu Ol\u00edmpic i de l&#039;Esport llocs\",\"publisher\":{\"@id\":\"https:\/\/www.museuolimpicbcn.cat\/ca\/#organization\"},\"potentialAction\":[{\"@type\":\"SearchAction\",\"target\":{\"@type\":\"EntryPoint\",\"urlTemplate\":\"https:\/\/www.museuolimpicbcn.cat\/ca\/?s={search_term_string}\"},\"query-input\":{\"@type\":\"PropertyValueSpecification\",\"valueRequired\":true,\"valueName\":\"search_term_string\"}}],\"inLanguage\":\"es\"},{\"@type\":\"Organization\",\"@id\":\"https:\/\/www.museuolimpicbcn.cat\/ca\/#organization\",\"name\":\"Museu Ol\u00edmpic i de l&#039;Esport Joan Antoni Samaranch. Barcelona\",\"url\":\"https:\/\/www.museuolimpicbcn.cat\/ca\/\",\"logo\":{\"@type\":\"ImageObject\",\"inLanguage\":\"es\",\"@id\":\"https:\/\/www.museuolimpicbcn.cat\/ca\/#\/schema\/logo\/image\/\",\"url\":\"https:\/\/www.museuolimpicbcn.cat\/wp-content\/uploads\/sites\/2\/2018\/12\/logo-moe-header.svg\",\"contentUrl\":\"https:\/\/www.museuolimpicbcn.cat\/wp-content\/uploads\/sites\/2\/2018\/12\/logo-moe-header.svg\",\"caption\":\"Museu Ol\u00edmpic i de l&#039;Esport Joan Antoni Samaranch. Barcelona\"},\"image\":{\"@id\":\"https:\/\/www.museuolimpicbcn.cat\/ca\/#\/schema\/logo\/image\/\"}},{\"@type\":\"Person\",\"@id\":\"https:\/\/www.museuolimpicbcn.cat\/ca\/#\/schema\/person\/b792834a53f193977df425a499287aa9\",\"name\":\"Ibone\",\"url\":\"https:\/\/www.museuolimpicbcn.cat\/es\/author\/fbolimpica\/\"}]}<\/script>\n<!-- \/ Yoast SEO plugin. -->","yoast_head_json":{"title":"Con motivo de su 175 aniversario, el Gran Teatre Liceu ha reunido a 119 centros culturales para la exposici\u00f3n \u201cUna Historia Compartida\u201d. - Museu Ol\u00edmpic i de l&#039;Esport Joan Antoni Samaranch. Barcelona","robots":{"index":"index","follow":"follow","max-snippet":"max-snippet:-1","max-image-preview":"max-image-preview:large","max-video-preview":"max-video-preview:-1"},"canonical":"https:\/\/www.museuolimpicbcn.cat\/es\/con-motivo-de-su-175-aniversario-el-gran-teatre-liceu-ha-reunido-a-119-centros-culturales-para-la-exposicion-una-historia-compartida\/","og_locale":"es_ES","og_type":"article","og_title":"Con motivo de su 175 aniversario, el Gran Teatre Liceu ha reunido a 119 centros culturales para la exposici\u00f3n \u201cUna Historia Compartida\u201d. - Museu Ol\u00edmpic i de l&#039;Esport Joan Antoni Samaranch. Barcelona","og_description":"Este nost\u00e1lgico proyecto encabezado por el Liceu ha contado con m\u00e1s de 100 centros de toda Catalu\u00f1a relacionados con la historia del Gran Teatre. Entre las m\u00e1s de 145 obras, que comprende pinturas, fotograf\u00edas, bocetos escenogr\u00e1ficos, dioramas, documentos, instrumentos, etc., se encuentra H\u00e9rcules, la figura estrella de la Ceremonia de inauguraci\u00f3n de los Juegos Ol\u00edmpicos [&hellip;]","og_url":"https:\/\/www.museuolimpicbcn.cat\/es\/con-motivo-de-su-175-aniversario-el-gran-teatre-liceu-ha-reunido-a-119-centros-culturales-para-la-exposicion-una-historia-compartida\/","og_site_name":"Museu Ol\u00edmpic i de l&#039;Esport Joan Antoni Samaranch. Barcelona","article_published_time":"2022-03-16T15:30:32+00:00","og_image":[{"width":2560,"height":1040,"url":"https:\/\/www.museuolimpicbcn.cat\/wp-content\/uploads\/sites\/2\/2022\/03\/LOW-sergi-panizo_220315_liceu-museus_002-scaled.jpg","type":"image\/jpeg"}],"author":"Ibone","twitter_card":"summary_large_image","twitter_misc":{"Escrito por":"Ibone","Tiempo de lectura":"1 minuto"},"schema":{"@context":"https:\/\/schema.org","@graph":[{"@type":"Article","@id":"https:\/\/www.museuolimpicbcn.cat\/es\/con-motivo-de-su-175-aniversario-el-gran-teatre-liceu-ha-reunido-a-119-centros-culturales-para-la-exposicion-una-historia-compartida\/#article","isPartOf":{"@id":"https:\/\/www.museuolimpicbcn.cat\/es\/con-motivo-de-su-175-aniversario-el-gran-teatre-liceu-ha-reunido-a-119-centros-culturales-para-la-exposicion-una-historia-compartida\/"},"author":{"name":"Ibone","@id":"https:\/\/www.museuolimpicbcn.cat\/ca\/#\/schema\/person\/b792834a53f193977df425a499287aa9"},"headline":"Con motivo de su 175 aniversario, el Gran Teatre Liceu ha reunido a 119 centros culturales para la exposici\u00f3n \u201cUna Historia Compartida\u201d.","datePublished":"2022-03-16T15:30:32+00:00","dateModified":"2022-03-16T15:30:32+00:00","mainEntityOfPage":{"@id":"https:\/\/www.museuolimpicbcn.cat\/es\/con-motivo-de-su-175-aniversario-el-gran-teatre-liceu-ha-reunido-a-119-centros-culturales-para-la-exposicion-una-historia-compartida\/"},"wordCount":150,"publisher":{"@id":"https:\/\/www.museuolimpicbcn.cat\/ca\/#organization"},"image":{"@id":"https:\/\/www.museuolimpicbcn.cat\/es\/con-motivo-de-su-175-aniversario-el-gran-teatre-liceu-ha-reunido-a-119-centros-culturales-para-la-exposicion-una-historia-compartida\/#primaryimage"},"thumbnailUrl":"https:\/\/www.museuolimpicbcn.cat\/wp-content\/uploads\/sites\/2\/2022\/03\/LOW-sergi-panizo_220315_liceu-museus_002-scaled.jpg","articleSection":["Sin categorizar"],"inLanguage":"es"},{"@type":"WebPage","@id":"https:\/\/www.museuolimpicbcn.cat\/es\/con-motivo-de-su-175-aniversario-el-gran-teatre-liceu-ha-reunido-a-119-centros-culturales-para-la-exposicion-una-historia-compartida\/","url":"https:\/\/www.museuolimpicbcn.cat\/es\/con-motivo-de-su-175-aniversario-el-gran-teatre-liceu-ha-reunido-a-119-centros-culturales-para-la-exposicion-una-historia-compartida\/","name":"Con motivo de su 175 aniversario, el Gran Teatre Liceu ha reunido a 119 centros culturales para la exposici\u00f3n \u201cUna Historia Compartida\u201d. - Museu Ol\u00edmpic i de l&#039;Esport Joan Antoni Samaranch. Barcelona","isPartOf":{"@id":"https:\/\/www.museuolimpicbcn.cat\/ca\/#website"},"primaryImageOfPage":{"@id":"https:\/\/www.museuolimpicbcn.cat\/es\/con-motivo-de-su-175-aniversario-el-gran-teatre-liceu-ha-reunido-a-119-centros-culturales-para-la-exposicion-una-historia-compartida\/#primaryimage"},"image":{"@id":"https:\/\/www.museuolimpicbcn.cat\/es\/con-motivo-de-su-175-aniversario-el-gran-teatre-liceu-ha-reunido-a-119-centros-culturales-para-la-exposicion-una-historia-compartida\/#primaryimage"},"thumbnailUrl":"https:\/\/www.museuolimpicbcn.cat\/wp-content\/uploads\/sites\/2\/2022\/03\/LOW-sergi-panizo_220315_liceu-museus_002-scaled.jpg","datePublished":"2022-03-16T15:30:32+00:00","dateModified":"2022-03-16T15:30:32+00:00","breadcrumb":{"@id":"https:\/\/www.museuolimpicbcn.cat\/es\/con-motivo-de-su-175-aniversario-el-gran-teatre-liceu-ha-reunido-a-119-centros-culturales-para-la-exposicion-una-historia-compartida\/#breadcrumb"},"inLanguage":"es","potentialAction":[{"@type":"ReadAction","target":["https:\/\/www.museuolimpicbcn.cat\/es\/con-motivo-de-su-175-aniversario-el-gran-teatre-liceu-ha-reunido-a-119-centros-culturales-para-la-exposicion-una-historia-compartida\/"]}]},{"@type":"ImageObject","inLanguage":"es","@id":"https:\/\/www.museuolimpicbcn.cat\/es\/con-motivo-de-su-175-aniversario-el-gran-teatre-liceu-ha-reunido-a-119-centros-culturales-para-la-exposicion-una-historia-compartida\/#primaryimage","url":"https:\/\/www.museuolimpicbcn.cat\/wp-content\/uploads\/sites\/2\/2022\/03\/LOW-sergi-panizo_220315_liceu-museus_002-scaled.jpg","contentUrl":"https:\/\/www.museuolimpicbcn.cat\/wp-content\/uploads\/sites\/2\/2022\/03\/LOW-sergi-panizo_220315_liceu-museus_002-scaled.jpg","width":2560,"height":1040},{"@type":"BreadcrumbList","@id":"https:\/\/www.museuolimpicbcn.cat\/es\/con-motivo-de-su-175-aniversario-el-gran-teatre-liceu-ha-reunido-a-119-centros-culturales-para-la-exposicion-una-historia-compartida\/#breadcrumb","itemListElement":[{"@type":"ListItem","position":1,"name":"Inici","item":"https:\/\/www.museuolimpicbcn.cat\/es\/"},{"@type":"ListItem","position":2,"name":"Con motivo de su 175 aniversario, el Gran Teatre Liceu ha reunido a 119 centros culturales para la exposici\u00f3n \u201cUna Historia Compartida\u201d."}]},{"@type":"WebSite","@id":"https:\/\/www.museuolimpicbcn.cat\/ca\/#website","url":"https:\/\/www.museuolimpicbcn.cat\/ca\/","name":"Museu Ol\u00edmpic i de l&#039;Esport Joan Antoni Samaranch. Barcelona","description":"Altre lloc Web del Museu Ol\u00edmpic i de l&#039;Esport llocs","publisher":{"@id":"https:\/\/www.museuolimpicbcn.cat\/ca\/#organization"},"potentialAction":[{"@type":"SearchAction","target":{"@type":"EntryPoint","urlTemplate":"https:\/\/www.museuolimpicbcn.cat\/ca\/?s={search_term_string}"},"query-input":{"@type":"PropertyValueSpecification","valueRequired":true,"valueName":"search_term_string"}}],"inLanguage":"es"},{"@type":"Organization","@id":"https:\/\/www.museuolimpicbcn.cat\/ca\/#organization","name":"Museu Ol\u00edmpic i de l&#039;Esport Joan Antoni Samaranch. Barcelona","url":"https:\/\/www.museuolimpicbcn.cat\/ca\/","logo":{"@type":"ImageObject","inLanguage":"es","@id":"https:\/\/www.museuolimpicbcn.cat\/ca\/#\/schema\/logo\/image\/","url":"https:\/\/www.museuolimpicbcn.cat\/wp-content\/uploads\/sites\/2\/2018\/12\/logo-moe-header.svg","contentUrl":"https:\/\/www.museuolimpicbcn.cat\/wp-content\/uploads\/sites\/2\/2018\/12\/logo-moe-header.svg","caption":"Museu Ol\u00edmpic i de l&#039;Esport Joan Antoni Samaranch. Barcelona"},"image":{"@id":"https:\/\/www.museuolimpicbcn.cat\/ca\/#\/schema\/logo\/image\/"}},{"@type":"Person","@id":"https:\/\/www.museuolimpicbcn.cat\/ca\/#\/schema\/person\/b792834a53f193977df425a499287aa9","name":"Ibone","url":"https:\/\/www.museuolimpicbcn.cat\/es\/author\/fbolimpica\/"}]}},"_links":{"self":[{"href":"https:\/\/www.museuolimpicbcn.cat\/es\/wp-json\/wp\/v2\/posts\/31907"}],"collection":[{"href":"https:\/\/www.museuolimpicbcn.cat\/es\/wp-json\/wp\/v2\/posts"}],"about":[{"href":"https:\/\/www.museuolimpicbcn.cat\/es\/wp-json\/wp\/v2\/types\/post"}],"author":[{"embeddable":true,"href":"https:\/\/www.museuolimpicbcn.cat\/es\/wp-json\/wp\/v2\/users\/11"}],"replies":[{"embeddable":true,"href":"https:\/\/www.museuolimpicbcn.cat\/es\/wp-json\/wp\/v2\/comments?post=31907"}],"version-history":[{"count":2,"href":"https:\/\/www.museuolimpicbcn.cat\/es\/wp-json\/wp\/v2\/posts\/31907\/revisions"}],"predecessor-version":[{"id":31914,"href":"https:\/\/www.museuolimpicbcn.cat\/es\/wp-json\/wp\/v2\/posts\/31907\/revisions\/31914"}],"wp:featuredmedia":[{"embeddable":true,"href":"https:\/\/www.museuolimpicbcn.cat\/es\/wp-json\/wp\/v2\/media\/31908"}],"wp:attachment":[{"href":"https:\/\/www.museuolimpicbcn.cat\/es\/wp-json\/wp\/v2\/media?parent=31907"}],"wp:term":[{"taxonomy":"category","embeddable":true,"href":"https:\/\/www.museuolimpicbcn.cat\/es\/wp-json\/wp\/v2\/categories?post=31907"},{"taxonomy":"post_tag","embeddable":true,"href":"https:\/\/www.museuolimpicbcn.cat\/es\/wp-json\/wp\/v2\/tags?post=31907"}],"curies":[{"name":"wp","href":"https:\/\/api.w.org\/{rel}","templated":true}]}}