{"id":32481,"date":"2022-05-11T13:37:07","date_gmt":"2022-05-11T11:37:07","guid":{"rendered":"https:\/\/www.museuolimpicbcn.cat\/?p=32481"},"modified":"2022-05-11T13:39:09","modified_gmt":"2022-05-11T11:39:09","slug":"la-noche-de-los-museos-en-el-museu-olimpic","status":"publish","type":"post","link":"https:\/\/www.museuolimpicbcn.cat\/es\/la-noche-de-los-museos-en-el-museu-olimpic\/","title":{"rendered":"Kungf\u00fa y danza del le\u00f3n en la noche de los Museos"},"content":{"rendered":"<p>La Fundaci\u00f3 Institut Confuci de Barcelona, en colaboraci\u00f3n con el Museu Ol\u00edmpic i de l\u2019Esport Joan Antoni Samaranch, organiza talleres de cultura china en el marco de la &#8220;Nit dels Museus 2022&#8221;.<\/p>\n<p>El s\u00e1bado realizaremos talleres de kungf\u00fa y danza del le\u00f3n chino, adem\u00e1s de una demostraci\u00f3n de caligraf\u00eda china, en la entrada del Museu. Esta actividad es gratuita i complementaria a la exposici\u00f3n \u201cBeijing 2022. Juntos por un futuro compartido\u201d.<\/p>\n<p>\u00a1Os esperamos!<br \/>\nInformaci\u00f3n de la actividad<\/p>\n<p>S\u00e1bado 14 de mayo, 19:30 h. a 21:30 h.<\/p>\n<p>Museu Ol\u00edmpic i de l\u2019Esport Joan Antoni Samaranch<br \/>\nAv. de l&#8217;Estadi, 60, 08038 Barcelona<\/p>\n<p>Actividad gratuita<\/p>\n<p>La Nit dels Museus es un evento cultural que se organiza con motivo del D\u00eda Internacional de los Museos. En esta ocasi\u00f3n se celebra el s\u00e1bado 14 de mayo y los museos y centros culturales de la ciudad de Barcelona abren sus puertas desde las siete de la tarda del d\u00eda 14 de mayo a la una de la ma\u00f1ana del d\u00eda 15 de mayo.<\/p>\n<p>INSCR\u00cdBETE<\/p>\n<div class=\"caldera-grid\" id=\"caldera_form_1\" data-cf-ver=\"1.9.4\" data-cf-form-id=\"CF626ff1f4d572b\"><div id=\"caldera_notices_1\" data-spinner=\"https:\/\/www.museuolimpicbcn.cat\/wp-admin\/images\/spinner.gif\"><\/div><form data-instance=\"1\" class=\"CF626ff1f4d572b caldera_forms_form cfajax-trigger\" method=\"POST\" enctype=\"multipart\/form-data\" id=\"CF626ff1f4d572b_1\" data-form-id=\"CF626ff1f4d572b\" aria-label=\"TALLER KUNGFU CAS\" data-target=\"#caldera_notices_1\" data-template=\"#cfajax_CF626ff1f4d572b-tmpl\" data-cfajax=\"CF626ff1f4d572b\" data-load-element=\"_parent\" data-load-class=\"cf_processing\" data-post-disable=\"0\" data-action=\"cf_process_ajax_submit\" data-request=\"https:\/\/www.museuolimpicbcn.cat\/es\/\/cf-api\/CF626ff1f4d572b\" data-hiderows=\"true\">\r\n<input type=\"hidden\" id=\"_cf_verify_CF626ff1f4d572b\" name=\"_cf_verify\" value=\"48fb40ae9e\"  data-nonce-time=\"1777796816\" \/><input type=\"hidden\" name=\"_wp_http_referer\" value=\"\/es\/wp-json\/wp\/v2\/posts\/32481\" \/><div id=\"cf2-CF626ff1f4d572b_1\"><\/div><input type=\"hidden\" name=\"_cf_frm_id\" value=\"CF626ff1f4d572b\">\r\n<input type=\"hidden\" name=\"_cf_frm_ct\" value=\"1\">\r\n<input type=\"hidden\" name=\"cfajax\" value=\"CF626ff1f4d572b\">\r\n<input type=\"hidden\" name=\"_cf_cr_pst\" value=\"32481\">\r\n<div class=\"hide\" style=\"display:none; overflow:hidden;height:0;width:0;\">\r\n<label>Twitter<\/label><input type=\"text\" name=\"twitter\" value=\"\" autocomplete=\"off\">\r\n<\/div><div id=\"CF626ff1f4d572b_1-row-1\"  class=\"row  first_row\"><div  class=\"col-sm-12  single\"><div class=\"\"><h3>Inscripciones <\/h3>\n<h2>Taller Kung-Fu <\/p>\n<h2>\n<h3>14\/05\/22-20h<\/p>\n<h3>\n<h3>Museu Ol\u00edmpic BCN (Av. de l'Estadi 60) <\/p>\n<h3>\n<\/div><\/div><\/div><div id=\"CF626ff1f4d572b_1-row-2\"  class=\"row \"><div  class=\"col-sm-4  first_col\"><div data-field-wrapper=\"fld_8768091\" class=\"form-group\" id=\"fld_8768091_1-wrap\">\r\n\t<label id=\"fld_8768091Label\" for=\"fld_8768091_1\" class=\"control-label\">Nombre <span aria-hidden=\"true\" role=\"presentation\" class=\"field_required\" style=\"color:#ee0000;\">*<\/span><\/label>\r\n\t<div class=\"\">\r\n\t\t<input   required type=\"text\" data-field=\"fld_8768091\" class=\" form-control\" id=\"fld_8768091_1\" name=\"fld_8768091\" value=\"\" data-type=\"text\" aria-required=\"true\"   aria-labelledby=\"fld_8768091Label\" >\t\t\t<\/div>\r\n<\/div>\r\n<div data-field-wrapper=\"fld_5697805\" class=\"form-group\" id=\"fld_5697805_1-wrap\">\r\n\t<label id=\"fld_5697805Label\" for=\"fld_5697805_1\" class=\"control-label\">N\u00famero de plazas reservadas<\/label>\r\n\t<div class=\"\">\r\n\t\t<input    type=\"number\" data-field=\"fld_5697805\" class=\" form-control\" id=\"fld_5697805_1\" name=\"fld_5697805\" value=\"\" data-type=\"number\" data-parsley-type=\"number\"   aria-labelledby=\"fld_5697805Label\" >\t\t\t<\/div>\r\n<\/div>\r\n<\/div><div  class=\"col-sm-4 \"><div data-field-wrapper=\"fld_9970286\" class=\"form-group\" id=\"fld_9970286_1-wrap\">\r\n\t<label id=\"fld_9970286Label\" for=\"fld_9970286_1\" class=\"control-label\">Apellido <span aria-hidden=\"true\" role=\"presentation\" class=\"field_required\" style=\"color:#ee0000;\">*<\/span><\/label>\r\n\t<div class=\"\">\r\n\t\t<input   required type=\"text\" data-field=\"fld_9970286\" class=\" form-control\" id=\"fld_9970286_1\" name=\"fld_9970286\" value=\"\" data-type=\"text\" aria-required=\"true\"   aria-labelledby=\"fld_9970286Label\" >\t\t\t<\/div>\r\n<\/div>\r\n<\/div><div  class=\"col-sm-4  last_col\"><div data-field-wrapper=\"fld_6009157\" class=\"form-group\" id=\"fld_6009157_1-wrap\">\r\n\t<label id=\"fld_6009157Label\" for=\"fld_6009157_1\" class=\"control-label\">E-mail <span aria-hidden=\"true\" role=\"presentation\" class=\"field_required\" style=\"color:#ee0000;\">*<\/span><\/label>\r\n\t<div class=\"\">\r\n\t\t<input   required type=\"email\" data-field=\"fld_6009157\" class=\" form-control\" id=\"fld_6009157_1\" name=\"fld_6009157\" value=\"\" data-type=\"email\" aria-required=\"true\"   aria-labelledby=\"fld_6009157Label\" >\t\t\t<\/div>\r\n<\/div>\r\n<div data-field-wrapper=\"fld_1827151\" class=\"form-group\" id=\"fld_1827151_1-wrap\">\r\n\t<label id=\"fld_1827151Label\" for=\"fld_1827151_1\" class=\"control-label\">Tel\u00e9fono<\/label>\r\n\t<div class=\"\">\r\n\t\t<input  data-inputmask=\"'mask': '(999)999-9999'\"   type=\"phone\" data-field=\"fld_1827151\" class=\" form-control\" id=\"fld_1827151_1\" name=\"fld_1827151\" value=\"\" data-type=\"phone\"   aria-labelledby=\"fld_1827151Label\" >\t\t\t<\/div>\r\n<\/div>\r\n<\/div><\/div><div id=\"CF626ff1f4d572b_1-row-3\"  class=\"row \"><div  class=\"col-sm-12  single\"><\/div><\/div><div id=\"CF626ff1f4d572b_1-row-4\"  class=\"row \"><div  class=\"col-sm-12  single\"><div data-field-wrapper=\"fld_7683514\" class=\"form-group\" id=\"fld_7683514_1-wrap\">\r\n\t<label id=\"fld_7683514Label\" for=\"fld_7683514_1\" class=\"control-label\">Observaciones<\/label>\r\n\t<div class=\"\">\r\n\t\t<textarea name=\"fld_7683514\" value=\"\" data-field=\"fld_7683514\" class=\"form-control\" id=\"fld_7683514_1\" rows=\"7\"    aria-labelledby=\"fld_7683514Label\" ><\/textarea>\n\t\t\t<\/div>\r\n<\/div>\r\n<\/div><\/div><div id=\"CF626ff1f4d572b_1-row-5\"  class=\"row \"><div  class=\"col-sm-12  single\"><div data-field-wrapper=\"fld_7304126\" class=\"form-group\" id=\"fld_7304126_1-wrap\">\r\n\t<label id=\"fld_7304126Label\" for=\"fld_7304126_1\" class=\"control-label screen-reader-text sr-only\">Acepto pol\u00edtica de privacidad<\/label>\r\n\t<div class=\"\">\r\n\t\t\t\t\t\t\n                <label  class=\"checkbox-inline\"                        for=\"fld_7304126_1_opt1484112\"\n                >\n                            <input\n                                data-parsley-required=\"true\" data-parsley-group=\"fld_7304126_1\" data-parsley-multiple=\"fld_7304126_1\"                                type=\"checkbox\"\n                                data-label=\"He le\u00eddo y acepto la &lt;a href=&quot;\/es\/politica-privacidad-proteccion-datos\/&quot; class=&quot;lnk&quot;&gt;Pol\u00edtica de privacidad&lt;\/a&gt; de la Fundaci\u00f3n Barcelona Ol\u00edmpica. &lt;br&gt; \"\n                                data-field=\"fld_7304126\"\n                                id=\"fld_7304126_1_opt1484112\"\n                                class=\"fld_7304126_1 option-required\"\n                                name=\"fld_7304126[opt1484112]\"\n                                value=\"Si\"\n                                                                data-type=\"checkbox\"\n                                data-checkbox-field=\"fld_7304126_1\"\n                                                                data-calc-value=\"Si\"\n                            >\n                    He le\u00eddo y acepto la <a href=\"\/es\/politica-privacidad-proteccion-datos\/\" class=\"lnk\">Pol\u00edtica de privacidad<\/a> de la Fundaci\u00f3n Barcelona Ol\u00edmpica. <br>                 <\/label>\n\n                \t\t\t\t\t\t\t<\/div>\r\n<\/div>\r\n<\/div><\/div><div id=\"CF626ff1f4d572b_1-row-6\"  class=\"row \"><div  class=\"col-sm-12  single\"><\/div><\/div><div id=\"CF626ff1f4d572b_1-row-7\"  class=\"row  last_row\"><div  class=\"col-sm-12  single\"><div data-field-wrapper=\"fld_7908577\" class=\"form-group\" id=\"fld_7908577_1-wrap\">\r\n<div class=\"\">\r\n\t<input  class=\"btn-form btn-submit\" type=\"submit\" name=\"fld_7908577\" id=\"fld_7908577_1\" value=\"Enviar \/ sent\" data-field=\"fld_7908577\"  >\n<\/div>\r\n<\/div>\r\n\t<input class=\"button_trigger_1\" type=\"hidden\" name=\"fld_7908577\" id=\"fld_7908577_1_btn\" value=\"\" data-field=\"fld_7908577\"  \/>\n<\/div><\/div><\/form>\r\n<\/div>\r\n\n<p><img fetchpriority=\"high\" decoding=\"async\" class=\"aligncenter wp-image-32496 size-full\" src=\"https:\/\/www.museuolimpicbcn.cat\/wp-content\/uploads\/sites\/2\/2022\/05\/220505_nitsmuseus.jpg\" alt=\"\" width=\"823\" height=\"400\" srcset=\"https:\/\/www.museuolimpicbcn.cat\/wp-content\/uploads\/sites\/2\/2022\/05\/220505_nitsmuseus.jpg 823w, https:\/\/www.museuolimpicbcn.cat\/wp-content\/uploads\/sites\/2\/2022\/05\/220505_nitsmuseus-300x146.jpg 300w, https:\/\/www.museuolimpicbcn.cat\/wp-content\/uploads\/sites\/2\/2022\/05\/220505_nitsmuseus-768x373.jpg 768w, https:\/\/www.museuolimpicbcn.cat\/wp-content\/uploads\/sites\/2\/2022\/05\/220505_nitsmuseus-600x292.jpg 600w\" sizes=\"(max-width: 823px) 100vw, 823px\" \/><\/p>\n","protected":false},"excerpt":{"rendered":"<p>La Fundaci\u00f3 Institut Confuci de Barcelona, en colaboraci\u00f3n con el Museu Ol\u00edmpic i de l\u2019Esport Joan Antoni Samaranch, organiza talleres de cultura china en el marco de la &#8220;Nit dels Museus 2022&#8221;. El s\u00e1bado realizaremos talleres de kungf\u00fa y danza del le\u00f3n chino, adem\u00e1s de una demostraci\u00f3n de caligraf\u00eda china, en la entrada del Museu. [&hellip;]<\/p>\n","protected":false},"author":11,"featured_media":32490,"comment_status":"closed","ping_status":"closed","sticky":false,"template":"","format":"standard","meta":{"_acf_changed":false,"_price":"","_stock":"","_tribe_ticket_header":"","_tribe_default_ticket_provider":"","_tribe_ticket_capacity":"0","_ticket_start_date":"","_ticket_end_date":"","_tribe_ticket_show_description":"","_tribe_ticket_show_not_going":false,"_tribe_ticket_use_global_stock":"","_tribe_ticket_global_stock_level":"","_global_stock_mode":"","_global_stock_cap":"","_tribe_rsvp_for_event":"","_tribe_ticket_going_count":"","_tribe_ticket_not_going_count":"","_tribe_tickets_list":"[]","_tribe_ticket_has_attendee_info_fields":false,"footnotes":""},"categories":[3],"tags":[],"class_list":["post-32481","post","type-post","status-publish","format-standard","has-post-thumbnail","hentry","category-sin-categorizar"],"acf":[],"yoast_head":"<!-- This site is optimized with the Yoast SEO plugin v23.7 - https:\/\/yoast.com\/wordpress\/plugins\/seo\/ -->\n<title>Kungf\u00fa y danza del le\u00f3n en la noche de los Museos - Museu Ol\u00edmpic i de l&#039;Esport Joan Antoni Samaranch. Barcelona<\/title>\n<meta name=\"robots\" content=\"index, follow, max-snippet:-1, max-image-preview:large, max-video-preview:-1\" \/>\n<link rel=\"canonical\" href=\"https:\/\/www.museuolimpicbcn.cat\/es\/la-noche-de-los-museos-en-el-museu-olimpic\/\" \/>\n<meta property=\"og:locale\" content=\"es_ES\" \/>\n<meta property=\"og:type\" content=\"article\" \/>\n<meta property=\"og:title\" content=\"Kungf\u00fa y danza del le\u00f3n en la noche de los Museos - Museu Ol\u00edmpic i de l&#039;Esport Joan Antoni Samaranch. Barcelona\" \/>\n<meta property=\"og:description\" content=\"La Fundaci\u00f3 Institut Confuci de Barcelona, en colaboraci\u00f3n con el Museu Ol\u00edmpic i de l\u2019Esport Joan Antoni Samaranch, organiza talleres de cultura china en el marco de la &#8220;Nit dels Museus 2022&#8221;. El s\u00e1bado realizaremos talleres de kungf\u00fa y danza del le\u00f3n chino, adem\u00e1s de una demostraci\u00f3n de caligraf\u00eda china, en la entrada del Museu. [&hellip;]\" \/>\n<meta property=\"og:url\" content=\"https:\/\/www.museuolimpicbcn.cat\/es\/la-noche-de-los-museos-en-el-museu-olimpic\/\" \/>\n<meta property=\"og:site_name\" content=\"Museu Ol\u00edmpic i de l&#039;Esport Joan Antoni Samaranch. Barcelona\" \/>\n<meta property=\"article:published_time\" content=\"2022-05-11T11:37:07+00:00\" \/>\n<meta property=\"article:modified_time\" content=\"2022-05-11T11:39:09+00:00\" \/>\n<meta property=\"og:image\" content=\"https:\/\/www.museuolimpicbcn.cat\/wp-content\/uploads\/sites\/2\/2022\/05\/Pantalla-1920x1080dinamicCAST.gif\" \/>\n\t<meta property=\"og:image:width\" content=\"1920\" \/>\n\t<meta property=\"og:image:height\" content=\"1080\" \/>\n\t<meta property=\"og:image:type\" content=\"image\/gif\" \/>\n<meta name=\"author\" content=\"Ibone\" \/>\n<meta name=\"twitter:card\" content=\"summary_large_image\" \/>\n<meta name=\"twitter:label1\" content=\"Escrito por\" \/>\n\t<meta name=\"twitter:data1\" content=\"Ibone\" \/>\n\t<meta name=\"twitter:label2\" content=\"Tiempo de lectura\" \/>\n\t<meta name=\"twitter:data2\" content=\"1 minuto\" \/>\n<script type=\"application\/ld+json\" class=\"yoast-schema-graph\">{\"@context\":\"https:\/\/schema.org\",\"@graph\":[{\"@type\":\"Article\",\"@id\":\"https:\/\/www.museuolimpicbcn.cat\/es\/la-noche-de-los-museos-en-el-museu-olimpic\/#article\",\"isPartOf\":{\"@id\":\"https:\/\/www.museuolimpicbcn.cat\/es\/la-noche-de-los-museos-en-el-museu-olimpic\/\"},\"author\":{\"name\":\"Ibone\",\"@id\":\"https:\/\/www.museuolimpicbcn.cat\/ca\/#\/schema\/person\/b792834a53f193977df425a499287aa9\"},\"headline\":\"Kungf\u00fa y danza del le\u00f3n en la noche de los Museos\",\"datePublished\":\"2022-05-11T11:37:07+00:00\",\"dateModified\":\"2022-05-11T11:39:09+00:00\",\"mainEntityOfPage\":{\"@id\":\"https:\/\/www.museuolimpicbcn.cat\/es\/la-noche-de-los-museos-en-el-museu-olimpic\/\"},\"wordCount\":198,\"publisher\":{\"@id\":\"https:\/\/www.museuolimpicbcn.cat\/ca\/#organization\"},\"image\":{\"@id\":\"https:\/\/www.museuolimpicbcn.cat\/es\/la-noche-de-los-museos-en-el-museu-olimpic\/#primaryimage\"},\"thumbnailUrl\":\"https:\/\/www.museuolimpicbcn.cat\/wp-content\/uploads\/sites\/2\/2022\/05\/Pantalla-1920x1080dinamicCAST.gif\",\"articleSection\":[\"Sin categorizar\"],\"inLanguage\":\"es\"},{\"@type\":\"WebPage\",\"@id\":\"https:\/\/www.museuolimpicbcn.cat\/es\/la-noche-de-los-museos-en-el-museu-olimpic\/\",\"url\":\"https:\/\/www.museuolimpicbcn.cat\/es\/la-noche-de-los-museos-en-el-museu-olimpic\/\",\"name\":\"Kungf\u00fa y danza del le\u00f3n en la noche de los Museos - Museu Ol\u00edmpic i de l&#039;Esport Joan Antoni Samaranch. Barcelona\",\"isPartOf\":{\"@id\":\"https:\/\/www.museuolimpicbcn.cat\/ca\/#website\"},\"primaryImageOfPage\":{\"@id\":\"https:\/\/www.museuolimpicbcn.cat\/es\/la-noche-de-los-museos-en-el-museu-olimpic\/#primaryimage\"},\"image\":{\"@id\":\"https:\/\/www.museuolimpicbcn.cat\/es\/la-noche-de-los-museos-en-el-museu-olimpic\/#primaryimage\"},\"thumbnailUrl\":\"https:\/\/www.museuolimpicbcn.cat\/wp-content\/uploads\/sites\/2\/2022\/05\/Pantalla-1920x1080dinamicCAST.gif\",\"datePublished\":\"2022-05-11T11:37:07+00:00\",\"dateModified\":\"2022-05-11T11:39:09+00:00\",\"breadcrumb\":{\"@id\":\"https:\/\/www.museuolimpicbcn.cat\/es\/la-noche-de-los-museos-en-el-museu-olimpic\/#breadcrumb\"},\"inLanguage\":\"es\",\"potentialAction\":[{\"@type\":\"ReadAction\",\"target\":[\"https:\/\/www.museuolimpicbcn.cat\/es\/la-noche-de-los-museos-en-el-museu-olimpic\/\"]}]},{\"@type\":\"ImageObject\",\"inLanguage\":\"es\",\"@id\":\"https:\/\/www.museuolimpicbcn.cat\/es\/la-noche-de-los-museos-en-el-museu-olimpic\/#primaryimage\",\"url\":\"https:\/\/www.museuolimpicbcn.cat\/wp-content\/uploads\/sites\/2\/2022\/05\/Pantalla-1920x1080dinamicCAST.gif\",\"contentUrl\":\"https:\/\/www.museuolimpicbcn.cat\/wp-content\/uploads\/sites\/2\/2022\/05\/Pantalla-1920x1080dinamicCAST.gif\",\"width\":1920,\"height\":1080},{\"@type\":\"BreadcrumbList\",\"@id\":\"https:\/\/www.museuolimpicbcn.cat\/es\/la-noche-de-los-museos-en-el-museu-olimpic\/#breadcrumb\",\"itemListElement\":[{\"@type\":\"ListItem\",\"position\":1,\"name\":\"Inici\",\"item\":\"https:\/\/www.museuolimpicbcn.cat\/es\/\"},{\"@type\":\"ListItem\",\"position\":2,\"name\":\"Kungf\u00fa y danza del le\u00f3n en la noche de los Museos\"}]},{\"@type\":\"WebSite\",\"@id\":\"https:\/\/www.museuolimpicbcn.cat\/ca\/#website\",\"url\":\"https:\/\/www.museuolimpicbcn.cat\/ca\/\",\"name\":\"Museu Ol\u00edmpic i de l&#039;Esport Joan Antoni Samaranch. Barcelona\",\"description\":\"Altre lloc Web del Museu Ol\u00edmpic i de l&#039;Esport llocs\",\"publisher\":{\"@id\":\"https:\/\/www.museuolimpicbcn.cat\/ca\/#organization\"},\"potentialAction\":[{\"@type\":\"SearchAction\",\"target\":{\"@type\":\"EntryPoint\",\"urlTemplate\":\"https:\/\/www.museuolimpicbcn.cat\/ca\/?s={search_term_string}\"},\"query-input\":{\"@type\":\"PropertyValueSpecification\",\"valueRequired\":true,\"valueName\":\"search_term_string\"}}],\"inLanguage\":\"es\"},{\"@type\":\"Organization\",\"@id\":\"https:\/\/www.museuolimpicbcn.cat\/ca\/#organization\",\"name\":\"Museu Ol\u00edmpic i de l&#039;Esport Joan Antoni Samaranch. Barcelona\",\"url\":\"https:\/\/www.museuolimpicbcn.cat\/ca\/\",\"logo\":{\"@type\":\"ImageObject\",\"inLanguage\":\"es\",\"@id\":\"https:\/\/www.museuolimpicbcn.cat\/ca\/#\/schema\/logo\/image\/\",\"url\":\"https:\/\/www.museuolimpicbcn.cat\/wp-content\/uploads\/sites\/2\/2018\/12\/logo-moe-header.svg\",\"contentUrl\":\"https:\/\/www.museuolimpicbcn.cat\/wp-content\/uploads\/sites\/2\/2018\/12\/logo-moe-header.svg\",\"caption\":\"Museu Ol\u00edmpic i de l&#039;Esport Joan Antoni Samaranch. Barcelona\"},\"image\":{\"@id\":\"https:\/\/www.museuolimpicbcn.cat\/ca\/#\/schema\/logo\/image\/\"}},{\"@type\":\"Person\",\"@id\":\"https:\/\/www.museuolimpicbcn.cat\/ca\/#\/schema\/person\/b792834a53f193977df425a499287aa9\",\"name\":\"Ibone\",\"url\":\"https:\/\/www.museuolimpicbcn.cat\/es\/author\/fbolimpica\/\"}]}<\/script>\n<!-- \/ Yoast SEO plugin. -->","yoast_head_json":{"title":"Kungf\u00fa y danza del le\u00f3n en la noche de los Museos - Museu Ol\u00edmpic i de l&#039;Esport Joan Antoni Samaranch. Barcelona","robots":{"index":"index","follow":"follow","max-snippet":"max-snippet:-1","max-image-preview":"max-image-preview:large","max-video-preview":"max-video-preview:-1"},"canonical":"https:\/\/www.museuolimpicbcn.cat\/es\/la-noche-de-los-museos-en-el-museu-olimpic\/","og_locale":"es_ES","og_type":"article","og_title":"Kungf\u00fa y danza del le\u00f3n en la noche de los Museos - Museu Ol\u00edmpic i de l&#039;Esport Joan Antoni Samaranch. Barcelona","og_description":"La Fundaci\u00f3 Institut Confuci de Barcelona, en colaboraci\u00f3n con el Museu Ol\u00edmpic i de l\u2019Esport Joan Antoni Samaranch, organiza talleres de cultura china en el marco de la &#8220;Nit dels Museus 2022&#8221;. El s\u00e1bado realizaremos talleres de kungf\u00fa y danza del le\u00f3n chino, adem\u00e1s de una demostraci\u00f3n de caligraf\u00eda china, en la entrada del Museu. [&hellip;]","og_url":"https:\/\/www.museuolimpicbcn.cat\/es\/la-noche-de-los-museos-en-el-museu-olimpic\/","og_site_name":"Museu Ol\u00edmpic i de l&#039;Esport Joan Antoni Samaranch. Barcelona","article_published_time":"2022-05-11T11:37:07+00:00","article_modified_time":"2022-05-11T11:39:09+00:00","og_image":[{"width":1920,"height":1080,"url":"https:\/\/www.museuolimpicbcn.cat\/wp-content\/uploads\/sites\/2\/2022\/05\/Pantalla-1920x1080dinamicCAST.gif","type":"image\/gif"}],"author":"Ibone","twitter_card":"summary_large_image","twitter_misc":{"Escrito por":"Ibone","Tiempo de lectura":"1 minuto"},"schema":{"@context":"https:\/\/schema.org","@graph":[{"@type":"Article","@id":"https:\/\/www.museuolimpicbcn.cat\/es\/la-noche-de-los-museos-en-el-museu-olimpic\/#article","isPartOf":{"@id":"https:\/\/www.museuolimpicbcn.cat\/es\/la-noche-de-los-museos-en-el-museu-olimpic\/"},"author":{"name":"Ibone","@id":"https:\/\/www.museuolimpicbcn.cat\/ca\/#\/schema\/person\/b792834a53f193977df425a499287aa9"},"headline":"Kungf\u00fa y danza del le\u00f3n en la noche de los Museos","datePublished":"2022-05-11T11:37:07+00:00","dateModified":"2022-05-11T11:39:09+00:00","mainEntityOfPage":{"@id":"https:\/\/www.museuolimpicbcn.cat\/es\/la-noche-de-los-museos-en-el-museu-olimpic\/"},"wordCount":198,"publisher":{"@id":"https:\/\/www.museuolimpicbcn.cat\/ca\/#organization"},"image":{"@id":"https:\/\/www.museuolimpicbcn.cat\/es\/la-noche-de-los-museos-en-el-museu-olimpic\/#primaryimage"},"thumbnailUrl":"https:\/\/www.museuolimpicbcn.cat\/wp-content\/uploads\/sites\/2\/2022\/05\/Pantalla-1920x1080dinamicCAST.gif","articleSection":["Sin categorizar"],"inLanguage":"es"},{"@type":"WebPage","@id":"https:\/\/www.museuolimpicbcn.cat\/es\/la-noche-de-los-museos-en-el-museu-olimpic\/","url":"https:\/\/www.museuolimpicbcn.cat\/es\/la-noche-de-los-museos-en-el-museu-olimpic\/","name":"Kungf\u00fa y danza del le\u00f3n en la noche de los Museos - Museu Ol\u00edmpic i de l&#039;Esport Joan Antoni Samaranch. Barcelona","isPartOf":{"@id":"https:\/\/www.museuolimpicbcn.cat\/ca\/#website"},"primaryImageOfPage":{"@id":"https:\/\/www.museuolimpicbcn.cat\/es\/la-noche-de-los-museos-en-el-museu-olimpic\/#primaryimage"},"image":{"@id":"https:\/\/www.museuolimpicbcn.cat\/es\/la-noche-de-los-museos-en-el-museu-olimpic\/#primaryimage"},"thumbnailUrl":"https:\/\/www.museuolimpicbcn.cat\/wp-content\/uploads\/sites\/2\/2022\/05\/Pantalla-1920x1080dinamicCAST.gif","datePublished":"2022-05-11T11:37:07+00:00","dateModified":"2022-05-11T11:39:09+00:00","breadcrumb":{"@id":"https:\/\/www.museuolimpicbcn.cat\/es\/la-noche-de-los-museos-en-el-museu-olimpic\/#breadcrumb"},"inLanguage":"es","potentialAction":[{"@type":"ReadAction","target":["https:\/\/www.museuolimpicbcn.cat\/es\/la-noche-de-los-museos-en-el-museu-olimpic\/"]}]},{"@type":"ImageObject","inLanguage":"es","@id":"https:\/\/www.museuolimpicbcn.cat\/es\/la-noche-de-los-museos-en-el-museu-olimpic\/#primaryimage","url":"https:\/\/www.museuolimpicbcn.cat\/wp-content\/uploads\/sites\/2\/2022\/05\/Pantalla-1920x1080dinamicCAST.gif","contentUrl":"https:\/\/www.museuolimpicbcn.cat\/wp-content\/uploads\/sites\/2\/2022\/05\/Pantalla-1920x1080dinamicCAST.gif","width":1920,"height":1080},{"@type":"BreadcrumbList","@id":"https:\/\/www.museuolimpicbcn.cat\/es\/la-noche-de-los-museos-en-el-museu-olimpic\/#breadcrumb","itemListElement":[{"@type":"ListItem","position":1,"name":"Inici","item":"https:\/\/www.museuolimpicbcn.cat\/es\/"},{"@type":"ListItem","position":2,"name":"Kungf\u00fa y danza del le\u00f3n en la noche de los Museos"}]},{"@type":"WebSite","@id":"https:\/\/www.museuolimpicbcn.cat\/ca\/#website","url":"https:\/\/www.museuolimpicbcn.cat\/ca\/","name":"Museu Ol\u00edmpic i de l&#039;Esport Joan Antoni Samaranch. Barcelona","description":"Altre lloc Web del Museu Ol\u00edmpic i de l&#039;Esport llocs","publisher":{"@id":"https:\/\/www.museuolimpicbcn.cat\/ca\/#organization"},"potentialAction":[{"@type":"SearchAction","target":{"@type":"EntryPoint","urlTemplate":"https:\/\/www.museuolimpicbcn.cat\/ca\/?s={search_term_string}"},"query-input":{"@type":"PropertyValueSpecification","valueRequired":true,"valueName":"search_term_string"}}],"inLanguage":"es"},{"@type":"Organization","@id":"https:\/\/www.museuolimpicbcn.cat\/ca\/#organization","name":"Museu Ol\u00edmpic i de l&#039;Esport Joan Antoni Samaranch. Barcelona","url":"https:\/\/www.museuolimpicbcn.cat\/ca\/","logo":{"@type":"ImageObject","inLanguage":"es","@id":"https:\/\/www.museuolimpicbcn.cat\/ca\/#\/schema\/logo\/image\/","url":"https:\/\/www.museuolimpicbcn.cat\/wp-content\/uploads\/sites\/2\/2018\/12\/logo-moe-header.svg","contentUrl":"https:\/\/www.museuolimpicbcn.cat\/wp-content\/uploads\/sites\/2\/2018\/12\/logo-moe-header.svg","caption":"Museu Ol\u00edmpic i de l&#039;Esport Joan Antoni Samaranch. Barcelona"},"image":{"@id":"https:\/\/www.museuolimpicbcn.cat\/ca\/#\/schema\/logo\/image\/"}},{"@type":"Person","@id":"https:\/\/www.museuolimpicbcn.cat\/ca\/#\/schema\/person\/b792834a53f193977df425a499287aa9","name":"Ibone","url":"https:\/\/www.museuolimpicbcn.cat\/es\/author\/fbolimpica\/"}]}},"_links":{"self":[{"href":"https:\/\/www.museuolimpicbcn.cat\/es\/wp-json\/wp\/v2\/posts\/32481"}],"collection":[{"href":"https:\/\/www.museuolimpicbcn.cat\/es\/wp-json\/wp\/v2\/posts"}],"about":[{"href":"https:\/\/www.museuolimpicbcn.cat\/es\/wp-json\/wp\/v2\/types\/post"}],"author":[{"embeddable":true,"href":"https:\/\/www.museuolimpicbcn.cat\/es\/wp-json\/wp\/v2\/users\/11"}],"replies":[{"embeddable":true,"href":"https:\/\/www.museuolimpicbcn.cat\/es\/wp-json\/wp\/v2\/comments?post=32481"}],"version-history":[{"count":4,"href":"https:\/\/www.museuolimpicbcn.cat\/es\/wp-json\/wp\/v2\/posts\/32481\/revisions"}],"predecessor-version":[{"id":32499,"href":"https:\/\/www.museuolimpicbcn.cat\/es\/wp-json\/wp\/v2\/posts\/32481\/revisions\/32499"}],"wp:featuredmedia":[{"embeddable":true,"href":"https:\/\/www.museuolimpicbcn.cat\/es\/wp-json\/wp\/v2\/media\/32490"}],"wp:attachment":[{"href":"https:\/\/www.museuolimpicbcn.cat\/es\/wp-json\/wp\/v2\/media?parent=32481"}],"wp:term":[{"taxonomy":"category","embeddable":true,"href":"https:\/\/www.museuolimpicbcn.cat\/es\/wp-json\/wp\/v2\/categories?post=32481"},{"taxonomy":"post_tag","embeddable":true,"href":"https:\/\/www.museuolimpicbcn.cat\/es\/wp-json\/wp\/v2\/tags?post=32481"}],"curies":[{"name":"wp","href":"https:\/\/api.w.org\/{rel}","templated":true}]}}