{"id":32795,"date":"2022-05-19T10:47:59","date_gmt":"2022-05-19T08:47:59","guid":{"rendered":"https:\/\/www.museuolimpicbcn.cat\/?p=32795"},"modified":"2022-05-27T11:02:02","modified_gmt":"2022-05-27T09:02:02","slug":"ultimo-mes-para-ver-la-exposicion-beijing-2022-visita-de-la-rfedh","status":"publish","type":"post","link":"https:\/\/www.museuolimpicbcn.cat\/es\/ultimo-mes-para-ver-la-exposicion-beijing-2022-visita-de-la-rfedh\/","title":{"rendered":"\u00daltimo mes para ver la exposici\u00f3n \u201cBeijing 2022\u201d &#8211; Visita de la RFEDH"},"content":{"rendered":"<p>Los Juegos Ol\u00edmpicos y Paral\u00edmpicos de Beijing 2022 han sido el <em>late motiv<\/em> de la exposici\u00f3n temporal del Museu Ol\u00edmpic.<\/p>\n<p>Frank Gonz\u00e1lez, presidente de la RFEDH (Real Federaci\u00f3n Espa\u00f1ola de Deportes de Hielo) y Xavier Cherta, secretario general de la RFEDH (Real Federaci\u00f3n Espa\u00f1ola de Deportes de Hielo) han querido visitar la exposici\u00f3n temporal \u201cBeijing 2022\u201d<\/p>\n<p>Francesc Terr\u00f3n, director de la Fundaci\u00f3 Barcelona Ol\u00edmpica, ha sido el encargado de guiarles en la exposici\u00f3n y mostrarles los objetos cedidos por la federaci\u00f3n para la ocasi\u00f3n.<\/p>\n<p>La exposici\u00f3n estar\u00e1 abierta al p\u00fablico hasta el pr\u00f3ximo 3 de julio.<\/p>\n","protected":false},"excerpt":{"rendered":"<p>Los Juegos Ol\u00edmpicos y Paral\u00edmpicos de Beijing 2022 han sido el late motiv de la exposici\u00f3n temporal del Museu Ol\u00edmpic. Frank Gonz\u00e1lez, presidente de la RFEDH (Real Federaci\u00f3n Espa\u00f1ola de Deportes de Hielo) y Xavier Cherta, secretario general de la RFEDH (Real Federaci\u00f3n Espa\u00f1ola de Deportes de Hielo) han querido visitar la exposici\u00f3n temporal \u201cBeijing [&hellip;]<\/p>\n","protected":false},"author":11,"featured_media":32802,"comment_status":"closed","ping_status":"closed","sticky":false,"template":"","format":"standard","meta":{"_acf_changed":false,"_price":"","_stock":"","_tribe_ticket_header":"","_tribe_default_ticket_provider":"","_tribe_ticket_capacity":"0","_ticket_start_date":"","_ticket_end_date":"","_tribe_ticket_show_description":"","_tribe_ticket_show_not_going":false,"_tribe_ticket_use_global_stock":"","_tribe_ticket_global_stock_level":"","_global_stock_mode":"","_global_stock_cap":"","_tribe_rsvp_for_event":"","_tribe_ticket_going_count":"","_tribe_ticket_not_going_count":"","_tribe_tickets_list":"[]","_tribe_ticket_has_attendee_info_fields":false,"footnotes":""},"categories":[3],"tags":[],"class_list":["post-32795","post","type-post","status-publish","format-standard","has-post-thumbnail","hentry","category-sin-categorizar"],"acf":[],"yoast_head":"<!-- This site is optimized with the Yoast SEO plugin v23.7 - https:\/\/yoast.com\/wordpress\/plugins\/seo\/ -->\n<title>\u00daltimo mes para ver la exposici\u00f3n \u201cBeijing 2022\u201d - Visita de la RFEDH - Museu Ol\u00edmpic i de l&#039;Esport Joan Antoni Samaranch. Barcelona<\/title>\n<meta name=\"robots\" content=\"index, follow, max-snippet:-1, max-image-preview:large, max-video-preview:-1\" \/>\n<link rel=\"canonical\" href=\"https:\/\/www.museuolimpicbcn.cat\/es\/ultimo-mes-para-ver-la-exposicion-beijing-2022-visita-de-la-rfedh\/\" \/>\n<meta property=\"og:locale\" content=\"es_ES\" \/>\n<meta property=\"og:type\" content=\"article\" \/>\n<meta property=\"og:title\" content=\"\u00daltimo mes para ver la exposici\u00f3n \u201cBeijing 2022\u201d - Visita de la RFEDH - Museu Ol\u00edmpic i de l&#039;Esport Joan Antoni Samaranch. Barcelona\" \/>\n<meta property=\"og:description\" content=\"Los Juegos Ol\u00edmpicos y Paral\u00edmpicos de Beijing 2022 han sido el late motiv de la exposici\u00f3n temporal del Museu Ol\u00edmpic. Frank Gonz\u00e1lez, presidente de la RFEDH (Real Federaci\u00f3n Espa\u00f1ola de Deportes de Hielo) y Xavier Cherta, secretario general de la RFEDH (Real Federaci\u00f3n Espa\u00f1ola de Deportes de Hielo) han querido visitar la exposici\u00f3n temporal \u201cBeijing [&hellip;]\" \/>\n<meta property=\"og:url\" content=\"https:\/\/www.museuolimpicbcn.cat\/es\/ultimo-mes-para-ver-la-exposicion-beijing-2022-visita-de-la-rfedh\/\" \/>\n<meta property=\"og:site_name\" content=\"Museu Ol\u00edmpic i de l&#039;Esport Joan Antoni Samaranch. Barcelona\" \/>\n<meta property=\"article:published_time\" content=\"2022-05-19T08:47:59+00:00\" \/>\n<meta property=\"article:modified_time\" content=\"2022-05-27T09:02:02+00:00\" \/>\n<meta property=\"og:image\" content=\"https:\/\/www.museuolimpicbcn.cat\/wp-content\/uploads\/sites\/2\/2022\/05\/Visita-RFEHielo-MuseuOlimpicBCN_3-scaled.jpg\" \/>\n\t<meta property=\"og:image:width\" content=\"2560\" \/>\n\t<meta property=\"og:image:height\" content=\"1798\" \/>\n\t<meta property=\"og:image:type\" content=\"image\/jpeg\" \/>\n<meta name=\"author\" content=\"Ibone\" \/>\n<meta name=\"twitter:card\" content=\"summary_large_image\" \/>\n<meta name=\"twitter:label1\" content=\"Escrito por\" \/>\n\t<meta name=\"twitter:data1\" content=\"Ibone\" \/>\n\t<meta name=\"twitter:label2\" content=\"Tiempo de lectura\" \/>\n\t<meta name=\"twitter:data2\" content=\"1 minuto\" \/>\n<script type=\"application\/ld+json\" class=\"yoast-schema-graph\">{\"@context\":\"https:\/\/schema.org\",\"@graph\":[{\"@type\":\"Article\",\"@id\":\"https:\/\/www.museuolimpicbcn.cat\/es\/ultimo-mes-para-ver-la-exposicion-beijing-2022-visita-de-la-rfedh\/#article\",\"isPartOf\":{\"@id\":\"https:\/\/www.museuolimpicbcn.cat\/es\/ultimo-mes-para-ver-la-exposicion-beijing-2022-visita-de-la-rfedh\/\"},\"author\":{\"name\":\"Ibone\",\"@id\":\"https:\/\/www.museuolimpicbcn.cat\/ca\/#\/schema\/person\/b792834a53f193977df425a499287aa9\"},\"headline\":\"\u00daltimo mes para ver la exposici\u00f3n \u201cBeijing 2022\u201d &#8211; Visita de la RFEDH\",\"datePublished\":\"2022-05-19T08:47:59+00:00\",\"dateModified\":\"2022-05-27T09:02:02+00:00\",\"mainEntityOfPage\":{\"@id\":\"https:\/\/www.museuolimpicbcn.cat\/es\/ultimo-mes-para-ver-la-exposicion-beijing-2022-visita-de-la-rfedh\/\"},\"wordCount\":124,\"publisher\":{\"@id\":\"https:\/\/www.museuolimpicbcn.cat\/ca\/#organization\"},\"image\":{\"@id\":\"https:\/\/www.museuolimpicbcn.cat\/es\/ultimo-mes-para-ver-la-exposicion-beijing-2022-visita-de-la-rfedh\/#primaryimage\"},\"thumbnailUrl\":\"https:\/\/www.museuolimpicbcn.cat\/wp-content\/uploads\/sites\/2\/2022\/05\/Visita-RFEHielo-MuseuOlimpicBCN_3-scaled.jpg\",\"articleSection\":[\"Sin categorizar\"],\"inLanguage\":\"es\"},{\"@type\":\"WebPage\",\"@id\":\"https:\/\/www.museuolimpicbcn.cat\/es\/ultimo-mes-para-ver-la-exposicion-beijing-2022-visita-de-la-rfedh\/\",\"url\":\"https:\/\/www.museuolimpicbcn.cat\/es\/ultimo-mes-para-ver-la-exposicion-beijing-2022-visita-de-la-rfedh\/\",\"name\":\"\u00daltimo mes para ver la exposici\u00f3n \u201cBeijing 2022\u201d - Visita de la RFEDH - Museu Ol\u00edmpic i de l&#039;Esport Joan Antoni Samaranch. Barcelona\",\"isPartOf\":{\"@id\":\"https:\/\/www.museuolimpicbcn.cat\/ca\/#website\"},\"primaryImageOfPage\":{\"@id\":\"https:\/\/www.museuolimpicbcn.cat\/es\/ultimo-mes-para-ver-la-exposicion-beijing-2022-visita-de-la-rfedh\/#primaryimage\"},\"image\":{\"@id\":\"https:\/\/www.museuolimpicbcn.cat\/es\/ultimo-mes-para-ver-la-exposicion-beijing-2022-visita-de-la-rfedh\/#primaryimage\"},\"thumbnailUrl\":\"https:\/\/www.museuolimpicbcn.cat\/wp-content\/uploads\/sites\/2\/2022\/05\/Visita-RFEHielo-MuseuOlimpicBCN_3-scaled.jpg\",\"datePublished\":\"2022-05-19T08:47:59+00:00\",\"dateModified\":\"2022-05-27T09:02:02+00:00\",\"breadcrumb\":{\"@id\":\"https:\/\/www.museuolimpicbcn.cat\/es\/ultimo-mes-para-ver-la-exposicion-beijing-2022-visita-de-la-rfedh\/#breadcrumb\"},\"inLanguage\":\"es\",\"potentialAction\":[{\"@type\":\"ReadAction\",\"target\":[\"https:\/\/www.museuolimpicbcn.cat\/es\/ultimo-mes-para-ver-la-exposicion-beijing-2022-visita-de-la-rfedh\/\"]}]},{\"@type\":\"ImageObject\",\"inLanguage\":\"es\",\"@id\":\"https:\/\/www.museuolimpicbcn.cat\/es\/ultimo-mes-para-ver-la-exposicion-beijing-2022-visita-de-la-rfedh\/#primaryimage\",\"url\":\"https:\/\/www.museuolimpicbcn.cat\/wp-content\/uploads\/sites\/2\/2022\/05\/Visita-RFEHielo-MuseuOlimpicBCN_3-scaled.jpg\",\"contentUrl\":\"https:\/\/www.museuolimpicbcn.cat\/wp-content\/uploads\/sites\/2\/2022\/05\/Visita-RFEHielo-MuseuOlimpicBCN_3-scaled.jpg\",\"width\":2560,\"height\":1798},{\"@type\":\"BreadcrumbList\",\"@id\":\"https:\/\/www.museuolimpicbcn.cat\/es\/ultimo-mes-para-ver-la-exposicion-beijing-2022-visita-de-la-rfedh\/#breadcrumb\",\"itemListElement\":[{\"@type\":\"ListItem\",\"position\":1,\"name\":\"Inici\",\"item\":\"https:\/\/www.museuolimpicbcn.cat\/es\/\"},{\"@type\":\"ListItem\",\"position\":2,\"name\":\"\u00daltimo mes para ver la exposici\u00f3n \u201cBeijing 2022\u201d &#8211; Visita de la RFEDH\"}]},{\"@type\":\"WebSite\",\"@id\":\"https:\/\/www.museuolimpicbcn.cat\/ca\/#website\",\"url\":\"https:\/\/www.museuolimpicbcn.cat\/ca\/\",\"name\":\"Museu Ol\u00edmpic i de l&#039;Esport Joan Antoni Samaranch. Barcelona\",\"description\":\"Altre lloc Web del Museu Ol\u00edmpic i de l&#039;Esport llocs\",\"publisher\":{\"@id\":\"https:\/\/www.museuolimpicbcn.cat\/ca\/#organization\"},\"potentialAction\":[{\"@type\":\"SearchAction\",\"target\":{\"@type\":\"EntryPoint\",\"urlTemplate\":\"https:\/\/www.museuolimpicbcn.cat\/ca\/?s={search_term_string}\"},\"query-input\":{\"@type\":\"PropertyValueSpecification\",\"valueRequired\":true,\"valueName\":\"search_term_string\"}}],\"inLanguage\":\"es\"},{\"@type\":\"Organization\",\"@id\":\"https:\/\/www.museuolimpicbcn.cat\/ca\/#organization\",\"name\":\"Museu Ol\u00edmpic i de l&#039;Esport Joan Antoni Samaranch. Barcelona\",\"url\":\"https:\/\/www.museuolimpicbcn.cat\/ca\/\",\"logo\":{\"@type\":\"ImageObject\",\"inLanguage\":\"es\",\"@id\":\"https:\/\/www.museuolimpicbcn.cat\/ca\/#\/schema\/logo\/image\/\",\"url\":\"https:\/\/www.museuolimpicbcn.cat\/wp-content\/uploads\/sites\/2\/2018\/12\/logo-moe-header.svg\",\"contentUrl\":\"https:\/\/www.museuolimpicbcn.cat\/wp-content\/uploads\/sites\/2\/2018\/12\/logo-moe-header.svg\",\"caption\":\"Museu Ol\u00edmpic i de l&#039;Esport Joan Antoni Samaranch. Barcelona\"},\"image\":{\"@id\":\"https:\/\/www.museuolimpicbcn.cat\/ca\/#\/schema\/logo\/image\/\"}},{\"@type\":\"Person\",\"@id\":\"https:\/\/www.museuolimpicbcn.cat\/ca\/#\/schema\/person\/b792834a53f193977df425a499287aa9\",\"name\":\"Ibone\",\"url\":\"https:\/\/www.museuolimpicbcn.cat\/es\/author\/fbolimpica\/\"}]}<\/script>\n<!-- \/ Yoast SEO plugin. -->","yoast_head_json":{"title":"\u00daltimo mes para ver la exposici\u00f3n \u201cBeijing 2022\u201d - Visita de la RFEDH - Museu Ol\u00edmpic i de l&#039;Esport Joan Antoni Samaranch. Barcelona","robots":{"index":"index","follow":"follow","max-snippet":"max-snippet:-1","max-image-preview":"max-image-preview:large","max-video-preview":"max-video-preview:-1"},"canonical":"https:\/\/www.museuolimpicbcn.cat\/es\/ultimo-mes-para-ver-la-exposicion-beijing-2022-visita-de-la-rfedh\/","og_locale":"es_ES","og_type":"article","og_title":"\u00daltimo mes para ver la exposici\u00f3n \u201cBeijing 2022\u201d - Visita de la RFEDH - Museu Ol\u00edmpic i de l&#039;Esport Joan Antoni Samaranch. Barcelona","og_description":"Los Juegos Ol\u00edmpicos y Paral\u00edmpicos de Beijing 2022 han sido el late motiv de la exposici\u00f3n temporal del Museu Ol\u00edmpic. Frank Gonz\u00e1lez, presidente de la RFEDH (Real Federaci\u00f3n Espa\u00f1ola de Deportes de Hielo) y Xavier Cherta, secretario general de la RFEDH (Real Federaci\u00f3n Espa\u00f1ola de Deportes de Hielo) han querido visitar la exposici\u00f3n temporal \u201cBeijing [&hellip;]","og_url":"https:\/\/www.museuolimpicbcn.cat\/es\/ultimo-mes-para-ver-la-exposicion-beijing-2022-visita-de-la-rfedh\/","og_site_name":"Museu Ol\u00edmpic i de l&#039;Esport Joan Antoni Samaranch. Barcelona","article_published_time":"2022-05-19T08:47:59+00:00","article_modified_time":"2022-05-27T09:02:02+00:00","og_image":[{"width":2560,"height":1798,"url":"https:\/\/www.museuolimpicbcn.cat\/wp-content\/uploads\/sites\/2\/2022\/05\/Visita-RFEHielo-MuseuOlimpicBCN_3-scaled.jpg","type":"image\/jpeg"}],"author":"Ibone","twitter_card":"summary_large_image","twitter_misc":{"Escrito por":"Ibone","Tiempo de lectura":"1 minuto"},"schema":{"@context":"https:\/\/schema.org","@graph":[{"@type":"Article","@id":"https:\/\/www.museuolimpicbcn.cat\/es\/ultimo-mes-para-ver-la-exposicion-beijing-2022-visita-de-la-rfedh\/#article","isPartOf":{"@id":"https:\/\/www.museuolimpicbcn.cat\/es\/ultimo-mes-para-ver-la-exposicion-beijing-2022-visita-de-la-rfedh\/"},"author":{"name":"Ibone","@id":"https:\/\/www.museuolimpicbcn.cat\/ca\/#\/schema\/person\/b792834a53f193977df425a499287aa9"},"headline":"\u00daltimo mes para ver la exposici\u00f3n \u201cBeijing 2022\u201d &#8211; Visita de la RFEDH","datePublished":"2022-05-19T08:47:59+00:00","dateModified":"2022-05-27T09:02:02+00:00","mainEntityOfPage":{"@id":"https:\/\/www.museuolimpicbcn.cat\/es\/ultimo-mes-para-ver-la-exposicion-beijing-2022-visita-de-la-rfedh\/"},"wordCount":124,"publisher":{"@id":"https:\/\/www.museuolimpicbcn.cat\/ca\/#organization"},"image":{"@id":"https:\/\/www.museuolimpicbcn.cat\/es\/ultimo-mes-para-ver-la-exposicion-beijing-2022-visita-de-la-rfedh\/#primaryimage"},"thumbnailUrl":"https:\/\/www.museuolimpicbcn.cat\/wp-content\/uploads\/sites\/2\/2022\/05\/Visita-RFEHielo-MuseuOlimpicBCN_3-scaled.jpg","articleSection":["Sin categorizar"],"inLanguage":"es"},{"@type":"WebPage","@id":"https:\/\/www.museuolimpicbcn.cat\/es\/ultimo-mes-para-ver-la-exposicion-beijing-2022-visita-de-la-rfedh\/","url":"https:\/\/www.museuolimpicbcn.cat\/es\/ultimo-mes-para-ver-la-exposicion-beijing-2022-visita-de-la-rfedh\/","name":"\u00daltimo mes para ver la exposici\u00f3n \u201cBeijing 2022\u201d - Visita de la RFEDH - Museu Ol\u00edmpic i de l&#039;Esport Joan Antoni Samaranch. Barcelona","isPartOf":{"@id":"https:\/\/www.museuolimpicbcn.cat\/ca\/#website"},"primaryImageOfPage":{"@id":"https:\/\/www.museuolimpicbcn.cat\/es\/ultimo-mes-para-ver-la-exposicion-beijing-2022-visita-de-la-rfedh\/#primaryimage"},"image":{"@id":"https:\/\/www.museuolimpicbcn.cat\/es\/ultimo-mes-para-ver-la-exposicion-beijing-2022-visita-de-la-rfedh\/#primaryimage"},"thumbnailUrl":"https:\/\/www.museuolimpicbcn.cat\/wp-content\/uploads\/sites\/2\/2022\/05\/Visita-RFEHielo-MuseuOlimpicBCN_3-scaled.jpg","datePublished":"2022-05-19T08:47:59+00:00","dateModified":"2022-05-27T09:02:02+00:00","breadcrumb":{"@id":"https:\/\/www.museuolimpicbcn.cat\/es\/ultimo-mes-para-ver-la-exposicion-beijing-2022-visita-de-la-rfedh\/#breadcrumb"},"inLanguage":"es","potentialAction":[{"@type":"ReadAction","target":["https:\/\/www.museuolimpicbcn.cat\/es\/ultimo-mes-para-ver-la-exposicion-beijing-2022-visita-de-la-rfedh\/"]}]},{"@type":"ImageObject","inLanguage":"es","@id":"https:\/\/www.museuolimpicbcn.cat\/es\/ultimo-mes-para-ver-la-exposicion-beijing-2022-visita-de-la-rfedh\/#primaryimage","url":"https:\/\/www.museuolimpicbcn.cat\/wp-content\/uploads\/sites\/2\/2022\/05\/Visita-RFEHielo-MuseuOlimpicBCN_3-scaled.jpg","contentUrl":"https:\/\/www.museuolimpicbcn.cat\/wp-content\/uploads\/sites\/2\/2022\/05\/Visita-RFEHielo-MuseuOlimpicBCN_3-scaled.jpg","width":2560,"height":1798},{"@type":"BreadcrumbList","@id":"https:\/\/www.museuolimpicbcn.cat\/es\/ultimo-mes-para-ver-la-exposicion-beijing-2022-visita-de-la-rfedh\/#breadcrumb","itemListElement":[{"@type":"ListItem","position":1,"name":"Inici","item":"https:\/\/www.museuolimpicbcn.cat\/es\/"},{"@type":"ListItem","position":2,"name":"\u00daltimo mes para ver la exposici\u00f3n \u201cBeijing 2022\u201d &#8211; Visita de la RFEDH"}]},{"@type":"WebSite","@id":"https:\/\/www.museuolimpicbcn.cat\/ca\/#website","url":"https:\/\/www.museuolimpicbcn.cat\/ca\/","name":"Museu Ol\u00edmpic i de l&#039;Esport Joan Antoni Samaranch. Barcelona","description":"Altre lloc Web del Museu Ol\u00edmpic i de l&#039;Esport llocs","publisher":{"@id":"https:\/\/www.museuolimpicbcn.cat\/ca\/#organization"},"potentialAction":[{"@type":"SearchAction","target":{"@type":"EntryPoint","urlTemplate":"https:\/\/www.museuolimpicbcn.cat\/ca\/?s={search_term_string}"},"query-input":{"@type":"PropertyValueSpecification","valueRequired":true,"valueName":"search_term_string"}}],"inLanguage":"es"},{"@type":"Organization","@id":"https:\/\/www.museuolimpicbcn.cat\/ca\/#organization","name":"Museu Ol\u00edmpic i de l&#039;Esport Joan Antoni Samaranch. Barcelona","url":"https:\/\/www.museuolimpicbcn.cat\/ca\/","logo":{"@type":"ImageObject","inLanguage":"es","@id":"https:\/\/www.museuolimpicbcn.cat\/ca\/#\/schema\/logo\/image\/","url":"https:\/\/www.museuolimpicbcn.cat\/wp-content\/uploads\/sites\/2\/2018\/12\/logo-moe-header.svg","contentUrl":"https:\/\/www.museuolimpicbcn.cat\/wp-content\/uploads\/sites\/2\/2018\/12\/logo-moe-header.svg","caption":"Museu Ol\u00edmpic i de l&#039;Esport Joan Antoni Samaranch. Barcelona"},"image":{"@id":"https:\/\/www.museuolimpicbcn.cat\/ca\/#\/schema\/logo\/image\/"}},{"@type":"Person","@id":"https:\/\/www.museuolimpicbcn.cat\/ca\/#\/schema\/person\/b792834a53f193977df425a499287aa9","name":"Ibone","url":"https:\/\/www.museuolimpicbcn.cat\/es\/author\/fbolimpica\/"}]}},"_links":{"self":[{"href":"https:\/\/www.museuolimpicbcn.cat\/es\/wp-json\/wp\/v2\/posts\/32795"}],"collection":[{"href":"https:\/\/www.museuolimpicbcn.cat\/es\/wp-json\/wp\/v2\/posts"}],"about":[{"href":"https:\/\/www.museuolimpicbcn.cat\/es\/wp-json\/wp\/v2\/types\/post"}],"author":[{"embeddable":true,"href":"https:\/\/www.museuolimpicbcn.cat\/es\/wp-json\/wp\/v2\/users\/11"}],"replies":[{"embeddable":true,"href":"https:\/\/www.museuolimpicbcn.cat\/es\/wp-json\/wp\/v2\/comments?post=32795"}],"version-history":[{"count":1,"href":"https:\/\/www.museuolimpicbcn.cat\/es\/wp-json\/wp\/v2\/posts\/32795\/revisions"}],"predecessor-version":[{"id":32817,"href":"https:\/\/www.museuolimpicbcn.cat\/es\/wp-json\/wp\/v2\/posts\/32795\/revisions\/32817"}],"wp:featuredmedia":[{"embeddable":true,"href":"https:\/\/www.museuolimpicbcn.cat\/es\/wp-json\/wp\/v2\/media\/32802"}],"wp:attachment":[{"href":"https:\/\/www.museuolimpicbcn.cat\/es\/wp-json\/wp\/v2\/media?parent=32795"}],"wp:term":[{"taxonomy":"category","embeddable":true,"href":"https:\/\/www.museuolimpicbcn.cat\/es\/wp-json\/wp\/v2\/categories?post=32795"},{"taxonomy":"post_tag","embeddable":true,"href":"https:\/\/www.museuolimpicbcn.cat\/es\/wp-json\/wp\/v2\/tags?post=32795"}],"curies":[{"name":"wp","href":"https:\/\/api.w.org\/{rel}","templated":true}]}}