{"id":32932,"date":"2022-05-30T15:18:13","date_gmt":"2022-05-30T13:18:13","guid":{"rendered":"https:\/\/www.museuolimpicbcn.cat\/?p=32932"},"modified":"2022-05-30T15:18:13","modified_gmt":"2022-05-30T13:18:13","slug":"del-1-al-28-de-junio-con-motivo-de-la-campana-orgullosabcn-el-museu-olimpic-de-barcelona-te-propone-la-actividad-con-identidad","status":"publish","type":"post","link":"https:\/\/www.museuolimpicbcn.cat\/es\/del-1-al-28-de-junio-con-motivo-de-la-campana-orgullosabcn-el-museu-olimpic-de-barcelona-te-propone-la-actividad-con-identidad\/","title":{"rendered":"Del 1 al 28 de junio con motivo de la campa\u00f1a #OrgullosaBCN el Museu Ol\u00edmpic de Barcelona te propone la actividad &#8220;Con identidad&#8221;"},"content":{"rendered":"<p>Durante el recorrido del Museu Ol\u00edmpic podr\u00e1s descubrir las historias de 5 deportistas profesionales o de alta competici\u00f3n.<br \/>\nGracias a las vivencias de estos deportistas podr\u00e1s identificar el uso correcto de las terminolog\u00edas.<\/p>\n<p>Un uso correcto de las terminolog\u00edas a la hora de identificar el sexo (biol\u00f3gico, sentido, \u2026) es importante para el individuo, debe de ser extensible a cualquier \u00e1mbito social: deporte, cultura, educaci\u00f3n y debemos integrar los conceptos de forma respetuosa y normalizada.<\/p>\n<p>Esta actividad est\u00e1 vinculada directamente con el taller &#8220;Sin G\u00e9nero&#8221; con metodolog\u00eda &#8220;Hall scape&#8221; impartido en el Museu Ol\u00edmpic para estudiantes a partir de ciclo superior de primaria.<\/p>\n","protected":false},"excerpt":{"rendered":"<p>Durante el recorrido del Museu Ol\u00edmpic podr\u00e1s descubrir las historias de 5 deportistas profesionales o de alta competici\u00f3n. Gracias a las vivencias de estos deportistas podr\u00e1s identificar el uso correcto de las terminolog\u00edas. Un uso correcto de las terminolog\u00edas a la hora de identificar el sexo (biol\u00f3gico, sentido, \u2026) es importante para el individuo, debe [&hellip;]<\/p>\n","protected":false},"author":11,"featured_media":32933,"comment_status":"closed","ping_status":"closed","sticky":false,"template":"","format":"standard","meta":{"_acf_changed":false,"_price":"","_stock":"","_tribe_ticket_header":"","_tribe_default_ticket_provider":"","_tribe_ticket_capacity":"0","_ticket_start_date":"","_ticket_end_date":"","_tribe_ticket_show_description":"","_tribe_ticket_show_not_going":false,"_tribe_ticket_use_global_stock":"","_tribe_ticket_global_stock_level":"","_global_stock_mode":"","_global_stock_cap":"","_tribe_rsvp_for_event":"","_tribe_ticket_going_count":"","_tribe_ticket_not_going_count":"","_tribe_tickets_list":"[]","_tribe_ticket_has_attendee_info_fields":false,"footnotes":""},"categories":[3],"tags":[],"class_list":["post-32932","post","type-post","status-publish","format-standard","has-post-thumbnail","hentry","category-sin-categorizar"],"acf":[],"yoast_head":"<!-- This site is optimized with the Yoast SEO plugin v23.7 - https:\/\/yoast.com\/wordpress\/plugins\/seo\/ -->\n<title>Del 1 al 28 de junio con motivo de la campa\u00f1a #OrgullosaBCN el Museu Ol\u00edmpic de Barcelona te propone la actividad &quot;Con identidad&quot; - Museu Ol\u00edmpic i de l&#039;Esport Joan Antoni Samaranch. Barcelona<\/title>\n<meta name=\"robots\" content=\"index, follow, max-snippet:-1, max-image-preview:large, max-video-preview:-1\" \/>\n<link rel=\"canonical\" href=\"https:\/\/www.museuolimpicbcn.cat\/es\/del-1-al-28-de-junio-con-motivo-de-la-campana-orgullosabcn-el-museu-olimpic-de-barcelona-te-propone-la-actividad-con-identidad\/\" \/>\n<meta property=\"og:locale\" content=\"es_ES\" \/>\n<meta property=\"og:type\" content=\"article\" \/>\n<meta property=\"og:title\" content=\"Del 1 al 28 de junio con motivo de la campa\u00f1a #OrgullosaBCN el Museu Ol\u00edmpic de Barcelona te propone la actividad &quot;Con identidad&quot; - Museu Ol\u00edmpic i de l&#039;Esport Joan Antoni Samaranch. Barcelona\" \/>\n<meta property=\"og:description\" content=\"Durante el recorrido del Museu Ol\u00edmpic podr\u00e1s descubrir las historias de 5 deportistas profesionales o de alta competici\u00f3n. Gracias a las vivencias de estos deportistas podr\u00e1s identificar el uso correcto de las terminolog\u00edas. Un uso correcto de las terminolog\u00edas a la hora de identificar el sexo (biol\u00f3gico, sentido, \u2026) es importante para el individuo, debe [&hellip;]\" \/>\n<meta property=\"og:url\" content=\"https:\/\/www.museuolimpicbcn.cat\/es\/del-1-al-28-de-junio-con-motivo-de-la-campana-orgullosabcn-el-museu-olimpic-de-barcelona-te-propone-la-actividad-con-identidad\/\" \/>\n<meta property=\"og:site_name\" content=\"Museu Ol\u00edmpic i de l&#039;Esport Joan Antoni Samaranch. Barcelona\" \/>\n<meta property=\"article:published_time\" content=\"2022-05-30T13:18:13+00:00\" \/>\n<meta property=\"og:image\" content=\"https:\/\/www.museuolimpicbcn.cat\/wp-content\/uploads\/sites\/2\/2022\/05\/127643.jpg\" \/>\n\t<meta property=\"og:image:width\" content=\"1\" \/>\n\t<meta property=\"og:image:height\" content=\"1\" \/>\n\t<meta property=\"og:image:type\" content=\"image\/jpeg\" \/>\n<meta name=\"author\" content=\"Ibone\" \/>\n<meta name=\"twitter:card\" content=\"summary_large_image\" \/>\n<meta name=\"twitter:label1\" content=\"Escrito por\" \/>\n\t<meta name=\"twitter:data1\" content=\"Ibone\" \/>\n\t<meta name=\"twitter:label2\" content=\"Tiempo de lectura\" \/>\n\t<meta name=\"twitter:data2\" content=\"1 minuto\" \/>\n<script type=\"application\/ld+json\" class=\"yoast-schema-graph\">{\"@context\":\"https:\/\/schema.org\",\"@graph\":[{\"@type\":\"Article\",\"@id\":\"https:\/\/www.museuolimpicbcn.cat\/es\/del-1-al-28-de-junio-con-motivo-de-la-campana-orgullosabcn-el-museu-olimpic-de-barcelona-te-propone-la-actividad-con-identidad\/#article\",\"isPartOf\":{\"@id\":\"https:\/\/www.museuolimpicbcn.cat\/es\/del-1-al-28-de-junio-con-motivo-de-la-campana-orgullosabcn-el-museu-olimpic-de-barcelona-te-propone-la-actividad-con-identidad\/\"},\"author\":{\"name\":\"Ibone\",\"@id\":\"https:\/\/www.museuolimpicbcn.cat\/ca\/#\/schema\/person\/b792834a53f193977df425a499287aa9\"},\"headline\":\"Del 1 al 28 de junio con motivo de la campa\u00f1a #OrgullosaBCN el Museu Ol\u00edmpic de Barcelona te propone la actividad &#8220;Con identidad&#8221;\",\"datePublished\":\"2022-05-30T13:18:13+00:00\",\"dateModified\":\"2022-05-30T13:18:13+00:00\",\"mainEntityOfPage\":{\"@id\":\"https:\/\/www.museuolimpicbcn.cat\/es\/del-1-al-28-de-junio-con-motivo-de-la-campana-orgullosabcn-el-museu-olimpic-de-barcelona-te-propone-la-actividad-con-identidad\/\"},\"wordCount\":135,\"publisher\":{\"@id\":\"https:\/\/www.museuolimpicbcn.cat\/ca\/#organization\"},\"image\":{\"@id\":\"https:\/\/www.museuolimpicbcn.cat\/es\/del-1-al-28-de-junio-con-motivo-de-la-campana-orgullosabcn-el-museu-olimpic-de-barcelona-te-propone-la-actividad-con-identidad\/#primaryimage\"},\"thumbnailUrl\":\"https:\/\/www.museuolimpicbcn.cat\/wp-content\/uploads\/sites\/2\/2022\/05\/127643.jpg\",\"articleSection\":[\"Sin categorizar\"],\"inLanguage\":\"es\"},{\"@type\":\"WebPage\",\"@id\":\"https:\/\/www.museuolimpicbcn.cat\/es\/del-1-al-28-de-junio-con-motivo-de-la-campana-orgullosabcn-el-museu-olimpic-de-barcelona-te-propone-la-actividad-con-identidad\/\",\"url\":\"https:\/\/www.museuolimpicbcn.cat\/es\/del-1-al-28-de-junio-con-motivo-de-la-campana-orgullosabcn-el-museu-olimpic-de-barcelona-te-propone-la-actividad-con-identidad\/\",\"name\":\"Del 1 al 28 de junio con motivo de la campa\u00f1a #OrgullosaBCN el Museu Ol\u00edmpic de Barcelona te propone la actividad \\\"Con identidad\\\" - Museu Ol\u00edmpic i de l&#039;Esport Joan Antoni Samaranch. Barcelona\",\"isPartOf\":{\"@id\":\"https:\/\/www.museuolimpicbcn.cat\/ca\/#website\"},\"primaryImageOfPage\":{\"@id\":\"https:\/\/www.museuolimpicbcn.cat\/es\/del-1-al-28-de-junio-con-motivo-de-la-campana-orgullosabcn-el-museu-olimpic-de-barcelona-te-propone-la-actividad-con-identidad\/#primaryimage\"},\"image\":{\"@id\":\"https:\/\/www.museuolimpicbcn.cat\/es\/del-1-al-28-de-junio-con-motivo-de-la-campana-orgullosabcn-el-museu-olimpic-de-barcelona-te-propone-la-actividad-con-identidad\/#primaryimage\"},\"thumbnailUrl\":\"https:\/\/www.museuolimpicbcn.cat\/wp-content\/uploads\/sites\/2\/2022\/05\/127643.jpg\",\"datePublished\":\"2022-05-30T13:18:13+00:00\",\"dateModified\":\"2022-05-30T13:18:13+00:00\",\"breadcrumb\":{\"@id\":\"https:\/\/www.museuolimpicbcn.cat\/es\/del-1-al-28-de-junio-con-motivo-de-la-campana-orgullosabcn-el-museu-olimpic-de-barcelona-te-propone-la-actividad-con-identidad\/#breadcrumb\"},\"inLanguage\":\"es\",\"potentialAction\":[{\"@type\":\"ReadAction\",\"target\":[\"https:\/\/www.museuolimpicbcn.cat\/es\/del-1-al-28-de-junio-con-motivo-de-la-campana-orgullosabcn-el-museu-olimpic-de-barcelona-te-propone-la-actividad-con-identidad\/\"]}]},{\"@type\":\"ImageObject\",\"inLanguage\":\"es\",\"@id\":\"https:\/\/www.museuolimpicbcn.cat\/es\/del-1-al-28-de-junio-con-motivo-de-la-campana-orgullosabcn-el-museu-olimpic-de-barcelona-te-propone-la-actividad-con-identidad\/#primaryimage\",\"url\":\"https:\/\/www.museuolimpicbcn.cat\/wp-content\/uploads\/sites\/2\/2022\/05\/127643.jpg\",\"contentUrl\":\"https:\/\/www.museuolimpicbcn.cat\/wp-content\/uploads\/sites\/2\/2022\/05\/127643.jpg\"},{\"@type\":\"BreadcrumbList\",\"@id\":\"https:\/\/www.museuolimpicbcn.cat\/es\/del-1-al-28-de-junio-con-motivo-de-la-campana-orgullosabcn-el-museu-olimpic-de-barcelona-te-propone-la-actividad-con-identidad\/#breadcrumb\",\"itemListElement\":[{\"@type\":\"ListItem\",\"position\":1,\"name\":\"Inici\",\"item\":\"https:\/\/www.museuolimpicbcn.cat\/es\/\"},{\"@type\":\"ListItem\",\"position\":2,\"name\":\"Del 1 al 28 de junio con motivo de la campa\u00f1a #OrgullosaBCN el Museu Ol\u00edmpic de Barcelona te propone la actividad &#8220;Con identidad&#8221;\"}]},{\"@type\":\"WebSite\",\"@id\":\"https:\/\/www.museuolimpicbcn.cat\/ca\/#website\",\"url\":\"https:\/\/www.museuolimpicbcn.cat\/ca\/\",\"name\":\"Museu Ol\u00edmpic i de l&#039;Esport Joan Antoni Samaranch. Barcelona\",\"description\":\"Altre lloc Web del Museu Ol\u00edmpic i de l&#039;Esport llocs\",\"publisher\":{\"@id\":\"https:\/\/www.museuolimpicbcn.cat\/ca\/#organization\"},\"potentialAction\":[{\"@type\":\"SearchAction\",\"target\":{\"@type\":\"EntryPoint\",\"urlTemplate\":\"https:\/\/www.museuolimpicbcn.cat\/ca\/?s={search_term_string}\"},\"query-input\":{\"@type\":\"PropertyValueSpecification\",\"valueRequired\":true,\"valueName\":\"search_term_string\"}}],\"inLanguage\":\"es\"},{\"@type\":\"Organization\",\"@id\":\"https:\/\/www.museuolimpicbcn.cat\/ca\/#organization\",\"name\":\"Museu Ol\u00edmpic i de l&#039;Esport Joan Antoni Samaranch. Barcelona\",\"url\":\"https:\/\/www.museuolimpicbcn.cat\/ca\/\",\"logo\":{\"@type\":\"ImageObject\",\"inLanguage\":\"es\",\"@id\":\"https:\/\/www.museuolimpicbcn.cat\/ca\/#\/schema\/logo\/image\/\",\"url\":\"https:\/\/www.museuolimpicbcn.cat\/wp-content\/uploads\/sites\/2\/2018\/12\/logo-moe-header.svg\",\"contentUrl\":\"https:\/\/www.museuolimpicbcn.cat\/wp-content\/uploads\/sites\/2\/2018\/12\/logo-moe-header.svg\",\"caption\":\"Museu Ol\u00edmpic i de l&#039;Esport Joan Antoni Samaranch. Barcelona\"},\"image\":{\"@id\":\"https:\/\/www.museuolimpicbcn.cat\/ca\/#\/schema\/logo\/image\/\"}},{\"@type\":\"Person\",\"@id\":\"https:\/\/www.museuolimpicbcn.cat\/ca\/#\/schema\/person\/b792834a53f193977df425a499287aa9\",\"name\":\"Ibone\",\"url\":\"https:\/\/www.museuolimpicbcn.cat\/es\/author\/fbolimpica\/\"}]}<\/script>\n<!-- \/ Yoast SEO plugin. -->","yoast_head_json":{"title":"Del 1 al 28 de junio con motivo de la campa\u00f1a #OrgullosaBCN el Museu Ol\u00edmpic de Barcelona te propone la actividad \"Con identidad\" - Museu Ol\u00edmpic i de l&#039;Esport Joan Antoni Samaranch. Barcelona","robots":{"index":"index","follow":"follow","max-snippet":"max-snippet:-1","max-image-preview":"max-image-preview:large","max-video-preview":"max-video-preview:-1"},"canonical":"https:\/\/www.museuolimpicbcn.cat\/es\/del-1-al-28-de-junio-con-motivo-de-la-campana-orgullosabcn-el-museu-olimpic-de-barcelona-te-propone-la-actividad-con-identidad\/","og_locale":"es_ES","og_type":"article","og_title":"Del 1 al 28 de junio con motivo de la campa\u00f1a #OrgullosaBCN el Museu Ol\u00edmpic de Barcelona te propone la actividad \"Con identidad\" - Museu Ol\u00edmpic i de l&#039;Esport Joan Antoni Samaranch. Barcelona","og_description":"Durante el recorrido del Museu Ol\u00edmpic podr\u00e1s descubrir las historias de 5 deportistas profesionales o de alta competici\u00f3n. Gracias a las vivencias de estos deportistas podr\u00e1s identificar el uso correcto de las terminolog\u00edas. Un uso correcto de las terminolog\u00edas a la hora de identificar el sexo (biol\u00f3gico, sentido, \u2026) es importante para el individuo, debe [&hellip;]","og_url":"https:\/\/www.museuolimpicbcn.cat\/es\/del-1-al-28-de-junio-con-motivo-de-la-campana-orgullosabcn-el-museu-olimpic-de-barcelona-te-propone-la-actividad-con-identidad\/","og_site_name":"Museu Ol\u00edmpic i de l&#039;Esport Joan Antoni Samaranch. Barcelona","article_published_time":"2022-05-30T13:18:13+00:00","og_image":[{"url":"https:\/\/www.museuolimpicbcn.cat\/wp-content\/uploads\/sites\/2\/2022\/05\/127643.jpg","width":1,"height":1,"type":"image\/jpeg"}],"author":"Ibone","twitter_card":"summary_large_image","twitter_misc":{"Escrito por":"Ibone","Tiempo de lectura":"1 minuto"},"schema":{"@context":"https:\/\/schema.org","@graph":[{"@type":"Article","@id":"https:\/\/www.museuolimpicbcn.cat\/es\/del-1-al-28-de-junio-con-motivo-de-la-campana-orgullosabcn-el-museu-olimpic-de-barcelona-te-propone-la-actividad-con-identidad\/#article","isPartOf":{"@id":"https:\/\/www.museuolimpicbcn.cat\/es\/del-1-al-28-de-junio-con-motivo-de-la-campana-orgullosabcn-el-museu-olimpic-de-barcelona-te-propone-la-actividad-con-identidad\/"},"author":{"name":"Ibone","@id":"https:\/\/www.museuolimpicbcn.cat\/ca\/#\/schema\/person\/b792834a53f193977df425a499287aa9"},"headline":"Del 1 al 28 de junio con motivo de la campa\u00f1a #OrgullosaBCN el Museu Ol\u00edmpic de Barcelona te propone la actividad &#8220;Con identidad&#8221;","datePublished":"2022-05-30T13:18:13+00:00","dateModified":"2022-05-30T13:18:13+00:00","mainEntityOfPage":{"@id":"https:\/\/www.museuolimpicbcn.cat\/es\/del-1-al-28-de-junio-con-motivo-de-la-campana-orgullosabcn-el-museu-olimpic-de-barcelona-te-propone-la-actividad-con-identidad\/"},"wordCount":135,"publisher":{"@id":"https:\/\/www.museuolimpicbcn.cat\/ca\/#organization"},"image":{"@id":"https:\/\/www.museuolimpicbcn.cat\/es\/del-1-al-28-de-junio-con-motivo-de-la-campana-orgullosabcn-el-museu-olimpic-de-barcelona-te-propone-la-actividad-con-identidad\/#primaryimage"},"thumbnailUrl":"https:\/\/www.museuolimpicbcn.cat\/wp-content\/uploads\/sites\/2\/2022\/05\/127643.jpg","articleSection":["Sin categorizar"],"inLanguage":"es"},{"@type":"WebPage","@id":"https:\/\/www.museuolimpicbcn.cat\/es\/del-1-al-28-de-junio-con-motivo-de-la-campana-orgullosabcn-el-museu-olimpic-de-barcelona-te-propone-la-actividad-con-identidad\/","url":"https:\/\/www.museuolimpicbcn.cat\/es\/del-1-al-28-de-junio-con-motivo-de-la-campana-orgullosabcn-el-museu-olimpic-de-barcelona-te-propone-la-actividad-con-identidad\/","name":"Del 1 al 28 de junio con motivo de la campa\u00f1a #OrgullosaBCN el Museu Ol\u00edmpic de Barcelona te propone la actividad \"Con identidad\" - Museu Ol\u00edmpic i de l&#039;Esport Joan Antoni Samaranch. Barcelona","isPartOf":{"@id":"https:\/\/www.museuolimpicbcn.cat\/ca\/#website"},"primaryImageOfPage":{"@id":"https:\/\/www.museuolimpicbcn.cat\/es\/del-1-al-28-de-junio-con-motivo-de-la-campana-orgullosabcn-el-museu-olimpic-de-barcelona-te-propone-la-actividad-con-identidad\/#primaryimage"},"image":{"@id":"https:\/\/www.museuolimpicbcn.cat\/es\/del-1-al-28-de-junio-con-motivo-de-la-campana-orgullosabcn-el-museu-olimpic-de-barcelona-te-propone-la-actividad-con-identidad\/#primaryimage"},"thumbnailUrl":"https:\/\/www.museuolimpicbcn.cat\/wp-content\/uploads\/sites\/2\/2022\/05\/127643.jpg","datePublished":"2022-05-30T13:18:13+00:00","dateModified":"2022-05-30T13:18:13+00:00","breadcrumb":{"@id":"https:\/\/www.museuolimpicbcn.cat\/es\/del-1-al-28-de-junio-con-motivo-de-la-campana-orgullosabcn-el-museu-olimpic-de-barcelona-te-propone-la-actividad-con-identidad\/#breadcrumb"},"inLanguage":"es","potentialAction":[{"@type":"ReadAction","target":["https:\/\/www.museuolimpicbcn.cat\/es\/del-1-al-28-de-junio-con-motivo-de-la-campana-orgullosabcn-el-museu-olimpic-de-barcelona-te-propone-la-actividad-con-identidad\/"]}]},{"@type":"ImageObject","inLanguage":"es","@id":"https:\/\/www.museuolimpicbcn.cat\/es\/del-1-al-28-de-junio-con-motivo-de-la-campana-orgullosabcn-el-museu-olimpic-de-barcelona-te-propone-la-actividad-con-identidad\/#primaryimage","url":"https:\/\/www.museuolimpicbcn.cat\/wp-content\/uploads\/sites\/2\/2022\/05\/127643.jpg","contentUrl":"https:\/\/www.museuolimpicbcn.cat\/wp-content\/uploads\/sites\/2\/2022\/05\/127643.jpg"},{"@type":"BreadcrumbList","@id":"https:\/\/www.museuolimpicbcn.cat\/es\/del-1-al-28-de-junio-con-motivo-de-la-campana-orgullosabcn-el-museu-olimpic-de-barcelona-te-propone-la-actividad-con-identidad\/#breadcrumb","itemListElement":[{"@type":"ListItem","position":1,"name":"Inici","item":"https:\/\/www.museuolimpicbcn.cat\/es\/"},{"@type":"ListItem","position":2,"name":"Del 1 al 28 de junio con motivo de la campa\u00f1a #OrgullosaBCN el Museu Ol\u00edmpic de Barcelona te propone la actividad &#8220;Con identidad&#8221;"}]},{"@type":"WebSite","@id":"https:\/\/www.museuolimpicbcn.cat\/ca\/#website","url":"https:\/\/www.museuolimpicbcn.cat\/ca\/","name":"Museu Ol\u00edmpic i de l&#039;Esport Joan Antoni Samaranch. Barcelona","description":"Altre lloc Web del Museu Ol\u00edmpic i de l&#039;Esport llocs","publisher":{"@id":"https:\/\/www.museuolimpicbcn.cat\/ca\/#organization"},"potentialAction":[{"@type":"SearchAction","target":{"@type":"EntryPoint","urlTemplate":"https:\/\/www.museuolimpicbcn.cat\/ca\/?s={search_term_string}"},"query-input":{"@type":"PropertyValueSpecification","valueRequired":true,"valueName":"search_term_string"}}],"inLanguage":"es"},{"@type":"Organization","@id":"https:\/\/www.museuolimpicbcn.cat\/ca\/#organization","name":"Museu Ol\u00edmpic i de l&#039;Esport Joan Antoni Samaranch. Barcelona","url":"https:\/\/www.museuolimpicbcn.cat\/ca\/","logo":{"@type":"ImageObject","inLanguage":"es","@id":"https:\/\/www.museuolimpicbcn.cat\/ca\/#\/schema\/logo\/image\/","url":"https:\/\/www.museuolimpicbcn.cat\/wp-content\/uploads\/sites\/2\/2018\/12\/logo-moe-header.svg","contentUrl":"https:\/\/www.museuolimpicbcn.cat\/wp-content\/uploads\/sites\/2\/2018\/12\/logo-moe-header.svg","caption":"Museu Ol\u00edmpic i de l&#039;Esport Joan Antoni Samaranch. Barcelona"},"image":{"@id":"https:\/\/www.museuolimpicbcn.cat\/ca\/#\/schema\/logo\/image\/"}},{"@type":"Person","@id":"https:\/\/www.museuolimpicbcn.cat\/ca\/#\/schema\/person\/b792834a53f193977df425a499287aa9","name":"Ibone","url":"https:\/\/www.museuolimpicbcn.cat\/es\/author\/fbolimpica\/"}]}},"_links":{"self":[{"href":"https:\/\/www.museuolimpicbcn.cat\/es\/wp-json\/wp\/v2\/posts\/32932"}],"collection":[{"href":"https:\/\/www.museuolimpicbcn.cat\/es\/wp-json\/wp\/v2\/posts"}],"about":[{"href":"https:\/\/www.museuolimpicbcn.cat\/es\/wp-json\/wp\/v2\/types\/post"}],"author":[{"embeddable":true,"href":"https:\/\/www.museuolimpicbcn.cat\/es\/wp-json\/wp\/v2\/users\/11"}],"replies":[{"embeddable":true,"href":"https:\/\/www.museuolimpicbcn.cat\/es\/wp-json\/wp\/v2\/comments?post=32932"}],"version-history":[{"count":1,"href":"https:\/\/www.museuolimpicbcn.cat\/es\/wp-json\/wp\/v2\/posts\/32932\/revisions"}],"predecessor-version":[{"id":32936,"href":"https:\/\/www.museuolimpicbcn.cat\/es\/wp-json\/wp\/v2\/posts\/32932\/revisions\/32936"}],"wp:featuredmedia":[{"embeddable":true,"href":"https:\/\/www.museuolimpicbcn.cat\/es\/wp-json\/wp\/v2\/media\/32933"}],"wp:attachment":[{"href":"https:\/\/www.museuolimpicbcn.cat\/es\/wp-json\/wp\/v2\/media?parent=32932"}],"wp:term":[{"taxonomy":"category","embeddable":true,"href":"https:\/\/www.museuolimpicbcn.cat\/es\/wp-json\/wp\/v2\/categories?post=32932"},{"taxonomy":"post_tag","embeddable":true,"href":"https:\/\/www.museuolimpicbcn.cat\/es\/wp-json\/wp\/v2\/tags?post=32932"}],"curies":[{"name":"wp","href":"https:\/\/api.w.org\/{rel}","templated":true}]}}