{"id":33845,"date":"2022-01-01T15:39:27","date_gmt":"2022-01-01T14:39:27","guid":{"rendered":"https:\/\/www.museuolimpicbcn.cat\/?p=33845"},"modified":"2022-07-13T11:07:46","modified_gmt":"2022-07-13T09:07:46","slug":"invitacion-30anos","status":"publish","type":"post","link":"https:\/\/www.museuolimpicbcn.cat\/es\/invitacion-30anos\/","title":{"rendered":"INVITACI\u00d3N"},"content":{"rendered":"<p style=\"text-align: center\"><strong><img fetchpriority=\"high\" decoding=\"async\" class=\"alignnone wp-image-33888 size-medium\" src=\"https:\/\/www.museuolimpicbcn.cat\/wp-content\/uploads\/sites\/2\/2022\/01\/30aniv_BCN92JJOO_CAST_600-px_JJOO-300x182.png\" alt=\"\" width=\"300\" height=\"182\" srcset=\"https:\/\/www.museuolimpicbcn.cat\/wp-content\/uploads\/sites\/2\/2022\/01\/30aniv_BCN92JJOO_CAST_600-px_JJOO-300x182.png 300w, https:\/\/www.museuolimpicbcn.cat\/wp-content\/uploads\/sites\/2\/2022\/01\/30aniv_BCN92JJOO_CAST_600-px_JJOO.png 601w\" sizes=\"(max-width: 300px) 100vw, 300px\" \/><img decoding=\"async\" class=\"alignnone  wp-image-33879\" src=\"https:\/\/www.museuolimpicbcn.cat\/wp-content\/uploads\/sites\/2\/2022\/01\/30aniv_BCN92JJPP_CAST600-px_JJPP-300x238.png\" alt=\"\" width=\"230\" height=\"183\" srcset=\"https:\/\/www.museuolimpicbcn.cat\/wp-content\/uploads\/sites\/2\/2022\/01\/30aniv_BCN92JJPP_CAST600-px_JJPP-300x238.png 300w, https:\/\/www.museuolimpicbcn.cat\/wp-content\/uploads\/sites\/2\/2022\/01\/30aniv_BCN92JJPP_CAST600-px_JJPP.png 460w\" sizes=\"(max-width: 230px) 100vw, 230px\" \/><\/strong><\/p>\n<p style=\"text-align: center\"><strong>David Escud\u00e9<\/strong>, presidente de la Fundaci\u00f3n Barcelona Ol\u00edmpica, se complace a invitaros a la inauguraci\u00f3n de la exposici\u00f3n:<\/p>\n<h3 style=\"text-align: center\"><strong>Olimpiada Cultural. Un estallido art\u00edstico para Barcelona<\/strong><\/h3>\n<p style=\"text-align: center\">El acto tendr\u00e1 lugar el pr\u00f3ximo <strong>lunes 25 de julio, a las 17.15h, al Museo Ol\u00edmpico y del Deporte Joan Antoni Samaranch<\/strong>.<\/p>\n<p style=\"text-align: center\">La \u201cOlimpiada Cultural\u201d consisti\u00f3 en un programa cuatrienal de iniciativas culturales en la ciudad que culmin\u00f3 en el Festival Ol\u00edmpico de las Artes el 1992.<\/p>\n<p style=\"text-align: center\"><strong>A las 18h habr\u00e1 una Mesa redonda con la presencia de Voluntarios Ol\u00edmpicos<\/strong>.<\/p>\n<p style=\"text-align: center\">Desde la organizaci\u00f3n de la Fundaci\u00f3n Barcelona Ol\u00edmpica hemos querido hacer un tributo a aquellos voluntarios que, desde hace m\u00e1s de 30 a\u00f1os, de manera altruista, transmiten el esp\u00edritu ol\u00edmpico.<\/p>\n<p>&nbsp;<\/p>\n<div class=\"caldera-grid\" id=\"caldera_form_1\" data-cf-ver=\"1.9.4\" data-cf-form-id=\"CF6270d74e61d92\"><div id=\"caldera_notices_1\" data-spinner=\"https:\/\/www.museuolimpicbcn.cat\/wp-admin\/images\/spinner.gif\"><\/div><form data-instance=\"1\" class=\"CF6270d74e61d92 caldera_forms_form cfajax-trigger\" method=\"POST\" enctype=\"multipart\/form-data\" id=\"CF6270d74e61d92_1\" data-form-id=\"CF6270d74e61d92\" aria-label=\"CAS Exposiciones \" data-target=\"#caldera_notices_1\" data-template=\"#cfajax_CF6270d74e61d92-tmpl\" data-cfajax=\"CF6270d74e61d92\" data-load-element=\"_parent\" data-load-class=\"cf_processing\" data-post-disable=\"0\" data-action=\"cf_process_ajax_submit\" data-request=\"https:\/\/www.museuolimpicbcn.cat\/es\/\/cf-api\/CF6270d74e61d92\" data-hiderows=\"true\">\r\n<input type=\"hidden\" id=\"_cf_verify_CF6270d74e61d92\" name=\"_cf_verify\" value=\"55c75931ed\"  data-nonce-time=\"1777803547\" \/><input type=\"hidden\" name=\"_wp_http_referer\" value=\"\/es\/wp-json\/wp\/v2\/posts\/33845\" \/><div id=\"cf2-CF6270d74e61d92_1\"><\/div><input type=\"hidden\" name=\"_cf_frm_id\" value=\"CF6270d74e61d92\">\r\n<input type=\"hidden\" name=\"_cf_frm_ct\" value=\"1\">\r\n<input type=\"hidden\" name=\"cfajax\" value=\"CF6270d74e61d92\">\r\n<input type=\"hidden\" name=\"_cf_cr_pst\" value=\"33845\">\r\n<div class=\"hide\" style=\"display:none; overflow:hidden;height:0;width:0;\">\r\n<label>Nombre<\/label><input type=\"text\" name=\"name\" value=\"\" autocomplete=\"off\">\r\n<\/div><div id=\"CF6270d74e61d92_1-row-1\"  class=\"row  first_row\"><div  class=\"col-sm-12  single\"><div class=\"\"><h3>Asistencia Inauguraci\u00f3n<\/p>\n<h3>\n<\/div><\/div><\/div><div id=\"CF6270d74e61d92_1-row-2\"  class=\"row \"><div  class=\"col-sm-4  first_col\"><div data-field-wrapper=\"fld_8768091\" class=\"form-group\" id=\"fld_8768091_1-wrap\">\r\n\t<label id=\"fld_8768091Label\" for=\"fld_8768091_1\" class=\"control-label\">Nombre <span aria-hidden=\"true\" role=\"presentation\" class=\"field_required\" style=\"color:#ee0000;\">*<\/span><\/label>\r\n\t<div class=\"\">\r\n\t\t<input   required type=\"text\" data-field=\"fld_8768091\" class=\" form-control\" id=\"fld_8768091_1\" name=\"fld_8768091\" value=\"\" data-type=\"text\" aria-required=\"true\"   aria-labelledby=\"fld_8768091Label\" >\t\t\t<\/div>\r\n<\/div>\r\n<div data-field-wrapper=\"fld_5697805\" class=\"form-group\" id=\"fld_5697805_1-wrap\">\r\n\t<label id=\"fld_5697805Label\" for=\"fld_5697805_1\" class=\"control-label\">N\u00famero de plazas reservadas<\/label>\r\n\t<div class=\"\">\r\n\t\t<input    type=\"number\" data-field=\"fld_5697805\" class=\" form-control\" id=\"fld_5697805_1\" name=\"fld_5697805\" value=\"\" data-type=\"number\" data-parsley-type=\"number\"   aria-labelledby=\"fld_5697805Label\" >\t\t\t<\/div>\r\n<\/div>\r\n<\/div><div  class=\"col-sm-4 \"><div data-field-wrapper=\"fld_9970286\" class=\"form-group\" id=\"fld_9970286_1-wrap\">\r\n\t<label id=\"fld_9970286Label\" for=\"fld_9970286_1\" class=\"control-label\">Apellido <span aria-hidden=\"true\" role=\"presentation\" class=\"field_required\" style=\"color:#ee0000;\">*<\/span><\/label>\r\n\t<div class=\"\">\r\n\t\t<input   required type=\"text\" data-field=\"fld_9970286\" class=\" form-control\" id=\"fld_9970286_1\" name=\"fld_9970286\" value=\"\" data-type=\"text\" aria-required=\"true\"   aria-labelledby=\"fld_9970286Label\" >\t\t\t<\/div>\r\n<\/div>\r\n<\/div><div  class=\"col-sm-4  last_col\"><div data-field-wrapper=\"fld_6009157\" class=\"form-group\" id=\"fld_6009157_1-wrap\">\r\n\t<label id=\"fld_6009157Label\" for=\"fld_6009157_1\" class=\"control-label\">E-mail <span aria-hidden=\"true\" role=\"presentation\" class=\"field_required\" style=\"color:#ee0000;\">*<\/span><\/label>\r\n\t<div class=\"\">\r\n\t\t<input   required type=\"email\" data-field=\"fld_6009157\" class=\" form-control\" id=\"fld_6009157_1\" name=\"fld_6009157\" value=\"\" data-type=\"email\" aria-required=\"true\"   aria-labelledby=\"fld_6009157Label\" >\t\t\t<\/div>\r\n<\/div>\r\n<div data-field-wrapper=\"fld_1827151\" class=\"form-group\" id=\"fld_1827151_1-wrap\">\r\n\t<label id=\"fld_1827151Label\" for=\"fld_1827151_1\" class=\"control-label\">Tel\u00e9fono<\/label>\r\n\t<div class=\"\">\r\n\t\t<input  data-inputmask=\"'mask': '(999)999-9999'\"   type=\"phone\" data-field=\"fld_1827151\" class=\" form-control\" id=\"fld_1827151_1\" name=\"fld_1827151\" value=\"\" data-type=\"phone\"   aria-labelledby=\"fld_1827151Label\" >\t\t\t<\/div>\r\n<\/div>\r\n<\/div><\/div><div id=\"CF6270d74e61d92_1-row-3\"  class=\"row \"><div  class=\"col-sm-12  single\"><\/div><\/div><div id=\"CF6270d74e61d92_1-row-4\"  class=\"row \"><div  class=\"col-sm-12  single\"><div data-field-wrapper=\"fld_7683514\" class=\"form-group\" id=\"fld_7683514_1-wrap\">\r\n\t<label id=\"fld_7683514Label\" for=\"fld_7683514_1\" class=\"control-label\">Observaciones<\/label>\r\n\t<div class=\"\">\r\n\t\t<textarea name=\"fld_7683514\" value=\"\" data-field=\"fld_7683514\" class=\"form-control\" id=\"fld_7683514_1\" rows=\"7\"    aria-labelledby=\"fld_7683514Label\" ><\/textarea>\n\t\t\t<\/div>\r\n<\/div>\r\n<\/div><\/div><div id=\"CF6270d74e61d92_1-row-5\"  class=\"row \"><div  class=\"col-sm-12  single\"><div data-field-wrapper=\"fld_7304126\" class=\"form-group\" id=\"fld_7304126_1-wrap\">\r\n\t<label id=\"fld_7304126Label\" for=\"fld_7304126_1\" class=\"control-label screen-reader-text sr-only\">Acepto pol\u00edtica de privacidad<\/label>\r\n\t<div class=\"\">\r\n\t\t\t\t\t\t\n                <label  class=\"checkbox-inline\"                        for=\"fld_7304126_1_opt1484112\"\n                >\n                            <input\n                                data-parsley-required=\"true\" data-parsley-group=\"fld_7304126_1\" data-parsley-multiple=\"fld_7304126_1\"                                type=\"checkbox\"\n                                data-label=\"He le\u00eddo y acepto la &lt;a href=&quot;\/es\/politica-privacidad-proteccion-datos\/&quot; class=&quot;lnk&quot;&gt;Pol\u00edtica de privacidad&lt;\/a&gt; de la Fundaci\u00f3n Barcelona Ol\u00edmpica. &lt;br&gt; \"\n                                data-field=\"fld_7304126\"\n                                id=\"fld_7304126_1_opt1484112\"\n                                class=\"fld_7304126_1 option-required\"\n                                name=\"fld_7304126[opt1484112]\"\n                                value=\"Si\"\n                                                                data-type=\"checkbox\"\n                                data-checkbox-field=\"fld_7304126_1\"\n                                                                data-calc-value=\"Si\"\n                            >\n                    He le\u00eddo y acepto la <a href=\"\/es\/politica-privacidad-proteccion-datos\/\" class=\"lnk\">Pol\u00edtica de privacidad<\/a> de la Fundaci\u00f3n Barcelona Ol\u00edmpica. <br>                 <\/label>\n\n                \t\t\t\t\t\t\t<\/div>\r\n<\/div>\r\n<\/div><\/div><div id=\"CF6270d74e61d92_1-row-6\"  class=\"row \"><div  class=\"col-sm-12  single\"><\/div><\/div><div id=\"CF6270d74e61d92_1-row-7\"  class=\"row  last_row\"><div  class=\"col-sm-12  single\"><div data-field-wrapper=\"fld_7908577\" class=\"form-group\" id=\"fld_7908577_1-wrap\">\r\n<div class=\"\">\r\n\t<input  class=\"btn-form btn-submit\" type=\"submit\" name=\"fld_7908577\" id=\"fld_7908577_1\" value=\"Enviar\" data-field=\"fld_7908577\"  >\n<\/div>\r\n<\/div>\r\n\t<input class=\"button_trigger_1\" type=\"hidden\" name=\"fld_7908577\" id=\"fld_7908577_1_btn\" value=\"\" data-field=\"fld_7908577\"  \/>\n<\/div><\/div><\/form>\r\n<\/div>\r\n\n","protected":false},"excerpt":{"rendered":"<p>David Escud\u00e9, presidente de la Fundaci\u00f3n Barcelona Ol\u00edmpica, se complace a invitaros a la inauguraci\u00f3n de la exposici\u00f3n: Olimpiada Cultural. Un estallido art\u00edstico para Barcelona El acto tendr\u00e1 lugar el pr\u00f3ximo lunes 25 de julio, a las 17.15h, al Museo Ol\u00edmpico y del Deporte Joan Antoni Samaranch. La \u201cOlimpiada Cultural\u201d consisti\u00f3 en un programa cuatrienal [&hellip;]<\/p>\n","protected":false},"author":11,"featured_media":0,"comment_status":"closed","ping_status":"closed","sticky":false,"template":"","format":"standard","meta":{"_acf_changed":false,"_price":"","_stock":"","_tribe_ticket_header":"","_tribe_default_ticket_provider":"","_tribe_ticket_capacity":"0","_ticket_start_date":"","_ticket_end_date":"","_tribe_ticket_show_description":"","_tribe_ticket_show_not_going":false,"_tribe_ticket_use_global_stock":"","_tribe_ticket_global_stock_level":"","_global_stock_mode":"","_global_stock_cap":"","_tribe_rsvp_for_event":"","_tribe_ticket_going_count":"","_tribe_ticket_not_going_count":"","_tribe_tickets_list":"[]","_tribe_ticket_has_attendee_info_fields":false,"footnotes":""},"categories":[3],"tags":[],"class_list":["post-33845","post","type-post","status-publish","format-standard","hentry","category-sin-categorizar"],"acf":[],"yoast_head":"<!-- This site is optimized with the Yoast SEO plugin v23.7 - https:\/\/yoast.com\/wordpress\/plugins\/seo\/ -->\n<title>INVITACI\u00d3N - Museu Ol\u00edmpic i de l&#039;Esport Joan Antoni Samaranch. Barcelona<\/title>\n<meta name=\"robots\" content=\"index, follow, max-snippet:-1, max-image-preview:large, max-video-preview:-1\" \/>\n<link rel=\"canonical\" href=\"https:\/\/www.museuolimpicbcn.cat\/es\/invitacion-30anos\/\" \/>\n<meta property=\"og:locale\" content=\"es_ES\" \/>\n<meta property=\"og:type\" content=\"article\" \/>\n<meta property=\"og:title\" content=\"INVITACI\u00d3N - Museu Ol\u00edmpic i de l&#039;Esport Joan Antoni Samaranch. Barcelona\" \/>\n<meta property=\"og:description\" content=\"David Escud\u00e9, presidente de la Fundaci\u00f3n Barcelona Ol\u00edmpica, se complace a invitaros a la inauguraci\u00f3n de la exposici\u00f3n: Olimpiada Cultural. Un estallido art\u00edstico para Barcelona El acto tendr\u00e1 lugar el pr\u00f3ximo lunes 25 de julio, a las 17.15h, al Museo Ol\u00edmpico y del Deporte Joan Antoni Samaranch. La \u201cOlimpiada Cultural\u201d consisti\u00f3 en un programa cuatrienal [&hellip;]\" \/>\n<meta property=\"og:url\" content=\"https:\/\/www.museuolimpicbcn.cat\/es\/invitacion-30anos\/\" \/>\n<meta property=\"og:site_name\" content=\"Museu Ol\u00edmpic i de l&#039;Esport Joan Antoni Samaranch. Barcelona\" \/>\n<meta property=\"article:published_time\" content=\"2022-01-01T14:39:27+00:00\" \/>\n<meta property=\"article:modified_time\" content=\"2022-07-13T09:07:46+00:00\" \/>\n<meta property=\"og:image\" content=\"https:\/\/www.museuolimpicbcn.cat\/wp-content\/uploads\/sites\/2\/2022\/01\/30aniv_BCN92JJOO_CAST_600-px_JJOO-300x182.png\" \/>\n<meta name=\"author\" content=\"Ibone\" \/>\n<meta name=\"twitter:card\" content=\"summary_large_image\" \/>\n<meta name=\"twitter:label1\" content=\"Escrito por\" \/>\n\t<meta name=\"twitter:data1\" content=\"Ibone\" \/>\n\t<meta name=\"twitter:label2\" content=\"Tiempo de lectura\" \/>\n\t<meta name=\"twitter:data2\" content=\"1 minuto\" \/>\n<script type=\"application\/ld+json\" class=\"yoast-schema-graph\">{\"@context\":\"https:\/\/schema.org\",\"@graph\":[{\"@type\":\"Article\",\"@id\":\"https:\/\/www.museuolimpicbcn.cat\/es\/invitacion-30anos\/#article\",\"isPartOf\":{\"@id\":\"https:\/\/www.museuolimpicbcn.cat\/es\/invitacion-30anos\/\"},\"author\":{\"name\":\"Ibone\",\"@id\":\"https:\/\/www.museuolimpicbcn.cat\/ca\/#\/schema\/person\/b792834a53f193977df425a499287aa9\"},\"headline\":\"INVITACI\u00d3N\",\"datePublished\":\"2022-01-01T14:39:27+00:00\",\"dateModified\":\"2022-07-13T09:07:46+00:00\",\"mainEntityOfPage\":{\"@id\":\"https:\/\/www.museuolimpicbcn.cat\/es\/invitacion-30anos\/\"},\"wordCount\":138,\"publisher\":{\"@id\":\"https:\/\/www.museuolimpicbcn.cat\/ca\/#organization\"},\"image\":{\"@id\":\"https:\/\/www.museuolimpicbcn.cat\/es\/invitacion-30anos\/#primaryimage\"},\"thumbnailUrl\":\"https:\/\/www.museuolimpicbcn.cat\/wp-content\/uploads\/sites\/2\/2022\/01\/30aniv_BCN92JJOO_CAST_600-px_JJOO-300x182.png\",\"articleSection\":[\"Sin categorizar\"],\"inLanguage\":\"es\"},{\"@type\":\"WebPage\",\"@id\":\"https:\/\/www.museuolimpicbcn.cat\/es\/invitacion-30anos\/\",\"url\":\"https:\/\/www.museuolimpicbcn.cat\/es\/invitacion-30anos\/\",\"name\":\"INVITACI\u00d3N - Museu Ol\u00edmpic i de l&#039;Esport Joan Antoni Samaranch. Barcelona\",\"isPartOf\":{\"@id\":\"https:\/\/www.museuolimpicbcn.cat\/ca\/#website\"},\"primaryImageOfPage\":{\"@id\":\"https:\/\/www.museuolimpicbcn.cat\/es\/invitacion-30anos\/#primaryimage\"},\"image\":{\"@id\":\"https:\/\/www.museuolimpicbcn.cat\/es\/invitacion-30anos\/#primaryimage\"},\"thumbnailUrl\":\"https:\/\/www.museuolimpicbcn.cat\/wp-content\/uploads\/sites\/2\/2022\/01\/30aniv_BCN92JJOO_CAST_600-px_JJOO-300x182.png\",\"datePublished\":\"2022-01-01T14:39:27+00:00\",\"dateModified\":\"2022-07-13T09:07:46+00:00\",\"breadcrumb\":{\"@id\":\"https:\/\/www.museuolimpicbcn.cat\/es\/invitacion-30anos\/#breadcrumb\"},\"inLanguage\":\"es\",\"potentialAction\":[{\"@type\":\"ReadAction\",\"target\":[\"https:\/\/www.museuolimpicbcn.cat\/es\/invitacion-30anos\/\"]}]},{\"@type\":\"ImageObject\",\"inLanguage\":\"es\",\"@id\":\"https:\/\/www.museuolimpicbcn.cat\/es\/invitacion-30anos\/#primaryimage\",\"url\":\"https:\/\/www.museuolimpicbcn.cat\/wp-content\/uploads\/sites\/2\/2022\/01\/30aniv_BCN92JJOO_CAST_600-px_JJOO-300x182.png\",\"contentUrl\":\"https:\/\/www.museuolimpicbcn.cat\/wp-content\/uploads\/sites\/2\/2022\/01\/30aniv_BCN92JJOO_CAST_600-px_JJOO-300x182.png\"},{\"@type\":\"BreadcrumbList\",\"@id\":\"https:\/\/www.museuolimpicbcn.cat\/es\/invitacion-30anos\/#breadcrumb\",\"itemListElement\":[{\"@type\":\"ListItem\",\"position\":1,\"name\":\"Inici\",\"item\":\"https:\/\/www.museuolimpicbcn.cat\/es\/\"},{\"@type\":\"ListItem\",\"position\":2,\"name\":\"INVITACI\u00d3N\"}]},{\"@type\":\"WebSite\",\"@id\":\"https:\/\/www.museuolimpicbcn.cat\/ca\/#website\",\"url\":\"https:\/\/www.museuolimpicbcn.cat\/ca\/\",\"name\":\"Museu Ol\u00edmpic i de l&#039;Esport Joan Antoni Samaranch. Barcelona\",\"description\":\"Altre lloc Web del Museu Ol\u00edmpic i de l&#039;Esport llocs\",\"publisher\":{\"@id\":\"https:\/\/www.museuolimpicbcn.cat\/ca\/#organization\"},\"potentialAction\":[{\"@type\":\"SearchAction\",\"target\":{\"@type\":\"EntryPoint\",\"urlTemplate\":\"https:\/\/www.museuolimpicbcn.cat\/ca\/?s={search_term_string}\"},\"query-input\":{\"@type\":\"PropertyValueSpecification\",\"valueRequired\":true,\"valueName\":\"search_term_string\"}}],\"inLanguage\":\"es\"},{\"@type\":\"Organization\",\"@id\":\"https:\/\/www.museuolimpicbcn.cat\/ca\/#organization\",\"name\":\"Museu Ol\u00edmpic i de l&#039;Esport Joan Antoni Samaranch. Barcelona\",\"url\":\"https:\/\/www.museuolimpicbcn.cat\/ca\/\",\"logo\":{\"@type\":\"ImageObject\",\"inLanguage\":\"es\",\"@id\":\"https:\/\/www.museuolimpicbcn.cat\/ca\/#\/schema\/logo\/image\/\",\"url\":\"https:\/\/www.museuolimpicbcn.cat\/wp-content\/uploads\/sites\/2\/2018\/12\/logo-moe-header.svg\",\"contentUrl\":\"https:\/\/www.museuolimpicbcn.cat\/wp-content\/uploads\/sites\/2\/2018\/12\/logo-moe-header.svg\",\"caption\":\"Museu Ol\u00edmpic i de l&#039;Esport Joan Antoni Samaranch. Barcelona\"},\"image\":{\"@id\":\"https:\/\/www.museuolimpicbcn.cat\/ca\/#\/schema\/logo\/image\/\"}},{\"@type\":\"Person\",\"@id\":\"https:\/\/www.museuolimpicbcn.cat\/ca\/#\/schema\/person\/b792834a53f193977df425a499287aa9\",\"name\":\"Ibone\",\"url\":\"https:\/\/www.museuolimpicbcn.cat\/es\/author\/fbolimpica\/\"}]}<\/script>\n<!-- \/ Yoast SEO plugin. -->","yoast_head_json":{"title":"INVITACI\u00d3N - Museu Ol\u00edmpic i de l&#039;Esport Joan Antoni Samaranch. Barcelona","robots":{"index":"index","follow":"follow","max-snippet":"max-snippet:-1","max-image-preview":"max-image-preview:large","max-video-preview":"max-video-preview:-1"},"canonical":"https:\/\/www.museuolimpicbcn.cat\/es\/invitacion-30anos\/","og_locale":"es_ES","og_type":"article","og_title":"INVITACI\u00d3N - Museu Ol\u00edmpic i de l&#039;Esport Joan Antoni Samaranch. Barcelona","og_description":"David Escud\u00e9, presidente de la Fundaci\u00f3n Barcelona Ol\u00edmpica, se complace a invitaros a la inauguraci\u00f3n de la exposici\u00f3n: Olimpiada Cultural. Un estallido art\u00edstico para Barcelona El acto tendr\u00e1 lugar el pr\u00f3ximo lunes 25 de julio, a las 17.15h, al Museo Ol\u00edmpico y del Deporte Joan Antoni Samaranch. La \u201cOlimpiada Cultural\u201d consisti\u00f3 en un programa cuatrienal [&hellip;]","og_url":"https:\/\/www.museuolimpicbcn.cat\/es\/invitacion-30anos\/","og_site_name":"Museu Ol\u00edmpic i de l&#039;Esport Joan Antoni Samaranch. Barcelona","article_published_time":"2022-01-01T14:39:27+00:00","article_modified_time":"2022-07-13T09:07:46+00:00","og_image":[{"url":"https:\/\/www.museuolimpicbcn.cat\/wp-content\/uploads\/sites\/2\/2022\/01\/30aniv_BCN92JJOO_CAST_600-px_JJOO-300x182.png"}],"author":"Ibone","twitter_card":"summary_large_image","twitter_misc":{"Escrito por":"Ibone","Tiempo de lectura":"1 minuto"},"schema":{"@context":"https:\/\/schema.org","@graph":[{"@type":"Article","@id":"https:\/\/www.museuolimpicbcn.cat\/es\/invitacion-30anos\/#article","isPartOf":{"@id":"https:\/\/www.museuolimpicbcn.cat\/es\/invitacion-30anos\/"},"author":{"name":"Ibone","@id":"https:\/\/www.museuolimpicbcn.cat\/ca\/#\/schema\/person\/b792834a53f193977df425a499287aa9"},"headline":"INVITACI\u00d3N","datePublished":"2022-01-01T14:39:27+00:00","dateModified":"2022-07-13T09:07:46+00:00","mainEntityOfPage":{"@id":"https:\/\/www.museuolimpicbcn.cat\/es\/invitacion-30anos\/"},"wordCount":138,"publisher":{"@id":"https:\/\/www.museuolimpicbcn.cat\/ca\/#organization"},"image":{"@id":"https:\/\/www.museuolimpicbcn.cat\/es\/invitacion-30anos\/#primaryimage"},"thumbnailUrl":"https:\/\/www.museuolimpicbcn.cat\/wp-content\/uploads\/sites\/2\/2022\/01\/30aniv_BCN92JJOO_CAST_600-px_JJOO-300x182.png","articleSection":["Sin categorizar"],"inLanguage":"es"},{"@type":"WebPage","@id":"https:\/\/www.museuolimpicbcn.cat\/es\/invitacion-30anos\/","url":"https:\/\/www.museuolimpicbcn.cat\/es\/invitacion-30anos\/","name":"INVITACI\u00d3N - Museu Ol\u00edmpic i de l&#039;Esport Joan Antoni Samaranch. Barcelona","isPartOf":{"@id":"https:\/\/www.museuolimpicbcn.cat\/ca\/#website"},"primaryImageOfPage":{"@id":"https:\/\/www.museuolimpicbcn.cat\/es\/invitacion-30anos\/#primaryimage"},"image":{"@id":"https:\/\/www.museuolimpicbcn.cat\/es\/invitacion-30anos\/#primaryimage"},"thumbnailUrl":"https:\/\/www.museuolimpicbcn.cat\/wp-content\/uploads\/sites\/2\/2022\/01\/30aniv_BCN92JJOO_CAST_600-px_JJOO-300x182.png","datePublished":"2022-01-01T14:39:27+00:00","dateModified":"2022-07-13T09:07:46+00:00","breadcrumb":{"@id":"https:\/\/www.museuolimpicbcn.cat\/es\/invitacion-30anos\/#breadcrumb"},"inLanguage":"es","potentialAction":[{"@type":"ReadAction","target":["https:\/\/www.museuolimpicbcn.cat\/es\/invitacion-30anos\/"]}]},{"@type":"ImageObject","inLanguage":"es","@id":"https:\/\/www.museuolimpicbcn.cat\/es\/invitacion-30anos\/#primaryimage","url":"https:\/\/www.museuolimpicbcn.cat\/wp-content\/uploads\/sites\/2\/2022\/01\/30aniv_BCN92JJOO_CAST_600-px_JJOO-300x182.png","contentUrl":"https:\/\/www.museuolimpicbcn.cat\/wp-content\/uploads\/sites\/2\/2022\/01\/30aniv_BCN92JJOO_CAST_600-px_JJOO-300x182.png"},{"@type":"BreadcrumbList","@id":"https:\/\/www.museuolimpicbcn.cat\/es\/invitacion-30anos\/#breadcrumb","itemListElement":[{"@type":"ListItem","position":1,"name":"Inici","item":"https:\/\/www.museuolimpicbcn.cat\/es\/"},{"@type":"ListItem","position":2,"name":"INVITACI\u00d3N"}]},{"@type":"WebSite","@id":"https:\/\/www.museuolimpicbcn.cat\/ca\/#website","url":"https:\/\/www.museuolimpicbcn.cat\/ca\/","name":"Museu Ol\u00edmpic i de l&#039;Esport Joan Antoni Samaranch. Barcelona","description":"Altre lloc Web del Museu Ol\u00edmpic i de l&#039;Esport llocs","publisher":{"@id":"https:\/\/www.museuolimpicbcn.cat\/ca\/#organization"},"potentialAction":[{"@type":"SearchAction","target":{"@type":"EntryPoint","urlTemplate":"https:\/\/www.museuolimpicbcn.cat\/ca\/?s={search_term_string}"},"query-input":{"@type":"PropertyValueSpecification","valueRequired":true,"valueName":"search_term_string"}}],"inLanguage":"es"},{"@type":"Organization","@id":"https:\/\/www.museuolimpicbcn.cat\/ca\/#organization","name":"Museu Ol\u00edmpic i de l&#039;Esport Joan Antoni Samaranch. Barcelona","url":"https:\/\/www.museuolimpicbcn.cat\/ca\/","logo":{"@type":"ImageObject","inLanguage":"es","@id":"https:\/\/www.museuolimpicbcn.cat\/ca\/#\/schema\/logo\/image\/","url":"https:\/\/www.museuolimpicbcn.cat\/wp-content\/uploads\/sites\/2\/2018\/12\/logo-moe-header.svg","contentUrl":"https:\/\/www.museuolimpicbcn.cat\/wp-content\/uploads\/sites\/2\/2018\/12\/logo-moe-header.svg","caption":"Museu Ol\u00edmpic i de l&#039;Esport Joan Antoni Samaranch. Barcelona"},"image":{"@id":"https:\/\/www.museuolimpicbcn.cat\/ca\/#\/schema\/logo\/image\/"}},{"@type":"Person","@id":"https:\/\/www.museuolimpicbcn.cat\/ca\/#\/schema\/person\/b792834a53f193977df425a499287aa9","name":"Ibone","url":"https:\/\/www.museuolimpicbcn.cat\/es\/author\/fbolimpica\/"}]}},"_links":{"self":[{"href":"https:\/\/www.museuolimpicbcn.cat\/es\/wp-json\/wp\/v2\/posts\/33845"}],"collection":[{"href":"https:\/\/www.museuolimpicbcn.cat\/es\/wp-json\/wp\/v2\/posts"}],"about":[{"href":"https:\/\/www.museuolimpicbcn.cat\/es\/wp-json\/wp\/v2\/types\/post"}],"author":[{"embeddable":true,"href":"https:\/\/www.museuolimpicbcn.cat\/es\/wp-json\/wp\/v2\/users\/11"}],"replies":[{"embeddable":true,"href":"https:\/\/www.museuolimpicbcn.cat\/es\/wp-json\/wp\/v2\/comments?post=33845"}],"version-history":[{"count":13,"href":"https:\/\/www.museuolimpicbcn.cat\/es\/wp-json\/wp\/v2\/posts\/33845\/revisions"}],"predecessor-version":[{"id":33896,"href":"https:\/\/www.museuolimpicbcn.cat\/es\/wp-json\/wp\/v2\/posts\/33845\/revisions\/33896"}],"wp:attachment":[{"href":"https:\/\/www.museuolimpicbcn.cat\/es\/wp-json\/wp\/v2\/media?parent=33845"}],"wp:term":[{"taxonomy":"category","embeddable":true,"href":"https:\/\/www.museuolimpicbcn.cat\/es\/wp-json\/wp\/v2\/categories?post=33845"},{"taxonomy":"post_tag","embeddable":true,"href":"https:\/\/www.museuolimpicbcn.cat\/es\/wp-json\/wp\/v2\/tags?post=33845"}],"curies":[{"name":"wp","href":"https:\/\/api.w.org\/{rel}","templated":true}]}}