{"id":34478,"date":"2022-09-08T11:37:21","date_gmt":"2022-09-08T09:37:21","guid":{"rendered":"https:\/\/www.museuolimpicbcn.cat\/?p=34478"},"modified":"2022-09-08T11:37:21","modified_gmt":"2022-09-08T09:37:21","slug":"viu-montjuic-el-parque-de-la-cultura-celebra-su-segunda-edicion-con-mas-de-60-actividades","status":"publish","type":"post","link":"https:\/\/www.museuolimpicbcn.cat\/es\/viu-montjuic-el-parque-de-la-cultura-celebra-su-segunda-edicion-con-mas-de-60-actividades\/","title":{"rendered":"&#8216;Viu Montju\u00efc, el Parque de la Cultura&#8217;, celebra su segunda edici\u00f3n con m\u00e1s de 60 actividades"},"content":{"rendered":"<p><img fetchpriority=\"high\" decoding=\"async\" class=\"wp-image-34493 size-mailpoet_newsletter_max aligncenter\" src=\"https:\/\/www.museuolimpicbcn.cat\/wp-content\/uploads\/sites\/2\/2022\/09\/Capc\u0327alera_ParcMontjuic-min-1320x216.png\" alt=\"\" width=\"1320\" height=\"216\" srcset=\"https:\/\/www.museuolimpicbcn.cat\/wp-content\/uploads\/sites\/2\/2022\/09\/Capc\u0327alera_ParcMontjuic-min-1320x216.png 1320w, https:\/\/www.museuolimpicbcn.cat\/wp-content\/uploads\/sites\/2\/2022\/09\/Capc\u0327alera_ParcMontjuic-min-300x49.png 300w, https:\/\/www.museuolimpicbcn.cat\/wp-content\/uploads\/sites\/2\/2022\/09\/Capc\u0327alera_ParcMontjuic-min-1024x168.png 1024w, https:\/\/www.museuolimpicbcn.cat\/wp-content\/uploads\/sites\/2\/2022\/09\/Capc\u0327alera_ParcMontjuic-min-768x126.png 768w, https:\/\/www.museuolimpicbcn.cat\/wp-content\/uploads\/sites\/2\/2022\/09\/Capc\u0327alera_ParcMontjuic-min-1536x251.png 1536w, https:\/\/www.museuolimpicbcn.cat\/wp-content\/uploads\/sites\/2\/2022\/09\/Capc\u0327alera_ParcMontjuic-min-600x98.png 600w, https:\/\/www.museuolimpicbcn.cat\/wp-content\/uploads\/sites\/2\/2022\/09\/Capc\u0327alera_ParcMontjuic-min.png 1901w\" sizes=\"(max-width: 1320px) 100vw, 1320px\" \/><\/p>\n<p>El 8 y 9 de octubre vuelve <em>Viu Montju\u00efc, el Parque de la Cultura<\/em>, un fin de semana para posicionar el Parque de Montjuic como un espacio abierto, accesible, limpio y seguro, con una oferta cultural, de natura y de ocio de calidad para el conjunto de la ciudadan\u00eda.<\/p>\n<p>Para la segunda edici\u00f3n del <em>Viu Montju\u00efc<\/em>, adem\u00e1s de las 22 equipaciones coorganizadores del proyecto inicial, se incorporan de manera llena otras entidades culturales de los barrios lim\u00edtrofes y tambi\u00e9n se a\u00f1adir\u00e1 una zona de restauraci\u00f3n y recreo a los Jardines de Joan Brossa.<\/p>\n<p>La iniciativa nace de la voluntad de coordinaci\u00f3n de los operadores culturales de Montjuic con el objetivo de fortalecer las relaciones entre ellos y reincorporar mejoras para el Parque, y est\u00e1 coorganizada y financiada por <strong>las propias equipaciones,<\/strong> por el Distrito de <em><b>Sants-Montju\u00efc, el Institut de Cultura de Barcelona <\/b><\/em><b>y<\/b><em><b> la Regidoria de Turisme i Ind\u00fastries Creatives <\/b><\/em>con fondos procedentes del impuesto tur\u00edstico.<\/p>\n<p>El fin de semana del 8 y 9 de octubre, tendr\u00e1 lugar la segunda edici\u00f3n de <em>Viu Montju\u00efc<\/em>. El Parque de la Cultura, un fin de semana de actividades culturales y de ocio para toda la ciudadan\u00eda. Una treintena de equipaciones de Montjuic unir\u00e1n fuerzas para llevar a cabo actividades propias y acciones conjuntas en cocreaci\u00f3 y colaboraci\u00f3n entre ellos y ofrecer a los barceloneses y barcelonesas una nueva oportunidad para redescubrir y hacerse sede el Parque.<\/p>\n<p>Para la segunda edici\u00f3n de <em>Viu Montju\u00efc<\/em>, adem\u00e1s de las 22 equipaciones coorganizadores del proyecto inicial, se incorporan de manera llena otras entidades culturales de los barrios lim\u00edtrofes del Parque que forman parte de la Tabla de Cultura Comunitaria del <em>Poble-Sec<\/em> y\u00a0 el <em>Eix de Cultura i Mem\u00f2ria de la Marina<\/em> (con el apoyo de sus respectivos Planes de desarrollo Comunitarios), as\u00ed como el Centro Superior de M\u00fasica Jam Session del barrio Font de la Cuatlla. El objetivo es tejer alianzas y gesti\u00f3n de actividades conjuntas entre las grandes equipaciones del Parque y la red cultural de los barrios.<\/p>\n<p>Las actividades combinar\u00e1n itinerarios guiados por el parque con jornadas de puertas abiertas y visitas guiadas a las equipaciones, as\u00ed como actuaciones de m\u00fasica, danza y teatro. Adem\u00e1s, la edici\u00f3n de este a\u00f1o tambi\u00e9n incorpora una zona de restauraci\u00f3n y recreo a los Jardines Joan Brossa.<\/p>\n<p>No har\u00e1 falta inscripci\u00f3n previa para asistir a las actividades, excepto en los casos que la propia idiosincrasia de la actividad exija un aforo limitado.<\/p>\n<p>La programaci\u00f3n de la edici\u00f3n de este a\u00f1o de #ViuMontju\u00efc estar\u00e1 disponible a partir del 29 de septiembre al web <a href=\"https:\/\/www.barcelona.cat\/viumontjuic\/ca\">https:\/\/www.barcelona.cat\/viumontjuic\/ca<\/a><\/p>\n<p><strong><em>Viu Montju\u00efc, el Parque de la Cultura<\/em>\u2019, un proyecto coral<\/strong><br \/>\nLa iniciativa nace de la voluntad de coordinaci\u00f3n de los diferentes actores culturales de la monta\u00f1a y est\u00e1 coorganizada y financiada por las propias equipaciones, por el Distrito de <em>Sants-Montju\u00efc, el Institut de Cultura de Barcelona <\/em>y<em> la Regidoria de Turisme i Ind\u00fastries Creatives <\/em>que, a trav\u00e9s del impuesto tur\u00edstico, pretende impulsar iniciativas para mejorar el ocio y disfrutar de un espacio p\u00fablico verde y cultural de calidad dirigido especialmente a los vecinos y vecinas de Barcelona.<\/p>\n<p>Adem\u00e1s, la iniciativa encaja con el Plan de Actuaci\u00f3n del Parque Montju\u00efc 2019-2029, que en uno de sus ejes de trabajo busca visibilizar la actividad cultural del Parque y sirve para promocionar la programaci\u00f3n habitual de estas instituciones adem\u00e1s de promover los v\u00ednculos entre ellas, con la voluntad de recuperar el esp\u00edritu de la Exposici\u00f3n Universal del 1929.<\/p>\n<p>La primera edici\u00f3n de <em>Viu Montju\u00efc<\/em> se celebr\u00f3 el octubre de 2021, con el objetivo de convertirse en un acontecimiento anual y servir de pistoletazo de salida para futuras colaboraciones y sinergias entre los operadores de la monta\u00f1a. La convocatoria de p\u00fablico fue un \u00e9xito rotundo, con la asistencia de 37.000 personas.<\/p>\n<p><strong>Instituciones promotoras:<\/strong> Anella Ol\u00edmpica &#8211; BSM, CaixaForum Barcelona, Casa de la Premsa, Castell de Montju\u00efc, Cementiris de Barcelona, Graner: F\u00e0brica de Creaci\u00f3, Espai Bombers, Fundaci\u00f3 Barcelona Ol\u00edmpica &#8211; Museu Ol\u00edmpic BCN<b>, <\/b>\u00a0Fundaci\u00f3 Joan Mir\u00f3, Fundaci\u00f3 Mies van der Rohe, Institut Bot\u00e0nic, Institut del Teatre, Jard\u00ed Bot\u00e0nic, Jard\u00ed Bot\u00e0nic Hist\u00f2ric, Mercat de les Flors, Museu d&#8217;Arqueologia de Catalunya, Museu Etnol\u00f2gic i de Cultures del M\u00f3n, Museu Nacional d&#8217;Art de Catalunya, Museu d&#8217;Hist\u00f2ria de Barcelona (MUHBA Refugi 307), Poble Espanyol, Teatre LLiure y Teatro de los Sentidos.<\/p>\n<p><strong>Otras entidades participantes:<\/strong><br \/>\nCentre Superior de M\u00fasica Jam Session, Taula de Cultura Comunit\u00e0ria de Poble-sec: Palau de la M\u00e0gia,\u00a0 Espai Piluso, Sisme Creatiu i N\u00f3made projectes, Teatre Arnau, Vostok Collective, Centre C\u00edvic el Sortidor, Bibliomusicineteca, Dau al Sec, Centre Cultural Albareda, Transductores, Biblioteca Francesc Boix i Pla Comunitari Poble-sec, Espai Jove la B\u00e0scula i Eix de Cultura y Mem\u00f2ria de la Marina: La Fundici\u00f3, La Inefable, Biblioteca Francesc Candel.<\/p>\n<p>Con la coorganitzaci\u00f3 de: Districte de Sants-Montju\u00efc, Institut de Cultura de Barcelona y la Regidoria de Turisme i Ind\u00fastries Creatives.<\/p>\n<p>&nbsp;<\/p>\n","protected":false},"excerpt":{"rendered":"<p>El 8 y 9 de octubre vuelve Viu Montju\u00efc, el Parque de la Cultura, un fin de semana para posicionar el Parque de Montjuic como un espacio abierto, accesible, limpio y seguro, con una oferta cultural, de natura y de ocio de calidad para el conjunto de la ciudadan\u00eda. Para la segunda edici\u00f3n del Viu [&hellip;]<\/p>\n","protected":false},"author":11,"featured_media":34490,"comment_status":"closed","ping_status":"closed","sticky":false,"template":"","format":"standard","meta":{"_acf_changed":false,"_price":"","_stock":"","_tribe_ticket_header":"","_tribe_default_ticket_provider":"","_tribe_ticket_capacity":"0","_ticket_start_date":"","_ticket_end_date":"","_tribe_ticket_show_description":"","_tribe_ticket_show_not_going":false,"_tribe_ticket_use_global_stock":"","_tribe_ticket_global_stock_level":"","_global_stock_mode":"","_global_stock_cap":"","_tribe_rsvp_for_event":"","_tribe_ticket_going_count":"","_tribe_ticket_not_going_count":"","_tribe_tickets_list":"[]","_tribe_ticket_has_attendee_info_fields":false,"footnotes":""},"categories":[3],"tags":[],"class_list":["post-34478","post","type-post","status-publish","format-standard","has-post-thumbnail","hentry","category-sin-categorizar"],"acf":[],"yoast_head":"<!-- This site is optimized with the Yoast SEO plugin v23.7 - https:\/\/yoast.com\/wordpress\/plugins\/seo\/ -->\n<title>&#039;Viu Montju\u00efc, el Parque de la Cultura&#039;, celebra su segunda edici\u00f3n con m\u00e1s de 60 actividades - Museu Ol\u00edmpic i de l&#039;Esport Joan Antoni Samaranch. Barcelona<\/title>\n<meta name=\"robots\" content=\"index, follow, max-snippet:-1, max-image-preview:large, max-video-preview:-1\" \/>\n<link rel=\"canonical\" href=\"https:\/\/www.museuolimpicbcn.cat\/es\/viu-montjuic-el-parque-de-la-cultura-celebra-su-segunda-edicion-con-mas-de-60-actividades\/\" \/>\n<meta property=\"og:locale\" content=\"es_ES\" \/>\n<meta property=\"og:type\" content=\"article\" \/>\n<meta property=\"og:title\" content=\"&#039;Viu Montju\u00efc, el Parque de la Cultura&#039;, celebra su segunda edici\u00f3n con m\u00e1s de 60 actividades - Museu Ol\u00edmpic i de l&#039;Esport Joan Antoni Samaranch. Barcelona\" \/>\n<meta property=\"og:description\" content=\"El 8 y 9 de octubre vuelve Viu Montju\u00efc, el Parque de la Cultura, un fin de semana para posicionar el Parque de Montjuic como un espacio abierto, accesible, limpio y seguro, con una oferta cultural, de natura y de ocio de calidad para el conjunto de la ciudadan\u00eda. Para la segunda edici\u00f3n del Viu [&hellip;]\" \/>\n<meta property=\"og:url\" content=\"https:\/\/www.museuolimpicbcn.cat\/es\/viu-montjuic-el-parque-de-la-cultura-celebra-su-segunda-edicion-con-mas-de-60-actividades\/\" \/>\n<meta property=\"og:site_name\" content=\"Museu Ol\u00edmpic i de l&#039;Esport Joan Antoni Samaranch. Barcelona\" \/>\n<meta property=\"article:published_time\" content=\"2022-09-08T09:37:21+00:00\" \/>\n<meta property=\"og:image\" content=\"https:\/\/www.museuolimpicbcn.cat\/wp-content\/uploads\/sites\/2\/2022\/09\/Capc\u0327alera_Montjuic_Web_Cast.png\" \/>\n\t<meta property=\"og:image:width\" content=\"1921\" \/>\n\t<meta property=\"og:image:height\" content=\"1081\" \/>\n\t<meta property=\"og:image:type\" content=\"image\/png\" \/>\n<meta name=\"author\" content=\"Ibone\" \/>\n<meta name=\"twitter:card\" content=\"summary_large_image\" \/>\n<meta name=\"twitter:label1\" content=\"Escrito por\" \/>\n\t<meta name=\"twitter:data1\" content=\"Ibone\" \/>\n\t<meta name=\"twitter:label2\" content=\"Tiempo de lectura\" \/>\n\t<meta name=\"twitter:data2\" content=\"4 minutos\" \/>\n<script type=\"application\/ld+json\" class=\"yoast-schema-graph\">{\"@context\":\"https:\/\/schema.org\",\"@graph\":[{\"@type\":\"Article\",\"@id\":\"https:\/\/www.museuolimpicbcn.cat\/es\/viu-montjuic-el-parque-de-la-cultura-celebra-su-segunda-edicion-con-mas-de-60-actividades\/#article\",\"isPartOf\":{\"@id\":\"https:\/\/www.museuolimpicbcn.cat\/es\/viu-montjuic-el-parque-de-la-cultura-celebra-su-segunda-edicion-con-mas-de-60-actividades\/\"},\"author\":{\"name\":\"Ibone\",\"@id\":\"https:\/\/www.museuolimpicbcn.cat\/ca\/#\/schema\/person\/b792834a53f193977df425a499287aa9\"},\"headline\":\"&#8216;Viu Montju\u00efc, el Parque de la Cultura&#8217;, celebra su segunda edici\u00f3n con m\u00e1s de 60 actividades\",\"datePublished\":\"2022-09-08T09:37:21+00:00\",\"dateModified\":\"2022-09-08T09:37:21+00:00\",\"mainEntityOfPage\":{\"@id\":\"https:\/\/www.museuolimpicbcn.cat\/es\/viu-montjuic-el-parque-de-la-cultura-celebra-su-segunda-edicion-con-mas-de-60-actividades\/\"},\"wordCount\":886,\"publisher\":{\"@id\":\"https:\/\/www.museuolimpicbcn.cat\/ca\/#organization\"},\"image\":{\"@id\":\"https:\/\/www.museuolimpicbcn.cat\/es\/viu-montjuic-el-parque-de-la-cultura-celebra-su-segunda-edicion-con-mas-de-60-actividades\/#primaryimage\"},\"thumbnailUrl\":\"https:\/\/www.museuolimpicbcn.cat\/wp-content\/uploads\/sites\/2\/2022\/09\/Capc\u0327alera_Montjuic_Web_Cast.png\",\"articleSection\":[\"Sin categorizar\"],\"inLanguage\":\"es\"},{\"@type\":\"WebPage\",\"@id\":\"https:\/\/www.museuolimpicbcn.cat\/es\/viu-montjuic-el-parque-de-la-cultura-celebra-su-segunda-edicion-con-mas-de-60-actividades\/\",\"url\":\"https:\/\/www.museuolimpicbcn.cat\/es\/viu-montjuic-el-parque-de-la-cultura-celebra-su-segunda-edicion-con-mas-de-60-actividades\/\",\"name\":\"'Viu Montju\u00efc, el Parque de la Cultura', celebra su segunda edici\u00f3n con m\u00e1s de 60 actividades - Museu Ol\u00edmpic i de l&#039;Esport Joan Antoni Samaranch. Barcelona\",\"isPartOf\":{\"@id\":\"https:\/\/www.museuolimpicbcn.cat\/ca\/#website\"},\"primaryImageOfPage\":{\"@id\":\"https:\/\/www.museuolimpicbcn.cat\/es\/viu-montjuic-el-parque-de-la-cultura-celebra-su-segunda-edicion-con-mas-de-60-actividades\/#primaryimage\"},\"image\":{\"@id\":\"https:\/\/www.museuolimpicbcn.cat\/es\/viu-montjuic-el-parque-de-la-cultura-celebra-su-segunda-edicion-con-mas-de-60-actividades\/#primaryimage\"},\"thumbnailUrl\":\"https:\/\/www.museuolimpicbcn.cat\/wp-content\/uploads\/sites\/2\/2022\/09\/Capc\u0327alera_Montjuic_Web_Cast.png\",\"datePublished\":\"2022-09-08T09:37:21+00:00\",\"dateModified\":\"2022-09-08T09:37:21+00:00\",\"breadcrumb\":{\"@id\":\"https:\/\/www.museuolimpicbcn.cat\/es\/viu-montjuic-el-parque-de-la-cultura-celebra-su-segunda-edicion-con-mas-de-60-actividades\/#breadcrumb\"},\"inLanguage\":\"es\",\"potentialAction\":[{\"@type\":\"ReadAction\",\"target\":[\"https:\/\/www.museuolimpicbcn.cat\/es\/viu-montjuic-el-parque-de-la-cultura-celebra-su-segunda-edicion-con-mas-de-60-actividades\/\"]}]},{\"@type\":\"ImageObject\",\"inLanguage\":\"es\",\"@id\":\"https:\/\/www.museuolimpicbcn.cat\/es\/viu-montjuic-el-parque-de-la-cultura-celebra-su-segunda-edicion-con-mas-de-60-actividades\/#primaryimage\",\"url\":\"https:\/\/www.museuolimpicbcn.cat\/wp-content\/uploads\/sites\/2\/2022\/09\/Capc\u0327alera_Montjuic_Web_Cast.png\",\"contentUrl\":\"https:\/\/www.museuolimpicbcn.cat\/wp-content\/uploads\/sites\/2\/2022\/09\/Capc\u0327alera_Montjuic_Web_Cast.png\",\"width\":1921,\"height\":1081},{\"@type\":\"BreadcrumbList\",\"@id\":\"https:\/\/www.museuolimpicbcn.cat\/es\/viu-montjuic-el-parque-de-la-cultura-celebra-su-segunda-edicion-con-mas-de-60-actividades\/#breadcrumb\",\"itemListElement\":[{\"@type\":\"ListItem\",\"position\":1,\"name\":\"Inici\",\"item\":\"https:\/\/www.museuolimpicbcn.cat\/es\/\"},{\"@type\":\"ListItem\",\"position\":2,\"name\":\"&#8216;Viu Montju\u00efc, el Parque de la Cultura&#8217;, celebra su segunda edici\u00f3n con m\u00e1s de 60 actividades\"}]},{\"@type\":\"WebSite\",\"@id\":\"https:\/\/www.museuolimpicbcn.cat\/ca\/#website\",\"url\":\"https:\/\/www.museuolimpicbcn.cat\/ca\/\",\"name\":\"Museu Ol\u00edmpic i de l&#039;Esport Joan Antoni Samaranch. Barcelona\",\"description\":\"Altre lloc Web del Museu Ol\u00edmpic i de l&#039;Esport llocs\",\"publisher\":{\"@id\":\"https:\/\/www.museuolimpicbcn.cat\/ca\/#organization\"},\"potentialAction\":[{\"@type\":\"SearchAction\",\"target\":{\"@type\":\"EntryPoint\",\"urlTemplate\":\"https:\/\/www.museuolimpicbcn.cat\/ca\/?s={search_term_string}\"},\"query-input\":{\"@type\":\"PropertyValueSpecification\",\"valueRequired\":true,\"valueName\":\"search_term_string\"}}],\"inLanguage\":\"es\"},{\"@type\":\"Organization\",\"@id\":\"https:\/\/www.museuolimpicbcn.cat\/ca\/#organization\",\"name\":\"Museu Ol\u00edmpic i de l&#039;Esport Joan Antoni Samaranch. Barcelona\",\"url\":\"https:\/\/www.museuolimpicbcn.cat\/ca\/\",\"logo\":{\"@type\":\"ImageObject\",\"inLanguage\":\"es\",\"@id\":\"https:\/\/www.museuolimpicbcn.cat\/ca\/#\/schema\/logo\/image\/\",\"url\":\"https:\/\/www.museuolimpicbcn.cat\/wp-content\/uploads\/sites\/2\/2018\/12\/logo-moe-header.svg\",\"contentUrl\":\"https:\/\/www.museuolimpicbcn.cat\/wp-content\/uploads\/sites\/2\/2018\/12\/logo-moe-header.svg\",\"caption\":\"Museu Ol\u00edmpic i de l&#039;Esport Joan Antoni Samaranch. Barcelona\"},\"image\":{\"@id\":\"https:\/\/www.museuolimpicbcn.cat\/ca\/#\/schema\/logo\/image\/\"}},{\"@type\":\"Person\",\"@id\":\"https:\/\/www.museuolimpicbcn.cat\/ca\/#\/schema\/person\/b792834a53f193977df425a499287aa9\",\"name\":\"Ibone\",\"url\":\"https:\/\/www.museuolimpicbcn.cat\/es\/author\/fbolimpica\/\"}]}<\/script>\n<!-- \/ Yoast SEO plugin. -->","yoast_head_json":{"title":"'Viu Montju\u00efc, el Parque de la Cultura', celebra su segunda edici\u00f3n con m\u00e1s de 60 actividades - Museu Ol\u00edmpic i de l&#039;Esport Joan Antoni Samaranch. Barcelona","robots":{"index":"index","follow":"follow","max-snippet":"max-snippet:-1","max-image-preview":"max-image-preview:large","max-video-preview":"max-video-preview:-1"},"canonical":"https:\/\/www.museuolimpicbcn.cat\/es\/viu-montjuic-el-parque-de-la-cultura-celebra-su-segunda-edicion-con-mas-de-60-actividades\/","og_locale":"es_ES","og_type":"article","og_title":"'Viu Montju\u00efc, el Parque de la Cultura', celebra su segunda edici\u00f3n con m\u00e1s de 60 actividades - Museu Ol\u00edmpic i de l&#039;Esport Joan Antoni Samaranch. Barcelona","og_description":"El 8 y 9 de octubre vuelve Viu Montju\u00efc, el Parque de la Cultura, un fin de semana para posicionar el Parque de Montjuic como un espacio abierto, accesible, limpio y seguro, con una oferta cultural, de natura y de ocio de calidad para el conjunto de la ciudadan\u00eda. Para la segunda edici\u00f3n del Viu [&hellip;]","og_url":"https:\/\/www.museuolimpicbcn.cat\/es\/viu-montjuic-el-parque-de-la-cultura-celebra-su-segunda-edicion-con-mas-de-60-actividades\/","og_site_name":"Museu Ol\u00edmpic i de l&#039;Esport Joan Antoni Samaranch. Barcelona","article_published_time":"2022-09-08T09:37:21+00:00","og_image":[{"width":1921,"height":1081,"url":"https:\/\/www.museuolimpicbcn.cat\/wp-content\/uploads\/sites\/2\/2022\/09\/Capc\u0327alera_Montjuic_Web_Cast.png","type":"image\/png"}],"author":"Ibone","twitter_card":"summary_large_image","twitter_misc":{"Escrito por":"Ibone","Tiempo de lectura":"4 minutos"},"schema":{"@context":"https:\/\/schema.org","@graph":[{"@type":"Article","@id":"https:\/\/www.museuolimpicbcn.cat\/es\/viu-montjuic-el-parque-de-la-cultura-celebra-su-segunda-edicion-con-mas-de-60-actividades\/#article","isPartOf":{"@id":"https:\/\/www.museuolimpicbcn.cat\/es\/viu-montjuic-el-parque-de-la-cultura-celebra-su-segunda-edicion-con-mas-de-60-actividades\/"},"author":{"name":"Ibone","@id":"https:\/\/www.museuolimpicbcn.cat\/ca\/#\/schema\/person\/b792834a53f193977df425a499287aa9"},"headline":"&#8216;Viu Montju\u00efc, el Parque de la Cultura&#8217;, celebra su segunda edici\u00f3n con m\u00e1s de 60 actividades","datePublished":"2022-09-08T09:37:21+00:00","dateModified":"2022-09-08T09:37:21+00:00","mainEntityOfPage":{"@id":"https:\/\/www.museuolimpicbcn.cat\/es\/viu-montjuic-el-parque-de-la-cultura-celebra-su-segunda-edicion-con-mas-de-60-actividades\/"},"wordCount":886,"publisher":{"@id":"https:\/\/www.museuolimpicbcn.cat\/ca\/#organization"},"image":{"@id":"https:\/\/www.museuolimpicbcn.cat\/es\/viu-montjuic-el-parque-de-la-cultura-celebra-su-segunda-edicion-con-mas-de-60-actividades\/#primaryimage"},"thumbnailUrl":"https:\/\/www.museuolimpicbcn.cat\/wp-content\/uploads\/sites\/2\/2022\/09\/Capc\u0327alera_Montjuic_Web_Cast.png","articleSection":["Sin categorizar"],"inLanguage":"es"},{"@type":"WebPage","@id":"https:\/\/www.museuolimpicbcn.cat\/es\/viu-montjuic-el-parque-de-la-cultura-celebra-su-segunda-edicion-con-mas-de-60-actividades\/","url":"https:\/\/www.museuolimpicbcn.cat\/es\/viu-montjuic-el-parque-de-la-cultura-celebra-su-segunda-edicion-con-mas-de-60-actividades\/","name":"'Viu Montju\u00efc, el Parque de la Cultura', celebra su segunda edici\u00f3n con m\u00e1s de 60 actividades - Museu Ol\u00edmpic i de l&#039;Esport Joan Antoni Samaranch. Barcelona","isPartOf":{"@id":"https:\/\/www.museuolimpicbcn.cat\/ca\/#website"},"primaryImageOfPage":{"@id":"https:\/\/www.museuolimpicbcn.cat\/es\/viu-montjuic-el-parque-de-la-cultura-celebra-su-segunda-edicion-con-mas-de-60-actividades\/#primaryimage"},"image":{"@id":"https:\/\/www.museuolimpicbcn.cat\/es\/viu-montjuic-el-parque-de-la-cultura-celebra-su-segunda-edicion-con-mas-de-60-actividades\/#primaryimage"},"thumbnailUrl":"https:\/\/www.museuolimpicbcn.cat\/wp-content\/uploads\/sites\/2\/2022\/09\/Capc\u0327alera_Montjuic_Web_Cast.png","datePublished":"2022-09-08T09:37:21+00:00","dateModified":"2022-09-08T09:37:21+00:00","breadcrumb":{"@id":"https:\/\/www.museuolimpicbcn.cat\/es\/viu-montjuic-el-parque-de-la-cultura-celebra-su-segunda-edicion-con-mas-de-60-actividades\/#breadcrumb"},"inLanguage":"es","potentialAction":[{"@type":"ReadAction","target":["https:\/\/www.museuolimpicbcn.cat\/es\/viu-montjuic-el-parque-de-la-cultura-celebra-su-segunda-edicion-con-mas-de-60-actividades\/"]}]},{"@type":"ImageObject","inLanguage":"es","@id":"https:\/\/www.museuolimpicbcn.cat\/es\/viu-montjuic-el-parque-de-la-cultura-celebra-su-segunda-edicion-con-mas-de-60-actividades\/#primaryimage","url":"https:\/\/www.museuolimpicbcn.cat\/wp-content\/uploads\/sites\/2\/2022\/09\/Capc\u0327alera_Montjuic_Web_Cast.png","contentUrl":"https:\/\/www.museuolimpicbcn.cat\/wp-content\/uploads\/sites\/2\/2022\/09\/Capc\u0327alera_Montjuic_Web_Cast.png","width":1921,"height":1081},{"@type":"BreadcrumbList","@id":"https:\/\/www.museuolimpicbcn.cat\/es\/viu-montjuic-el-parque-de-la-cultura-celebra-su-segunda-edicion-con-mas-de-60-actividades\/#breadcrumb","itemListElement":[{"@type":"ListItem","position":1,"name":"Inici","item":"https:\/\/www.museuolimpicbcn.cat\/es\/"},{"@type":"ListItem","position":2,"name":"&#8216;Viu Montju\u00efc, el Parque de la Cultura&#8217;, celebra su segunda edici\u00f3n con m\u00e1s de 60 actividades"}]},{"@type":"WebSite","@id":"https:\/\/www.museuolimpicbcn.cat\/ca\/#website","url":"https:\/\/www.museuolimpicbcn.cat\/ca\/","name":"Museu Ol\u00edmpic i de l&#039;Esport Joan Antoni Samaranch. Barcelona","description":"Altre lloc Web del Museu Ol\u00edmpic i de l&#039;Esport llocs","publisher":{"@id":"https:\/\/www.museuolimpicbcn.cat\/ca\/#organization"},"potentialAction":[{"@type":"SearchAction","target":{"@type":"EntryPoint","urlTemplate":"https:\/\/www.museuolimpicbcn.cat\/ca\/?s={search_term_string}"},"query-input":{"@type":"PropertyValueSpecification","valueRequired":true,"valueName":"search_term_string"}}],"inLanguage":"es"},{"@type":"Organization","@id":"https:\/\/www.museuolimpicbcn.cat\/ca\/#organization","name":"Museu Ol\u00edmpic i de l&#039;Esport Joan Antoni Samaranch. Barcelona","url":"https:\/\/www.museuolimpicbcn.cat\/ca\/","logo":{"@type":"ImageObject","inLanguage":"es","@id":"https:\/\/www.museuolimpicbcn.cat\/ca\/#\/schema\/logo\/image\/","url":"https:\/\/www.museuolimpicbcn.cat\/wp-content\/uploads\/sites\/2\/2018\/12\/logo-moe-header.svg","contentUrl":"https:\/\/www.museuolimpicbcn.cat\/wp-content\/uploads\/sites\/2\/2018\/12\/logo-moe-header.svg","caption":"Museu Ol\u00edmpic i de l&#039;Esport Joan Antoni Samaranch. Barcelona"},"image":{"@id":"https:\/\/www.museuolimpicbcn.cat\/ca\/#\/schema\/logo\/image\/"}},{"@type":"Person","@id":"https:\/\/www.museuolimpicbcn.cat\/ca\/#\/schema\/person\/b792834a53f193977df425a499287aa9","name":"Ibone","url":"https:\/\/www.museuolimpicbcn.cat\/es\/author\/fbolimpica\/"}]}},"_links":{"self":[{"href":"https:\/\/www.museuolimpicbcn.cat\/es\/wp-json\/wp\/v2\/posts\/34478"}],"collection":[{"href":"https:\/\/www.museuolimpicbcn.cat\/es\/wp-json\/wp\/v2\/posts"}],"about":[{"href":"https:\/\/www.museuolimpicbcn.cat\/es\/wp-json\/wp\/v2\/types\/post"}],"author":[{"embeddable":true,"href":"https:\/\/www.museuolimpicbcn.cat\/es\/wp-json\/wp\/v2\/users\/11"}],"replies":[{"embeddable":true,"href":"https:\/\/www.museuolimpicbcn.cat\/es\/wp-json\/wp\/v2\/comments?post=34478"}],"version-history":[{"count":4,"href":"https:\/\/www.museuolimpicbcn.cat\/es\/wp-json\/wp\/v2\/posts\/34478\/revisions"}],"predecessor-version":[{"id":34555,"href":"https:\/\/www.museuolimpicbcn.cat\/es\/wp-json\/wp\/v2\/posts\/34478\/revisions\/34555"}],"wp:featuredmedia":[{"embeddable":true,"href":"https:\/\/www.museuolimpicbcn.cat\/es\/wp-json\/wp\/v2\/media\/34490"}],"wp:attachment":[{"href":"https:\/\/www.museuolimpicbcn.cat\/es\/wp-json\/wp\/v2\/media?parent=34478"}],"wp:term":[{"taxonomy":"category","embeddable":true,"href":"https:\/\/www.museuolimpicbcn.cat\/es\/wp-json\/wp\/v2\/categories?post=34478"},{"taxonomy":"post_tag","embeddable":true,"href":"https:\/\/www.museuolimpicbcn.cat\/es\/wp-json\/wp\/v2\/tags?post=34478"}],"curies":[{"name":"wp","href":"https:\/\/api.w.org\/{rel}","templated":true}]}}