{"id":35489,"date":"2022-11-16T18:39:50","date_gmt":"2022-11-16T17:39:50","guid":{"rendered":"https:\/\/www.museuolimpicbcn.cat\/?p=35489"},"modified":"2022-11-16T18:39:50","modified_gmt":"2022-11-16T17:39:50","slug":"barcelona-1992-y-su-legado-sostenible","status":"publish","type":"post","link":"https:\/\/www.museuolimpicbcn.cat\/es\/barcelona-1992-y-su-legado-sostenible\/","title":{"rendered":"Barcelona 1992 y su legado sostenible"},"content":{"rendered":"<h3>Jornada divulgativa: La gesti\u00f3n sostenible, uno de los legados menos conocidos de Barcelona\u201992.<\/h3>\n<p>Alberto Arag\u00f3n centr\u00f3 su tesis doctoral en los Juegos Ol\u00edmpicos de Barcelona\u201992 y el recorrido del legado y la sostenibilidad. En la jornada de hoy, enmarcada en la conmemoraci\u00f3n del 30 aniversario de los Juegos de Barcelona, Francesc Terr\u00f3n, director de la Fundaci\u00f3 Barcelona Ol\u00edmpica ha sido el encargado de dar la bienvenida al Museu Ol\u00edmpic junto a Juli Pernas, ex director de la FBO y miembro del departamento de Sostenibilidad del COE.<\/p>\n<p>Los Juegos Ol\u00edmpicos de Barcelona dejaron un importante legado, pero uno de los menos conocidos ha sido la del medio ambiente. Alberto Arag\u00f3n escribi\u00f3 una tesis doctoral donde se demuestra el papel clave de la ciudad de Barcelona, y algunas subsedes ol\u00edmpicas, en el desarrollo de buenas pr\u00e1cticas, y reivindica el papel clave y el nombre de la ciudad como ciudad pionera en esta materia dentro de lo historia del movimiento ol\u00edmpico.<\/p>\n<p>Alberto Arag\u00f3n es Doctor por el Centre d\u2019Estudis Ol\u00edmpics &#8211; adscrito al Departamento de Comunicaci\u00f3n de la UAB,\u00a0licenciado en Historia y ha cursado el m\u00e1ster en Historia Antigua por la Universidad Aut\u00f3noma de Madrid.<\/p>\n","protected":false},"excerpt":{"rendered":"<p>Jornada divulgativa: La gesti\u00f3n sostenible, uno de los legados menos conocidos de Barcelona\u201992. Alberto Arag\u00f3n centr\u00f3 su tesis doctoral en los Juegos Ol\u00edmpicos de Barcelona\u201992 y el recorrido del legado y la sostenibilidad. En la jornada de hoy, enmarcada en la conmemoraci\u00f3n del 30 aniversario de los Juegos de Barcelona, Francesc Terr\u00f3n, director de la [&hellip;]<\/p>\n","protected":false},"author":11,"featured_media":35526,"comment_status":"closed","ping_status":"closed","sticky":false,"template":"","format":"standard","meta":{"_acf_changed":false,"_price":"","_stock":"","_tribe_ticket_header":"","_tribe_default_ticket_provider":"","_tribe_ticket_capacity":"0","_ticket_start_date":"","_ticket_end_date":"","_tribe_ticket_show_description":"","_tribe_ticket_show_not_going":false,"_tribe_ticket_use_global_stock":"","_tribe_ticket_global_stock_level":"","_global_stock_mode":"","_global_stock_cap":"","_tribe_rsvp_for_event":"","_tribe_ticket_going_count":"","_tribe_ticket_not_going_count":"","_tribe_tickets_list":"[]","_tribe_ticket_has_attendee_info_fields":false,"footnotes":""},"categories":[3],"tags":[],"class_list":["post-35489","post","type-post","status-publish","format-standard","has-post-thumbnail","hentry","category-sin-categorizar"],"acf":[],"yoast_head":"<!-- This site is optimized with the Yoast SEO plugin v23.7 - https:\/\/yoast.com\/wordpress\/plugins\/seo\/ -->\n<title>Barcelona 1992 y su legado sostenible - Museu Ol\u00edmpic i de l&#039;Esport Joan Antoni Samaranch. Barcelona<\/title>\n<meta name=\"robots\" content=\"index, follow, max-snippet:-1, max-image-preview:large, max-video-preview:-1\" \/>\n<link rel=\"canonical\" href=\"https:\/\/www.museuolimpicbcn.cat\/es\/barcelona-1992-y-su-legado-sostenible\/\" \/>\n<meta property=\"og:locale\" content=\"es_ES\" \/>\n<meta property=\"og:type\" content=\"article\" \/>\n<meta property=\"og:title\" content=\"Barcelona 1992 y su legado sostenible - Museu Ol\u00edmpic i de l&#039;Esport Joan Antoni Samaranch. Barcelona\" \/>\n<meta property=\"og:description\" content=\"Jornada divulgativa: La gesti\u00f3n sostenible, uno de los legados menos conocidos de Barcelona\u201992. Alberto Arag\u00f3n centr\u00f3 su tesis doctoral en los Juegos Ol\u00edmpicos de Barcelona\u201992 y el recorrido del legado y la sostenibilidad. En la jornada de hoy, enmarcada en la conmemoraci\u00f3n del 30 aniversario de los Juegos de Barcelona, Francesc Terr\u00f3n, director de la [&hellip;]\" \/>\n<meta property=\"og:url\" content=\"https:\/\/www.museuolimpicbcn.cat\/es\/barcelona-1992-y-su-legado-sostenible\/\" \/>\n<meta property=\"og:site_name\" content=\"Museu Ol\u00edmpic i de l&#039;Esport Joan Antoni Samaranch. Barcelona\" \/>\n<meta property=\"article:published_time\" content=\"2022-11-16T17:39:50+00:00\" \/>\n<meta property=\"og:image\" content=\"https:\/\/www.museuolimpicbcn.cat\/wp-content\/uploads\/sites\/2\/2022\/11\/MuseuOli\u0301mpic-Sostenibilidad_11.jpg\" \/>\n\t<meta property=\"og:image:width\" content=\"1892\" \/>\n\t<meta property=\"og:image:height\" content=\"1080\" \/>\n\t<meta property=\"og:image:type\" content=\"image\/jpeg\" \/>\n<meta name=\"author\" content=\"Ibone\" \/>\n<meta name=\"twitter:card\" content=\"summary_large_image\" \/>\n<meta name=\"twitter:label1\" content=\"Escrito por\" \/>\n\t<meta name=\"twitter:data1\" content=\"Ibone\" \/>\n\t<meta name=\"twitter:label2\" content=\"Tiempo de lectura\" \/>\n\t<meta name=\"twitter:data2\" content=\"1 minuto\" \/>\n<script type=\"application\/ld+json\" class=\"yoast-schema-graph\">{\"@context\":\"https:\/\/schema.org\",\"@graph\":[{\"@type\":\"Article\",\"@id\":\"https:\/\/www.museuolimpicbcn.cat\/es\/barcelona-1992-y-su-legado-sostenible\/#article\",\"isPartOf\":{\"@id\":\"https:\/\/www.museuolimpicbcn.cat\/es\/barcelona-1992-y-su-legado-sostenible\/\"},\"author\":{\"name\":\"Ibone\",\"@id\":\"https:\/\/www.museuolimpicbcn.cat\/ca\/#\/schema\/person\/b792834a53f193977df425a499287aa9\"},\"headline\":\"Barcelona 1992 y su legado sostenible\",\"datePublished\":\"2022-11-16T17:39:50+00:00\",\"dateModified\":\"2022-11-16T17:39:50+00:00\",\"mainEntityOfPage\":{\"@id\":\"https:\/\/www.museuolimpicbcn.cat\/es\/barcelona-1992-y-su-legado-sostenible\/\"},\"wordCount\":215,\"publisher\":{\"@id\":\"https:\/\/www.museuolimpicbcn.cat\/ca\/#organization\"},\"image\":{\"@id\":\"https:\/\/www.museuolimpicbcn.cat\/es\/barcelona-1992-y-su-legado-sostenible\/#primaryimage\"},\"thumbnailUrl\":\"https:\/\/www.museuolimpicbcn.cat\/wp-content\/uploads\/sites\/2\/2022\/11\/MuseuOli\u0301mpic-Sostenibilidad_11.jpg\",\"articleSection\":[\"Sin categorizar\"],\"inLanguage\":\"es\"},{\"@type\":\"WebPage\",\"@id\":\"https:\/\/www.museuolimpicbcn.cat\/es\/barcelona-1992-y-su-legado-sostenible\/\",\"url\":\"https:\/\/www.museuolimpicbcn.cat\/es\/barcelona-1992-y-su-legado-sostenible\/\",\"name\":\"Barcelona 1992 y su legado sostenible - Museu Ol\u00edmpic i de l&#039;Esport Joan Antoni Samaranch. Barcelona\",\"isPartOf\":{\"@id\":\"https:\/\/www.museuolimpicbcn.cat\/ca\/#website\"},\"primaryImageOfPage\":{\"@id\":\"https:\/\/www.museuolimpicbcn.cat\/es\/barcelona-1992-y-su-legado-sostenible\/#primaryimage\"},\"image\":{\"@id\":\"https:\/\/www.museuolimpicbcn.cat\/es\/barcelona-1992-y-su-legado-sostenible\/#primaryimage\"},\"thumbnailUrl\":\"https:\/\/www.museuolimpicbcn.cat\/wp-content\/uploads\/sites\/2\/2022\/11\/MuseuOli\u0301mpic-Sostenibilidad_11.jpg\",\"datePublished\":\"2022-11-16T17:39:50+00:00\",\"dateModified\":\"2022-11-16T17:39:50+00:00\",\"breadcrumb\":{\"@id\":\"https:\/\/www.museuolimpicbcn.cat\/es\/barcelona-1992-y-su-legado-sostenible\/#breadcrumb\"},\"inLanguage\":\"es\",\"potentialAction\":[{\"@type\":\"ReadAction\",\"target\":[\"https:\/\/www.museuolimpicbcn.cat\/es\/barcelona-1992-y-su-legado-sostenible\/\"]}]},{\"@type\":\"ImageObject\",\"inLanguage\":\"es\",\"@id\":\"https:\/\/www.museuolimpicbcn.cat\/es\/barcelona-1992-y-su-legado-sostenible\/#primaryimage\",\"url\":\"https:\/\/www.museuolimpicbcn.cat\/wp-content\/uploads\/sites\/2\/2022\/11\/MuseuOli\u0301mpic-Sostenibilidad_11.jpg\",\"contentUrl\":\"https:\/\/www.museuolimpicbcn.cat\/wp-content\/uploads\/sites\/2\/2022\/11\/MuseuOli\u0301mpic-Sostenibilidad_11.jpg\",\"width\":1892,\"height\":1080},{\"@type\":\"BreadcrumbList\",\"@id\":\"https:\/\/www.museuolimpicbcn.cat\/es\/barcelona-1992-y-su-legado-sostenible\/#breadcrumb\",\"itemListElement\":[{\"@type\":\"ListItem\",\"position\":1,\"name\":\"Inici\",\"item\":\"https:\/\/www.museuolimpicbcn.cat\/es\/\"},{\"@type\":\"ListItem\",\"position\":2,\"name\":\"Barcelona 1992 y su legado sostenible\"}]},{\"@type\":\"WebSite\",\"@id\":\"https:\/\/www.museuolimpicbcn.cat\/ca\/#website\",\"url\":\"https:\/\/www.museuolimpicbcn.cat\/ca\/\",\"name\":\"Museu Ol\u00edmpic i de l&#039;Esport Joan Antoni Samaranch. Barcelona\",\"description\":\"Altre lloc Web del Museu Ol\u00edmpic i de l&#039;Esport llocs\",\"publisher\":{\"@id\":\"https:\/\/www.museuolimpicbcn.cat\/ca\/#organization\"},\"potentialAction\":[{\"@type\":\"SearchAction\",\"target\":{\"@type\":\"EntryPoint\",\"urlTemplate\":\"https:\/\/www.museuolimpicbcn.cat\/ca\/?s={search_term_string}\"},\"query-input\":{\"@type\":\"PropertyValueSpecification\",\"valueRequired\":true,\"valueName\":\"search_term_string\"}}],\"inLanguage\":\"es\"},{\"@type\":\"Organization\",\"@id\":\"https:\/\/www.museuolimpicbcn.cat\/ca\/#organization\",\"name\":\"Museu Ol\u00edmpic i de l&#039;Esport Joan Antoni Samaranch. Barcelona\",\"url\":\"https:\/\/www.museuolimpicbcn.cat\/ca\/\",\"logo\":{\"@type\":\"ImageObject\",\"inLanguage\":\"es\",\"@id\":\"https:\/\/www.museuolimpicbcn.cat\/ca\/#\/schema\/logo\/image\/\",\"url\":\"https:\/\/www.museuolimpicbcn.cat\/wp-content\/uploads\/sites\/2\/2018\/12\/logo-moe-header.svg\",\"contentUrl\":\"https:\/\/www.museuolimpicbcn.cat\/wp-content\/uploads\/sites\/2\/2018\/12\/logo-moe-header.svg\",\"caption\":\"Museu Ol\u00edmpic i de l&#039;Esport Joan Antoni Samaranch. Barcelona\"},\"image\":{\"@id\":\"https:\/\/www.museuolimpicbcn.cat\/ca\/#\/schema\/logo\/image\/\"}},{\"@type\":\"Person\",\"@id\":\"https:\/\/www.museuolimpicbcn.cat\/ca\/#\/schema\/person\/b792834a53f193977df425a499287aa9\",\"name\":\"Ibone\",\"url\":\"https:\/\/www.museuolimpicbcn.cat\/es\/author\/fbolimpica\/\"}]}<\/script>\n<!-- \/ Yoast SEO plugin. -->","yoast_head_json":{"title":"Barcelona 1992 y su legado sostenible - Museu Ol\u00edmpic i de l&#039;Esport Joan Antoni Samaranch. Barcelona","robots":{"index":"index","follow":"follow","max-snippet":"max-snippet:-1","max-image-preview":"max-image-preview:large","max-video-preview":"max-video-preview:-1"},"canonical":"https:\/\/www.museuolimpicbcn.cat\/es\/barcelona-1992-y-su-legado-sostenible\/","og_locale":"es_ES","og_type":"article","og_title":"Barcelona 1992 y su legado sostenible - Museu Ol\u00edmpic i de l&#039;Esport Joan Antoni Samaranch. Barcelona","og_description":"Jornada divulgativa: La gesti\u00f3n sostenible, uno de los legados menos conocidos de Barcelona\u201992. Alberto Arag\u00f3n centr\u00f3 su tesis doctoral en los Juegos Ol\u00edmpicos de Barcelona\u201992 y el recorrido del legado y la sostenibilidad. En la jornada de hoy, enmarcada en la conmemoraci\u00f3n del 30 aniversario de los Juegos de Barcelona, Francesc Terr\u00f3n, director de la [&hellip;]","og_url":"https:\/\/www.museuolimpicbcn.cat\/es\/barcelona-1992-y-su-legado-sostenible\/","og_site_name":"Museu Ol\u00edmpic i de l&#039;Esport Joan Antoni Samaranch. Barcelona","article_published_time":"2022-11-16T17:39:50+00:00","og_image":[{"width":1892,"height":1080,"url":"https:\/\/www.museuolimpicbcn.cat\/wp-content\/uploads\/sites\/2\/2022\/11\/MuseuOli\u0301mpic-Sostenibilidad_11.jpg","type":"image\/jpeg"}],"author":"Ibone","twitter_card":"summary_large_image","twitter_misc":{"Escrito por":"Ibone","Tiempo de lectura":"1 minuto"},"schema":{"@context":"https:\/\/schema.org","@graph":[{"@type":"Article","@id":"https:\/\/www.museuolimpicbcn.cat\/es\/barcelona-1992-y-su-legado-sostenible\/#article","isPartOf":{"@id":"https:\/\/www.museuolimpicbcn.cat\/es\/barcelona-1992-y-su-legado-sostenible\/"},"author":{"name":"Ibone","@id":"https:\/\/www.museuolimpicbcn.cat\/ca\/#\/schema\/person\/b792834a53f193977df425a499287aa9"},"headline":"Barcelona 1992 y su legado sostenible","datePublished":"2022-11-16T17:39:50+00:00","dateModified":"2022-11-16T17:39:50+00:00","mainEntityOfPage":{"@id":"https:\/\/www.museuolimpicbcn.cat\/es\/barcelona-1992-y-su-legado-sostenible\/"},"wordCount":215,"publisher":{"@id":"https:\/\/www.museuolimpicbcn.cat\/ca\/#organization"},"image":{"@id":"https:\/\/www.museuolimpicbcn.cat\/es\/barcelona-1992-y-su-legado-sostenible\/#primaryimage"},"thumbnailUrl":"https:\/\/www.museuolimpicbcn.cat\/wp-content\/uploads\/sites\/2\/2022\/11\/MuseuOli\u0301mpic-Sostenibilidad_11.jpg","articleSection":["Sin categorizar"],"inLanguage":"es"},{"@type":"WebPage","@id":"https:\/\/www.museuolimpicbcn.cat\/es\/barcelona-1992-y-su-legado-sostenible\/","url":"https:\/\/www.museuolimpicbcn.cat\/es\/barcelona-1992-y-su-legado-sostenible\/","name":"Barcelona 1992 y su legado sostenible - Museu Ol\u00edmpic i de l&#039;Esport Joan Antoni Samaranch. Barcelona","isPartOf":{"@id":"https:\/\/www.museuolimpicbcn.cat\/ca\/#website"},"primaryImageOfPage":{"@id":"https:\/\/www.museuolimpicbcn.cat\/es\/barcelona-1992-y-su-legado-sostenible\/#primaryimage"},"image":{"@id":"https:\/\/www.museuolimpicbcn.cat\/es\/barcelona-1992-y-su-legado-sostenible\/#primaryimage"},"thumbnailUrl":"https:\/\/www.museuolimpicbcn.cat\/wp-content\/uploads\/sites\/2\/2022\/11\/MuseuOli\u0301mpic-Sostenibilidad_11.jpg","datePublished":"2022-11-16T17:39:50+00:00","dateModified":"2022-11-16T17:39:50+00:00","breadcrumb":{"@id":"https:\/\/www.museuolimpicbcn.cat\/es\/barcelona-1992-y-su-legado-sostenible\/#breadcrumb"},"inLanguage":"es","potentialAction":[{"@type":"ReadAction","target":["https:\/\/www.museuolimpicbcn.cat\/es\/barcelona-1992-y-su-legado-sostenible\/"]}]},{"@type":"ImageObject","inLanguage":"es","@id":"https:\/\/www.museuolimpicbcn.cat\/es\/barcelona-1992-y-su-legado-sostenible\/#primaryimage","url":"https:\/\/www.museuolimpicbcn.cat\/wp-content\/uploads\/sites\/2\/2022\/11\/MuseuOli\u0301mpic-Sostenibilidad_11.jpg","contentUrl":"https:\/\/www.museuolimpicbcn.cat\/wp-content\/uploads\/sites\/2\/2022\/11\/MuseuOli\u0301mpic-Sostenibilidad_11.jpg","width":1892,"height":1080},{"@type":"BreadcrumbList","@id":"https:\/\/www.museuolimpicbcn.cat\/es\/barcelona-1992-y-su-legado-sostenible\/#breadcrumb","itemListElement":[{"@type":"ListItem","position":1,"name":"Inici","item":"https:\/\/www.museuolimpicbcn.cat\/es\/"},{"@type":"ListItem","position":2,"name":"Barcelona 1992 y su legado sostenible"}]},{"@type":"WebSite","@id":"https:\/\/www.museuolimpicbcn.cat\/ca\/#website","url":"https:\/\/www.museuolimpicbcn.cat\/ca\/","name":"Museu Ol\u00edmpic i de l&#039;Esport Joan Antoni Samaranch. Barcelona","description":"Altre lloc Web del Museu Ol\u00edmpic i de l&#039;Esport llocs","publisher":{"@id":"https:\/\/www.museuolimpicbcn.cat\/ca\/#organization"},"potentialAction":[{"@type":"SearchAction","target":{"@type":"EntryPoint","urlTemplate":"https:\/\/www.museuolimpicbcn.cat\/ca\/?s={search_term_string}"},"query-input":{"@type":"PropertyValueSpecification","valueRequired":true,"valueName":"search_term_string"}}],"inLanguage":"es"},{"@type":"Organization","@id":"https:\/\/www.museuolimpicbcn.cat\/ca\/#organization","name":"Museu Ol\u00edmpic i de l&#039;Esport Joan Antoni Samaranch. Barcelona","url":"https:\/\/www.museuolimpicbcn.cat\/ca\/","logo":{"@type":"ImageObject","inLanguage":"es","@id":"https:\/\/www.museuolimpicbcn.cat\/ca\/#\/schema\/logo\/image\/","url":"https:\/\/www.museuolimpicbcn.cat\/wp-content\/uploads\/sites\/2\/2018\/12\/logo-moe-header.svg","contentUrl":"https:\/\/www.museuolimpicbcn.cat\/wp-content\/uploads\/sites\/2\/2018\/12\/logo-moe-header.svg","caption":"Museu Ol\u00edmpic i de l&#039;Esport Joan Antoni Samaranch. Barcelona"},"image":{"@id":"https:\/\/www.museuolimpicbcn.cat\/ca\/#\/schema\/logo\/image\/"}},{"@type":"Person","@id":"https:\/\/www.museuolimpicbcn.cat\/ca\/#\/schema\/person\/b792834a53f193977df425a499287aa9","name":"Ibone","url":"https:\/\/www.museuolimpicbcn.cat\/es\/author\/fbolimpica\/"}]}},"_links":{"self":[{"href":"https:\/\/www.museuolimpicbcn.cat\/es\/wp-json\/wp\/v2\/posts\/35489"}],"collection":[{"href":"https:\/\/www.museuolimpicbcn.cat\/es\/wp-json\/wp\/v2\/posts"}],"about":[{"href":"https:\/\/www.museuolimpicbcn.cat\/es\/wp-json\/wp\/v2\/types\/post"}],"author":[{"embeddable":true,"href":"https:\/\/www.museuolimpicbcn.cat\/es\/wp-json\/wp\/v2\/users\/11"}],"replies":[{"embeddable":true,"href":"https:\/\/www.museuolimpicbcn.cat\/es\/wp-json\/wp\/v2\/comments?post=35489"}],"version-history":[{"count":3,"href":"https:\/\/www.museuolimpicbcn.cat\/es\/wp-json\/wp\/v2\/posts\/35489\/revisions"}],"predecessor-version":[{"id":35534,"href":"https:\/\/www.museuolimpicbcn.cat\/es\/wp-json\/wp\/v2\/posts\/35489\/revisions\/35534"}],"wp:featuredmedia":[{"embeddable":true,"href":"https:\/\/www.museuolimpicbcn.cat\/es\/wp-json\/wp\/v2\/media\/35526"}],"wp:attachment":[{"href":"https:\/\/www.museuolimpicbcn.cat\/es\/wp-json\/wp\/v2\/media?parent=35489"}],"wp:term":[{"taxonomy":"category","embeddable":true,"href":"https:\/\/www.museuolimpicbcn.cat\/es\/wp-json\/wp\/v2\/categories?post=35489"},{"taxonomy":"post_tag","embeddable":true,"href":"https:\/\/www.museuolimpicbcn.cat\/es\/wp-json\/wp\/v2\/tags?post=35489"}],"curies":[{"name":"wp","href":"https:\/\/api.w.org\/{rel}","templated":true}]}}