{"id":37467,"date":"2023-06-20T17:55:17","date_gmt":"2023-06-20T15:55:17","guid":{"rendered":"https:\/\/www.museuolimpicbcn.cat\/?p=37467"},"modified":"2023-06-20T17:56:05","modified_gmt":"2023-06-20T15:56:05","slug":"barcelona-mas-de-un-siglo-de-ciclismo-una-mesa-redonda-vinculada-a-la-actualidad-del-ciclismo-y-su-historia","status":"publish","type":"post","link":"https:\/\/www.museuolimpicbcn.cat\/es\/barcelona-mas-de-un-siglo-de-ciclismo-una-mesa-redonda-vinculada-a-la-actualidad-del-ciclismo-y-su-historia\/","title":{"rendered":"\u201cBarcelona, m\u00e1s de un siglo de ciclismo\u201d una mesa redonda vinculada a la actualidad del ciclismo y su historia"},"content":{"rendered":"<p>Frank Terr\u00f3n, director de la Fundaci\u00f3n Barcelona Ol\u00edmpica, ha sido el encargado de abrir el Aula de Historia \u201cBarcelona, m\u00e1s de un siglo de ciclismo\u201d al Museo Ol\u00edmpico de Barcelona.<\/p>\n<p>La mesa redonda ha sido compuesta por Arcadi Alib\u00e9s, periodista deportivo; Juli Pernas, historiador, autor de varias publicaciones sobre la historia del deporte en la ciudad de Barcelona; Marta Vilajosana, responsable del \u00e1rea t\u00e9cnica de la Federaci\u00f3n Catalana de Ciclismo; Rub\u00e8n Peris, gestor mundo ciclista y presidente Vuelta en Catalu\u00f1a y Sergi Valdivieso, moderador del acontecimiento.<\/p>\n<p>Se han tratado temas como la vertiente period\u00edstica en las retransmisiones ciclistas, la fiesta de la bicicleta y el ciclismo en Barcelona, la gesti\u00f3n del ciclismo en el \u00e1mbito federativo y\/o la evoluci\u00f3n del modelo de la Vuelta en Catalu\u00f1a en los \u00faltimos a\u00f1os.<\/p>\n<p>Durante el acto tambi\u00e9n se ha presentado el libro de la colecci\u00f3n \u201cAula de Historia\u201d \u201cBarcelona, m\u00e1s de un siglo de ciclismo\u201d escrito por Joan Manel Surroca, Juli Pernas, Sergi Valdivieso, Ra\u00fcl V\u00e1zquez i Francesc Terr\u00f3n.<\/p>\n<p>\u201cPor segunda vez a la historia, La Vuelta Ciclista a Espa\u00f1a ha escogido Barcelona como ciudad anfitriona para organizar el inicio de la carrera en su 78.\u00aa edici\u00f3n. Coincidiendo con esta efem\u00e9ride, la Fundaci\u00f3n Barcelona Ol\u00edmpica, desde el Centro de Estudios Ol\u00edmpicos y del Deporte Joan Antoni Samaranch, ha querido dedicar este libreto a la historia de la bicicleta y el ciclismo en la ciudad. Es un trabajo fruto de la colaboraci\u00f3n entre varias personas que, a trav\u00e9s de investigaciones, hist\u00f3ricas y\/o verbales, y experiencias personales, nos explican el origen del ciclismo y los vel\u00f3dromos en Barcelona; rememoran algunas de las pruebas ciclistas m\u00e1s conocidas, tanto a escala local como internacional, y tienen la ciudad como nexo de uni\u00f3n, sin olvidar la vertiente ol\u00edmpica, con la participaci\u00f3n de los ciclistas catalanes en los Juegos Ol\u00edmpicos.\u201d<\/p>\n<p>Os recordamos que si no hab\u00e9is podido asistir al acto pod\u00e9is visionarlo a trav\u00e9s de nuestro canal YOUTUBE: : <a href=\"https:\/\/www.youtube.com\/channel\/UCgKI2RTztZbmweLYjePyasQ\">Fundaci\u00f3 Barcelona Ol\u00edmpica \u2013 Museu Ol\u00edmpic<\/a>.<\/p>\n","protected":false},"excerpt":{"rendered":"<p>Frank Terr\u00f3n, director de la Fundaci\u00f3n Barcelona Ol\u00edmpica, ha sido el encargado de abrir el Aula de Historia \u201cBarcelona, m\u00e1s de un siglo de ciclismo\u201d al Museo Ol\u00edmpico de Barcelona. La mesa redonda ha sido compuesta por Arcadi Alib\u00e9s, periodista deportivo; Juli Pernas, historiador, autor de varias publicaciones sobre la historia del deporte en la [&hellip;]<\/p>\n","protected":false},"author":11,"featured_media":37490,"comment_status":"closed","ping_status":"closed","sticky":false,"template":"","format":"standard","meta":{"_acf_changed":false,"_price":"","_stock":"","_tribe_ticket_header":"","_tribe_default_ticket_provider":"","_tribe_ticket_capacity":"0","_ticket_start_date":"","_ticket_end_date":"","_tribe_ticket_show_description":"","_tribe_ticket_show_not_going":false,"_tribe_ticket_use_global_stock":"","_tribe_ticket_global_stock_level":"","_global_stock_mode":"","_global_stock_cap":"","_tribe_rsvp_for_event":"","_tribe_ticket_going_count":"","_tribe_ticket_not_going_count":"","_tribe_tickets_list":"[]","_tribe_ticket_has_attendee_info_fields":false,"footnotes":""},"categories":[3],"tags":[],"class_list":["post-37467","post","type-post","status-publish","format-standard","has-post-thumbnail","hentry","category-sin-categorizar"],"acf":[],"yoast_head":"<!-- This site is optimized with the Yoast SEO plugin v23.7 - https:\/\/yoast.com\/wordpress\/plugins\/seo\/ -->\n<title>\u201cBarcelona, m\u00e1s de un siglo de ciclismo\u201d una mesa redonda vinculada a la actualidad del ciclismo y su historia - Museu Ol\u00edmpic i de l&#039;Esport Joan Antoni Samaranch. Barcelona<\/title>\n<meta name=\"robots\" content=\"index, follow, max-snippet:-1, max-image-preview:large, max-video-preview:-1\" \/>\n<link rel=\"canonical\" href=\"https:\/\/www.museuolimpicbcn.cat\/es\/barcelona-mas-de-un-siglo-de-ciclismo-una-mesa-redonda-vinculada-a-la-actualidad-del-ciclismo-y-su-historia\/\" \/>\n<meta property=\"og:locale\" content=\"es_ES\" \/>\n<meta property=\"og:type\" content=\"article\" \/>\n<meta property=\"og:title\" content=\"\u201cBarcelona, m\u00e1s de un siglo de ciclismo\u201d una mesa redonda vinculada a la actualidad del ciclismo y su historia - Museu Ol\u00edmpic i de l&#039;Esport Joan Antoni Samaranch. Barcelona\" \/>\n<meta property=\"og:description\" content=\"Frank Terr\u00f3n, director de la Fundaci\u00f3n Barcelona Ol\u00edmpica, ha sido el encargado de abrir el Aula de Historia \u201cBarcelona, m\u00e1s de un siglo de ciclismo\u201d al Museo Ol\u00edmpico de Barcelona. La mesa redonda ha sido compuesta por Arcadi Alib\u00e9s, periodista deportivo; Juli Pernas, historiador, autor de varias publicaciones sobre la historia del deporte en la [&hellip;]\" \/>\n<meta property=\"og:url\" content=\"https:\/\/www.museuolimpicbcn.cat\/es\/barcelona-mas-de-un-siglo-de-ciclismo-una-mesa-redonda-vinculada-a-la-actualidad-del-ciclismo-y-su-historia\/\" \/>\n<meta property=\"og:site_name\" content=\"Museu Ol\u00edmpic i de l&#039;Esport Joan Antoni Samaranch. Barcelona\" \/>\n<meta property=\"article:published_time\" content=\"2023-06-20T15:55:17+00:00\" \/>\n<meta property=\"article:modified_time\" content=\"2023-06-20T15:56:05+00:00\" \/>\n<meta property=\"og:image\" content=\"https:\/\/www.museuolimpicbcn.cat\/wp-content\/uploads\/sites\/2\/2023\/06\/AdH-Ciclisme-Barcelona-MuseuOlimpicBCN_1.jpg\" \/>\n\t<meta property=\"og:image:width\" content=\"1468\" \/>\n\t<meta property=\"og:image:height\" content=\"1080\" \/>\n\t<meta property=\"og:image:type\" content=\"image\/jpeg\" \/>\n<meta name=\"author\" content=\"Ibone\" \/>\n<meta name=\"twitter:card\" content=\"summary_large_image\" \/>\n<meta name=\"twitter:label1\" content=\"Escrito por\" \/>\n\t<meta name=\"twitter:data1\" content=\"Ibone\" \/>\n\t<meta name=\"twitter:label2\" content=\"Tiempo de lectura\" \/>\n\t<meta name=\"twitter:data2\" content=\"2 minutos\" \/>\n<script type=\"application\/ld+json\" class=\"yoast-schema-graph\">{\"@context\":\"https:\/\/schema.org\",\"@graph\":[{\"@type\":\"Article\",\"@id\":\"https:\/\/www.museuolimpicbcn.cat\/es\/barcelona-mas-de-un-siglo-de-ciclismo-una-mesa-redonda-vinculada-a-la-actualidad-del-ciclismo-y-su-historia\/#article\",\"isPartOf\":{\"@id\":\"https:\/\/www.museuolimpicbcn.cat\/es\/barcelona-mas-de-un-siglo-de-ciclismo-una-mesa-redonda-vinculada-a-la-actualidad-del-ciclismo-y-su-historia\/\"},\"author\":{\"name\":\"Ibone\",\"@id\":\"https:\/\/www.museuolimpicbcn.cat\/ca\/#\/schema\/person\/b792834a53f193977df425a499287aa9\"},\"headline\":\"\u201cBarcelona, m\u00e1s de un siglo de ciclismo\u201d una mesa redonda vinculada a la actualidad del ciclismo y su historia\",\"datePublished\":\"2023-06-20T15:55:17+00:00\",\"dateModified\":\"2023-06-20T15:56:05+00:00\",\"mainEntityOfPage\":{\"@id\":\"https:\/\/www.museuolimpicbcn.cat\/es\/barcelona-mas-de-un-siglo-de-ciclismo-una-mesa-redonda-vinculada-a-la-actualidad-del-ciclismo-y-su-historia\/\"},\"wordCount\":386,\"publisher\":{\"@id\":\"https:\/\/www.museuolimpicbcn.cat\/ca\/#organization\"},\"image\":{\"@id\":\"https:\/\/www.museuolimpicbcn.cat\/es\/barcelona-mas-de-un-siglo-de-ciclismo-una-mesa-redonda-vinculada-a-la-actualidad-del-ciclismo-y-su-historia\/#primaryimage\"},\"thumbnailUrl\":\"https:\/\/www.museuolimpicbcn.cat\/wp-content\/uploads\/sites\/2\/2023\/06\/AdH-Ciclisme-Barcelona-MuseuOlimpicBCN_1.jpg\",\"articleSection\":[\"Sin categorizar\"],\"inLanguage\":\"es\"},{\"@type\":\"WebPage\",\"@id\":\"https:\/\/www.museuolimpicbcn.cat\/es\/barcelona-mas-de-un-siglo-de-ciclismo-una-mesa-redonda-vinculada-a-la-actualidad-del-ciclismo-y-su-historia\/\",\"url\":\"https:\/\/www.museuolimpicbcn.cat\/es\/barcelona-mas-de-un-siglo-de-ciclismo-una-mesa-redonda-vinculada-a-la-actualidad-del-ciclismo-y-su-historia\/\",\"name\":\"\u201cBarcelona, m\u00e1s de un siglo de ciclismo\u201d una mesa redonda vinculada a la actualidad del ciclismo y su historia - Museu Ol\u00edmpic i de l&#039;Esport Joan Antoni Samaranch. Barcelona\",\"isPartOf\":{\"@id\":\"https:\/\/www.museuolimpicbcn.cat\/ca\/#website\"},\"primaryImageOfPage\":{\"@id\":\"https:\/\/www.museuolimpicbcn.cat\/es\/barcelona-mas-de-un-siglo-de-ciclismo-una-mesa-redonda-vinculada-a-la-actualidad-del-ciclismo-y-su-historia\/#primaryimage\"},\"image\":{\"@id\":\"https:\/\/www.museuolimpicbcn.cat\/es\/barcelona-mas-de-un-siglo-de-ciclismo-una-mesa-redonda-vinculada-a-la-actualidad-del-ciclismo-y-su-historia\/#primaryimage\"},\"thumbnailUrl\":\"https:\/\/www.museuolimpicbcn.cat\/wp-content\/uploads\/sites\/2\/2023\/06\/AdH-Ciclisme-Barcelona-MuseuOlimpicBCN_1.jpg\",\"datePublished\":\"2023-06-20T15:55:17+00:00\",\"dateModified\":\"2023-06-20T15:56:05+00:00\",\"breadcrumb\":{\"@id\":\"https:\/\/www.museuolimpicbcn.cat\/es\/barcelona-mas-de-un-siglo-de-ciclismo-una-mesa-redonda-vinculada-a-la-actualidad-del-ciclismo-y-su-historia\/#breadcrumb\"},\"inLanguage\":\"es\",\"potentialAction\":[{\"@type\":\"ReadAction\",\"target\":[\"https:\/\/www.museuolimpicbcn.cat\/es\/barcelona-mas-de-un-siglo-de-ciclismo-una-mesa-redonda-vinculada-a-la-actualidad-del-ciclismo-y-su-historia\/\"]}]},{\"@type\":\"ImageObject\",\"inLanguage\":\"es\",\"@id\":\"https:\/\/www.museuolimpicbcn.cat\/es\/barcelona-mas-de-un-siglo-de-ciclismo-una-mesa-redonda-vinculada-a-la-actualidad-del-ciclismo-y-su-historia\/#primaryimage\",\"url\":\"https:\/\/www.museuolimpicbcn.cat\/wp-content\/uploads\/sites\/2\/2023\/06\/AdH-Ciclisme-Barcelona-MuseuOlimpicBCN_1.jpg\",\"contentUrl\":\"https:\/\/www.museuolimpicbcn.cat\/wp-content\/uploads\/sites\/2\/2023\/06\/AdH-Ciclisme-Barcelona-MuseuOlimpicBCN_1.jpg\",\"width\":1468,\"height\":1080},{\"@type\":\"BreadcrumbList\",\"@id\":\"https:\/\/www.museuolimpicbcn.cat\/es\/barcelona-mas-de-un-siglo-de-ciclismo-una-mesa-redonda-vinculada-a-la-actualidad-del-ciclismo-y-su-historia\/#breadcrumb\",\"itemListElement\":[{\"@type\":\"ListItem\",\"position\":1,\"name\":\"Inici\",\"item\":\"https:\/\/www.museuolimpicbcn.cat\/es\/\"},{\"@type\":\"ListItem\",\"position\":2,\"name\":\"\u201cBarcelona, m\u00e1s de un siglo de ciclismo\u201d una mesa redonda vinculada a la actualidad del ciclismo y su historia\"}]},{\"@type\":\"WebSite\",\"@id\":\"https:\/\/www.museuolimpicbcn.cat\/ca\/#website\",\"url\":\"https:\/\/www.museuolimpicbcn.cat\/ca\/\",\"name\":\"Museu Ol\u00edmpic i de l&#039;Esport Joan Antoni Samaranch. Barcelona\",\"description\":\"Altre lloc Web del Museu Ol\u00edmpic i de l&#039;Esport llocs\",\"publisher\":{\"@id\":\"https:\/\/www.museuolimpicbcn.cat\/ca\/#organization\"},\"potentialAction\":[{\"@type\":\"SearchAction\",\"target\":{\"@type\":\"EntryPoint\",\"urlTemplate\":\"https:\/\/www.museuolimpicbcn.cat\/ca\/?s={search_term_string}\"},\"query-input\":{\"@type\":\"PropertyValueSpecification\",\"valueRequired\":true,\"valueName\":\"search_term_string\"}}],\"inLanguage\":\"es\"},{\"@type\":\"Organization\",\"@id\":\"https:\/\/www.museuolimpicbcn.cat\/ca\/#organization\",\"name\":\"Museu Ol\u00edmpic i de l&#039;Esport Joan Antoni Samaranch. Barcelona\",\"url\":\"https:\/\/www.museuolimpicbcn.cat\/ca\/\",\"logo\":{\"@type\":\"ImageObject\",\"inLanguage\":\"es\",\"@id\":\"https:\/\/www.museuolimpicbcn.cat\/ca\/#\/schema\/logo\/image\/\",\"url\":\"https:\/\/www.museuolimpicbcn.cat\/wp-content\/uploads\/sites\/2\/2018\/12\/logo-moe-header.svg\",\"contentUrl\":\"https:\/\/www.museuolimpicbcn.cat\/wp-content\/uploads\/sites\/2\/2018\/12\/logo-moe-header.svg\",\"caption\":\"Museu Ol\u00edmpic i de l&#039;Esport Joan Antoni Samaranch. Barcelona\"},\"image\":{\"@id\":\"https:\/\/www.museuolimpicbcn.cat\/ca\/#\/schema\/logo\/image\/\"}},{\"@type\":\"Person\",\"@id\":\"https:\/\/www.museuolimpicbcn.cat\/ca\/#\/schema\/person\/b792834a53f193977df425a499287aa9\",\"name\":\"Ibone\",\"url\":\"https:\/\/www.museuolimpicbcn.cat\/es\/author\/fbolimpica\/\"}]}<\/script>\n<!-- \/ Yoast SEO plugin. -->","yoast_head_json":{"title":"\u201cBarcelona, m\u00e1s de un siglo de ciclismo\u201d una mesa redonda vinculada a la actualidad del ciclismo y su historia - Museu Ol\u00edmpic i de l&#039;Esport Joan Antoni Samaranch. Barcelona","robots":{"index":"index","follow":"follow","max-snippet":"max-snippet:-1","max-image-preview":"max-image-preview:large","max-video-preview":"max-video-preview:-1"},"canonical":"https:\/\/www.museuolimpicbcn.cat\/es\/barcelona-mas-de-un-siglo-de-ciclismo-una-mesa-redonda-vinculada-a-la-actualidad-del-ciclismo-y-su-historia\/","og_locale":"es_ES","og_type":"article","og_title":"\u201cBarcelona, m\u00e1s de un siglo de ciclismo\u201d una mesa redonda vinculada a la actualidad del ciclismo y su historia - Museu Ol\u00edmpic i de l&#039;Esport Joan Antoni Samaranch. Barcelona","og_description":"Frank Terr\u00f3n, director de la Fundaci\u00f3n Barcelona Ol\u00edmpica, ha sido el encargado de abrir el Aula de Historia \u201cBarcelona, m\u00e1s de un siglo de ciclismo\u201d al Museo Ol\u00edmpico de Barcelona. La mesa redonda ha sido compuesta por Arcadi Alib\u00e9s, periodista deportivo; Juli Pernas, historiador, autor de varias publicaciones sobre la historia del deporte en la [&hellip;]","og_url":"https:\/\/www.museuolimpicbcn.cat\/es\/barcelona-mas-de-un-siglo-de-ciclismo-una-mesa-redonda-vinculada-a-la-actualidad-del-ciclismo-y-su-historia\/","og_site_name":"Museu Ol\u00edmpic i de l&#039;Esport Joan Antoni Samaranch. Barcelona","article_published_time":"2023-06-20T15:55:17+00:00","article_modified_time":"2023-06-20T15:56:05+00:00","og_image":[{"width":1468,"height":1080,"url":"https:\/\/www.museuolimpicbcn.cat\/wp-content\/uploads\/sites\/2\/2023\/06\/AdH-Ciclisme-Barcelona-MuseuOlimpicBCN_1.jpg","type":"image\/jpeg"}],"author":"Ibone","twitter_card":"summary_large_image","twitter_misc":{"Escrito por":"Ibone","Tiempo de lectura":"2 minutos"},"schema":{"@context":"https:\/\/schema.org","@graph":[{"@type":"Article","@id":"https:\/\/www.museuolimpicbcn.cat\/es\/barcelona-mas-de-un-siglo-de-ciclismo-una-mesa-redonda-vinculada-a-la-actualidad-del-ciclismo-y-su-historia\/#article","isPartOf":{"@id":"https:\/\/www.museuolimpicbcn.cat\/es\/barcelona-mas-de-un-siglo-de-ciclismo-una-mesa-redonda-vinculada-a-la-actualidad-del-ciclismo-y-su-historia\/"},"author":{"name":"Ibone","@id":"https:\/\/www.museuolimpicbcn.cat\/ca\/#\/schema\/person\/b792834a53f193977df425a499287aa9"},"headline":"\u201cBarcelona, m\u00e1s de un siglo de ciclismo\u201d una mesa redonda vinculada a la actualidad del ciclismo y su historia","datePublished":"2023-06-20T15:55:17+00:00","dateModified":"2023-06-20T15:56:05+00:00","mainEntityOfPage":{"@id":"https:\/\/www.museuolimpicbcn.cat\/es\/barcelona-mas-de-un-siglo-de-ciclismo-una-mesa-redonda-vinculada-a-la-actualidad-del-ciclismo-y-su-historia\/"},"wordCount":386,"publisher":{"@id":"https:\/\/www.museuolimpicbcn.cat\/ca\/#organization"},"image":{"@id":"https:\/\/www.museuolimpicbcn.cat\/es\/barcelona-mas-de-un-siglo-de-ciclismo-una-mesa-redonda-vinculada-a-la-actualidad-del-ciclismo-y-su-historia\/#primaryimage"},"thumbnailUrl":"https:\/\/www.museuolimpicbcn.cat\/wp-content\/uploads\/sites\/2\/2023\/06\/AdH-Ciclisme-Barcelona-MuseuOlimpicBCN_1.jpg","articleSection":["Sin categorizar"],"inLanguage":"es"},{"@type":"WebPage","@id":"https:\/\/www.museuolimpicbcn.cat\/es\/barcelona-mas-de-un-siglo-de-ciclismo-una-mesa-redonda-vinculada-a-la-actualidad-del-ciclismo-y-su-historia\/","url":"https:\/\/www.museuolimpicbcn.cat\/es\/barcelona-mas-de-un-siglo-de-ciclismo-una-mesa-redonda-vinculada-a-la-actualidad-del-ciclismo-y-su-historia\/","name":"\u201cBarcelona, m\u00e1s de un siglo de ciclismo\u201d una mesa redonda vinculada a la actualidad del ciclismo y su historia - Museu Ol\u00edmpic i de l&#039;Esport Joan Antoni Samaranch. Barcelona","isPartOf":{"@id":"https:\/\/www.museuolimpicbcn.cat\/ca\/#website"},"primaryImageOfPage":{"@id":"https:\/\/www.museuolimpicbcn.cat\/es\/barcelona-mas-de-un-siglo-de-ciclismo-una-mesa-redonda-vinculada-a-la-actualidad-del-ciclismo-y-su-historia\/#primaryimage"},"image":{"@id":"https:\/\/www.museuolimpicbcn.cat\/es\/barcelona-mas-de-un-siglo-de-ciclismo-una-mesa-redonda-vinculada-a-la-actualidad-del-ciclismo-y-su-historia\/#primaryimage"},"thumbnailUrl":"https:\/\/www.museuolimpicbcn.cat\/wp-content\/uploads\/sites\/2\/2023\/06\/AdH-Ciclisme-Barcelona-MuseuOlimpicBCN_1.jpg","datePublished":"2023-06-20T15:55:17+00:00","dateModified":"2023-06-20T15:56:05+00:00","breadcrumb":{"@id":"https:\/\/www.museuolimpicbcn.cat\/es\/barcelona-mas-de-un-siglo-de-ciclismo-una-mesa-redonda-vinculada-a-la-actualidad-del-ciclismo-y-su-historia\/#breadcrumb"},"inLanguage":"es","potentialAction":[{"@type":"ReadAction","target":["https:\/\/www.museuolimpicbcn.cat\/es\/barcelona-mas-de-un-siglo-de-ciclismo-una-mesa-redonda-vinculada-a-la-actualidad-del-ciclismo-y-su-historia\/"]}]},{"@type":"ImageObject","inLanguage":"es","@id":"https:\/\/www.museuolimpicbcn.cat\/es\/barcelona-mas-de-un-siglo-de-ciclismo-una-mesa-redonda-vinculada-a-la-actualidad-del-ciclismo-y-su-historia\/#primaryimage","url":"https:\/\/www.museuolimpicbcn.cat\/wp-content\/uploads\/sites\/2\/2023\/06\/AdH-Ciclisme-Barcelona-MuseuOlimpicBCN_1.jpg","contentUrl":"https:\/\/www.museuolimpicbcn.cat\/wp-content\/uploads\/sites\/2\/2023\/06\/AdH-Ciclisme-Barcelona-MuseuOlimpicBCN_1.jpg","width":1468,"height":1080},{"@type":"BreadcrumbList","@id":"https:\/\/www.museuolimpicbcn.cat\/es\/barcelona-mas-de-un-siglo-de-ciclismo-una-mesa-redonda-vinculada-a-la-actualidad-del-ciclismo-y-su-historia\/#breadcrumb","itemListElement":[{"@type":"ListItem","position":1,"name":"Inici","item":"https:\/\/www.museuolimpicbcn.cat\/es\/"},{"@type":"ListItem","position":2,"name":"\u201cBarcelona, m\u00e1s de un siglo de ciclismo\u201d una mesa redonda vinculada a la actualidad del ciclismo y su historia"}]},{"@type":"WebSite","@id":"https:\/\/www.museuolimpicbcn.cat\/ca\/#website","url":"https:\/\/www.museuolimpicbcn.cat\/ca\/","name":"Museu Ol\u00edmpic i de l&#039;Esport Joan Antoni Samaranch. Barcelona","description":"Altre lloc Web del Museu Ol\u00edmpic i de l&#039;Esport llocs","publisher":{"@id":"https:\/\/www.museuolimpicbcn.cat\/ca\/#organization"},"potentialAction":[{"@type":"SearchAction","target":{"@type":"EntryPoint","urlTemplate":"https:\/\/www.museuolimpicbcn.cat\/ca\/?s={search_term_string}"},"query-input":{"@type":"PropertyValueSpecification","valueRequired":true,"valueName":"search_term_string"}}],"inLanguage":"es"},{"@type":"Organization","@id":"https:\/\/www.museuolimpicbcn.cat\/ca\/#organization","name":"Museu Ol\u00edmpic i de l&#039;Esport Joan Antoni Samaranch. Barcelona","url":"https:\/\/www.museuolimpicbcn.cat\/ca\/","logo":{"@type":"ImageObject","inLanguage":"es","@id":"https:\/\/www.museuolimpicbcn.cat\/ca\/#\/schema\/logo\/image\/","url":"https:\/\/www.museuolimpicbcn.cat\/wp-content\/uploads\/sites\/2\/2018\/12\/logo-moe-header.svg","contentUrl":"https:\/\/www.museuolimpicbcn.cat\/wp-content\/uploads\/sites\/2\/2018\/12\/logo-moe-header.svg","caption":"Museu Ol\u00edmpic i de l&#039;Esport Joan Antoni Samaranch. Barcelona"},"image":{"@id":"https:\/\/www.museuolimpicbcn.cat\/ca\/#\/schema\/logo\/image\/"}},{"@type":"Person","@id":"https:\/\/www.museuolimpicbcn.cat\/ca\/#\/schema\/person\/b792834a53f193977df425a499287aa9","name":"Ibone","url":"https:\/\/www.museuolimpicbcn.cat\/es\/author\/fbolimpica\/"}]}},"_links":{"self":[{"href":"https:\/\/www.museuolimpicbcn.cat\/es\/wp-json\/wp\/v2\/posts\/37467"}],"collection":[{"href":"https:\/\/www.museuolimpicbcn.cat\/es\/wp-json\/wp\/v2\/posts"}],"about":[{"href":"https:\/\/www.museuolimpicbcn.cat\/es\/wp-json\/wp\/v2\/types\/post"}],"author":[{"embeddable":true,"href":"https:\/\/www.museuolimpicbcn.cat\/es\/wp-json\/wp\/v2\/users\/11"}],"replies":[{"embeddable":true,"href":"https:\/\/www.museuolimpicbcn.cat\/es\/wp-json\/wp\/v2\/comments?post=37467"}],"version-history":[{"count":4,"href":"https:\/\/www.museuolimpicbcn.cat\/es\/wp-json\/wp\/v2\/posts\/37467\/revisions"}],"predecessor-version":[{"id":37542,"href":"https:\/\/www.museuolimpicbcn.cat\/es\/wp-json\/wp\/v2\/posts\/37467\/revisions\/37542"}],"wp:featuredmedia":[{"embeddable":true,"href":"https:\/\/www.museuolimpicbcn.cat\/es\/wp-json\/wp\/v2\/media\/37490"}],"wp:attachment":[{"href":"https:\/\/www.museuolimpicbcn.cat\/es\/wp-json\/wp\/v2\/media?parent=37467"}],"wp:term":[{"taxonomy":"category","embeddable":true,"href":"https:\/\/www.museuolimpicbcn.cat\/es\/wp-json\/wp\/v2\/categories?post=37467"},{"taxonomy":"post_tag","embeddable":true,"href":"https:\/\/www.museuolimpicbcn.cat\/es\/wp-json\/wp\/v2\/tags?post=37467"}],"curies":[{"name":"wp","href":"https:\/\/api.w.org\/{rel}","templated":true}]}}