{"id":37651,"date":"2023-07-06T12:19:01","date_gmt":"2023-07-06T10:19:01","guid":{"rendered":"https:\/\/www.museuolimpicbcn.cat\/?p=37651"},"modified":"2023-07-06T12:19:01","modified_gmt":"2023-07-06T10:19:01","slug":"presentacion-y-sorteo-del-torneo-de-historicos-del-futbol-catalan-2023","status":"publish","type":"post","link":"https:\/\/www.museuolimpicbcn.cat\/es\/presentacion-y-sorteo-del-torneo-de-historicos-del-futbol-catalan-2023\/","title":{"rendered":"Presentaci\u00f3n y sorteo del Torneo de Hist\u00f3ricos del F\u00fatbol Catal\u00e1n 2023"},"content":{"rendered":"<p>Francesc Terr\u00f3n, director de la Fundaci\u00f3n Barcelona Ol\u00edmpica y Joan Soteras, presidente de la Federaci\u00f3n Catalana de F\u00fatbol, han dado la bienvenida, en el Museo Ol\u00edmpico, a la presentaci\u00f3n y sorteo del Torneo de Hist\u00f3ricos del f\u00fatbol Catal\u00e1n 2023, que incluye la 37.\u00aa edici\u00f3n masculina y la 8.\u00aa edici\u00f3n femenina.<\/p>\n<p>Al torneo masculino participan 12 equipos destacado de las principales categor\u00edas del f\u00fatbol catal\u00e1n: seis conjuntos de Segunda RFEF (Manresa, Terrassa, Badalona, Cerdanyola, Europa y San Andreu), tres de Tercera (La Hospitalet, Castelldefels y Monta\u00f1esa), uno de la nueva Liga \u00c9lite (Sants) y dos de la Primera Catalana (Martinenc y J\u00fapiter) y se disputar\u00e1 al Nuevo Cerde\u00f1a, (el estadio del Club Deportivo Europa), del 31 de julio al 6 de agosto.<\/p>\n<p>A la edici\u00f3n femenina competir\u00e1n seis conjuntos, cuatro de Preferente (Sant Cugat, Cerdanyola, Terrassa y Martinenc) y dos de Primera Catalana (Sants y J\u00fapiter) y se celebrar\u00e1 del 31 de agosto al 3 de septiembre en el Municipal de la Verneda (el campo de J\u00fapiter).<\/p>\n<p>Durante el acontecimiento se ha homenajeado las trayectorias de los futbolistas:<\/p>\n<ul>\n<li>Cristian G\u00f3mez, hasta ahora al Hospitalet;<\/li>\n<li>Alberto Gonz\u00e1lez, hasta ahora en la Europa;<\/li>\n<li>Sergi Arranz, que cerraba su extensa carrera al San Andreu;<\/li>\n<li>Jos\u00e9 Miguel Morales, portero m\u00edtico del f\u00fatbol catal\u00e1n, con pasos muy recordados por el Terrassa, el San Andreu y lo Badalona.<\/li>\n<\/ul>\n<p>que han anunciado su retirada.<\/p>\n","protected":false},"excerpt":{"rendered":"<p>Francesc Terr\u00f3n, director de la Fundaci\u00f3n Barcelona Ol\u00edmpica y Joan Soteras, presidente de la Federaci\u00f3n Catalana de F\u00fatbol, han dado la bienvenida, en el Museo Ol\u00edmpico, a la presentaci\u00f3n y sorteo del Torneo de Hist\u00f3ricos del f\u00fatbol Catal\u00e1n 2023, que incluye la 37.\u00aa edici\u00f3n masculina y la 8.\u00aa edici\u00f3n femenina. Al torneo masculino participan 12 [&hellip;]<\/p>\n","protected":false},"author":11,"featured_media":37684,"comment_status":"closed","ping_status":"closed","sticky":false,"template":"","format":"standard","meta":{"_acf_changed":false,"_price":"","_stock":"","_tribe_ticket_header":"","_tribe_default_ticket_provider":"","_tribe_ticket_capacity":"0","_ticket_start_date":"","_ticket_end_date":"","_tribe_ticket_show_description":"","_tribe_ticket_show_not_going":false,"_tribe_ticket_use_global_stock":"","_tribe_ticket_global_stock_level":"","_global_stock_mode":"","_global_stock_cap":"","_tribe_rsvp_for_event":"","_tribe_ticket_going_count":"","_tribe_ticket_not_going_count":"","_tribe_tickets_list":"[]","_tribe_ticket_has_attendee_info_fields":false,"footnotes":""},"categories":[3],"tags":[],"class_list":["post-37651","post","type-post","status-publish","format-standard","has-post-thumbnail","hentry","category-sin-categorizar"],"acf":[],"yoast_head":"<!-- This site is optimized with the Yoast SEO plugin v23.7 - https:\/\/yoast.com\/wordpress\/plugins\/seo\/ -->\n<title>Presentaci\u00f3n y sorteo del Torneo de Hist\u00f3ricos del F\u00fatbol Catal\u00e1n 2023 - Museu Ol\u00edmpic i de l&#039;Esport Joan Antoni Samaranch. Barcelona<\/title>\n<meta name=\"robots\" content=\"index, follow, max-snippet:-1, max-image-preview:large, max-video-preview:-1\" \/>\n<link rel=\"canonical\" href=\"https:\/\/www.museuolimpicbcn.cat\/es\/presentacion-y-sorteo-del-torneo-de-historicos-del-futbol-catalan-2023\/\" \/>\n<meta property=\"og:locale\" content=\"es_ES\" \/>\n<meta property=\"og:type\" content=\"article\" \/>\n<meta property=\"og:title\" content=\"Presentaci\u00f3n y sorteo del Torneo de Hist\u00f3ricos del F\u00fatbol Catal\u00e1n 2023 - Museu Ol\u00edmpic i de l&#039;Esport Joan Antoni Samaranch. Barcelona\" \/>\n<meta property=\"og:description\" content=\"Francesc Terr\u00f3n, director de la Fundaci\u00f3n Barcelona Ol\u00edmpica y Joan Soteras, presidente de la Federaci\u00f3n Catalana de F\u00fatbol, han dado la bienvenida, en el Museo Ol\u00edmpico, a la presentaci\u00f3n y sorteo del Torneo de Hist\u00f3ricos del f\u00fatbol Catal\u00e1n 2023, que incluye la 37.\u00aa edici\u00f3n masculina y la 8.\u00aa edici\u00f3n femenina. Al torneo masculino participan 12 [&hellip;]\" \/>\n<meta property=\"og:url\" content=\"https:\/\/www.museuolimpicbcn.cat\/es\/presentacion-y-sorteo-del-torneo-de-historicos-del-futbol-catalan-2023\/\" \/>\n<meta property=\"og:site_name\" content=\"Museu Ol\u00edmpic i de l&#039;Esport Joan Antoni Samaranch. Barcelona\" \/>\n<meta property=\"article:published_time\" content=\"2023-07-06T10:19:01+00:00\" \/>\n<meta property=\"og:image\" content=\"https:\/\/www.museuolimpicbcn.cat\/wp-content\/uploads\/sites\/2\/2023\/07\/C42A7050-scaled.jpg\" \/>\n\t<meta property=\"og:image:width\" content=\"2560\" \/>\n\t<meta property=\"og:image:height\" content=\"1707\" \/>\n\t<meta property=\"og:image:type\" content=\"image\/jpeg\" \/>\n<meta name=\"author\" content=\"Ibone\" \/>\n<meta name=\"twitter:card\" content=\"summary_large_image\" \/>\n<meta name=\"twitter:label1\" content=\"Escrito por\" \/>\n\t<meta name=\"twitter:data1\" content=\"Ibone\" \/>\n\t<meta name=\"twitter:label2\" content=\"Tiempo de lectura\" \/>\n\t<meta name=\"twitter:data2\" content=\"2 minutos\" \/>\n<script type=\"application\/ld+json\" class=\"yoast-schema-graph\">{\"@context\":\"https:\/\/schema.org\",\"@graph\":[{\"@type\":\"Article\",\"@id\":\"https:\/\/www.museuolimpicbcn.cat\/es\/presentacion-y-sorteo-del-torneo-de-historicos-del-futbol-catalan-2023\/#article\",\"isPartOf\":{\"@id\":\"https:\/\/www.museuolimpicbcn.cat\/es\/presentacion-y-sorteo-del-torneo-de-historicos-del-futbol-catalan-2023\/\"},\"author\":{\"name\":\"Ibone\",\"@id\":\"https:\/\/www.museuolimpicbcn.cat\/ca\/#\/schema\/person\/b792834a53f193977df425a499287aa9\"},\"headline\":\"Presentaci\u00f3n y sorteo del Torneo de Hist\u00f3ricos del F\u00fatbol Catal\u00e1n 2023\",\"datePublished\":\"2023-07-06T10:19:01+00:00\",\"dateModified\":\"2023-07-06T10:19:01+00:00\",\"mainEntityOfPage\":{\"@id\":\"https:\/\/www.museuolimpicbcn.cat\/es\/presentacion-y-sorteo-del-torneo-de-historicos-del-futbol-catalan-2023\/\"},\"wordCount\":259,\"publisher\":{\"@id\":\"https:\/\/www.museuolimpicbcn.cat\/ca\/#organization\"},\"image\":{\"@id\":\"https:\/\/www.museuolimpicbcn.cat\/es\/presentacion-y-sorteo-del-torneo-de-historicos-del-futbol-catalan-2023\/#primaryimage\"},\"thumbnailUrl\":\"https:\/\/www.museuolimpicbcn.cat\/wp-content\/uploads\/sites\/2\/2023\/07\/C42A7050-scaled.jpg\",\"articleSection\":[\"Sin categorizar\"],\"inLanguage\":\"es\"},{\"@type\":\"WebPage\",\"@id\":\"https:\/\/www.museuolimpicbcn.cat\/es\/presentacion-y-sorteo-del-torneo-de-historicos-del-futbol-catalan-2023\/\",\"url\":\"https:\/\/www.museuolimpicbcn.cat\/es\/presentacion-y-sorteo-del-torneo-de-historicos-del-futbol-catalan-2023\/\",\"name\":\"Presentaci\u00f3n y sorteo del Torneo de Hist\u00f3ricos del F\u00fatbol Catal\u00e1n 2023 - Museu Ol\u00edmpic i de l&#039;Esport Joan Antoni Samaranch. Barcelona\",\"isPartOf\":{\"@id\":\"https:\/\/www.museuolimpicbcn.cat\/ca\/#website\"},\"primaryImageOfPage\":{\"@id\":\"https:\/\/www.museuolimpicbcn.cat\/es\/presentacion-y-sorteo-del-torneo-de-historicos-del-futbol-catalan-2023\/#primaryimage\"},\"image\":{\"@id\":\"https:\/\/www.museuolimpicbcn.cat\/es\/presentacion-y-sorteo-del-torneo-de-historicos-del-futbol-catalan-2023\/#primaryimage\"},\"thumbnailUrl\":\"https:\/\/www.museuolimpicbcn.cat\/wp-content\/uploads\/sites\/2\/2023\/07\/C42A7050-scaled.jpg\",\"datePublished\":\"2023-07-06T10:19:01+00:00\",\"dateModified\":\"2023-07-06T10:19:01+00:00\",\"breadcrumb\":{\"@id\":\"https:\/\/www.museuolimpicbcn.cat\/es\/presentacion-y-sorteo-del-torneo-de-historicos-del-futbol-catalan-2023\/#breadcrumb\"},\"inLanguage\":\"es\",\"potentialAction\":[{\"@type\":\"ReadAction\",\"target\":[\"https:\/\/www.museuolimpicbcn.cat\/es\/presentacion-y-sorteo-del-torneo-de-historicos-del-futbol-catalan-2023\/\"]}]},{\"@type\":\"ImageObject\",\"inLanguage\":\"es\",\"@id\":\"https:\/\/www.museuolimpicbcn.cat\/es\/presentacion-y-sorteo-del-torneo-de-historicos-del-futbol-catalan-2023\/#primaryimage\",\"url\":\"https:\/\/www.museuolimpicbcn.cat\/wp-content\/uploads\/sites\/2\/2023\/07\/C42A7050-scaled.jpg\",\"contentUrl\":\"https:\/\/www.museuolimpicbcn.cat\/wp-content\/uploads\/sites\/2\/2023\/07\/C42A7050-scaled.jpg\",\"width\":2560,\"height\":1707},{\"@type\":\"BreadcrumbList\",\"@id\":\"https:\/\/www.museuolimpicbcn.cat\/es\/presentacion-y-sorteo-del-torneo-de-historicos-del-futbol-catalan-2023\/#breadcrumb\",\"itemListElement\":[{\"@type\":\"ListItem\",\"position\":1,\"name\":\"Inici\",\"item\":\"https:\/\/www.museuolimpicbcn.cat\/es\/\"},{\"@type\":\"ListItem\",\"position\":2,\"name\":\"Presentaci\u00f3n y sorteo del Torneo de Hist\u00f3ricos del F\u00fatbol Catal\u00e1n 2023\"}]},{\"@type\":\"WebSite\",\"@id\":\"https:\/\/www.museuolimpicbcn.cat\/ca\/#website\",\"url\":\"https:\/\/www.museuolimpicbcn.cat\/ca\/\",\"name\":\"Museu Ol\u00edmpic i de l&#039;Esport Joan Antoni Samaranch. Barcelona\",\"description\":\"Altre lloc Web del Museu Ol\u00edmpic i de l&#039;Esport llocs\",\"publisher\":{\"@id\":\"https:\/\/www.museuolimpicbcn.cat\/ca\/#organization\"},\"potentialAction\":[{\"@type\":\"SearchAction\",\"target\":{\"@type\":\"EntryPoint\",\"urlTemplate\":\"https:\/\/www.museuolimpicbcn.cat\/ca\/?s={search_term_string}\"},\"query-input\":{\"@type\":\"PropertyValueSpecification\",\"valueRequired\":true,\"valueName\":\"search_term_string\"}}],\"inLanguage\":\"es\"},{\"@type\":\"Organization\",\"@id\":\"https:\/\/www.museuolimpicbcn.cat\/ca\/#organization\",\"name\":\"Museu Ol\u00edmpic i de l&#039;Esport Joan Antoni Samaranch. Barcelona\",\"url\":\"https:\/\/www.museuolimpicbcn.cat\/ca\/\",\"logo\":{\"@type\":\"ImageObject\",\"inLanguage\":\"es\",\"@id\":\"https:\/\/www.museuolimpicbcn.cat\/ca\/#\/schema\/logo\/image\/\",\"url\":\"https:\/\/www.museuolimpicbcn.cat\/wp-content\/uploads\/sites\/2\/2018\/12\/logo-moe-header.svg\",\"contentUrl\":\"https:\/\/www.museuolimpicbcn.cat\/wp-content\/uploads\/sites\/2\/2018\/12\/logo-moe-header.svg\",\"caption\":\"Museu Ol\u00edmpic i de l&#039;Esport Joan Antoni Samaranch. Barcelona\"},\"image\":{\"@id\":\"https:\/\/www.museuolimpicbcn.cat\/ca\/#\/schema\/logo\/image\/\"}},{\"@type\":\"Person\",\"@id\":\"https:\/\/www.museuolimpicbcn.cat\/ca\/#\/schema\/person\/b792834a53f193977df425a499287aa9\",\"name\":\"Ibone\",\"url\":\"https:\/\/www.museuolimpicbcn.cat\/es\/author\/fbolimpica\/\"}]}<\/script>\n<!-- \/ Yoast SEO plugin. -->","yoast_head_json":{"title":"Presentaci\u00f3n y sorteo del Torneo de Hist\u00f3ricos del F\u00fatbol Catal\u00e1n 2023 - Museu Ol\u00edmpic i de l&#039;Esport Joan Antoni Samaranch. Barcelona","robots":{"index":"index","follow":"follow","max-snippet":"max-snippet:-1","max-image-preview":"max-image-preview:large","max-video-preview":"max-video-preview:-1"},"canonical":"https:\/\/www.museuolimpicbcn.cat\/es\/presentacion-y-sorteo-del-torneo-de-historicos-del-futbol-catalan-2023\/","og_locale":"es_ES","og_type":"article","og_title":"Presentaci\u00f3n y sorteo del Torneo de Hist\u00f3ricos del F\u00fatbol Catal\u00e1n 2023 - Museu Ol\u00edmpic i de l&#039;Esport Joan Antoni Samaranch. Barcelona","og_description":"Francesc Terr\u00f3n, director de la Fundaci\u00f3n Barcelona Ol\u00edmpica y Joan Soteras, presidente de la Federaci\u00f3n Catalana de F\u00fatbol, han dado la bienvenida, en el Museo Ol\u00edmpico, a la presentaci\u00f3n y sorteo del Torneo de Hist\u00f3ricos del f\u00fatbol Catal\u00e1n 2023, que incluye la 37.\u00aa edici\u00f3n masculina y la 8.\u00aa edici\u00f3n femenina. Al torneo masculino participan 12 [&hellip;]","og_url":"https:\/\/www.museuolimpicbcn.cat\/es\/presentacion-y-sorteo-del-torneo-de-historicos-del-futbol-catalan-2023\/","og_site_name":"Museu Ol\u00edmpic i de l&#039;Esport Joan Antoni Samaranch. Barcelona","article_published_time":"2023-07-06T10:19:01+00:00","og_image":[{"width":2560,"height":1707,"url":"https:\/\/www.museuolimpicbcn.cat\/wp-content\/uploads\/sites\/2\/2023\/07\/C42A7050-scaled.jpg","type":"image\/jpeg"}],"author":"Ibone","twitter_card":"summary_large_image","twitter_misc":{"Escrito por":"Ibone","Tiempo de lectura":"2 minutos"},"schema":{"@context":"https:\/\/schema.org","@graph":[{"@type":"Article","@id":"https:\/\/www.museuolimpicbcn.cat\/es\/presentacion-y-sorteo-del-torneo-de-historicos-del-futbol-catalan-2023\/#article","isPartOf":{"@id":"https:\/\/www.museuolimpicbcn.cat\/es\/presentacion-y-sorteo-del-torneo-de-historicos-del-futbol-catalan-2023\/"},"author":{"name":"Ibone","@id":"https:\/\/www.museuolimpicbcn.cat\/ca\/#\/schema\/person\/b792834a53f193977df425a499287aa9"},"headline":"Presentaci\u00f3n y sorteo del Torneo de Hist\u00f3ricos del F\u00fatbol Catal\u00e1n 2023","datePublished":"2023-07-06T10:19:01+00:00","dateModified":"2023-07-06T10:19:01+00:00","mainEntityOfPage":{"@id":"https:\/\/www.museuolimpicbcn.cat\/es\/presentacion-y-sorteo-del-torneo-de-historicos-del-futbol-catalan-2023\/"},"wordCount":259,"publisher":{"@id":"https:\/\/www.museuolimpicbcn.cat\/ca\/#organization"},"image":{"@id":"https:\/\/www.museuolimpicbcn.cat\/es\/presentacion-y-sorteo-del-torneo-de-historicos-del-futbol-catalan-2023\/#primaryimage"},"thumbnailUrl":"https:\/\/www.museuolimpicbcn.cat\/wp-content\/uploads\/sites\/2\/2023\/07\/C42A7050-scaled.jpg","articleSection":["Sin categorizar"],"inLanguage":"es"},{"@type":"WebPage","@id":"https:\/\/www.museuolimpicbcn.cat\/es\/presentacion-y-sorteo-del-torneo-de-historicos-del-futbol-catalan-2023\/","url":"https:\/\/www.museuolimpicbcn.cat\/es\/presentacion-y-sorteo-del-torneo-de-historicos-del-futbol-catalan-2023\/","name":"Presentaci\u00f3n y sorteo del Torneo de Hist\u00f3ricos del F\u00fatbol Catal\u00e1n 2023 - Museu Ol\u00edmpic i de l&#039;Esport Joan Antoni Samaranch. Barcelona","isPartOf":{"@id":"https:\/\/www.museuolimpicbcn.cat\/ca\/#website"},"primaryImageOfPage":{"@id":"https:\/\/www.museuolimpicbcn.cat\/es\/presentacion-y-sorteo-del-torneo-de-historicos-del-futbol-catalan-2023\/#primaryimage"},"image":{"@id":"https:\/\/www.museuolimpicbcn.cat\/es\/presentacion-y-sorteo-del-torneo-de-historicos-del-futbol-catalan-2023\/#primaryimage"},"thumbnailUrl":"https:\/\/www.museuolimpicbcn.cat\/wp-content\/uploads\/sites\/2\/2023\/07\/C42A7050-scaled.jpg","datePublished":"2023-07-06T10:19:01+00:00","dateModified":"2023-07-06T10:19:01+00:00","breadcrumb":{"@id":"https:\/\/www.museuolimpicbcn.cat\/es\/presentacion-y-sorteo-del-torneo-de-historicos-del-futbol-catalan-2023\/#breadcrumb"},"inLanguage":"es","potentialAction":[{"@type":"ReadAction","target":["https:\/\/www.museuolimpicbcn.cat\/es\/presentacion-y-sorteo-del-torneo-de-historicos-del-futbol-catalan-2023\/"]}]},{"@type":"ImageObject","inLanguage":"es","@id":"https:\/\/www.museuolimpicbcn.cat\/es\/presentacion-y-sorteo-del-torneo-de-historicos-del-futbol-catalan-2023\/#primaryimage","url":"https:\/\/www.museuolimpicbcn.cat\/wp-content\/uploads\/sites\/2\/2023\/07\/C42A7050-scaled.jpg","contentUrl":"https:\/\/www.museuolimpicbcn.cat\/wp-content\/uploads\/sites\/2\/2023\/07\/C42A7050-scaled.jpg","width":2560,"height":1707},{"@type":"BreadcrumbList","@id":"https:\/\/www.museuolimpicbcn.cat\/es\/presentacion-y-sorteo-del-torneo-de-historicos-del-futbol-catalan-2023\/#breadcrumb","itemListElement":[{"@type":"ListItem","position":1,"name":"Inici","item":"https:\/\/www.museuolimpicbcn.cat\/es\/"},{"@type":"ListItem","position":2,"name":"Presentaci\u00f3n y sorteo del Torneo de Hist\u00f3ricos del F\u00fatbol Catal\u00e1n 2023"}]},{"@type":"WebSite","@id":"https:\/\/www.museuolimpicbcn.cat\/ca\/#website","url":"https:\/\/www.museuolimpicbcn.cat\/ca\/","name":"Museu Ol\u00edmpic i de l&#039;Esport Joan Antoni Samaranch. Barcelona","description":"Altre lloc Web del Museu Ol\u00edmpic i de l&#039;Esport llocs","publisher":{"@id":"https:\/\/www.museuolimpicbcn.cat\/ca\/#organization"},"potentialAction":[{"@type":"SearchAction","target":{"@type":"EntryPoint","urlTemplate":"https:\/\/www.museuolimpicbcn.cat\/ca\/?s={search_term_string}"},"query-input":{"@type":"PropertyValueSpecification","valueRequired":true,"valueName":"search_term_string"}}],"inLanguage":"es"},{"@type":"Organization","@id":"https:\/\/www.museuolimpicbcn.cat\/ca\/#organization","name":"Museu Ol\u00edmpic i de l&#039;Esport Joan Antoni Samaranch. Barcelona","url":"https:\/\/www.museuolimpicbcn.cat\/ca\/","logo":{"@type":"ImageObject","inLanguage":"es","@id":"https:\/\/www.museuolimpicbcn.cat\/ca\/#\/schema\/logo\/image\/","url":"https:\/\/www.museuolimpicbcn.cat\/wp-content\/uploads\/sites\/2\/2018\/12\/logo-moe-header.svg","contentUrl":"https:\/\/www.museuolimpicbcn.cat\/wp-content\/uploads\/sites\/2\/2018\/12\/logo-moe-header.svg","caption":"Museu Ol\u00edmpic i de l&#039;Esport Joan Antoni Samaranch. Barcelona"},"image":{"@id":"https:\/\/www.museuolimpicbcn.cat\/ca\/#\/schema\/logo\/image\/"}},{"@type":"Person","@id":"https:\/\/www.museuolimpicbcn.cat\/ca\/#\/schema\/person\/b792834a53f193977df425a499287aa9","name":"Ibone","url":"https:\/\/www.museuolimpicbcn.cat\/es\/author\/fbolimpica\/"}]}},"_links":{"self":[{"href":"https:\/\/www.museuolimpicbcn.cat\/es\/wp-json\/wp\/v2\/posts\/37651"}],"collection":[{"href":"https:\/\/www.museuolimpicbcn.cat\/es\/wp-json\/wp\/v2\/posts"}],"about":[{"href":"https:\/\/www.museuolimpicbcn.cat\/es\/wp-json\/wp\/v2\/types\/post"}],"author":[{"embeddable":true,"href":"https:\/\/www.museuolimpicbcn.cat\/es\/wp-json\/wp\/v2\/users\/11"}],"replies":[{"embeddable":true,"href":"https:\/\/www.museuolimpicbcn.cat\/es\/wp-json\/wp\/v2\/comments?post=37651"}],"version-history":[{"count":2,"href":"https:\/\/www.museuolimpicbcn.cat\/es\/wp-json\/wp\/v2\/posts\/37651\/revisions"}],"predecessor-version":[{"id":37687,"href":"https:\/\/www.museuolimpicbcn.cat\/es\/wp-json\/wp\/v2\/posts\/37651\/revisions\/37687"}],"wp:featuredmedia":[{"embeddable":true,"href":"https:\/\/www.museuolimpicbcn.cat\/es\/wp-json\/wp\/v2\/media\/37684"}],"wp:attachment":[{"href":"https:\/\/www.museuolimpicbcn.cat\/es\/wp-json\/wp\/v2\/media?parent=37651"}],"wp:term":[{"taxonomy":"category","embeddable":true,"href":"https:\/\/www.museuolimpicbcn.cat\/es\/wp-json\/wp\/v2\/categories?post=37651"},{"taxonomy":"post_tag","embeddable":true,"href":"https:\/\/www.museuolimpicbcn.cat\/es\/wp-json\/wp\/v2\/tags?post=37651"}],"curies":[{"name":"wp","href":"https:\/\/api.w.org\/{rel}","templated":true}]}}