{"id":37899,"date":"2023-07-19T12:21:45","date_gmt":"2023-07-19T10:21:45","guid":{"rendered":"https:\/\/www.museuolimpicbcn.cat\/?p=37899"},"modified":"2023-07-19T12:21:45","modified_gmt":"2023-07-19T10:21:45","slug":"el-museu-olimpic-alberga-el-20-aniversario-del-mundial-de-natacion-celebrado-en-barcelona-en-el-2003","status":"publish","type":"post","link":"https:\/\/www.museuolimpicbcn.cat\/es\/el-museu-olimpic-alberga-el-20-aniversario-del-mundial-de-natacion-celebrado-en-barcelona-en-el-2003\/","title":{"rendered":"El Museu Ol\u00edmpic alberga el 20 aniversario del Mundial de nataci\u00f3n celebrado en Barcelona en el 2003"},"content":{"rendered":"<p>Con motivo de la celebraci\u00f3n del 20 aniversario del Mundial de Nataci\u00f3n, el Museu Ol\u00edmpic i de l&#8217;Esport Joan Antoni Samaranch acogi\u00f3 el encuentro de los integrantes del comit\u00e9 organizador del BCN03, evento, que a d\u00eda de hoy, sigue siendo un referente mundial dentro de los eventos deportivos.<\/p>\n<p>Albert Batlle, presidente del BCN03 junto con el equipo responsable del evento: Adolf Cabruja, Lolo Ibern, Teresa Samaranch, Pep Pujol y Maripau Corominas, recordaron a los asistentes el m\u00e9rito de instalar una piscina en el interior del Palau Sant Jordi.<\/p>\n<p>Esta decisi\u00f3n estrat\u00e9gica fue el preludio del salto espectacular de la empresa que la construy\u00f3, Fluidra, que a\u00f1os despu\u00e9s se ha convertido en l\u00edder mundial en la construcci\u00f3n de este tipo de equipamientos l\u00fadico deportivo.<\/p>\n","protected":false},"excerpt":{"rendered":"<p>Con motivo de la celebraci\u00f3n del 20 aniversario del Mundial de Nataci\u00f3n, el Museu Ol\u00edmpic i de l&#8217;Esport Joan Antoni Samaranch acogi\u00f3 el encuentro de los integrantes del comit\u00e9 organizador del BCN03, evento, que a d\u00eda de hoy, sigue siendo un referente mundial dentro de los eventos deportivos. Albert Batlle, presidente del BCN03 junto con [&hellip;]<\/p>\n","protected":false},"author":11,"featured_media":37901,"comment_status":"closed","ping_status":"closed","sticky":false,"template":"","format":"standard","meta":{"_acf_changed":false,"_price":"","_stock":"","_tribe_ticket_header":"","_tribe_default_ticket_provider":"","_tribe_ticket_capacity":"0","_ticket_start_date":"","_ticket_end_date":"","_tribe_ticket_show_description":"","_tribe_ticket_show_not_going":false,"_tribe_ticket_use_global_stock":"","_tribe_ticket_global_stock_level":"","_global_stock_mode":"","_global_stock_cap":"","_tribe_rsvp_for_event":"","_tribe_ticket_going_count":"","_tribe_ticket_not_going_count":"","_tribe_tickets_list":"[]","_tribe_ticket_has_attendee_info_fields":false,"footnotes":""},"categories":[3],"tags":[],"class_list":["post-37899","post","type-post","status-publish","format-standard","has-post-thumbnail","hentry","category-sin-categorizar"],"acf":[],"yoast_head":"<!-- This site is optimized with the Yoast SEO plugin v23.7 - https:\/\/yoast.com\/wordpress\/plugins\/seo\/ -->\n<title>El Museu Ol\u00edmpic alberga el 20 aniversario del Mundial de nataci\u00f3n celebrado en Barcelona en el 2003 - Museu Ol\u00edmpic i de l&#039;Esport Joan Antoni Samaranch. Barcelona<\/title>\n<meta name=\"robots\" content=\"index, follow, max-snippet:-1, max-image-preview:large, max-video-preview:-1\" \/>\n<link rel=\"canonical\" href=\"https:\/\/www.museuolimpicbcn.cat\/es\/el-museu-olimpic-alberga-el-20-aniversario-del-mundial-de-natacion-celebrado-en-barcelona-en-el-2003\/\" \/>\n<meta property=\"og:locale\" content=\"es_ES\" \/>\n<meta property=\"og:type\" content=\"article\" \/>\n<meta property=\"og:title\" content=\"El Museu Ol\u00edmpic alberga el 20 aniversario del Mundial de nataci\u00f3n celebrado en Barcelona en el 2003 - Museu Ol\u00edmpic i de l&#039;Esport Joan Antoni Samaranch. Barcelona\" \/>\n<meta property=\"og:description\" content=\"Con motivo de la celebraci\u00f3n del 20 aniversario del Mundial de Nataci\u00f3n, el Museu Ol\u00edmpic i de l&#8217;Esport Joan Antoni Samaranch acogi\u00f3 el encuentro de los integrantes del comit\u00e9 organizador del BCN03, evento, que a d\u00eda de hoy, sigue siendo un referente mundial dentro de los eventos deportivos. Albert Batlle, presidente del BCN03 junto con [&hellip;]\" \/>\n<meta property=\"og:url\" content=\"https:\/\/www.museuolimpicbcn.cat\/es\/el-museu-olimpic-alberga-el-20-aniversario-del-mundial-de-natacion-celebrado-en-barcelona-en-el-2003\/\" \/>\n<meta property=\"og:site_name\" content=\"Museu Ol\u00edmpic i de l&#039;Esport Joan Antoni Samaranch. Barcelona\" \/>\n<meta property=\"article:published_time\" content=\"2023-07-19T10:21:45+00:00\" \/>\n<meta property=\"og:image\" content=\"https:\/\/www.museuolimpicbcn.cat\/wp-content\/uploads\/sites\/2\/2023\/07\/a1095af3-5bca-457c-9bfa-9db40a959eb5.jpg\" \/>\n\t<meta property=\"og:image:width\" content=\"1024\" \/>\n\t<meta property=\"og:image:height\" content=\"768\" \/>\n\t<meta property=\"og:image:type\" content=\"image\/jpeg\" \/>\n<meta name=\"author\" content=\"Ibone\" \/>\n<meta name=\"twitter:card\" content=\"summary_large_image\" \/>\n<meta name=\"twitter:label1\" content=\"Escrito por\" \/>\n\t<meta name=\"twitter:data1\" content=\"Ibone\" \/>\n\t<meta name=\"twitter:label2\" content=\"Tiempo de lectura\" \/>\n\t<meta name=\"twitter:data2\" content=\"1 minuto\" \/>\n<script type=\"application\/ld+json\" class=\"yoast-schema-graph\">{\"@context\":\"https:\/\/schema.org\",\"@graph\":[{\"@type\":\"Article\",\"@id\":\"https:\/\/www.museuolimpicbcn.cat\/es\/el-museu-olimpic-alberga-el-20-aniversario-del-mundial-de-natacion-celebrado-en-barcelona-en-el-2003\/#article\",\"isPartOf\":{\"@id\":\"https:\/\/www.museuolimpicbcn.cat\/es\/el-museu-olimpic-alberga-el-20-aniversario-del-mundial-de-natacion-celebrado-en-barcelona-en-el-2003\/\"},\"author\":{\"name\":\"Ibone\",\"@id\":\"https:\/\/www.museuolimpicbcn.cat\/ca\/#\/schema\/person\/b792834a53f193977df425a499287aa9\"},\"headline\":\"El Museu Ol\u00edmpic alberga el 20 aniversario del Mundial de nataci\u00f3n celebrado en Barcelona en el 2003\",\"datePublished\":\"2023-07-19T10:21:45+00:00\",\"dateModified\":\"2023-07-19T10:21:45+00:00\",\"mainEntityOfPage\":{\"@id\":\"https:\/\/www.museuolimpicbcn.cat\/es\/el-museu-olimpic-alberga-el-20-aniversario-del-mundial-de-natacion-celebrado-en-barcelona-en-el-2003\/\"},\"wordCount\":151,\"publisher\":{\"@id\":\"https:\/\/www.museuolimpicbcn.cat\/ca\/#organization\"},\"image\":{\"@id\":\"https:\/\/www.museuolimpicbcn.cat\/es\/el-museu-olimpic-alberga-el-20-aniversario-del-mundial-de-natacion-celebrado-en-barcelona-en-el-2003\/#primaryimage\"},\"thumbnailUrl\":\"https:\/\/www.museuolimpicbcn.cat\/wp-content\/uploads\/sites\/2\/2023\/07\/a1095af3-5bca-457c-9bfa-9db40a959eb5.jpg\",\"articleSection\":[\"Sin categorizar\"],\"inLanguage\":\"es\"},{\"@type\":\"WebPage\",\"@id\":\"https:\/\/www.museuolimpicbcn.cat\/es\/el-museu-olimpic-alberga-el-20-aniversario-del-mundial-de-natacion-celebrado-en-barcelona-en-el-2003\/\",\"url\":\"https:\/\/www.museuolimpicbcn.cat\/es\/el-museu-olimpic-alberga-el-20-aniversario-del-mundial-de-natacion-celebrado-en-barcelona-en-el-2003\/\",\"name\":\"El Museu Ol\u00edmpic alberga el 20 aniversario del Mundial de nataci\u00f3n celebrado en Barcelona en el 2003 - Museu Ol\u00edmpic i de l&#039;Esport Joan Antoni Samaranch. Barcelona\",\"isPartOf\":{\"@id\":\"https:\/\/www.museuolimpicbcn.cat\/ca\/#website\"},\"primaryImageOfPage\":{\"@id\":\"https:\/\/www.museuolimpicbcn.cat\/es\/el-museu-olimpic-alberga-el-20-aniversario-del-mundial-de-natacion-celebrado-en-barcelona-en-el-2003\/#primaryimage\"},\"image\":{\"@id\":\"https:\/\/www.museuolimpicbcn.cat\/es\/el-museu-olimpic-alberga-el-20-aniversario-del-mundial-de-natacion-celebrado-en-barcelona-en-el-2003\/#primaryimage\"},\"thumbnailUrl\":\"https:\/\/www.museuolimpicbcn.cat\/wp-content\/uploads\/sites\/2\/2023\/07\/a1095af3-5bca-457c-9bfa-9db40a959eb5.jpg\",\"datePublished\":\"2023-07-19T10:21:45+00:00\",\"dateModified\":\"2023-07-19T10:21:45+00:00\",\"breadcrumb\":{\"@id\":\"https:\/\/www.museuolimpicbcn.cat\/es\/el-museu-olimpic-alberga-el-20-aniversario-del-mundial-de-natacion-celebrado-en-barcelona-en-el-2003\/#breadcrumb\"},\"inLanguage\":\"es\",\"potentialAction\":[{\"@type\":\"ReadAction\",\"target\":[\"https:\/\/www.museuolimpicbcn.cat\/es\/el-museu-olimpic-alberga-el-20-aniversario-del-mundial-de-natacion-celebrado-en-barcelona-en-el-2003\/\"]}]},{\"@type\":\"ImageObject\",\"inLanguage\":\"es\",\"@id\":\"https:\/\/www.museuolimpicbcn.cat\/es\/el-museu-olimpic-alberga-el-20-aniversario-del-mundial-de-natacion-celebrado-en-barcelona-en-el-2003\/#primaryimage\",\"url\":\"https:\/\/www.museuolimpicbcn.cat\/wp-content\/uploads\/sites\/2\/2023\/07\/a1095af3-5bca-457c-9bfa-9db40a959eb5.jpg\",\"contentUrl\":\"https:\/\/www.museuolimpicbcn.cat\/wp-content\/uploads\/sites\/2\/2023\/07\/a1095af3-5bca-457c-9bfa-9db40a959eb5.jpg\",\"width\":1024,\"height\":768},{\"@type\":\"BreadcrumbList\",\"@id\":\"https:\/\/www.museuolimpicbcn.cat\/es\/el-museu-olimpic-alberga-el-20-aniversario-del-mundial-de-natacion-celebrado-en-barcelona-en-el-2003\/#breadcrumb\",\"itemListElement\":[{\"@type\":\"ListItem\",\"position\":1,\"name\":\"Inici\",\"item\":\"https:\/\/www.museuolimpicbcn.cat\/es\/\"},{\"@type\":\"ListItem\",\"position\":2,\"name\":\"El Museu Ol\u00edmpic alberga el 20 aniversario del Mundial de nataci\u00f3n celebrado en Barcelona en el 2003\"}]},{\"@type\":\"WebSite\",\"@id\":\"https:\/\/www.museuolimpicbcn.cat\/ca\/#website\",\"url\":\"https:\/\/www.museuolimpicbcn.cat\/ca\/\",\"name\":\"Museu Ol\u00edmpic i de l&#039;Esport Joan Antoni Samaranch. Barcelona\",\"description\":\"Altre lloc Web del Museu Ol\u00edmpic i de l&#039;Esport llocs\",\"publisher\":{\"@id\":\"https:\/\/www.museuolimpicbcn.cat\/ca\/#organization\"},\"potentialAction\":[{\"@type\":\"SearchAction\",\"target\":{\"@type\":\"EntryPoint\",\"urlTemplate\":\"https:\/\/www.museuolimpicbcn.cat\/ca\/?s={search_term_string}\"},\"query-input\":{\"@type\":\"PropertyValueSpecification\",\"valueRequired\":true,\"valueName\":\"search_term_string\"}}],\"inLanguage\":\"es\"},{\"@type\":\"Organization\",\"@id\":\"https:\/\/www.museuolimpicbcn.cat\/ca\/#organization\",\"name\":\"Museu Ol\u00edmpic i de l&#039;Esport Joan Antoni Samaranch. Barcelona\",\"url\":\"https:\/\/www.museuolimpicbcn.cat\/ca\/\",\"logo\":{\"@type\":\"ImageObject\",\"inLanguage\":\"es\",\"@id\":\"https:\/\/www.museuolimpicbcn.cat\/ca\/#\/schema\/logo\/image\/\",\"url\":\"https:\/\/www.museuolimpicbcn.cat\/wp-content\/uploads\/sites\/2\/2018\/12\/logo-moe-header.svg\",\"contentUrl\":\"https:\/\/www.museuolimpicbcn.cat\/wp-content\/uploads\/sites\/2\/2018\/12\/logo-moe-header.svg\",\"caption\":\"Museu Ol\u00edmpic i de l&#039;Esport Joan Antoni Samaranch. Barcelona\"},\"image\":{\"@id\":\"https:\/\/www.museuolimpicbcn.cat\/ca\/#\/schema\/logo\/image\/\"}},{\"@type\":\"Person\",\"@id\":\"https:\/\/www.museuolimpicbcn.cat\/ca\/#\/schema\/person\/b792834a53f193977df425a499287aa9\",\"name\":\"Ibone\",\"url\":\"https:\/\/www.museuolimpicbcn.cat\/es\/author\/fbolimpica\/\"}]}<\/script>\n<!-- \/ Yoast SEO plugin. -->","yoast_head_json":{"title":"El Museu Ol\u00edmpic alberga el 20 aniversario del Mundial de nataci\u00f3n celebrado en Barcelona en el 2003 - Museu Ol\u00edmpic i de l&#039;Esport Joan Antoni Samaranch. Barcelona","robots":{"index":"index","follow":"follow","max-snippet":"max-snippet:-1","max-image-preview":"max-image-preview:large","max-video-preview":"max-video-preview:-1"},"canonical":"https:\/\/www.museuolimpicbcn.cat\/es\/el-museu-olimpic-alberga-el-20-aniversario-del-mundial-de-natacion-celebrado-en-barcelona-en-el-2003\/","og_locale":"es_ES","og_type":"article","og_title":"El Museu Ol\u00edmpic alberga el 20 aniversario del Mundial de nataci\u00f3n celebrado en Barcelona en el 2003 - Museu Ol\u00edmpic i de l&#039;Esport Joan Antoni Samaranch. Barcelona","og_description":"Con motivo de la celebraci\u00f3n del 20 aniversario del Mundial de Nataci\u00f3n, el Museu Ol\u00edmpic i de l&#8217;Esport Joan Antoni Samaranch acogi\u00f3 el encuentro de los integrantes del comit\u00e9 organizador del BCN03, evento, que a d\u00eda de hoy, sigue siendo un referente mundial dentro de los eventos deportivos. Albert Batlle, presidente del BCN03 junto con [&hellip;]","og_url":"https:\/\/www.museuolimpicbcn.cat\/es\/el-museu-olimpic-alberga-el-20-aniversario-del-mundial-de-natacion-celebrado-en-barcelona-en-el-2003\/","og_site_name":"Museu Ol\u00edmpic i de l&#039;Esport Joan Antoni Samaranch. Barcelona","article_published_time":"2023-07-19T10:21:45+00:00","og_image":[{"width":1024,"height":768,"url":"https:\/\/www.museuolimpicbcn.cat\/wp-content\/uploads\/sites\/2\/2023\/07\/a1095af3-5bca-457c-9bfa-9db40a959eb5.jpg","type":"image\/jpeg"}],"author":"Ibone","twitter_card":"summary_large_image","twitter_misc":{"Escrito por":"Ibone","Tiempo de lectura":"1 minuto"},"schema":{"@context":"https:\/\/schema.org","@graph":[{"@type":"Article","@id":"https:\/\/www.museuolimpicbcn.cat\/es\/el-museu-olimpic-alberga-el-20-aniversario-del-mundial-de-natacion-celebrado-en-barcelona-en-el-2003\/#article","isPartOf":{"@id":"https:\/\/www.museuolimpicbcn.cat\/es\/el-museu-olimpic-alberga-el-20-aniversario-del-mundial-de-natacion-celebrado-en-barcelona-en-el-2003\/"},"author":{"name":"Ibone","@id":"https:\/\/www.museuolimpicbcn.cat\/ca\/#\/schema\/person\/b792834a53f193977df425a499287aa9"},"headline":"El Museu Ol\u00edmpic alberga el 20 aniversario del Mundial de nataci\u00f3n celebrado en Barcelona en el 2003","datePublished":"2023-07-19T10:21:45+00:00","dateModified":"2023-07-19T10:21:45+00:00","mainEntityOfPage":{"@id":"https:\/\/www.museuolimpicbcn.cat\/es\/el-museu-olimpic-alberga-el-20-aniversario-del-mundial-de-natacion-celebrado-en-barcelona-en-el-2003\/"},"wordCount":151,"publisher":{"@id":"https:\/\/www.museuolimpicbcn.cat\/ca\/#organization"},"image":{"@id":"https:\/\/www.museuolimpicbcn.cat\/es\/el-museu-olimpic-alberga-el-20-aniversario-del-mundial-de-natacion-celebrado-en-barcelona-en-el-2003\/#primaryimage"},"thumbnailUrl":"https:\/\/www.museuolimpicbcn.cat\/wp-content\/uploads\/sites\/2\/2023\/07\/a1095af3-5bca-457c-9bfa-9db40a959eb5.jpg","articleSection":["Sin categorizar"],"inLanguage":"es"},{"@type":"WebPage","@id":"https:\/\/www.museuolimpicbcn.cat\/es\/el-museu-olimpic-alberga-el-20-aniversario-del-mundial-de-natacion-celebrado-en-barcelona-en-el-2003\/","url":"https:\/\/www.museuolimpicbcn.cat\/es\/el-museu-olimpic-alberga-el-20-aniversario-del-mundial-de-natacion-celebrado-en-barcelona-en-el-2003\/","name":"El Museu Ol\u00edmpic alberga el 20 aniversario del Mundial de nataci\u00f3n celebrado en Barcelona en el 2003 - Museu Ol\u00edmpic i de l&#039;Esport Joan Antoni Samaranch. Barcelona","isPartOf":{"@id":"https:\/\/www.museuolimpicbcn.cat\/ca\/#website"},"primaryImageOfPage":{"@id":"https:\/\/www.museuolimpicbcn.cat\/es\/el-museu-olimpic-alberga-el-20-aniversario-del-mundial-de-natacion-celebrado-en-barcelona-en-el-2003\/#primaryimage"},"image":{"@id":"https:\/\/www.museuolimpicbcn.cat\/es\/el-museu-olimpic-alberga-el-20-aniversario-del-mundial-de-natacion-celebrado-en-barcelona-en-el-2003\/#primaryimage"},"thumbnailUrl":"https:\/\/www.museuolimpicbcn.cat\/wp-content\/uploads\/sites\/2\/2023\/07\/a1095af3-5bca-457c-9bfa-9db40a959eb5.jpg","datePublished":"2023-07-19T10:21:45+00:00","dateModified":"2023-07-19T10:21:45+00:00","breadcrumb":{"@id":"https:\/\/www.museuolimpicbcn.cat\/es\/el-museu-olimpic-alberga-el-20-aniversario-del-mundial-de-natacion-celebrado-en-barcelona-en-el-2003\/#breadcrumb"},"inLanguage":"es","potentialAction":[{"@type":"ReadAction","target":["https:\/\/www.museuolimpicbcn.cat\/es\/el-museu-olimpic-alberga-el-20-aniversario-del-mundial-de-natacion-celebrado-en-barcelona-en-el-2003\/"]}]},{"@type":"ImageObject","inLanguage":"es","@id":"https:\/\/www.museuolimpicbcn.cat\/es\/el-museu-olimpic-alberga-el-20-aniversario-del-mundial-de-natacion-celebrado-en-barcelona-en-el-2003\/#primaryimage","url":"https:\/\/www.museuolimpicbcn.cat\/wp-content\/uploads\/sites\/2\/2023\/07\/a1095af3-5bca-457c-9bfa-9db40a959eb5.jpg","contentUrl":"https:\/\/www.museuolimpicbcn.cat\/wp-content\/uploads\/sites\/2\/2023\/07\/a1095af3-5bca-457c-9bfa-9db40a959eb5.jpg","width":1024,"height":768},{"@type":"BreadcrumbList","@id":"https:\/\/www.museuolimpicbcn.cat\/es\/el-museu-olimpic-alberga-el-20-aniversario-del-mundial-de-natacion-celebrado-en-barcelona-en-el-2003\/#breadcrumb","itemListElement":[{"@type":"ListItem","position":1,"name":"Inici","item":"https:\/\/www.museuolimpicbcn.cat\/es\/"},{"@type":"ListItem","position":2,"name":"El Museu Ol\u00edmpic alberga el 20 aniversario del Mundial de nataci\u00f3n celebrado en Barcelona en el 2003"}]},{"@type":"WebSite","@id":"https:\/\/www.museuolimpicbcn.cat\/ca\/#website","url":"https:\/\/www.museuolimpicbcn.cat\/ca\/","name":"Museu Ol\u00edmpic i de l&#039;Esport Joan Antoni Samaranch. Barcelona","description":"Altre lloc Web del Museu Ol\u00edmpic i de l&#039;Esport llocs","publisher":{"@id":"https:\/\/www.museuolimpicbcn.cat\/ca\/#organization"},"potentialAction":[{"@type":"SearchAction","target":{"@type":"EntryPoint","urlTemplate":"https:\/\/www.museuolimpicbcn.cat\/ca\/?s={search_term_string}"},"query-input":{"@type":"PropertyValueSpecification","valueRequired":true,"valueName":"search_term_string"}}],"inLanguage":"es"},{"@type":"Organization","@id":"https:\/\/www.museuolimpicbcn.cat\/ca\/#organization","name":"Museu Ol\u00edmpic i de l&#039;Esport Joan Antoni Samaranch. Barcelona","url":"https:\/\/www.museuolimpicbcn.cat\/ca\/","logo":{"@type":"ImageObject","inLanguage":"es","@id":"https:\/\/www.museuolimpicbcn.cat\/ca\/#\/schema\/logo\/image\/","url":"https:\/\/www.museuolimpicbcn.cat\/wp-content\/uploads\/sites\/2\/2018\/12\/logo-moe-header.svg","contentUrl":"https:\/\/www.museuolimpicbcn.cat\/wp-content\/uploads\/sites\/2\/2018\/12\/logo-moe-header.svg","caption":"Museu Ol\u00edmpic i de l&#039;Esport Joan Antoni Samaranch. Barcelona"},"image":{"@id":"https:\/\/www.museuolimpicbcn.cat\/ca\/#\/schema\/logo\/image\/"}},{"@type":"Person","@id":"https:\/\/www.museuolimpicbcn.cat\/ca\/#\/schema\/person\/b792834a53f193977df425a499287aa9","name":"Ibone","url":"https:\/\/www.museuolimpicbcn.cat\/es\/author\/fbolimpica\/"}]}},"_links":{"self":[{"href":"https:\/\/www.museuolimpicbcn.cat\/es\/wp-json\/wp\/v2\/posts\/37899"}],"collection":[{"href":"https:\/\/www.museuolimpicbcn.cat\/es\/wp-json\/wp\/v2\/posts"}],"about":[{"href":"https:\/\/www.museuolimpicbcn.cat\/es\/wp-json\/wp\/v2\/types\/post"}],"author":[{"embeddable":true,"href":"https:\/\/www.museuolimpicbcn.cat\/es\/wp-json\/wp\/v2\/users\/11"}],"replies":[{"embeddable":true,"href":"https:\/\/www.museuolimpicbcn.cat\/es\/wp-json\/wp\/v2\/comments?post=37899"}],"version-history":[{"count":2,"href":"https:\/\/www.museuolimpicbcn.cat\/es\/wp-json\/wp\/v2\/posts\/37899\/revisions"}],"predecessor-version":[{"id":37907,"href":"https:\/\/www.museuolimpicbcn.cat\/es\/wp-json\/wp\/v2\/posts\/37899\/revisions\/37907"}],"wp:featuredmedia":[{"embeddable":true,"href":"https:\/\/www.museuolimpicbcn.cat\/es\/wp-json\/wp\/v2\/media\/37901"}],"wp:attachment":[{"href":"https:\/\/www.museuolimpicbcn.cat\/es\/wp-json\/wp\/v2\/media?parent=37899"}],"wp:term":[{"taxonomy":"category","embeddable":true,"href":"https:\/\/www.museuolimpicbcn.cat\/es\/wp-json\/wp\/v2\/categories?post=37899"},{"taxonomy":"post_tag","embeddable":true,"href":"https:\/\/www.museuolimpicbcn.cat\/es\/wp-json\/wp\/v2\/tags?post=37899"}],"curies":[{"name":"wp","href":"https:\/\/api.w.org\/{rel}","templated":true}]}}