{"id":40704,"date":"2024-04-16T12:56:33","date_gmt":"2024-04-16T10:56:33","guid":{"rendered":"https:\/\/www.museuolimpicbcn.cat\/?p=40704"},"modified":"2024-04-16T12:58:07","modified_gmt":"2024-04-16T10:58:07","slug":"el-cercallibres-en-el-museu-olimpic","status":"publish","type":"post","link":"https:\/\/www.museuolimpicbcn.cat\/es\/el-cercallibres-en-el-museu-olimpic\/","title":{"rendered":"El &#8220;Cercallibres&#8221; en el Museu Ol\u00edmpic"},"content":{"rendered":"<p>El Centre C\u00edvic El Sortidor, con colaboraci\u00f3n del Centre d&#8217;Estudis Ol\u00edmpics JA Samaranch, organiza varias visitas comentadas por bibliotecas, fondos y colecciones de las equipaciones de la monta\u00f1a de Montjuic en el marco del \u201cCercallibres del Poble-sec, Sant Jordi al barrio\u201d.<\/p>\n<p>Este programa est\u00e1 dise\u00f1ado para dar a conocer los espacios de consulta bibliogr\u00e1fica, con el objetivo de proporcionar una visi\u00f3n detallada del rico patrimonio bibliogr\u00e1fico y documental disponibles a los ciudadanos, y sensibilizar sobre la importancia de la memoria hist\u00f3rica y cultural que estos espacios ofrecen a la comunidad. Se promueve la participaci\u00f3n en estas visitas para alentar el inter\u00e9s y el uso activo de estos recursos.<\/p>\n","protected":false},"excerpt":{"rendered":"<p>El Centre C\u00edvic El Sortidor, con colaboraci\u00f3n del Centre d&#8217;Estudis Ol\u00edmpics JA Samaranch, organiza varias visitas comentadas por bibliotecas, fondos y colecciones de las equipaciones de la monta\u00f1a de Montjuic en el marco del \u201cCercallibres del Poble-sec, Sant Jordi al barrio\u201d. Este programa est\u00e1 dise\u00f1ado para dar a conocer los espacios de consulta bibliogr\u00e1fica, con [&hellip;]<\/p>\n","protected":false},"author":11,"featured_media":40720,"comment_status":"closed","ping_status":"closed","sticky":false,"template":"","format":"standard","meta":{"_acf_changed":false,"_price":"","_stock":"","_tribe_ticket_header":"","_tribe_default_ticket_provider":"","_tribe_ticket_capacity":"0","_ticket_start_date":"","_ticket_end_date":"","_tribe_ticket_show_description":"","_tribe_ticket_show_not_going":false,"_tribe_ticket_use_global_stock":"","_tribe_ticket_global_stock_level":"","_global_stock_mode":"","_global_stock_cap":"","_tribe_rsvp_for_event":"","_tribe_ticket_going_count":"","_tribe_ticket_not_going_count":"","_tribe_tickets_list":"[]","_tribe_ticket_has_attendee_info_fields":false,"footnotes":""},"categories":[3],"tags":[],"class_list":["post-40704","post","type-post","status-publish","format-standard","has-post-thumbnail","hentry","category-sin-categorizar"],"acf":[],"yoast_head":"<!-- This site is optimized with the Yoast SEO plugin v23.7 - https:\/\/yoast.com\/wordpress\/plugins\/seo\/ -->\n<title>El &quot;Cercallibres&quot; en el Museu Ol\u00edmpic - Museu Ol\u00edmpic i de l&#039;Esport Joan Antoni Samaranch. Barcelona<\/title>\n<meta name=\"robots\" content=\"index, follow, max-snippet:-1, max-image-preview:large, max-video-preview:-1\" \/>\n<link rel=\"canonical\" href=\"https:\/\/www.museuolimpicbcn.cat\/es\/el-cercallibres-en-el-museu-olimpic\/\" \/>\n<meta property=\"og:locale\" content=\"es_ES\" \/>\n<meta property=\"og:type\" content=\"article\" \/>\n<meta property=\"og:title\" content=\"El &quot;Cercallibres&quot; en el Museu Ol\u00edmpic - Museu Ol\u00edmpic i de l&#039;Esport Joan Antoni Samaranch. Barcelona\" \/>\n<meta property=\"og:description\" content=\"El Centre C\u00edvic El Sortidor, con colaboraci\u00f3n del Centre d&#8217;Estudis Ol\u00edmpics JA Samaranch, organiza varias visitas comentadas por bibliotecas, fondos y colecciones de las equipaciones de la monta\u00f1a de Montjuic en el marco del \u201cCercallibres del Poble-sec, Sant Jordi al barrio\u201d. Este programa est\u00e1 dise\u00f1ado para dar a conocer los espacios de consulta bibliogr\u00e1fica, con [&hellip;]\" \/>\n<meta property=\"og:url\" content=\"https:\/\/www.museuolimpicbcn.cat\/es\/el-cercallibres-en-el-museu-olimpic\/\" \/>\n<meta property=\"og:site_name\" content=\"Museu Ol\u00edmpic i de l&#039;Esport Joan Antoni Samaranch. Barcelona\" \/>\n<meta property=\"article:published_time\" content=\"2024-04-16T10:56:33+00:00\" \/>\n<meta property=\"article:modified_time\" content=\"2024-04-16T10:58:07+00:00\" \/>\n<meta property=\"og:image\" content=\"https:\/\/www.museuolimpicbcn.cat\/wp-content\/uploads\/sites\/2\/2024\/04\/Cerca-Llibres_16-scaled.jpg\" \/>\n\t<meta property=\"og:image:width\" content=\"2560\" \/>\n\t<meta property=\"og:image:height\" content=\"1707\" \/>\n\t<meta property=\"og:image:type\" content=\"image\/jpeg\" \/>\n<meta name=\"author\" content=\"Ibone\" \/>\n<meta name=\"twitter:card\" content=\"summary_large_image\" \/>\n<meta name=\"twitter:label1\" content=\"Escrito por\" \/>\n\t<meta name=\"twitter:data1\" content=\"Ibone\" \/>\n\t<meta name=\"twitter:label2\" content=\"Tiempo de lectura\" \/>\n\t<meta name=\"twitter:data2\" content=\"1 minuto\" \/>\n<script type=\"application\/ld+json\" class=\"yoast-schema-graph\">{\"@context\":\"https:\/\/schema.org\",\"@graph\":[{\"@type\":\"Article\",\"@id\":\"https:\/\/www.museuolimpicbcn.cat\/es\/el-cercallibres-en-el-museu-olimpic\/#article\",\"isPartOf\":{\"@id\":\"https:\/\/www.museuolimpicbcn.cat\/es\/el-cercallibres-en-el-museu-olimpic\/\"},\"author\":{\"name\":\"Ibone\",\"@id\":\"https:\/\/www.museuolimpicbcn.cat\/ca\/#\/schema\/person\/b792834a53f193977df425a499287aa9\"},\"headline\":\"El &#8220;Cercallibres&#8221; en el Museu Ol\u00edmpic\",\"datePublished\":\"2024-04-16T10:56:33+00:00\",\"dateModified\":\"2024-04-16T10:58:07+00:00\",\"mainEntityOfPage\":{\"@id\":\"https:\/\/www.museuolimpicbcn.cat\/es\/el-cercallibres-en-el-museu-olimpic\/\"},\"wordCount\":126,\"publisher\":{\"@id\":\"https:\/\/www.museuolimpicbcn.cat\/ca\/#organization\"},\"image\":{\"@id\":\"https:\/\/www.museuolimpicbcn.cat\/es\/el-cercallibres-en-el-museu-olimpic\/#primaryimage\"},\"thumbnailUrl\":\"https:\/\/www.museuolimpicbcn.cat\/wp-content\/uploads\/sites\/2\/2024\/04\/Cerca-Llibres_16-scaled.jpg\",\"articleSection\":[\"Sin categorizar\"],\"inLanguage\":\"es\"},{\"@type\":\"WebPage\",\"@id\":\"https:\/\/www.museuolimpicbcn.cat\/es\/el-cercallibres-en-el-museu-olimpic\/\",\"url\":\"https:\/\/www.museuolimpicbcn.cat\/es\/el-cercallibres-en-el-museu-olimpic\/\",\"name\":\"El \\\"Cercallibres\\\" en el Museu Ol\u00edmpic - Museu Ol\u00edmpic i de l&#039;Esport Joan Antoni Samaranch. Barcelona\",\"isPartOf\":{\"@id\":\"https:\/\/www.museuolimpicbcn.cat\/ca\/#website\"},\"primaryImageOfPage\":{\"@id\":\"https:\/\/www.museuolimpicbcn.cat\/es\/el-cercallibres-en-el-museu-olimpic\/#primaryimage\"},\"image\":{\"@id\":\"https:\/\/www.museuolimpicbcn.cat\/es\/el-cercallibres-en-el-museu-olimpic\/#primaryimage\"},\"thumbnailUrl\":\"https:\/\/www.museuolimpicbcn.cat\/wp-content\/uploads\/sites\/2\/2024\/04\/Cerca-Llibres_16-scaled.jpg\",\"datePublished\":\"2024-04-16T10:56:33+00:00\",\"dateModified\":\"2024-04-16T10:58:07+00:00\",\"breadcrumb\":{\"@id\":\"https:\/\/www.museuolimpicbcn.cat\/es\/el-cercallibres-en-el-museu-olimpic\/#breadcrumb\"},\"inLanguage\":\"es\",\"potentialAction\":[{\"@type\":\"ReadAction\",\"target\":[\"https:\/\/www.museuolimpicbcn.cat\/es\/el-cercallibres-en-el-museu-olimpic\/\"]}]},{\"@type\":\"ImageObject\",\"inLanguage\":\"es\",\"@id\":\"https:\/\/www.museuolimpicbcn.cat\/es\/el-cercallibres-en-el-museu-olimpic\/#primaryimage\",\"url\":\"https:\/\/www.museuolimpicbcn.cat\/wp-content\/uploads\/sites\/2\/2024\/04\/Cerca-Llibres_16-scaled.jpg\",\"contentUrl\":\"https:\/\/www.museuolimpicbcn.cat\/wp-content\/uploads\/sites\/2\/2024\/04\/Cerca-Llibres_16-scaled.jpg\",\"width\":2560,\"height\":1707},{\"@type\":\"BreadcrumbList\",\"@id\":\"https:\/\/www.museuolimpicbcn.cat\/es\/el-cercallibres-en-el-museu-olimpic\/#breadcrumb\",\"itemListElement\":[{\"@type\":\"ListItem\",\"position\":1,\"name\":\"Inici\",\"item\":\"https:\/\/www.museuolimpicbcn.cat\/es\/\"},{\"@type\":\"ListItem\",\"position\":2,\"name\":\"El &#8220;Cercallibres&#8221; en el Museu Ol\u00edmpic\"}]},{\"@type\":\"WebSite\",\"@id\":\"https:\/\/www.museuolimpicbcn.cat\/ca\/#website\",\"url\":\"https:\/\/www.museuolimpicbcn.cat\/ca\/\",\"name\":\"Museu Ol\u00edmpic i de l&#039;Esport Joan Antoni Samaranch. Barcelona\",\"description\":\"Altre lloc Web del Museu Ol\u00edmpic i de l&#039;Esport llocs\",\"publisher\":{\"@id\":\"https:\/\/www.museuolimpicbcn.cat\/ca\/#organization\"},\"potentialAction\":[{\"@type\":\"SearchAction\",\"target\":{\"@type\":\"EntryPoint\",\"urlTemplate\":\"https:\/\/www.museuolimpicbcn.cat\/ca\/?s={search_term_string}\"},\"query-input\":{\"@type\":\"PropertyValueSpecification\",\"valueRequired\":true,\"valueName\":\"search_term_string\"}}],\"inLanguage\":\"es\"},{\"@type\":\"Organization\",\"@id\":\"https:\/\/www.museuolimpicbcn.cat\/ca\/#organization\",\"name\":\"Museu Ol\u00edmpic i de l&#039;Esport Joan Antoni Samaranch. Barcelona\",\"url\":\"https:\/\/www.museuolimpicbcn.cat\/ca\/\",\"logo\":{\"@type\":\"ImageObject\",\"inLanguage\":\"es\",\"@id\":\"https:\/\/www.museuolimpicbcn.cat\/ca\/#\/schema\/logo\/image\/\",\"url\":\"https:\/\/www.museuolimpicbcn.cat\/wp-content\/uploads\/sites\/2\/2018\/12\/logo-moe-header.svg\",\"contentUrl\":\"https:\/\/www.museuolimpicbcn.cat\/wp-content\/uploads\/sites\/2\/2018\/12\/logo-moe-header.svg\",\"caption\":\"Museu Ol\u00edmpic i de l&#039;Esport Joan Antoni Samaranch. Barcelona\"},\"image\":{\"@id\":\"https:\/\/www.museuolimpicbcn.cat\/ca\/#\/schema\/logo\/image\/\"}},{\"@type\":\"Person\",\"@id\":\"https:\/\/www.museuolimpicbcn.cat\/ca\/#\/schema\/person\/b792834a53f193977df425a499287aa9\",\"name\":\"Ibone\",\"url\":\"https:\/\/www.museuolimpicbcn.cat\/es\/author\/fbolimpica\/\"}]}<\/script>\n<!-- \/ Yoast SEO plugin. -->","yoast_head_json":{"title":"El \"Cercallibres\" en el Museu Ol\u00edmpic - Museu Ol\u00edmpic i de l&#039;Esport Joan Antoni Samaranch. Barcelona","robots":{"index":"index","follow":"follow","max-snippet":"max-snippet:-1","max-image-preview":"max-image-preview:large","max-video-preview":"max-video-preview:-1"},"canonical":"https:\/\/www.museuolimpicbcn.cat\/es\/el-cercallibres-en-el-museu-olimpic\/","og_locale":"es_ES","og_type":"article","og_title":"El \"Cercallibres\" en el Museu Ol\u00edmpic - Museu Ol\u00edmpic i de l&#039;Esport Joan Antoni Samaranch. Barcelona","og_description":"El Centre C\u00edvic El Sortidor, con colaboraci\u00f3n del Centre d&#8217;Estudis Ol\u00edmpics JA Samaranch, organiza varias visitas comentadas por bibliotecas, fondos y colecciones de las equipaciones de la monta\u00f1a de Montjuic en el marco del \u201cCercallibres del Poble-sec, Sant Jordi al barrio\u201d. Este programa est\u00e1 dise\u00f1ado para dar a conocer los espacios de consulta bibliogr\u00e1fica, con [&hellip;]","og_url":"https:\/\/www.museuolimpicbcn.cat\/es\/el-cercallibres-en-el-museu-olimpic\/","og_site_name":"Museu Ol\u00edmpic i de l&#039;Esport Joan Antoni Samaranch. Barcelona","article_published_time":"2024-04-16T10:56:33+00:00","article_modified_time":"2024-04-16T10:58:07+00:00","og_image":[{"width":2560,"height":1707,"url":"https:\/\/www.museuolimpicbcn.cat\/wp-content\/uploads\/sites\/2\/2024\/04\/Cerca-Llibres_16-scaled.jpg","type":"image\/jpeg"}],"author":"Ibone","twitter_card":"summary_large_image","twitter_misc":{"Escrito por":"Ibone","Tiempo de lectura":"1 minuto"},"schema":{"@context":"https:\/\/schema.org","@graph":[{"@type":"Article","@id":"https:\/\/www.museuolimpicbcn.cat\/es\/el-cercallibres-en-el-museu-olimpic\/#article","isPartOf":{"@id":"https:\/\/www.museuolimpicbcn.cat\/es\/el-cercallibres-en-el-museu-olimpic\/"},"author":{"name":"Ibone","@id":"https:\/\/www.museuolimpicbcn.cat\/ca\/#\/schema\/person\/b792834a53f193977df425a499287aa9"},"headline":"El &#8220;Cercallibres&#8221; en el Museu Ol\u00edmpic","datePublished":"2024-04-16T10:56:33+00:00","dateModified":"2024-04-16T10:58:07+00:00","mainEntityOfPage":{"@id":"https:\/\/www.museuolimpicbcn.cat\/es\/el-cercallibres-en-el-museu-olimpic\/"},"wordCount":126,"publisher":{"@id":"https:\/\/www.museuolimpicbcn.cat\/ca\/#organization"},"image":{"@id":"https:\/\/www.museuolimpicbcn.cat\/es\/el-cercallibres-en-el-museu-olimpic\/#primaryimage"},"thumbnailUrl":"https:\/\/www.museuolimpicbcn.cat\/wp-content\/uploads\/sites\/2\/2024\/04\/Cerca-Llibres_16-scaled.jpg","articleSection":["Sin categorizar"],"inLanguage":"es"},{"@type":"WebPage","@id":"https:\/\/www.museuolimpicbcn.cat\/es\/el-cercallibres-en-el-museu-olimpic\/","url":"https:\/\/www.museuolimpicbcn.cat\/es\/el-cercallibres-en-el-museu-olimpic\/","name":"El \"Cercallibres\" en el Museu Ol\u00edmpic - Museu Ol\u00edmpic i de l&#039;Esport Joan Antoni Samaranch. Barcelona","isPartOf":{"@id":"https:\/\/www.museuolimpicbcn.cat\/ca\/#website"},"primaryImageOfPage":{"@id":"https:\/\/www.museuolimpicbcn.cat\/es\/el-cercallibres-en-el-museu-olimpic\/#primaryimage"},"image":{"@id":"https:\/\/www.museuolimpicbcn.cat\/es\/el-cercallibres-en-el-museu-olimpic\/#primaryimage"},"thumbnailUrl":"https:\/\/www.museuolimpicbcn.cat\/wp-content\/uploads\/sites\/2\/2024\/04\/Cerca-Llibres_16-scaled.jpg","datePublished":"2024-04-16T10:56:33+00:00","dateModified":"2024-04-16T10:58:07+00:00","breadcrumb":{"@id":"https:\/\/www.museuolimpicbcn.cat\/es\/el-cercallibres-en-el-museu-olimpic\/#breadcrumb"},"inLanguage":"es","potentialAction":[{"@type":"ReadAction","target":["https:\/\/www.museuolimpicbcn.cat\/es\/el-cercallibres-en-el-museu-olimpic\/"]}]},{"@type":"ImageObject","inLanguage":"es","@id":"https:\/\/www.museuolimpicbcn.cat\/es\/el-cercallibres-en-el-museu-olimpic\/#primaryimage","url":"https:\/\/www.museuolimpicbcn.cat\/wp-content\/uploads\/sites\/2\/2024\/04\/Cerca-Llibres_16-scaled.jpg","contentUrl":"https:\/\/www.museuolimpicbcn.cat\/wp-content\/uploads\/sites\/2\/2024\/04\/Cerca-Llibres_16-scaled.jpg","width":2560,"height":1707},{"@type":"BreadcrumbList","@id":"https:\/\/www.museuolimpicbcn.cat\/es\/el-cercallibres-en-el-museu-olimpic\/#breadcrumb","itemListElement":[{"@type":"ListItem","position":1,"name":"Inici","item":"https:\/\/www.museuolimpicbcn.cat\/es\/"},{"@type":"ListItem","position":2,"name":"El &#8220;Cercallibres&#8221; en el Museu Ol\u00edmpic"}]},{"@type":"WebSite","@id":"https:\/\/www.museuolimpicbcn.cat\/ca\/#website","url":"https:\/\/www.museuolimpicbcn.cat\/ca\/","name":"Museu Ol\u00edmpic i de l&#039;Esport Joan Antoni Samaranch. Barcelona","description":"Altre lloc Web del Museu Ol\u00edmpic i de l&#039;Esport llocs","publisher":{"@id":"https:\/\/www.museuolimpicbcn.cat\/ca\/#organization"},"potentialAction":[{"@type":"SearchAction","target":{"@type":"EntryPoint","urlTemplate":"https:\/\/www.museuolimpicbcn.cat\/ca\/?s={search_term_string}"},"query-input":{"@type":"PropertyValueSpecification","valueRequired":true,"valueName":"search_term_string"}}],"inLanguage":"es"},{"@type":"Organization","@id":"https:\/\/www.museuolimpicbcn.cat\/ca\/#organization","name":"Museu Ol\u00edmpic i de l&#039;Esport Joan Antoni Samaranch. Barcelona","url":"https:\/\/www.museuolimpicbcn.cat\/ca\/","logo":{"@type":"ImageObject","inLanguage":"es","@id":"https:\/\/www.museuolimpicbcn.cat\/ca\/#\/schema\/logo\/image\/","url":"https:\/\/www.museuolimpicbcn.cat\/wp-content\/uploads\/sites\/2\/2018\/12\/logo-moe-header.svg","contentUrl":"https:\/\/www.museuolimpicbcn.cat\/wp-content\/uploads\/sites\/2\/2018\/12\/logo-moe-header.svg","caption":"Museu Ol\u00edmpic i de l&#039;Esport Joan Antoni Samaranch. Barcelona"},"image":{"@id":"https:\/\/www.museuolimpicbcn.cat\/ca\/#\/schema\/logo\/image\/"}},{"@type":"Person","@id":"https:\/\/www.museuolimpicbcn.cat\/ca\/#\/schema\/person\/b792834a53f193977df425a499287aa9","name":"Ibone","url":"https:\/\/www.museuolimpicbcn.cat\/es\/author\/fbolimpica\/"}]}},"_links":{"self":[{"href":"https:\/\/www.museuolimpicbcn.cat\/es\/wp-json\/wp\/v2\/posts\/40704"}],"collection":[{"href":"https:\/\/www.museuolimpicbcn.cat\/es\/wp-json\/wp\/v2\/posts"}],"about":[{"href":"https:\/\/www.museuolimpicbcn.cat\/es\/wp-json\/wp\/v2\/types\/post"}],"author":[{"embeddable":true,"href":"https:\/\/www.museuolimpicbcn.cat\/es\/wp-json\/wp\/v2\/users\/11"}],"replies":[{"embeddable":true,"href":"https:\/\/www.museuolimpicbcn.cat\/es\/wp-json\/wp\/v2\/comments?post=40704"}],"version-history":[{"count":2,"href":"https:\/\/www.museuolimpicbcn.cat\/es\/wp-json\/wp\/v2\/posts\/40704\/revisions"}],"predecessor-version":[{"id":40726,"href":"https:\/\/www.museuolimpicbcn.cat\/es\/wp-json\/wp\/v2\/posts\/40704\/revisions\/40726"}],"wp:featuredmedia":[{"embeddable":true,"href":"https:\/\/www.museuolimpicbcn.cat\/es\/wp-json\/wp\/v2\/media\/40720"}],"wp:attachment":[{"href":"https:\/\/www.museuolimpicbcn.cat\/es\/wp-json\/wp\/v2\/media?parent=40704"}],"wp:term":[{"taxonomy":"category","embeddable":true,"href":"https:\/\/www.museuolimpicbcn.cat\/es\/wp-json\/wp\/v2\/categories?post=40704"},{"taxonomy":"post_tag","embeddable":true,"href":"https:\/\/www.museuolimpicbcn.cat\/es\/wp-json\/wp\/v2\/tags?post=40704"}],"curies":[{"name":"wp","href":"https:\/\/api.w.org\/{rel}","templated":true}]}}