{"id":41792,"date":"2024-07-05T11:29:48","date_gmt":"2024-07-05T09:29:48","guid":{"rendered":"https:\/\/www.museuolimpicbcn.cat\/?p=41792"},"modified":"2024-07-05T11:30:58","modified_gmt":"2024-07-05T09:30:58","slug":"el-martinenc-acoge-una-nueva-edicion-del-torneo-de-historicos-del-futbol-catalan","status":"publish","type":"post","link":"https:\/\/www.museuolimpicbcn.cat\/es\/el-martinenc-acoge-una-nueva-edicion-del-torneo-de-historicos-del-futbol-catalan\/","title":{"rendered":"El Martinenc acoge una nueva edici\u00f3n del Torneo de Hist\u00f3ricos del F\u00fatbol Catal\u00e1n"},"content":{"rendered":"<p>Se han presentado, al Museo Ol\u00edmpico y del Deporte de Barcelona, la 38.\u00aa de la categor\u00eda masculina y la 9.\u00aa edici\u00f3n de la femenina del Torneo d\u2018Hist\u00f3ricos de F\u00fatbol Catal\u00e1n.<\/p>\n<p>Al acto asistieron David Escud\u00e9, regidor de Deportes; Joana Ortega, regidora del Ayuntamiento de Barcelona; Luis Qui\u00f1onero, representando de la Federaci\u00f3n Catalana de F\u00fatbol; representantes de los clubes participantes, as\u00ed como miembros de la junta directiva del FC Martinenc.<\/p>\n<p>Las instalaciones del Martinenc, CEM Guinard\u00f3, volver\u00e1n a ser la sede \u00fanica del torneo tanto en la categor\u00eda masculina, que se har\u00e1 del 29 de julio al 4 de agosto, como en la femenina que se celebrar\u00e1 del 5 al 8 de septiembre.<\/p>\n","protected":false},"excerpt":{"rendered":"<p>Se han presentado, al Museo Ol\u00edmpico y del Deporte de Barcelona, la 38.\u00aa de la categor\u00eda masculina y la 9.\u00aa edici\u00f3n de la femenina del Torneo d\u2018Hist\u00f3ricos de F\u00fatbol Catal\u00e1n. Al acto asistieron David Escud\u00e9, regidor de Deportes; Joana Ortega, regidora del Ayuntamiento de Barcelona; Luis Qui\u00f1onero, representando de la Federaci\u00f3n Catalana de F\u00fatbol; representantes [&hellip;]<\/p>\n","protected":false},"author":11,"featured_media":41796,"comment_status":"closed","ping_status":"closed","sticky":false,"template":"","format":"standard","meta":{"_acf_changed":false,"_price":"","_stock":"","_tribe_ticket_header":"","_tribe_default_ticket_provider":"","_tribe_ticket_capacity":"0","_ticket_start_date":"","_ticket_end_date":"","_tribe_ticket_show_description":"","_tribe_ticket_show_not_going":false,"_tribe_ticket_use_global_stock":"","_tribe_ticket_global_stock_level":"","_global_stock_mode":"","_global_stock_cap":"","_tribe_rsvp_for_event":"","_tribe_ticket_going_count":"","_tribe_ticket_not_going_count":"","_tribe_tickets_list":"[]","_tribe_ticket_has_attendee_info_fields":false,"footnotes":""},"categories":[3],"tags":[],"class_list":["post-41792","post","type-post","status-publish","format-standard","has-post-thumbnail","hentry","category-sin-categorizar"],"acf":[],"yoast_head":"<!-- This site is optimized with the Yoast SEO plugin v23.7 - https:\/\/yoast.com\/wordpress\/plugins\/seo\/ -->\n<title>El Martinenc acoge una nueva edici\u00f3n del Torneo de Hist\u00f3ricos del F\u00fatbol Catal\u00e1n - Museu Ol\u00edmpic i de l&#039;Esport Joan Antoni Samaranch. Barcelona<\/title>\n<meta name=\"robots\" content=\"index, follow, max-snippet:-1, max-image-preview:large, max-video-preview:-1\" \/>\n<link rel=\"canonical\" href=\"https:\/\/www.museuolimpicbcn.cat\/es\/el-martinenc-acoge-una-nueva-edicion-del-torneo-de-historicos-del-futbol-catalan\/\" \/>\n<meta property=\"og:locale\" content=\"es_ES\" \/>\n<meta property=\"og:type\" content=\"article\" \/>\n<meta property=\"og:title\" content=\"El Martinenc acoge una nueva edici\u00f3n del Torneo de Hist\u00f3ricos del F\u00fatbol Catal\u00e1n - Museu Ol\u00edmpic i de l&#039;Esport Joan Antoni Samaranch. Barcelona\" \/>\n<meta property=\"og:description\" content=\"Se han presentado, al Museo Ol\u00edmpico y del Deporte de Barcelona, la 38.\u00aa de la categor\u00eda masculina y la 9.\u00aa edici\u00f3n de la femenina del Torneo d\u2018Hist\u00f3ricos de F\u00fatbol Catal\u00e1n. Al acto asistieron David Escud\u00e9, regidor de Deportes; Joana Ortega, regidora del Ayuntamiento de Barcelona; Luis Qui\u00f1onero, representando de la Federaci\u00f3n Catalana de F\u00fatbol; representantes [&hellip;]\" \/>\n<meta property=\"og:url\" content=\"https:\/\/www.museuolimpicbcn.cat\/es\/el-martinenc-acoge-una-nueva-edicion-del-torneo-de-historicos-del-futbol-catalan\/\" \/>\n<meta property=\"og:site_name\" content=\"Museu Ol\u00edmpic i de l&#039;Esport Joan Antoni Samaranch. Barcelona\" \/>\n<meta property=\"article:published_time\" content=\"2024-07-05T09:29:48+00:00\" \/>\n<meta property=\"article:modified_time\" content=\"2024-07-05T09:30:58+00:00\" \/>\n<meta property=\"og:image\" content=\"https:\/\/www.museuolimpicbcn.cat\/wp-content\/uploads\/sites\/2\/2024\/07\/C42A0533-scaled.jpg\" \/>\n\t<meta property=\"og:image:width\" content=\"2560\" \/>\n\t<meta property=\"og:image:height\" content=\"1707\" \/>\n\t<meta property=\"og:image:type\" content=\"image\/jpeg\" \/>\n<meta name=\"author\" content=\"Ibone\" \/>\n<meta name=\"twitter:card\" content=\"summary_large_image\" \/>\n<meta name=\"twitter:label1\" content=\"Escrito por\" \/>\n\t<meta name=\"twitter:data1\" content=\"Ibone\" \/>\n\t<meta name=\"twitter:label2\" content=\"Tiempo de lectura\" \/>\n\t<meta name=\"twitter:data2\" content=\"1 minuto\" \/>\n<script type=\"application\/ld+json\" class=\"yoast-schema-graph\">{\"@context\":\"https:\/\/schema.org\",\"@graph\":[{\"@type\":\"Article\",\"@id\":\"https:\/\/www.museuolimpicbcn.cat\/es\/el-martinenc-acoge-una-nueva-edicion-del-torneo-de-historicos-del-futbol-catalan\/#article\",\"isPartOf\":{\"@id\":\"https:\/\/www.museuolimpicbcn.cat\/es\/el-martinenc-acoge-una-nueva-edicion-del-torneo-de-historicos-del-futbol-catalan\/\"},\"author\":{\"name\":\"Ibone\",\"@id\":\"https:\/\/www.museuolimpicbcn.cat\/ca\/#\/schema\/person\/b792834a53f193977df425a499287aa9\"},\"headline\":\"El Martinenc acoge una nueva edici\u00f3n del Torneo de Hist\u00f3ricos del F\u00fatbol Catal\u00e1n\",\"datePublished\":\"2024-07-05T09:29:48+00:00\",\"dateModified\":\"2024-07-05T09:30:58+00:00\",\"mainEntityOfPage\":{\"@id\":\"https:\/\/www.museuolimpicbcn.cat\/es\/el-martinenc-acoge-una-nueva-edicion-del-torneo-de-historicos-del-futbol-catalan\/\"},\"wordCount\":135,\"publisher\":{\"@id\":\"https:\/\/www.museuolimpicbcn.cat\/ca\/#organization\"},\"image\":{\"@id\":\"https:\/\/www.museuolimpicbcn.cat\/es\/el-martinenc-acoge-una-nueva-edicion-del-torneo-de-historicos-del-futbol-catalan\/#primaryimage\"},\"thumbnailUrl\":\"https:\/\/www.museuolimpicbcn.cat\/wp-content\/uploads\/sites\/2\/2024\/07\/C42A0533-scaled.jpg\",\"articleSection\":[\"Sin categorizar\"],\"inLanguage\":\"es\"},{\"@type\":\"WebPage\",\"@id\":\"https:\/\/www.museuolimpicbcn.cat\/es\/el-martinenc-acoge-una-nueva-edicion-del-torneo-de-historicos-del-futbol-catalan\/\",\"url\":\"https:\/\/www.museuolimpicbcn.cat\/es\/el-martinenc-acoge-una-nueva-edicion-del-torneo-de-historicos-del-futbol-catalan\/\",\"name\":\"El Martinenc acoge una nueva edici\u00f3n del Torneo de Hist\u00f3ricos del F\u00fatbol Catal\u00e1n - Museu Ol\u00edmpic i de l&#039;Esport Joan Antoni Samaranch. Barcelona\",\"isPartOf\":{\"@id\":\"https:\/\/www.museuolimpicbcn.cat\/ca\/#website\"},\"primaryImageOfPage\":{\"@id\":\"https:\/\/www.museuolimpicbcn.cat\/es\/el-martinenc-acoge-una-nueva-edicion-del-torneo-de-historicos-del-futbol-catalan\/#primaryimage\"},\"image\":{\"@id\":\"https:\/\/www.museuolimpicbcn.cat\/es\/el-martinenc-acoge-una-nueva-edicion-del-torneo-de-historicos-del-futbol-catalan\/#primaryimage\"},\"thumbnailUrl\":\"https:\/\/www.museuolimpicbcn.cat\/wp-content\/uploads\/sites\/2\/2024\/07\/C42A0533-scaled.jpg\",\"datePublished\":\"2024-07-05T09:29:48+00:00\",\"dateModified\":\"2024-07-05T09:30:58+00:00\",\"breadcrumb\":{\"@id\":\"https:\/\/www.museuolimpicbcn.cat\/es\/el-martinenc-acoge-una-nueva-edicion-del-torneo-de-historicos-del-futbol-catalan\/#breadcrumb\"},\"inLanguage\":\"es\",\"potentialAction\":[{\"@type\":\"ReadAction\",\"target\":[\"https:\/\/www.museuolimpicbcn.cat\/es\/el-martinenc-acoge-una-nueva-edicion-del-torneo-de-historicos-del-futbol-catalan\/\"]}]},{\"@type\":\"ImageObject\",\"inLanguage\":\"es\",\"@id\":\"https:\/\/www.museuolimpicbcn.cat\/es\/el-martinenc-acoge-una-nueva-edicion-del-torneo-de-historicos-del-futbol-catalan\/#primaryimage\",\"url\":\"https:\/\/www.museuolimpicbcn.cat\/wp-content\/uploads\/sites\/2\/2024\/07\/C42A0533-scaled.jpg\",\"contentUrl\":\"https:\/\/www.museuolimpicbcn.cat\/wp-content\/uploads\/sites\/2\/2024\/07\/C42A0533-scaled.jpg\",\"width\":2560,\"height\":1707},{\"@type\":\"BreadcrumbList\",\"@id\":\"https:\/\/www.museuolimpicbcn.cat\/es\/el-martinenc-acoge-una-nueva-edicion-del-torneo-de-historicos-del-futbol-catalan\/#breadcrumb\",\"itemListElement\":[{\"@type\":\"ListItem\",\"position\":1,\"name\":\"Inici\",\"item\":\"https:\/\/www.museuolimpicbcn.cat\/es\/\"},{\"@type\":\"ListItem\",\"position\":2,\"name\":\"El Martinenc acoge una nueva edici\u00f3n del Torneo de Hist\u00f3ricos del F\u00fatbol Catal\u00e1n\"}]},{\"@type\":\"WebSite\",\"@id\":\"https:\/\/www.museuolimpicbcn.cat\/ca\/#website\",\"url\":\"https:\/\/www.museuolimpicbcn.cat\/ca\/\",\"name\":\"Museu Ol\u00edmpic i de l&#039;Esport Joan Antoni Samaranch. Barcelona\",\"description\":\"Altre lloc Web del Museu Ol\u00edmpic i de l&#039;Esport llocs\",\"publisher\":{\"@id\":\"https:\/\/www.museuolimpicbcn.cat\/ca\/#organization\"},\"potentialAction\":[{\"@type\":\"SearchAction\",\"target\":{\"@type\":\"EntryPoint\",\"urlTemplate\":\"https:\/\/www.museuolimpicbcn.cat\/ca\/?s={search_term_string}\"},\"query-input\":{\"@type\":\"PropertyValueSpecification\",\"valueRequired\":true,\"valueName\":\"search_term_string\"}}],\"inLanguage\":\"es\"},{\"@type\":\"Organization\",\"@id\":\"https:\/\/www.museuolimpicbcn.cat\/ca\/#organization\",\"name\":\"Museu Ol\u00edmpic i de l&#039;Esport Joan Antoni Samaranch. Barcelona\",\"url\":\"https:\/\/www.museuolimpicbcn.cat\/ca\/\",\"logo\":{\"@type\":\"ImageObject\",\"inLanguage\":\"es\",\"@id\":\"https:\/\/www.museuolimpicbcn.cat\/ca\/#\/schema\/logo\/image\/\",\"url\":\"https:\/\/www.museuolimpicbcn.cat\/wp-content\/uploads\/sites\/2\/2018\/12\/logo-moe-header.svg\",\"contentUrl\":\"https:\/\/www.museuolimpicbcn.cat\/wp-content\/uploads\/sites\/2\/2018\/12\/logo-moe-header.svg\",\"caption\":\"Museu Ol\u00edmpic i de l&#039;Esport Joan Antoni Samaranch. Barcelona\"},\"image\":{\"@id\":\"https:\/\/www.museuolimpicbcn.cat\/ca\/#\/schema\/logo\/image\/\"}},{\"@type\":\"Person\",\"@id\":\"https:\/\/www.museuolimpicbcn.cat\/ca\/#\/schema\/person\/b792834a53f193977df425a499287aa9\",\"name\":\"Ibone\",\"url\":\"https:\/\/www.museuolimpicbcn.cat\/es\/author\/fbolimpica\/\"}]}<\/script>\n<!-- \/ Yoast SEO plugin. -->","yoast_head_json":{"title":"El Martinenc acoge una nueva edici\u00f3n del Torneo de Hist\u00f3ricos del F\u00fatbol Catal\u00e1n - Museu Ol\u00edmpic i de l&#039;Esport Joan Antoni Samaranch. Barcelona","robots":{"index":"index","follow":"follow","max-snippet":"max-snippet:-1","max-image-preview":"max-image-preview:large","max-video-preview":"max-video-preview:-1"},"canonical":"https:\/\/www.museuolimpicbcn.cat\/es\/el-martinenc-acoge-una-nueva-edicion-del-torneo-de-historicos-del-futbol-catalan\/","og_locale":"es_ES","og_type":"article","og_title":"El Martinenc acoge una nueva edici\u00f3n del Torneo de Hist\u00f3ricos del F\u00fatbol Catal\u00e1n - Museu Ol\u00edmpic i de l&#039;Esport Joan Antoni Samaranch. Barcelona","og_description":"Se han presentado, al Museo Ol\u00edmpico y del Deporte de Barcelona, la 38.\u00aa de la categor\u00eda masculina y la 9.\u00aa edici\u00f3n de la femenina del Torneo d\u2018Hist\u00f3ricos de F\u00fatbol Catal\u00e1n. Al acto asistieron David Escud\u00e9, regidor de Deportes; Joana Ortega, regidora del Ayuntamiento de Barcelona; Luis Qui\u00f1onero, representando de la Federaci\u00f3n Catalana de F\u00fatbol; representantes [&hellip;]","og_url":"https:\/\/www.museuolimpicbcn.cat\/es\/el-martinenc-acoge-una-nueva-edicion-del-torneo-de-historicos-del-futbol-catalan\/","og_site_name":"Museu Ol\u00edmpic i de l&#039;Esport Joan Antoni Samaranch. Barcelona","article_published_time":"2024-07-05T09:29:48+00:00","article_modified_time":"2024-07-05T09:30:58+00:00","og_image":[{"width":2560,"height":1707,"url":"https:\/\/www.museuolimpicbcn.cat\/wp-content\/uploads\/sites\/2\/2024\/07\/C42A0533-scaled.jpg","type":"image\/jpeg"}],"author":"Ibone","twitter_card":"summary_large_image","twitter_misc":{"Escrito por":"Ibone","Tiempo de lectura":"1 minuto"},"schema":{"@context":"https:\/\/schema.org","@graph":[{"@type":"Article","@id":"https:\/\/www.museuolimpicbcn.cat\/es\/el-martinenc-acoge-una-nueva-edicion-del-torneo-de-historicos-del-futbol-catalan\/#article","isPartOf":{"@id":"https:\/\/www.museuolimpicbcn.cat\/es\/el-martinenc-acoge-una-nueva-edicion-del-torneo-de-historicos-del-futbol-catalan\/"},"author":{"name":"Ibone","@id":"https:\/\/www.museuolimpicbcn.cat\/ca\/#\/schema\/person\/b792834a53f193977df425a499287aa9"},"headline":"El Martinenc acoge una nueva edici\u00f3n del Torneo de Hist\u00f3ricos del F\u00fatbol Catal\u00e1n","datePublished":"2024-07-05T09:29:48+00:00","dateModified":"2024-07-05T09:30:58+00:00","mainEntityOfPage":{"@id":"https:\/\/www.museuolimpicbcn.cat\/es\/el-martinenc-acoge-una-nueva-edicion-del-torneo-de-historicos-del-futbol-catalan\/"},"wordCount":135,"publisher":{"@id":"https:\/\/www.museuolimpicbcn.cat\/ca\/#organization"},"image":{"@id":"https:\/\/www.museuolimpicbcn.cat\/es\/el-martinenc-acoge-una-nueva-edicion-del-torneo-de-historicos-del-futbol-catalan\/#primaryimage"},"thumbnailUrl":"https:\/\/www.museuolimpicbcn.cat\/wp-content\/uploads\/sites\/2\/2024\/07\/C42A0533-scaled.jpg","articleSection":["Sin categorizar"],"inLanguage":"es"},{"@type":"WebPage","@id":"https:\/\/www.museuolimpicbcn.cat\/es\/el-martinenc-acoge-una-nueva-edicion-del-torneo-de-historicos-del-futbol-catalan\/","url":"https:\/\/www.museuolimpicbcn.cat\/es\/el-martinenc-acoge-una-nueva-edicion-del-torneo-de-historicos-del-futbol-catalan\/","name":"El Martinenc acoge una nueva edici\u00f3n del Torneo de Hist\u00f3ricos del F\u00fatbol Catal\u00e1n - Museu Ol\u00edmpic i de l&#039;Esport Joan Antoni Samaranch. Barcelona","isPartOf":{"@id":"https:\/\/www.museuolimpicbcn.cat\/ca\/#website"},"primaryImageOfPage":{"@id":"https:\/\/www.museuolimpicbcn.cat\/es\/el-martinenc-acoge-una-nueva-edicion-del-torneo-de-historicos-del-futbol-catalan\/#primaryimage"},"image":{"@id":"https:\/\/www.museuolimpicbcn.cat\/es\/el-martinenc-acoge-una-nueva-edicion-del-torneo-de-historicos-del-futbol-catalan\/#primaryimage"},"thumbnailUrl":"https:\/\/www.museuolimpicbcn.cat\/wp-content\/uploads\/sites\/2\/2024\/07\/C42A0533-scaled.jpg","datePublished":"2024-07-05T09:29:48+00:00","dateModified":"2024-07-05T09:30:58+00:00","breadcrumb":{"@id":"https:\/\/www.museuolimpicbcn.cat\/es\/el-martinenc-acoge-una-nueva-edicion-del-torneo-de-historicos-del-futbol-catalan\/#breadcrumb"},"inLanguage":"es","potentialAction":[{"@type":"ReadAction","target":["https:\/\/www.museuolimpicbcn.cat\/es\/el-martinenc-acoge-una-nueva-edicion-del-torneo-de-historicos-del-futbol-catalan\/"]}]},{"@type":"ImageObject","inLanguage":"es","@id":"https:\/\/www.museuolimpicbcn.cat\/es\/el-martinenc-acoge-una-nueva-edicion-del-torneo-de-historicos-del-futbol-catalan\/#primaryimage","url":"https:\/\/www.museuolimpicbcn.cat\/wp-content\/uploads\/sites\/2\/2024\/07\/C42A0533-scaled.jpg","contentUrl":"https:\/\/www.museuolimpicbcn.cat\/wp-content\/uploads\/sites\/2\/2024\/07\/C42A0533-scaled.jpg","width":2560,"height":1707},{"@type":"BreadcrumbList","@id":"https:\/\/www.museuolimpicbcn.cat\/es\/el-martinenc-acoge-una-nueva-edicion-del-torneo-de-historicos-del-futbol-catalan\/#breadcrumb","itemListElement":[{"@type":"ListItem","position":1,"name":"Inici","item":"https:\/\/www.museuolimpicbcn.cat\/es\/"},{"@type":"ListItem","position":2,"name":"El Martinenc acoge una nueva edici\u00f3n del Torneo de Hist\u00f3ricos del F\u00fatbol Catal\u00e1n"}]},{"@type":"WebSite","@id":"https:\/\/www.museuolimpicbcn.cat\/ca\/#website","url":"https:\/\/www.museuolimpicbcn.cat\/ca\/","name":"Museu Ol\u00edmpic i de l&#039;Esport Joan Antoni Samaranch. Barcelona","description":"Altre lloc Web del Museu Ol\u00edmpic i de l&#039;Esport llocs","publisher":{"@id":"https:\/\/www.museuolimpicbcn.cat\/ca\/#organization"},"potentialAction":[{"@type":"SearchAction","target":{"@type":"EntryPoint","urlTemplate":"https:\/\/www.museuolimpicbcn.cat\/ca\/?s={search_term_string}"},"query-input":{"@type":"PropertyValueSpecification","valueRequired":true,"valueName":"search_term_string"}}],"inLanguage":"es"},{"@type":"Organization","@id":"https:\/\/www.museuolimpicbcn.cat\/ca\/#organization","name":"Museu Ol\u00edmpic i de l&#039;Esport Joan Antoni Samaranch. Barcelona","url":"https:\/\/www.museuolimpicbcn.cat\/ca\/","logo":{"@type":"ImageObject","inLanguage":"es","@id":"https:\/\/www.museuolimpicbcn.cat\/ca\/#\/schema\/logo\/image\/","url":"https:\/\/www.museuolimpicbcn.cat\/wp-content\/uploads\/sites\/2\/2018\/12\/logo-moe-header.svg","contentUrl":"https:\/\/www.museuolimpicbcn.cat\/wp-content\/uploads\/sites\/2\/2018\/12\/logo-moe-header.svg","caption":"Museu Ol\u00edmpic i de l&#039;Esport Joan Antoni Samaranch. Barcelona"},"image":{"@id":"https:\/\/www.museuolimpicbcn.cat\/ca\/#\/schema\/logo\/image\/"}},{"@type":"Person","@id":"https:\/\/www.museuolimpicbcn.cat\/ca\/#\/schema\/person\/b792834a53f193977df425a499287aa9","name":"Ibone","url":"https:\/\/www.museuolimpicbcn.cat\/es\/author\/fbolimpica\/"}]}},"_links":{"self":[{"href":"https:\/\/www.museuolimpicbcn.cat\/es\/wp-json\/wp\/v2\/posts\/41792"}],"collection":[{"href":"https:\/\/www.museuolimpicbcn.cat\/es\/wp-json\/wp\/v2\/posts"}],"about":[{"href":"https:\/\/www.museuolimpicbcn.cat\/es\/wp-json\/wp\/v2\/types\/post"}],"author":[{"embeddable":true,"href":"https:\/\/www.museuolimpicbcn.cat\/es\/wp-json\/wp\/v2\/users\/11"}],"replies":[{"embeddable":true,"href":"https:\/\/www.museuolimpicbcn.cat\/es\/wp-json\/wp\/v2\/comments?post=41792"}],"version-history":[{"count":1,"href":"https:\/\/www.museuolimpicbcn.cat\/es\/wp-json\/wp\/v2\/posts\/41792\/revisions"}],"predecessor-version":[{"id":41799,"href":"https:\/\/www.museuolimpicbcn.cat\/es\/wp-json\/wp\/v2\/posts\/41792\/revisions\/41799"}],"wp:featuredmedia":[{"embeddable":true,"href":"https:\/\/www.museuolimpicbcn.cat\/es\/wp-json\/wp\/v2\/media\/41796"}],"wp:attachment":[{"href":"https:\/\/www.museuolimpicbcn.cat\/es\/wp-json\/wp\/v2\/media?parent=41792"}],"wp:term":[{"taxonomy":"category","embeddable":true,"href":"https:\/\/www.museuolimpicbcn.cat\/es\/wp-json\/wp\/v2\/categories?post=41792"},{"taxonomy":"post_tag","embeddable":true,"href":"https:\/\/www.museuolimpicbcn.cat\/es\/wp-json\/wp\/v2\/tags?post=41792"}],"curies":[{"name":"wp","href":"https:\/\/api.w.org\/{rel}","templated":true}]}}