{"id":42279,"date":"2024-07-25T12:04:25","date_gmt":"2024-07-25T10:04:25","guid":{"rendered":"https:\/\/www.museuolimpicbcn.cat\/?p=42279"},"modified":"2024-07-25T12:04:25","modified_gmt":"2024-07-25T10:04:25","slug":"visita-de-la-delegacion-del-korea-sports-olympic-committee-al-museu-olimpic","status":"publish","type":"post","link":"https:\/\/www.museuolimpicbcn.cat\/es\/visita-de-la-delegacion-del-korea-sports-olympic-committee-al-museu-olimpic\/","title":{"rendered":"Visita de la Delegaci\u00f3n del Korea Sports Olympic Committee al Museu Ol\u00edmpic"},"content":{"rendered":"<p><span style=\"color: black\">El Museu Ol\u00edmpic de Barcelona recibi\u00f3 la visita de una destacada delegaci\u00f3n del Korea Sports Olympic Committee (KSOC), encabezada por Younchan Kim, Director General del KSOC. La delegaci\u00f3n tambi\u00e9n incluy\u00f3 a Minkyu Park, Director del Departamento Deportivo, y Heesuk Ham, Subgerente del Departamento Deportivo de KSOC.<\/span><\/p>\n<p style=\"text-align: start\"><span style=\"color: black\">La delegaci\u00f3n fue recibida por Francesc Terr\u00f3n, Director del Museu Ol\u00edmpic, quien dio la bienvenida a los visitantes y los acompa\u00f1\u00f3 en un recorrido por las instalaciones del museo. Durante la visita, los representantes del KSOC tuvieron la oportunidad de explorar las diversas exhibiciones del museo, que destacan la rica historia y el legado de los Juegos Ol\u00edmpicos, as\u00ed como la evoluci\u00f3n del deporte en todo el mundo.<\/span><\/p>\n<p style=\"text-align: start\"><span style=\"color: black\">En el transcurso de la visita, se llevaron a cabo conversaciones sobre posibles colaboraciones futuras entre el Museu Ol\u00edmpic y el KSOC. Ambas partes expresaron su entusiasmo por la oportunidad de intercambiar conocimientos y experiencias en el \u00e1mbito del deporte ol\u00edmpico, con el objetivo de fortalecer los lazos internacionales y promover los valores del olimpismo.<\/span><\/p>\n","protected":false},"excerpt":{"rendered":"<p>El Museu Ol\u00edmpic de Barcelona recibi\u00f3 la visita de una destacada delegaci\u00f3n del Korea Sports Olympic Committee (KSOC), encabezada por Younchan Kim, Director General del KSOC. La delegaci\u00f3n tambi\u00e9n incluy\u00f3 a Minkyu Park, Director del Departamento Deportivo, y Heesuk Ham, Subgerente del Departamento Deportivo de KSOC. La delegaci\u00f3n fue recibida por Francesc Terr\u00f3n, Director del [&hellip;]<\/p>\n","protected":false},"author":11,"featured_media":42280,"comment_status":"closed","ping_status":"closed","sticky":false,"template":"","format":"standard","meta":{"_acf_changed":false,"_price":"","_stock":"","_tribe_ticket_header":"","_tribe_default_ticket_provider":"","_tribe_ticket_capacity":"0","_ticket_start_date":"","_ticket_end_date":"","_tribe_ticket_show_description":"","_tribe_ticket_show_not_going":false,"_tribe_ticket_use_global_stock":"","_tribe_ticket_global_stock_level":"","_global_stock_mode":"","_global_stock_cap":"","_tribe_rsvp_for_event":"","_tribe_ticket_going_count":"","_tribe_ticket_not_going_count":"","_tribe_tickets_list":"[]","_tribe_ticket_has_attendee_info_fields":false,"footnotes":""},"categories":[3],"tags":[],"class_list":["post-42279","post","type-post","status-publish","format-standard","has-post-thumbnail","hentry","category-sin-categorizar"],"acf":[],"yoast_head":"<!-- This site is optimized with the Yoast SEO plugin v23.7 - https:\/\/yoast.com\/wordpress\/plugins\/seo\/ -->\n<title>Visita de la Delegaci\u00f3n del Korea Sports Olympic Committee al Museu Ol\u00edmpic - Museu Ol\u00edmpic i de l&#039;Esport Joan Antoni Samaranch. Barcelona<\/title>\n<meta name=\"robots\" content=\"index, follow, max-snippet:-1, max-image-preview:large, max-video-preview:-1\" \/>\n<link rel=\"canonical\" href=\"https:\/\/www.museuolimpicbcn.cat\/es\/visita-de-la-delegacion-del-korea-sports-olympic-committee-al-museu-olimpic\/\" \/>\n<meta property=\"og:locale\" content=\"es_ES\" \/>\n<meta property=\"og:type\" content=\"article\" \/>\n<meta property=\"og:title\" content=\"Visita de la Delegaci\u00f3n del Korea Sports Olympic Committee al Museu Ol\u00edmpic - Museu Ol\u00edmpic i de l&#039;Esport Joan Antoni Samaranch. Barcelona\" \/>\n<meta property=\"og:description\" content=\"El Museu Ol\u00edmpic de Barcelona recibi\u00f3 la visita de una destacada delegaci\u00f3n del Korea Sports Olympic Committee (KSOC), encabezada por Younchan Kim, Director General del KSOC. La delegaci\u00f3n tambi\u00e9n incluy\u00f3 a Minkyu Park, Director del Departamento Deportivo, y Heesuk Ham, Subgerente del Departamento Deportivo de KSOC. La delegaci\u00f3n fue recibida por Francesc Terr\u00f3n, Director del [&hellip;]\" \/>\n<meta property=\"og:url\" content=\"https:\/\/www.museuolimpicbcn.cat\/es\/visita-de-la-delegacion-del-korea-sports-olympic-committee-al-museu-olimpic\/\" \/>\n<meta property=\"og:site_name\" content=\"Museu Ol\u00edmpic i de l&#039;Esport Joan Antoni Samaranch. Barcelona\" \/>\n<meta property=\"article:published_time\" content=\"2024-07-25T10:04:25+00:00\" \/>\n<meta property=\"og:image\" content=\"https:\/\/www.museuolimpicbcn.cat\/wp-content\/uploads\/sites\/2\/2024\/07\/Musue-Olimpic-Delegacio-korea-scaled.jpg\" \/>\n\t<meta property=\"og:image:width\" content=\"2560\" \/>\n\t<meta property=\"og:image:height\" content=\"1707\" \/>\n\t<meta property=\"og:image:type\" content=\"image\/jpeg\" \/>\n<meta name=\"author\" content=\"Ibone\" \/>\n<meta name=\"twitter:card\" content=\"summary_large_image\" \/>\n<meta name=\"twitter:label1\" content=\"Escrito por\" \/>\n\t<meta name=\"twitter:data1\" content=\"Ibone\" \/>\n\t<meta name=\"twitter:label2\" content=\"Tiempo de lectura\" \/>\n\t<meta name=\"twitter:data2\" content=\"1 minuto\" \/>\n<script type=\"application\/ld+json\" class=\"yoast-schema-graph\">{\"@context\":\"https:\/\/schema.org\",\"@graph\":[{\"@type\":\"Article\",\"@id\":\"https:\/\/www.museuolimpicbcn.cat\/es\/visita-de-la-delegacion-del-korea-sports-olympic-committee-al-museu-olimpic\/#article\",\"isPartOf\":{\"@id\":\"https:\/\/www.museuolimpicbcn.cat\/es\/visita-de-la-delegacion-del-korea-sports-olympic-committee-al-museu-olimpic\/\"},\"author\":{\"name\":\"Ibone\",\"@id\":\"https:\/\/www.museuolimpicbcn.cat\/ca\/#\/schema\/person\/b792834a53f193977df425a499287aa9\"},\"headline\":\"Visita de la Delegaci\u00f3n del Korea Sports Olympic Committee al Museu Ol\u00edmpic\",\"datePublished\":\"2024-07-25T10:04:25+00:00\",\"dateModified\":\"2024-07-25T10:04:25+00:00\",\"mainEntityOfPage\":{\"@id\":\"https:\/\/www.museuolimpicbcn.cat\/es\/visita-de-la-delegacion-del-korea-sports-olympic-committee-al-museu-olimpic\/\"},\"wordCount\":194,\"publisher\":{\"@id\":\"https:\/\/www.museuolimpicbcn.cat\/ca\/#organization\"},\"image\":{\"@id\":\"https:\/\/www.museuolimpicbcn.cat\/es\/visita-de-la-delegacion-del-korea-sports-olympic-committee-al-museu-olimpic\/#primaryimage\"},\"thumbnailUrl\":\"https:\/\/www.museuolimpicbcn.cat\/wp-content\/uploads\/sites\/2\/2024\/07\/Musue-Olimpic-Delegacio-korea-scaled.jpg\",\"articleSection\":[\"Sin categorizar\"],\"inLanguage\":\"es\"},{\"@type\":\"WebPage\",\"@id\":\"https:\/\/www.museuolimpicbcn.cat\/es\/visita-de-la-delegacion-del-korea-sports-olympic-committee-al-museu-olimpic\/\",\"url\":\"https:\/\/www.museuolimpicbcn.cat\/es\/visita-de-la-delegacion-del-korea-sports-olympic-committee-al-museu-olimpic\/\",\"name\":\"Visita de la Delegaci\u00f3n del Korea Sports Olympic Committee al Museu Ol\u00edmpic - Museu Ol\u00edmpic i de l&#039;Esport Joan Antoni Samaranch. Barcelona\",\"isPartOf\":{\"@id\":\"https:\/\/www.museuolimpicbcn.cat\/ca\/#website\"},\"primaryImageOfPage\":{\"@id\":\"https:\/\/www.museuolimpicbcn.cat\/es\/visita-de-la-delegacion-del-korea-sports-olympic-committee-al-museu-olimpic\/#primaryimage\"},\"image\":{\"@id\":\"https:\/\/www.museuolimpicbcn.cat\/es\/visita-de-la-delegacion-del-korea-sports-olympic-committee-al-museu-olimpic\/#primaryimage\"},\"thumbnailUrl\":\"https:\/\/www.museuolimpicbcn.cat\/wp-content\/uploads\/sites\/2\/2024\/07\/Musue-Olimpic-Delegacio-korea-scaled.jpg\",\"datePublished\":\"2024-07-25T10:04:25+00:00\",\"dateModified\":\"2024-07-25T10:04:25+00:00\",\"breadcrumb\":{\"@id\":\"https:\/\/www.museuolimpicbcn.cat\/es\/visita-de-la-delegacion-del-korea-sports-olympic-committee-al-museu-olimpic\/#breadcrumb\"},\"inLanguage\":\"es\",\"potentialAction\":[{\"@type\":\"ReadAction\",\"target\":[\"https:\/\/www.museuolimpicbcn.cat\/es\/visita-de-la-delegacion-del-korea-sports-olympic-committee-al-museu-olimpic\/\"]}]},{\"@type\":\"ImageObject\",\"inLanguage\":\"es\",\"@id\":\"https:\/\/www.museuolimpicbcn.cat\/es\/visita-de-la-delegacion-del-korea-sports-olympic-committee-al-museu-olimpic\/#primaryimage\",\"url\":\"https:\/\/www.museuolimpicbcn.cat\/wp-content\/uploads\/sites\/2\/2024\/07\/Musue-Olimpic-Delegacio-korea-scaled.jpg\",\"contentUrl\":\"https:\/\/www.museuolimpicbcn.cat\/wp-content\/uploads\/sites\/2\/2024\/07\/Musue-Olimpic-Delegacio-korea-scaled.jpg\",\"width\":2560,\"height\":1707},{\"@type\":\"BreadcrumbList\",\"@id\":\"https:\/\/www.museuolimpicbcn.cat\/es\/visita-de-la-delegacion-del-korea-sports-olympic-committee-al-museu-olimpic\/#breadcrumb\",\"itemListElement\":[{\"@type\":\"ListItem\",\"position\":1,\"name\":\"Inici\",\"item\":\"https:\/\/www.museuolimpicbcn.cat\/es\/\"},{\"@type\":\"ListItem\",\"position\":2,\"name\":\"Visita de la Delegaci\u00f3n del Korea Sports Olympic Committee al Museu Ol\u00edmpic\"}]},{\"@type\":\"WebSite\",\"@id\":\"https:\/\/www.museuolimpicbcn.cat\/ca\/#website\",\"url\":\"https:\/\/www.museuolimpicbcn.cat\/ca\/\",\"name\":\"Museu Ol\u00edmpic i de l&#039;Esport Joan Antoni Samaranch. Barcelona\",\"description\":\"Altre lloc Web del Museu Ol\u00edmpic i de l&#039;Esport llocs\",\"publisher\":{\"@id\":\"https:\/\/www.museuolimpicbcn.cat\/ca\/#organization\"},\"potentialAction\":[{\"@type\":\"SearchAction\",\"target\":{\"@type\":\"EntryPoint\",\"urlTemplate\":\"https:\/\/www.museuolimpicbcn.cat\/ca\/?s={search_term_string}\"},\"query-input\":{\"@type\":\"PropertyValueSpecification\",\"valueRequired\":true,\"valueName\":\"search_term_string\"}}],\"inLanguage\":\"es\"},{\"@type\":\"Organization\",\"@id\":\"https:\/\/www.museuolimpicbcn.cat\/ca\/#organization\",\"name\":\"Museu Ol\u00edmpic i de l&#039;Esport Joan Antoni Samaranch. Barcelona\",\"url\":\"https:\/\/www.museuolimpicbcn.cat\/ca\/\",\"logo\":{\"@type\":\"ImageObject\",\"inLanguage\":\"es\",\"@id\":\"https:\/\/www.museuolimpicbcn.cat\/ca\/#\/schema\/logo\/image\/\",\"url\":\"https:\/\/www.museuolimpicbcn.cat\/wp-content\/uploads\/sites\/2\/2018\/12\/logo-moe-header.svg\",\"contentUrl\":\"https:\/\/www.museuolimpicbcn.cat\/wp-content\/uploads\/sites\/2\/2018\/12\/logo-moe-header.svg\",\"caption\":\"Museu Ol\u00edmpic i de l&#039;Esport Joan Antoni Samaranch. Barcelona\"},\"image\":{\"@id\":\"https:\/\/www.museuolimpicbcn.cat\/ca\/#\/schema\/logo\/image\/\"}},{\"@type\":\"Person\",\"@id\":\"https:\/\/www.museuolimpicbcn.cat\/ca\/#\/schema\/person\/b792834a53f193977df425a499287aa9\",\"name\":\"Ibone\",\"url\":\"https:\/\/www.museuolimpicbcn.cat\/es\/author\/fbolimpica\/\"}]}<\/script>\n<!-- \/ Yoast SEO plugin. -->","yoast_head_json":{"title":"Visita de la Delegaci\u00f3n del Korea Sports Olympic Committee al Museu Ol\u00edmpic - Museu Ol\u00edmpic i de l&#039;Esport Joan Antoni Samaranch. Barcelona","robots":{"index":"index","follow":"follow","max-snippet":"max-snippet:-1","max-image-preview":"max-image-preview:large","max-video-preview":"max-video-preview:-1"},"canonical":"https:\/\/www.museuolimpicbcn.cat\/es\/visita-de-la-delegacion-del-korea-sports-olympic-committee-al-museu-olimpic\/","og_locale":"es_ES","og_type":"article","og_title":"Visita de la Delegaci\u00f3n del Korea Sports Olympic Committee al Museu Ol\u00edmpic - Museu Ol\u00edmpic i de l&#039;Esport Joan Antoni Samaranch. Barcelona","og_description":"El Museu Ol\u00edmpic de Barcelona recibi\u00f3 la visita de una destacada delegaci\u00f3n del Korea Sports Olympic Committee (KSOC), encabezada por Younchan Kim, Director General del KSOC. La delegaci\u00f3n tambi\u00e9n incluy\u00f3 a Minkyu Park, Director del Departamento Deportivo, y Heesuk Ham, Subgerente del Departamento Deportivo de KSOC. La delegaci\u00f3n fue recibida por Francesc Terr\u00f3n, Director del [&hellip;]","og_url":"https:\/\/www.museuolimpicbcn.cat\/es\/visita-de-la-delegacion-del-korea-sports-olympic-committee-al-museu-olimpic\/","og_site_name":"Museu Ol\u00edmpic i de l&#039;Esport Joan Antoni Samaranch. Barcelona","article_published_time":"2024-07-25T10:04:25+00:00","og_image":[{"width":2560,"height":1707,"url":"https:\/\/www.museuolimpicbcn.cat\/wp-content\/uploads\/sites\/2\/2024\/07\/Musue-Olimpic-Delegacio-korea-scaled.jpg","type":"image\/jpeg"}],"author":"Ibone","twitter_card":"summary_large_image","twitter_misc":{"Escrito por":"Ibone","Tiempo de lectura":"1 minuto"},"schema":{"@context":"https:\/\/schema.org","@graph":[{"@type":"Article","@id":"https:\/\/www.museuolimpicbcn.cat\/es\/visita-de-la-delegacion-del-korea-sports-olympic-committee-al-museu-olimpic\/#article","isPartOf":{"@id":"https:\/\/www.museuolimpicbcn.cat\/es\/visita-de-la-delegacion-del-korea-sports-olympic-committee-al-museu-olimpic\/"},"author":{"name":"Ibone","@id":"https:\/\/www.museuolimpicbcn.cat\/ca\/#\/schema\/person\/b792834a53f193977df425a499287aa9"},"headline":"Visita de la Delegaci\u00f3n del Korea Sports Olympic Committee al Museu Ol\u00edmpic","datePublished":"2024-07-25T10:04:25+00:00","dateModified":"2024-07-25T10:04:25+00:00","mainEntityOfPage":{"@id":"https:\/\/www.museuolimpicbcn.cat\/es\/visita-de-la-delegacion-del-korea-sports-olympic-committee-al-museu-olimpic\/"},"wordCount":194,"publisher":{"@id":"https:\/\/www.museuolimpicbcn.cat\/ca\/#organization"},"image":{"@id":"https:\/\/www.museuolimpicbcn.cat\/es\/visita-de-la-delegacion-del-korea-sports-olympic-committee-al-museu-olimpic\/#primaryimage"},"thumbnailUrl":"https:\/\/www.museuolimpicbcn.cat\/wp-content\/uploads\/sites\/2\/2024\/07\/Musue-Olimpic-Delegacio-korea-scaled.jpg","articleSection":["Sin categorizar"],"inLanguage":"es"},{"@type":"WebPage","@id":"https:\/\/www.museuolimpicbcn.cat\/es\/visita-de-la-delegacion-del-korea-sports-olympic-committee-al-museu-olimpic\/","url":"https:\/\/www.museuolimpicbcn.cat\/es\/visita-de-la-delegacion-del-korea-sports-olympic-committee-al-museu-olimpic\/","name":"Visita de la Delegaci\u00f3n del Korea Sports Olympic Committee al Museu Ol\u00edmpic - Museu Ol\u00edmpic i de l&#039;Esport Joan Antoni Samaranch. Barcelona","isPartOf":{"@id":"https:\/\/www.museuolimpicbcn.cat\/ca\/#website"},"primaryImageOfPage":{"@id":"https:\/\/www.museuolimpicbcn.cat\/es\/visita-de-la-delegacion-del-korea-sports-olympic-committee-al-museu-olimpic\/#primaryimage"},"image":{"@id":"https:\/\/www.museuolimpicbcn.cat\/es\/visita-de-la-delegacion-del-korea-sports-olympic-committee-al-museu-olimpic\/#primaryimage"},"thumbnailUrl":"https:\/\/www.museuolimpicbcn.cat\/wp-content\/uploads\/sites\/2\/2024\/07\/Musue-Olimpic-Delegacio-korea-scaled.jpg","datePublished":"2024-07-25T10:04:25+00:00","dateModified":"2024-07-25T10:04:25+00:00","breadcrumb":{"@id":"https:\/\/www.museuolimpicbcn.cat\/es\/visita-de-la-delegacion-del-korea-sports-olympic-committee-al-museu-olimpic\/#breadcrumb"},"inLanguage":"es","potentialAction":[{"@type":"ReadAction","target":["https:\/\/www.museuolimpicbcn.cat\/es\/visita-de-la-delegacion-del-korea-sports-olympic-committee-al-museu-olimpic\/"]}]},{"@type":"ImageObject","inLanguage":"es","@id":"https:\/\/www.museuolimpicbcn.cat\/es\/visita-de-la-delegacion-del-korea-sports-olympic-committee-al-museu-olimpic\/#primaryimage","url":"https:\/\/www.museuolimpicbcn.cat\/wp-content\/uploads\/sites\/2\/2024\/07\/Musue-Olimpic-Delegacio-korea-scaled.jpg","contentUrl":"https:\/\/www.museuolimpicbcn.cat\/wp-content\/uploads\/sites\/2\/2024\/07\/Musue-Olimpic-Delegacio-korea-scaled.jpg","width":2560,"height":1707},{"@type":"BreadcrumbList","@id":"https:\/\/www.museuolimpicbcn.cat\/es\/visita-de-la-delegacion-del-korea-sports-olympic-committee-al-museu-olimpic\/#breadcrumb","itemListElement":[{"@type":"ListItem","position":1,"name":"Inici","item":"https:\/\/www.museuolimpicbcn.cat\/es\/"},{"@type":"ListItem","position":2,"name":"Visita de la Delegaci\u00f3n del Korea Sports Olympic Committee al Museu Ol\u00edmpic"}]},{"@type":"WebSite","@id":"https:\/\/www.museuolimpicbcn.cat\/ca\/#website","url":"https:\/\/www.museuolimpicbcn.cat\/ca\/","name":"Museu Ol\u00edmpic i de l&#039;Esport Joan Antoni Samaranch. Barcelona","description":"Altre lloc Web del Museu Ol\u00edmpic i de l&#039;Esport llocs","publisher":{"@id":"https:\/\/www.museuolimpicbcn.cat\/ca\/#organization"},"potentialAction":[{"@type":"SearchAction","target":{"@type":"EntryPoint","urlTemplate":"https:\/\/www.museuolimpicbcn.cat\/ca\/?s={search_term_string}"},"query-input":{"@type":"PropertyValueSpecification","valueRequired":true,"valueName":"search_term_string"}}],"inLanguage":"es"},{"@type":"Organization","@id":"https:\/\/www.museuolimpicbcn.cat\/ca\/#organization","name":"Museu Ol\u00edmpic i de l&#039;Esport Joan Antoni Samaranch. Barcelona","url":"https:\/\/www.museuolimpicbcn.cat\/ca\/","logo":{"@type":"ImageObject","inLanguage":"es","@id":"https:\/\/www.museuolimpicbcn.cat\/ca\/#\/schema\/logo\/image\/","url":"https:\/\/www.museuolimpicbcn.cat\/wp-content\/uploads\/sites\/2\/2018\/12\/logo-moe-header.svg","contentUrl":"https:\/\/www.museuolimpicbcn.cat\/wp-content\/uploads\/sites\/2\/2018\/12\/logo-moe-header.svg","caption":"Museu Ol\u00edmpic i de l&#039;Esport Joan Antoni Samaranch. Barcelona"},"image":{"@id":"https:\/\/www.museuolimpicbcn.cat\/ca\/#\/schema\/logo\/image\/"}},{"@type":"Person","@id":"https:\/\/www.museuolimpicbcn.cat\/ca\/#\/schema\/person\/b792834a53f193977df425a499287aa9","name":"Ibone","url":"https:\/\/www.museuolimpicbcn.cat\/es\/author\/fbolimpica\/"}]}},"_links":{"self":[{"href":"https:\/\/www.museuolimpicbcn.cat\/es\/wp-json\/wp\/v2\/posts\/42279"}],"collection":[{"href":"https:\/\/www.museuolimpicbcn.cat\/es\/wp-json\/wp\/v2\/posts"}],"about":[{"href":"https:\/\/www.museuolimpicbcn.cat\/es\/wp-json\/wp\/v2\/types\/post"}],"author":[{"embeddable":true,"href":"https:\/\/www.museuolimpicbcn.cat\/es\/wp-json\/wp\/v2\/users\/11"}],"replies":[{"embeddable":true,"href":"https:\/\/www.museuolimpicbcn.cat\/es\/wp-json\/wp\/v2\/comments?post=42279"}],"version-history":[{"count":1,"href":"https:\/\/www.museuolimpicbcn.cat\/es\/wp-json\/wp\/v2\/posts\/42279\/revisions"}],"predecessor-version":[{"id":42283,"href":"https:\/\/www.museuolimpicbcn.cat\/es\/wp-json\/wp\/v2\/posts\/42279\/revisions\/42283"}],"wp:featuredmedia":[{"embeddable":true,"href":"https:\/\/www.museuolimpicbcn.cat\/es\/wp-json\/wp\/v2\/media\/42280"}],"wp:attachment":[{"href":"https:\/\/www.museuolimpicbcn.cat\/es\/wp-json\/wp\/v2\/media?parent=42279"}],"wp:term":[{"taxonomy":"category","embeddable":true,"href":"https:\/\/www.museuolimpicbcn.cat\/es\/wp-json\/wp\/v2\/categories?post=42279"},{"taxonomy":"post_tag","embeddable":true,"href":"https:\/\/www.museuolimpicbcn.cat\/es\/wp-json\/wp\/v2\/tags?post=42279"}],"curies":[{"name":"wp","href":"https:\/\/api.w.org\/{rel}","templated":true}]}}