{"id":44647,"date":"2025-03-24T15:36:29","date_gmt":"2025-03-24T14:36:29","guid":{"rendered":"https:\/\/www.museuolimpicbcn.cat\/?p=44647"},"modified":"2025-04-02T15:41:15","modified_gmt":"2025-04-02T13:41:15","slug":"exito-de-participacion-en-el-evento-de-fiona-pinar-en-el-museo-olimpico-y-del-deporte","status":"publish","type":"post","link":"https:\/\/www.museuolimpicbcn.cat\/es\/exito-de-participacion-en-el-evento-de-fiona-pinar-en-el-museo-olimpico-y-del-deporte\/","title":{"rendered":"\u00c9xito de participaci\u00f3n en el evento de Fiona Pinar en el Museo Ol\u00edmpico y del Deporte"},"content":{"rendered":"<p>El Museo Ol\u00edmpico y del Deporte acogi\u00f3 con gran \u00e9xito la representaci\u00f3n teatralizada dedicada a Fiona Pinar Batalla, atleta paral\u00edmpica, dentro del ciclo familiar &#8220;Peque\u00f1as historias, grandes mujeres&#8221;. La actividad cont\u00f3 con una participaci\u00f3n entusiasta de los ni\u00f1os y sus familias, que vivieron una experiencia inspiradora y emocionante.<\/p>\n<p>Durante la sesi\u00f3n, los asistentes pudieron conocer de primera mano la incre\u00edble historia de superaci\u00f3n de Fiona Pinar, quien, despu\u00e9s de un grave accidente que le hizo perder una pierna, decidi\u00f3 no rendirse y convertirse en una atleta de alto rendimiento. Su determinaci\u00f3n y esp\u00edritu de lucha cautivaron al p\u00fablico, especialmente a los m\u00e1s peque\u00f1os, que mostraron gran curiosidad e inter\u00e9s por su trayectoria.<\/p>\n<p>La actividad, que forma parte de la 8\u00aa edici\u00f3n del ciclo &#8220;Peque\u00f1as historias, grandes mujeres&#8221;, ha logrado su objetivo de dar visibilidad a figuras femeninas que han dejado huella en diferentes \u00e1mbitos de la historia y la cultura. En este caso, la historia de Fiona Pinar ha servido para poner en valor la importancia del deporte como herramienta de superaci\u00f3n e inclusi\u00f3n.<\/p>\n<p>Desde el Museo Ol\u00edmpico y del Deporte, se valora muy positivamente la respuesta del p\u00fablico y se reafirma el compromiso de continuar promoviendo actividades que fomenten valores como el esfuerzo, la igualdad y la diversidad.<\/p>\n<p>#Peque\u00f1asHistoriasGrandesMujeres #MuseoOl\u00edmpicoBCN #FionaPinar #DeporteYSuperaci\u00f3n.<\/p>\n<p><a href=\"https:\/\/youtu.be\/75V3FQnBZXk\">VIDEO DE LA HISTORIA DE FIONA<\/a><\/p>\n","protected":false},"excerpt":{"rendered":"<p>El Museo Ol\u00edmpico y del Deporte acogi\u00f3 con gran \u00e9xito la representaci\u00f3n teatralizada dedicada a Fiona Pinar Batalla, atleta paral\u00edmpica, dentro del ciclo familiar &#8220;Peque\u00f1as historias, grandes mujeres&#8221;. La actividad cont\u00f3 con una participaci\u00f3n entusiasta de los ni\u00f1os y sus familias, que vivieron una experiencia inspiradora y emocionante. Durante la sesi\u00f3n, los asistentes pudieron conocer [&hellip;]<\/p>\n","protected":false},"author":11,"featured_media":44648,"comment_status":"closed","ping_status":"closed","sticky":false,"template":"","format":"standard","meta":{"_acf_changed":false,"_price":"","_stock":"","_tribe_ticket_header":"","_tribe_default_ticket_provider":"","_tribe_ticket_capacity":"0","_ticket_start_date":"","_ticket_end_date":"","_tribe_ticket_show_description":"","_tribe_ticket_show_not_going":false,"_tribe_ticket_use_global_stock":"","_tribe_ticket_global_stock_level":"","_global_stock_mode":"","_global_stock_cap":"","_tribe_rsvp_for_event":"","_tribe_ticket_going_count":"","_tribe_ticket_not_going_count":"","_tribe_tickets_list":"[]","_tribe_ticket_has_attendee_info_fields":false,"footnotes":""},"categories":[3],"tags":[],"class_list":["post-44647","post","type-post","status-publish","format-standard","has-post-thumbnail","hentry","category-sin-categorizar"],"acf":[],"yoast_head":"<!-- This site is optimized with the Yoast SEO plugin v23.7 - https:\/\/yoast.com\/wordpress\/plugins\/seo\/ -->\n<title>\u00c9xito de participaci\u00f3n en el evento de Fiona Pinar en el Museo Ol\u00edmpico y del Deporte - Museu Ol\u00edmpic i de l&#039;Esport Joan Antoni Samaranch. Barcelona<\/title>\n<meta name=\"robots\" content=\"index, follow, max-snippet:-1, max-image-preview:large, max-video-preview:-1\" \/>\n<link rel=\"canonical\" href=\"https:\/\/www.museuolimpicbcn.cat\/es\/exito-de-participacion-en-el-evento-de-fiona-pinar-en-el-museo-olimpico-y-del-deporte\/\" \/>\n<meta property=\"og:locale\" content=\"es_ES\" \/>\n<meta property=\"og:type\" content=\"article\" \/>\n<meta property=\"og:title\" content=\"\u00c9xito de participaci\u00f3n en el evento de Fiona Pinar en el Museo Ol\u00edmpico y del Deporte - Museu Ol\u00edmpic i de l&#039;Esport Joan Antoni Samaranch. Barcelona\" \/>\n<meta property=\"og:description\" content=\"El Museo Ol\u00edmpico y del Deporte acogi\u00f3 con gran \u00e9xito la representaci\u00f3n teatralizada dedicada a Fiona Pinar Batalla, atleta paral\u00edmpica, dentro del ciclo familiar &#8220;Peque\u00f1as historias, grandes mujeres&#8221;. La actividad cont\u00f3 con una participaci\u00f3n entusiasta de los ni\u00f1os y sus familias, que vivieron una experiencia inspiradora y emocionante. Durante la sesi\u00f3n, los asistentes pudieron conocer [&hellip;]\" \/>\n<meta property=\"og:url\" content=\"https:\/\/www.museuolimpicbcn.cat\/es\/exito-de-participacion-en-el-evento-de-fiona-pinar-en-el-museo-olimpico-y-del-deporte\/\" \/>\n<meta property=\"og:site_name\" content=\"Museu Ol\u00edmpic i de l&#039;Esport Joan Antoni Samaranch. Barcelona\" \/>\n<meta property=\"article:published_time\" content=\"2025-03-24T14:36:29+00:00\" \/>\n<meta property=\"article:modified_time\" content=\"2025-04-02T13:41:15+00:00\" \/>\n<meta property=\"og:image\" content=\"https:\/\/www.museuolimpicbcn.cat\/wp-content\/uploads\/sites\/2\/2025\/04\/Fiona-Pinar_3-scaled.jpg\" \/>\n\t<meta property=\"og:image:width\" content=\"2560\" \/>\n\t<meta property=\"og:image:height\" content=\"1591\" \/>\n\t<meta property=\"og:image:type\" content=\"image\/jpeg\" \/>\n<meta name=\"author\" content=\"Ibone\" \/>\n<meta name=\"twitter:card\" content=\"summary_large_image\" \/>\n<meta name=\"twitter:label1\" content=\"Escrito por\" \/>\n\t<meta name=\"twitter:data1\" content=\"Ibone\" \/>\n\t<meta name=\"twitter:label2\" content=\"Tiempo de lectura\" \/>\n\t<meta name=\"twitter:data2\" content=\"2 minutos\" \/>\n<script type=\"application\/ld+json\" class=\"yoast-schema-graph\">{\"@context\":\"https:\/\/schema.org\",\"@graph\":[{\"@type\":\"Article\",\"@id\":\"https:\/\/www.museuolimpicbcn.cat\/es\/exito-de-participacion-en-el-evento-de-fiona-pinar-en-el-museo-olimpico-y-del-deporte\/#article\",\"isPartOf\":{\"@id\":\"https:\/\/www.museuolimpicbcn.cat\/es\/exito-de-participacion-en-el-evento-de-fiona-pinar-en-el-museo-olimpico-y-del-deporte\/\"},\"author\":{\"name\":\"Ibone\",\"@id\":\"https:\/\/www.museuolimpicbcn.cat\/ca\/#\/schema\/person\/b792834a53f193977df425a499287aa9\"},\"headline\":\"\u00c9xito de participaci\u00f3n en el evento de Fiona Pinar en el Museo Ol\u00edmpico y del Deporte\",\"datePublished\":\"2025-03-24T14:36:29+00:00\",\"dateModified\":\"2025-04-02T13:41:15+00:00\",\"mainEntityOfPage\":{\"@id\":\"https:\/\/www.museuolimpicbcn.cat\/es\/exito-de-participacion-en-el-evento-de-fiona-pinar-en-el-museo-olimpico-y-del-deporte\/\"},\"wordCount\":261,\"publisher\":{\"@id\":\"https:\/\/www.museuolimpicbcn.cat\/ca\/#organization\"},\"image\":{\"@id\":\"https:\/\/www.museuolimpicbcn.cat\/es\/exito-de-participacion-en-el-evento-de-fiona-pinar-en-el-museo-olimpico-y-del-deporte\/#primaryimage\"},\"thumbnailUrl\":\"https:\/\/www.museuolimpicbcn.cat\/wp-content\/uploads\/sites\/2\/2025\/04\/Fiona-Pinar_3-scaled.jpg\",\"articleSection\":[\"Sin categorizar\"],\"inLanguage\":\"es\"},{\"@type\":\"WebPage\",\"@id\":\"https:\/\/www.museuolimpicbcn.cat\/es\/exito-de-participacion-en-el-evento-de-fiona-pinar-en-el-museo-olimpico-y-del-deporte\/\",\"url\":\"https:\/\/www.museuolimpicbcn.cat\/es\/exito-de-participacion-en-el-evento-de-fiona-pinar-en-el-museo-olimpico-y-del-deporte\/\",\"name\":\"\u00c9xito de participaci\u00f3n en el evento de Fiona Pinar en el Museo Ol\u00edmpico y del Deporte - Museu Ol\u00edmpic i de l&#039;Esport Joan Antoni Samaranch. Barcelona\",\"isPartOf\":{\"@id\":\"https:\/\/www.museuolimpicbcn.cat\/ca\/#website\"},\"primaryImageOfPage\":{\"@id\":\"https:\/\/www.museuolimpicbcn.cat\/es\/exito-de-participacion-en-el-evento-de-fiona-pinar-en-el-museo-olimpico-y-del-deporte\/#primaryimage\"},\"image\":{\"@id\":\"https:\/\/www.museuolimpicbcn.cat\/es\/exito-de-participacion-en-el-evento-de-fiona-pinar-en-el-museo-olimpico-y-del-deporte\/#primaryimage\"},\"thumbnailUrl\":\"https:\/\/www.museuolimpicbcn.cat\/wp-content\/uploads\/sites\/2\/2025\/04\/Fiona-Pinar_3-scaled.jpg\",\"datePublished\":\"2025-03-24T14:36:29+00:00\",\"dateModified\":\"2025-04-02T13:41:15+00:00\",\"breadcrumb\":{\"@id\":\"https:\/\/www.museuolimpicbcn.cat\/es\/exito-de-participacion-en-el-evento-de-fiona-pinar-en-el-museo-olimpico-y-del-deporte\/#breadcrumb\"},\"inLanguage\":\"es\",\"potentialAction\":[{\"@type\":\"ReadAction\",\"target\":[\"https:\/\/www.museuolimpicbcn.cat\/es\/exito-de-participacion-en-el-evento-de-fiona-pinar-en-el-museo-olimpico-y-del-deporte\/\"]}]},{\"@type\":\"ImageObject\",\"inLanguage\":\"es\",\"@id\":\"https:\/\/www.museuolimpicbcn.cat\/es\/exito-de-participacion-en-el-evento-de-fiona-pinar-en-el-museo-olimpico-y-del-deporte\/#primaryimage\",\"url\":\"https:\/\/www.museuolimpicbcn.cat\/wp-content\/uploads\/sites\/2\/2025\/04\/Fiona-Pinar_3-scaled.jpg\",\"contentUrl\":\"https:\/\/www.museuolimpicbcn.cat\/wp-content\/uploads\/sites\/2\/2025\/04\/Fiona-Pinar_3-scaled.jpg\",\"width\":2560,\"height\":1591},{\"@type\":\"BreadcrumbList\",\"@id\":\"https:\/\/www.museuolimpicbcn.cat\/es\/exito-de-participacion-en-el-evento-de-fiona-pinar-en-el-museo-olimpico-y-del-deporte\/#breadcrumb\",\"itemListElement\":[{\"@type\":\"ListItem\",\"position\":1,\"name\":\"Inici\",\"item\":\"https:\/\/www.museuolimpicbcn.cat\/es\/\"},{\"@type\":\"ListItem\",\"position\":2,\"name\":\"\u00c9xito de participaci\u00f3n en el evento de Fiona Pinar en el Museo Ol\u00edmpico y del Deporte\"}]},{\"@type\":\"WebSite\",\"@id\":\"https:\/\/www.museuolimpicbcn.cat\/ca\/#website\",\"url\":\"https:\/\/www.museuolimpicbcn.cat\/ca\/\",\"name\":\"Museu Ol\u00edmpic i de l&#039;Esport Joan Antoni Samaranch. Barcelona\",\"description\":\"Altre lloc Web del Museu Ol\u00edmpic i de l&#039;Esport llocs\",\"publisher\":{\"@id\":\"https:\/\/www.museuolimpicbcn.cat\/ca\/#organization\"},\"potentialAction\":[{\"@type\":\"SearchAction\",\"target\":{\"@type\":\"EntryPoint\",\"urlTemplate\":\"https:\/\/www.museuolimpicbcn.cat\/ca\/?s={search_term_string}\"},\"query-input\":{\"@type\":\"PropertyValueSpecification\",\"valueRequired\":true,\"valueName\":\"search_term_string\"}}],\"inLanguage\":\"es\"},{\"@type\":\"Organization\",\"@id\":\"https:\/\/www.museuolimpicbcn.cat\/ca\/#organization\",\"name\":\"Museu Ol\u00edmpic i de l&#039;Esport Joan Antoni Samaranch. Barcelona\",\"url\":\"https:\/\/www.museuolimpicbcn.cat\/ca\/\",\"logo\":{\"@type\":\"ImageObject\",\"inLanguage\":\"es\",\"@id\":\"https:\/\/www.museuolimpicbcn.cat\/ca\/#\/schema\/logo\/image\/\",\"url\":\"https:\/\/www.museuolimpicbcn.cat\/wp-content\/uploads\/sites\/2\/2018\/12\/logo-moe-header.svg\",\"contentUrl\":\"https:\/\/www.museuolimpicbcn.cat\/wp-content\/uploads\/sites\/2\/2018\/12\/logo-moe-header.svg\",\"caption\":\"Museu Ol\u00edmpic i de l&#039;Esport Joan Antoni Samaranch. Barcelona\"},\"image\":{\"@id\":\"https:\/\/www.museuolimpicbcn.cat\/ca\/#\/schema\/logo\/image\/\"}},{\"@type\":\"Person\",\"@id\":\"https:\/\/www.museuolimpicbcn.cat\/ca\/#\/schema\/person\/b792834a53f193977df425a499287aa9\",\"name\":\"Ibone\",\"url\":\"https:\/\/www.museuolimpicbcn.cat\/es\/author\/fbolimpica\/\"}]}<\/script>\n<!-- \/ Yoast SEO plugin. -->","yoast_head_json":{"title":"\u00c9xito de participaci\u00f3n en el evento de Fiona Pinar en el Museo Ol\u00edmpico y del Deporte - Museu Ol\u00edmpic i de l&#039;Esport Joan Antoni Samaranch. Barcelona","robots":{"index":"index","follow":"follow","max-snippet":"max-snippet:-1","max-image-preview":"max-image-preview:large","max-video-preview":"max-video-preview:-1"},"canonical":"https:\/\/www.museuolimpicbcn.cat\/es\/exito-de-participacion-en-el-evento-de-fiona-pinar-en-el-museo-olimpico-y-del-deporte\/","og_locale":"es_ES","og_type":"article","og_title":"\u00c9xito de participaci\u00f3n en el evento de Fiona Pinar en el Museo Ol\u00edmpico y del Deporte - Museu Ol\u00edmpic i de l&#039;Esport Joan Antoni Samaranch. Barcelona","og_description":"El Museo Ol\u00edmpico y del Deporte acogi\u00f3 con gran \u00e9xito la representaci\u00f3n teatralizada dedicada a Fiona Pinar Batalla, atleta paral\u00edmpica, dentro del ciclo familiar &#8220;Peque\u00f1as historias, grandes mujeres&#8221;. La actividad cont\u00f3 con una participaci\u00f3n entusiasta de los ni\u00f1os y sus familias, que vivieron una experiencia inspiradora y emocionante. Durante la sesi\u00f3n, los asistentes pudieron conocer [&hellip;]","og_url":"https:\/\/www.museuolimpicbcn.cat\/es\/exito-de-participacion-en-el-evento-de-fiona-pinar-en-el-museo-olimpico-y-del-deporte\/","og_site_name":"Museu Ol\u00edmpic i de l&#039;Esport Joan Antoni Samaranch. Barcelona","article_published_time":"2025-03-24T14:36:29+00:00","article_modified_time":"2025-04-02T13:41:15+00:00","og_image":[{"width":2560,"height":1591,"url":"https:\/\/www.museuolimpicbcn.cat\/wp-content\/uploads\/sites\/2\/2025\/04\/Fiona-Pinar_3-scaled.jpg","type":"image\/jpeg"}],"author":"Ibone","twitter_card":"summary_large_image","twitter_misc":{"Escrito por":"Ibone","Tiempo de lectura":"2 minutos"},"schema":{"@context":"https:\/\/schema.org","@graph":[{"@type":"Article","@id":"https:\/\/www.museuolimpicbcn.cat\/es\/exito-de-participacion-en-el-evento-de-fiona-pinar-en-el-museo-olimpico-y-del-deporte\/#article","isPartOf":{"@id":"https:\/\/www.museuolimpicbcn.cat\/es\/exito-de-participacion-en-el-evento-de-fiona-pinar-en-el-museo-olimpico-y-del-deporte\/"},"author":{"name":"Ibone","@id":"https:\/\/www.museuolimpicbcn.cat\/ca\/#\/schema\/person\/b792834a53f193977df425a499287aa9"},"headline":"\u00c9xito de participaci\u00f3n en el evento de Fiona Pinar en el Museo Ol\u00edmpico y del Deporte","datePublished":"2025-03-24T14:36:29+00:00","dateModified":"2025-04-02T13:41:15+00:00","mainEntityOfPage":{"@id":"https:\/\/www.museuolimpicbcn.cat\/es\/exito-de-participacion-en-el-evento-de-fiona-pinar-en-el-museo-olimpico-y-del-deporte\/"},"wordCount":261,"publisher":{"@id":"https:\/\/www.museuolimpicbcn.cat\/ca\/#organization"},"image":{"@id":"https:\/\/www.museuolimpicbcn.cat\/es\/exito-de-participacion-en-el-evento-de-fiona-pinar-en-el-museo-olimpico-y-del-deporte\/#primaryimage"},"thumbnailUrl":"https:\/\/www.museuolimpicbcn.cat\/wp-content\/uploads\/sites\/2\/2025\/04\/Fiona-Pinar_3-scaled.jpg","articleSection":["Sin categorizar"],"inLanguage":"es"},{"@type":"WebPage","@id":"https:\/\/www.museuolimpicbcn.cat\/es\/exito-de-participacion-en-el-evento-de-fiona-pinar-en-el-museo-olimpico-y-del-deporte\/","url":"https:\/\/www.museuolimpicbcn.cat\/es\/exito-de-participacion-en-el-evento-de-fiona-pinar-en-el-museo-olimpico-y-del-deporte\/","name":"\u00c9xito de participaci\u00f3n en el evento de Fiona Pinar en el Museo Ol\u00edmpico y del Deporte - Museu Ol\u00edmpic i de l&#039;Esport Joan Antoni Samaranch. Barcelona","isPartOf":{"@id":"https:\/\/www.museuolimpicbcn.cat\/ca\/#website"},"primaryImageOfPage":{"@id":"https:\/\/www.museuolimpicbcn.cat\/es\/exito-de-participacion-en-el-evento-de-fiona-pinar-en-el-museo-olimpico-y-del-deporte\/#primaryimage"},"image":{"@id":"https:\/\/www.museuolimpicbcn.cat\/es\/exito-de-participacion-en-el-evento-de-fiona-pinar-en-el-museo-olimpico-y-del-deporte\/#primaryimage"},"thumbnailUrl":"https:\/\/www.museuolimpicbcn.cat\/wp-content\/uploads\/sites\/2\/2025\/04\/Fiona-Pinar_3-scaled.jpg","datePublished":"2025-03-24T14:36:29+00:00","dateModified":"2025-04-02T13:41:15+00:00","breadcrumb":{"@id":"https:\/\/www.museuolimpicbcn.cat\/es\/exito-de-participacion-en-el-evento-de-fiona-pinar-en-el-museo-olimpico-y-del-deporte\/#breadcrumb"},"inLanguage":"es","potentialAction":[{"@type":"ReadAction","target":["https:\/\/www.museuolimpicbcn.cat\/es\/exito-de-participacion-en-el-evento-de-fiona-pinar-en-el-museo-olimpico-y-del-deporte\/"]}]},{"@type":"ImageObject","inLanguage":"es","@id":"https:\/\/www.museuolimpicbcn.cat\/es\/exito-de-participacion-en-el-evento-de-fiona-pinar-en-el-museo-olimpico-y-del-deporte\/#primaryimage","url":"https:\/\/www.museuolimpicbcn.cat\/wp-content\/uploads\/sites\/2\/2025\/04\/Fiona-Pinar_3-scaled.jpg","contentUrl":"https:\/\/www.museuolimpicbcn.cat\/wp-content\/uploads\/sites\/2\/2025\/04\/Fiona-Pinar_3-scaled.jpg","width":2560,"height":1591},{"@type":"BreadcrumbList","@id":"https:\/\/www.museuolimpicbcn.cat\/es\/exito-de-participacion-en-el-evento-de-fiona-pinar-en-el-museo-olimpico-y-del-deporte\/#breadcrumb","itemListElement":[{"@type":"ListItem","position":1,"name":"Inici","item":"https:\/\/www.museuolimpicbcn.cat\/es\/"},{"@type":"ListItem","position":2,"name":"\u00c9xito de participaci\u00f3n en el evento de Fiona Pinar en el Museo Ol\u00edmpico y del Deporte"}]},{"@type":"WebSite","@id":"https:\/\/www.museuolimpicbcn.cat\/ca\/#website","url":"https:\/\/www.museuolimpicbcn.cat\/ca\/","name":"Museu Ol\u00edmpic i de l&#039;Esport Joan Antoni Samaranch. Barcelona","description":"Altre lloc Web del Museu Ol\u00edmpic i de l&#039;Esport llocs","publisher":{"@id":"https:\/\/www.museuolimpicbcn.cat\/ca\/#organization"},"potentialAction":[{"@type":"SearchAction","target":{"@type":"EntryPoint","urlTemplate":"https:\/\/www.museuolimpicbcn.cat\/ca\/?s={search_term_string}"},"query-input":{"@type":"PropertyValueSpecification","valueRequired":true,"valueName":"search_term_string"}}],"inLanguage":"es"},{"@type":"Organization","@id":"https:\/\/www.museuolimpicbcn.cat\/ca\/#organization","name":"Museu Ol\u00edmpic i de l&#039;Esport Joan Antoni Samaranch. Barcelona","url":"https:\/\/www.museuolimpicbcn.cat\/ca\/","logo":{"@type":"ImageObject","inLanguage":"es","@id":"https:\/\/www.museuolimpicbcn.cat\/ca\/#\/schema\/logo\/image\/","url":"https:\/\/www.museuolimpicbcn.cat\/wp-content\/uploads\/sites\/2\/2018\/12\/logo-moe-header.svg","contentUrl":"https:\/\/www.museuolimpicbcn.cat\/wp-content\/uploads\/sites\/2\/2018\/12\/logo-moe-header.svg","caption":"Museu Ol\u00edmpic i de l&#039;Esport Joan Antoni Samaranch. Barcelona"},"image":{"@id":"https:\/\/www.museuolimpicbcn.cat\/ca\/#\/schema\/logo\/image\/"}},{"@type":"Person","@id":"https:\/\/www.museuolimpicbcn.cat\/ca\/#\/schema\/person\/b792834a53f193977df425a499287aa9","name":"Ibone","url":"https:\/\/www.museuolimpicbcn.cat\/es\/author\/fbolimpica\/"}]}},"_links":{"self":[{"href":"https:\/\/www.museuolimpicbcn.cat\/es\/wp-json\/wp\/v2\/posts\/44647"}],"collection":[{"href":"https:\/\/www.museuolimpicbcn.cat\/es\/wp-json\/wp\/v2\/posts"}],"about":[{"href":"https:\/\/www.museuolimpicbcn.cat\/es\/wp-json\/wp\/v2\/types\/post"}],"author":[{"embeddable":true,"href":"https:\/\/www.museuolimpicbcn.cat\/es\/wp-json\/wp\/v2\/users\/11"}],"replies":[{"embeddable":true,"href":"https:\/\/www.museuolimpicbcn.cat\/es\/wp-json\/wp\/v2\/comments?post=44647"}],"version-history":[{"count":2,"href":"https:\/\/www.museuolimpicbcn.cat\/es\/wp-json\/wp\/v2\/posts\/44647\/revisions"}],"predecessor-version":[{"id":44676,"href":"https:\/\/www.museuolimpicbcn.cat\/es\/wp-json\/wp\/v2\/posts\/44647\/revisions\/44676"}],"wp:featuredmedia":[{"embeddable":true,"href":"https:\/\/www.museuolimpicbcn.cat\/es\/wp-json\/wp\/v2\/media\/44648"}],"wp:attachment":[{"href":"https:\/\/www.museuolimpicbcn.cat\/es\/wp-json\/wp\/v2\/media?parent=44647"}],"wp:term":[{"taxonomy":"category","embeddable":true,"href":"https:\/\/www.museuolimpicbcn.cat\/es\/wp-json\/wp\/v2\/categories?post=44647"},{"taxonomy":"post_tag","embeddable":true,"href":"https:\/\/www.museuolimpicbcn.cat\/es\/wp-json\/wp\/v2\/tags?post=44647"}],"curies":[{"name":"wp","href":"https:\/\/api.w.org\/{rel}","templated":true}]}}