{"id":44813,"date":"2025-04-04T10:02:15","date_gmt":"2025-04-04T08:02:15","guid":{"rendered":"https:\/\/www.museuolimpicbcn.cat\/?p=44813"},"modified":"2025-04-04T10:02:15","modified_gmt":"2025-04-04T08:02:15","slug":"celebra-sant-jordi-en-el-museo-olimpico-de-barcelona","status":"publish","type":"post","link":"https:\/\/www.museuolimpicbcn.cat\/es\/celebra-sant-jordi-en-el-museo-olimpico-de-barcelona\/","title":{"rendered":"\u00a1Celebra Sant Jordi en el Museo Ol\u00edmpico de Barcelona!"},"content":{"rendered":"<p>El 23 de abril, la fiesta de Sant Jordi, es el d\u00eda perfecto para descubrir relatos e historias maravillosas del deporte y el olimpismo. Por eso, en el Museo Ol\u00edmpico de Barcelona te queremos regalar un libro, cortes\u00eda del Centro de Estudios Ol\u00edmpicos Juan Antonio Samaranch, de la colecci\u00f3n \u201cAula de Historia\u201d:<\/p>\n<ul>\n<li><em>Barcelona, m\u00e1s de un siglo de ciclismo<\/em><\/li>\n<li><em>50 a\u00f1os de los Juegos Ol\u00edmpicos de 1972<\/em><\/li>\n<li><em>Barcelona 1923: los campeonatos del mundo en pista cubierta<\/em><\/li>\n<li><em>Par\u00eds 1924: Los juegos de Coubertin<\/em><\/li>\n<\/ul>\n<p>Te regalamos un libro con la compra de tu entrada. \u00a1Te esperamos!<\/p>\n<p><em>Oferta v\u00e1lida hasta fin de existencias.<\/em><\/p>\n<p><a href=\"https:\/\/www.fundaciobarcelonaolimpica.es\/es\/publications\/catalogo-aula-de-historia\/\">Descubre la colecci\u00f3n del Aula de Historia de la Fundaci\u00f3 Barcelona Ol\u00edmpica.<\/a><\/p>\n<p><a href=\"https:\/\/www.museuolimpicbcn.cat\/es\/compra-de-entradas\/\">\u00a1Compra tu entrada!<\/a><\/p>\n","protected":false},"excerpt":{"rendered":"<p>El 23 de abril, la fiesta de Sant Jordi, es el d\u00eda perfecto para descubrir relatos e historias maravillosas del deporte y el olimpismo. Por eso, en el Museo Ol\u00edmpico de Barcelona te queremos regalar un libro, cortes\u00eda del Centro de Estudios Ol\u00edmpicos Juan Antonio Samaranch, de la colecci\u00f3n \u201cAula de Historia\u201d: Barcelona, m\u00e1s de [&hellip;]<\/p>\n","protected":false},"author":11,"featured_media":44814,"comment_status":"closed","ping_status":"closed","sticky":false,"template":"","format":"standard","meta":{"_acf_changed":false,"_price":"","_stock":"","_tribe_ticket_header":"","_tribe_default_ticket_provider":"","_tribe_ticket_capacity":"0","_ticket_start_date":"","_ticket_end_date":"","_tribe_ticket_show_description":"","_tribe_ticket_show_not_going":false,"_tribe_ticket_use_global_stock":"","_tribe_ticket_global_stock_level":"","_global_stock_mode":"","_global_stock_cap":"","_tribe_rsvp_for_event":"","_tribe_ticket_going_count":"","_tribe_ticket_not_going_count":"","_tribe_tickets_list":"[]","_tribe_ticket_has_attendee_info_fields":false,"footnotes":""},"categories":[3],"tags":[],"class_list":["post-44813","post","type-post","status-publish","format-standard","has-post-thumbnail","hentry","category-sin-categorizar"],"acf":[],"yoast_head":"<!-- This site is optimized with the Yoast SEO plugin v23.7 - https:\/\/yoast.com\/wordpress\/plugins\/seo\/ -->\n<title>\u00a1Celebra Sant Jordi en el Museo Ol\u00edmpico de Barcelona! - Museu Ol\u00edmpic i de l&#039;Esport Joan Antoni Samaranch. Barcelona<\/title>\n<meta name=\"robots\" content=\"index, follow, max-snippet:-1, max-image-preview:large, max-video-preview:-1\" \/>\n<link rel=\"canonical\" href=\"https:\/\/www.museuolimpicbcn.cat\/es\/celebra-sant-jordi-en-el-museo-olimpico-de-barcelona\/\" \/>\n<meta property=\"og:locale\" content=\"es_ES\" \/>\n<meta property=\"og:type\" content=\"article\" \/>\n<meta property=\"og:title\" content=\"\u00a1Celebra Sant Jordi en el Museo Ol\u00edmpico de Barcelona! - Museu Ol\u00edmpic i de l&#039;Esport Joan Antoni Samaranch. Barcelona\" \/>\n<meta property=\"og:description\" content=\"El 23 de abril, la fiesta de Sant Jordi, es el d\u00eda perfecto para descubrir relatos e historias maravillosas del deporte y el olimpismo. Por eso, en el Museo Ol\u00edmpico de Barcelona te queremos regalar un libro, cortes\u00eda del Centro de Estudios Ol\u00edmpicos Juan Antonio Samaranch, de la colecci\u00f3n \u201cAula de Historia\u201d: Barcelona, m\u00e1s de [&hellip;]\" \/>\n<meta property=\"og:url\" content=\"https:\/\/www.museuolimpicbcn.cat\/es\/celebra-sant-jordi-en-el-museo-olimpico-de-barcelona\/\" \/>\n<meta property=\"og:site_name\" content=\"Museu Ol\u00edmpic i de l&#039;Esport Joan Antoni Samaranch. Barcelona\" \/>\n<meta property=\"article:published_time\" content=\"2025-04-04T08:02:15+00:00\" \/>\n<meta property=\"og:image\" content=\"https:\/\/www.museuolimpicbcn.cat\/wp-content\/uploads\/sites\/2\/2025\/04\/Sant-Jordi-2024.jpg\" \/>\n\t<meta property=\"og:image:width\" content=\"2048\" \/>\n\t<meta property=\"og:image:height\" content=\"1536\" \/>\n\t<meta property=\"og:image:type\" content=\"image\/jpeg\" \/>\n<meta name=\"author\" content=\"Ibone\" \/>\n<meta name=\"twitter:card\" content=\"summary_large_image\" \/>\n<meta name=\"twitter:label1\" content=\"Escrito por\" \/>\n\t<meta name=\"twitter:data1\" content=\"Ibone\" \/>\n\t<meta name=\"twitter:label2\" content=\"Tiempo de lectura\" \/>\n\t<meta name=\"twitter:data2\" content=\"1 minuto\" \/>\n<script type=\"application\/ld+json\" class=\"yoast-schema-graph\">{\"@context\":\"https:\/\/schema.org\",\"@graph\":[{\"@type\":\"Article\",\"@id\":\"https:\/\/www.museuolimpicbcn.cat\/es\/celebra-sant-jordi-en-el-museo-olimpico-de-barcelona\/#article\",\"isPartOf\":{\"@id\":\"https:\/\/www.museuolimpicbcn.cat\/es\/celebra-sant-jordi-en-el-museo-olimpico-de-barcelona\/\"},\"author\":{\"name\":\"Ibone\",\"@id\":\"https:\/\/www.museuolimpicbcn.cat\/ca\/#\/schema\/person\/b792834a53f193977df425a499287aa9\"},\"headline\":\"\u00a1Celebra Sant Jordi en el Museo Ol\u00edmpico de Barcelona!\",\"datePublished\":\"2025-04-04T08:02:15+00:00\",\"dateModified\":\"2025-04-04T08:02:15+00:00\",\"mainEntityOfPage\":{\"@id\":\"https:\/\/www.museuolimpicbcn.cat\/es\/celebra-sant-jordi-en-el-museo-olimpico-de-barcelona\/\"},\"wordCount\":132,\"publisher\":{\"@id\":\"https:\/\/www.museuolimpicbcn.cat\/ca\/#organization\"},\"image\":{\"@id\":\"https:\/\/www.museuolimpicbcn.cat\/es\/celebra-sant-jordi-en-el-museo-olimpico-de-barcelona\/#primaryimage\"},\"thumbnailUrl\":\"https:\/\/www.museuolimpicbcn.cat\/wp-content\/uploads\/sites\/2\/2025\/04\/Sant-Jordi-2024.jpg\",\"articleSection\":[\"Sin categorizar\"],\"inLanguage\":\"es\"},{\"@type\":\"WebPage\",\"@id\":\"https:\/\/www.museuolimpicbcn.cat\/es\/celebra-sant-jordi-en-el-museo-olimpico-de-barcelona\/\",\"url\":\"https:\/\/www.museuolimpicbcn.cat\/es\/celebra-sant-jordi-en-el-museo-olimpico-de-barcelona\/\",\"name\":\"\u00a1Celebra Sant Jordi en el Museo Ol\u00edmpico de Barcelona! - Museu Ol\u00edmpic i de l&#039;Esport Joan Antoni Samaranch. Barcelona\",\"isPartOf\":{\"@id\":\"https:\/\/www.museuolimpicbcn.cat\/ca\/#website\"},\"primaryImageOfPage\":{\"@id\":\"https:\/\/www.museuolimpicbcn.cat\/es\/celebra-sant-jordi-en-el-museo-olimpico-de-barcelona\/#primaryimage\"},\"image\":{\"@id\":\"https:\/\/www.museuolimpicbcn.cat\/es\/celebra-sant-jordi-en-el-museo-olimpico-de-barcelona\/#primaryimage\"},\"thumbnailUrl\":\"https:\/\/www.museuolimpicbcn.cat\/wp-content\/uploads\/sites\/2\/2025\/04\/Sant-Jordi-2024.jpg\",\"datePublished\":\"2025-04-04T08:02:15+00:00\",\"dateModified\":\"2025-04-04T08:02:15+00:00\",\"breadcrumb\":{\"@id\":\"https:\/\/www.museuolimpicbcn.cat\/es\/celebra-sant-jordi-en-el-museo-olimpico-de-barcelona\/#breadcrumb\"},\"inLanguage\":\"es\",\"potentialAction\":[{\"@type\":\"ReadAction\",\"target\":[\"https:\/\/www.museuolimpicbcn.cat\/es\/celebra-sant-jordi-en-el-museo-olimpico-de-barcelona\/\"]}]},{\"@type\":\"ImageObject\",\"inLanguage\":\"es\",\"@id\":\"https:\/\/www.museuolimpicbcn.cat\/es\/celebra-sant-jordi-en-el-museo-olimpico-de-barcelona\/#primaryimage\",\"url\":\"https:\/\/www.museuolimpicbcn.cat\/wp-content\/uploads\/sites\/2\/2025\/04\/Sant-Jordi-2024.jpg\",\"contentUrl\":\"https:\/\/www.museuolimpicbcn.cat\/wp-content\/uploads\/sites\/2\/2025\/04\/Sant-Jordi-2024.jpg\",\"width\":2048,\"height\":1536},{\"@type\":\"BreadcrumbList\",\"@id\":\"https:\/\/www.museuolimpicbcn.cat\/es\/celebra-sant-jordi-en-el-museo-olimpico-de-barcelona\/#breadcrumb\",\"itemListElement\":[{\"@type\":\"ListItem\",\"position\":1,\"name\":\"Inici\",\"item\":\"https:\/\/www.museuolimpicbcn.cat\/es\/\"},{\"@type\":\"ListItem\",\"position\":2,\"name\":\"\u00a1Celebra Sant Jordi en el Museo Ol\u00edmpico de Barcelona!\"}]},{\"@type\":\"WebSite\",\"@id\":\"https:\/\/www.museuolimpicbcn.cat\/ca\/#website\",\"url\":\"https:\/\/www.museuolimpicbcn.cat\/ca\/\",\"name\":\"Museu Ol\u00edmpic i de l&#039;Esport Joan Antoni Samaranch. Barcelona\",\"description\":\"Altre lloc Web del Museu Ol\u00edmpic i de l&#039;Esport llocs\",\"publisher\":{\"@id\":\"https:\/\/www.museuolimpicbcn.cat\/ca\/#organization\"},\"potentialAction\":[{\"@type\":\"SearchAction\",\"target\":{\"@type\":\"EntryPoint\",\"urlTemplate\":\"https:\/\/www.museuolimpicbcn.cat\/ca\/?s={search_term_string}\"},\"query-input\":{\"@type\":\"PropertyValueSpecification\",\"valueRequired\":true,\"valueName\":\"search_term_string\"}}],\"inLanguage\":\"es\"},{\"@type\":\"Organization\",\"@id\":\"https:\/\/www.museuolimpicbcn.cat\/ca\/#organization\",\"name\":\"Museu Ol\u00edmpic i de l&#039;Esport Joan Antoni Samaranch. Barcelona\",\"url\":\"https:\/\/www.museuolimpicbcn.cat\/ca\/\",\"logo\":{\"@type\":\"ImageObject\",\"inLanguage\":\"es\",\"@id\":\"https:\/\/www.museuolimpicbcn.cat\/ca\/#\/schema\/logo\/image\/\",\"url\":\"https:\/\/www.museuolimpicbcn.cat\/wp-content\/uploads\/sites\/2\/2018\/12\/logo-moe-header.svg\",\"contentUrl\":\"https:\/\/www.museuolimpicbcn.cat\/wp-content\/uploads\/sites\/2\/2018\/12\/logo-moe-header.svg\",\"caption\":\"Museu Ol\u00edmpic i de l&#039;Esport Joan Antoni Samaranch. Barcelona\"},\"image\":{\"@id\":\"https:\/\/www.museuolimpicbcn.cat\/ca\/#\/schema\/logo\/image\/\"}},{\"@type\":\"Person\",\"@id\":\"https:\/\/www.museuolimpicbcn.cat\/ca\/#\/schema\/person\/b792834a53f193977df425a499287aa9\",\"name\":\"Ibone\",\"url\":\"https:\/\/www.museuolimpicbcn.cat\/es\/author\/fbolimpica\/\"}]}<\/script>\n<!-- \/ Yoast SEO plugin. -->","yoast_head_json":{"title":"\u00a1Celebra Sant Jordi en el Museo Ol\u00edmpico de Barcelona! - Museu Ol\u00edmpic i de l&#039;Esport Joan Antoni Samaranch. Barcelona","robots":{"index":"index","follow":"follow","max-snippet":"max-snippet:-1","max-image-preview":"max-image-preview:large","max-video-preview":"max-video-preview:-1"},"canonical":"https:\/\/www.museuolimpicbcn.cat\/es\/celebra-sant-jordi-en-el-museo-olimpico-de-barcelona\/","og_locale":"es_ES","og_type":"article","og_title":"\u00a1Celebra Sant Jordi en el Museo Ol\u00edmpico de Barcelona! - Museu Ol\u00edmpic i de l&#039;Esport Joan Antoni Samaranch. Barcelona","og_description":"El 23 de abril, la fiesta de Sant Jordi, es el d\u00eda perfecto para descubrir relatos e historias maravillosas del deporte y el olimpismo. Por eso, en el Museo Ol\u00edmpico de Barcelona te queremos regalar un libro, cortes\u00eda del Centro de Estudios Ol\u00edmpicos Juan Antonio Samaranch, de la colecci\u00f3n \u201cAula de Historia\u201d: Barcelona, m\u00e1s de [&hellip;]","og_url":"https:\/\/www.museuolimpicbcn.cat\/es\/celebra-sant-jordi-en-el-museo-olimpico-de-barcelona\/","og_site_name":"Museu Ol\u00edmpic i de l&#039;Esport Joan Antoni Samaranch. Barcelona","article_published_time":"2025-04-04T08:02:15+00:00","og_image":[{"width":2048,"height":1536,"url":"https:\/\/www.museuolimpicbcn.cat\/wp-content\/uploads\/sites\/2\/2025\/04\/Sant-Jordi-2024.jpg","type":"image\/jpeg"}],"author":"Ibone","twitter_card":"summary_large_image","twitter_misc":{"Escrito por":"Ibone","Tiempo de lectura":"1 minuto"},"schema":{"@context":"https:\/\/schema.org","@graph":[{"@type":"Article","@id":"https:\/\/www.museuolimpicbcn.cat\/es\/celebra-sant-jordi-en-el-museo-olimpico-de-barcelona\/#article","isPartOf":{"@id":"https:\/\/www.museuolimpicbcn.cat\/es\/celebra-sant-jordi-en-el-museo-olimpico-de-barcelona\/"},"author":{"name":"Ibone","@id":"https:\/\/www.museuolimpicbcn.cat\/ca\/#\/schema\/person\/b792834a53f193977df425a499287aa9"},"headline":"\u00a1Celebra Sant Jordi en el Museo Ol\u00edmpico de Barcelona!","datePublished":"2025-04-04T08:02:15+00:00","dateModified":"2025-04-04T08:02:15+00:00","mainEntityOfPage":{"@id":"https:\/\/www.museuolimpicbcn.cat\/es\/celebra-sant-jordi-en-el-museo-olimpico-de-barcelona\/"},"wordCount":132,"publisher":{"@id":"https:\/\/www.museuolimpicbcn.cat\/ca\/#organization"},"image":{"@id":"https:\/\/www.museuolimpicbcn.cat\/es\/celebra-sant-jordi-en-el-museo-olimpico-de-barcelona\/#primaryimage"},"thumbnailUrl":"https:\/\/www.museuolimpicbcn.cat\/wp-content\/uploads\/sites\/2\/2025\/04\/Sant-Jordi-2024.jpg","articleSection":["Sin categorizar"],"inLanguage":"es"},{"@type":"WebPage","@id":"https:\/\/www.museuolimpicbcn.cat\/es\/celebra-sant-jordi-en-el-museo-olimpico-de-barcelona\/","url":"https:\/\/www.museuolimpicbcn.cat\/es\/celebra-sant-jordi-en-el-museo-olimpico-de-barcelona\/","name":"\u00a1Celebra Sant Jordi en el Museo Ol\u00edmpico de Barcelona! - Museu Ol\u00edmpic i de l&#039;Esport Joan Antoni Samaranch. Barcelona","isPartOf":{"@id":"https:\/\/www.museuolimpicbcn.cat\/ca\/#website"},"primaryImageOfPage":{"@id":"https:\/\/www.museuolimpicbcn.cat\/es\/celebra-sant-jordi-en-el-museo-olimpico-de-barcelona\/#primaryimage"},"image":{"@id":"https:\/\/www.museuolimpicbcn.cat\/es\/celebra-sant-jordi-en-el-museo-olimpico-de-barcelona\/#primaryimage"},"thumbnailUrl":"https:\/\/www.museuolimpicbcn.cat\/wp-content\/uploads\/sites\/2\/2025\/04\/Sant-Jordi-2024.jpg","datePublished":"2025-04-04T08:02:15+00:00","dateModified":"2025-04-04T08:02:15+00:00","breadcrumb":{"@id":"https:\/\/www.museuolimpicbcn.cat\/es\/celebra-sant-jordi-en-el-museo-olimpico-de-barcelona\/#breadcrumb"},"inLanguage":"es","potentialAction":[{"@type":"ReadAction","target":["https:\/\/www.museuolimpicbcn.cat\/es\/celebra-sant-jordi-en-el-museo-olimpico-de-barcelona\/"]}]},{"@type":"ImageObject","inLanguage":"es","@id":"https:\/\/www.museuolimpicbcn.cat\/es\/celebra-sant-jordi-en-el-museo-olimpico-de-barcelona\/#primaryimage","url":"https:\/\/www.museuolimpicbcn.cat\/wp-content\/uploads\/sites\/2\/2025\/04\/Sant-Jordi-2024.jpg","contentUrl":"https:\/\/www.museuolimpicbcn.cat\/wp-content\/uploads\/sites\/2\/2025\/04\/Sant-Jordi-2024.jpg","width":2048,"height":1536},{"@type":"BreadcrumbList","@id":"https:\/\/www.museuolimpicbcn.cat\/es\/celebra-sant-jordi-en-el-museo-olimpico-de-barcelona\/#breadcrumb","itemListElement":[{"@type":"ListItem","position":1,"name":"Inici","item":"https:\/\/www.museuolimpicbcn.cat\/es\/"},{"@type":"ListItem","position":2,"name":"\u00a1Celebra Sant Jordi en el Museo Ol\u00edmpico de Barcelona!"}]},{"@type":"WebSite","@id":"https:\/\/www.museuolimpicbcn.cat\/ca\/#website","url":"https:\/\/www.museuolimpicbcn.cat\/ca\/","name":"Museu Ol\u00edmpic i de l&#039;Esport Joan Antoni Samaranch. Barcelona","description":"Altre lloc Web del Museu Ol\u00edmpic i de l&#039;Esport llocs","publisher":{"@id":"https:\/\/www.museuolimpicbcn.cat\/ca\/#organization"},"potentialAction":[{"@type":"SearchAction","target":{"@type":"EntryPoint","urlTemplate":"https:\/\/www.museuolimpicbcn.cat\/ca\/?s={search_term_string}"},"query-input":{"@type":"PropertyValueSpecification","valueRequired":true,"valueName":"search_term_string"}}],"inLanguage":"es"},{"@type":"Organization","@id":"https:\/\/www.museuolimpicbcn.cat\/ca\/#organization","name":"Museu Ol\u00edmpic i de l&#039;Esport Joan Antoni Samaranch. Barcelona","url":"https:\/\/www.museuolimpicbcn.cat\/ca\/","logo":{"@type":"ImageObject","inLanguage":"es","@id":"https:\/\/www.museuolimpicbcn.cat\/ca\/#\/schema\/logo\/image\/","url":"https:\/\/www.museuolimpicbcn.cat\/wp-content\/uploads\/sites\/2\/2018\/12\/logo-moe-header.svg","contentUrl":"https:\/\/www.museuolimpicbcn.cat\/wp-content\/uploads\/sites\/2\/2018\/12\/logo-moe-header.svg","caption":"Museu Ol\u00edmpic i de l&#039;Esport Joan Antoni Samaranch. Barcelona"},"image":{"@id":"https:\/\/www.museuolimpicbcn.cat\/ca\/#\/schema\/logo\/image\/"}},{"@type":"Person","@id":"https:\/\/www.museuolimpicbcn.cat\/ca\/#\/schema\/person\/b792834a53f193977df425a499287aa9","name":"Ibone","url":"https:\/\/www.museuolimpicbcn.cat\/es\/author\/fbolimpica\/"}]}},"_links":{"self":[{"href":"https:\/\/www.museuolimpicbcn.cat\/es\/wp-json\/wp\/v2\/posts\/44813"}],"collection":[{"href":"https:\/\/www.museuolimpicbcn.cat\/es\/wp-json\/wp\/v2\/posts"}],"about":[{"href":"https:\/\/www.museuolimpicbcn.cat\/es\/wp-json\/wp\/v2\/types\/post"}],"author":[{"embeddable":true,"href":"https:\/\/www.museuolimpicbcn.cat\/es\/wp-json\/wp\/v2\/users\/11"}],"replies":[{"embeddable":true,"href":"https:\/\/www.museuolimpicbcn.cat\/es\/wp-json\/wp\/v2\/comments?post=44813"}],"version-history":[{"count":1,"href":"https:\/\/www.museuolimpicbcn.cat\/es\/wp-json\/wp\/v2\/posts\/44813\/revisions"}],"predecessor-version":[{"id":44817,"href":"https:\/\/www.museuolimpicbcn.cat\/es\/wp-json\/wp\/v2\/posts\/44813\/revisions\/44817"}],"wp:featuredmedia":[{"embeddable":true,"href":"https:\/\/www.museuolimpicbcn.cat\/es\/wp-json\/wp\/v2\/media\/44814"}],"wp:attachment":[{"href":"https:\/\/www.museuolimpicbcn.cat\/es\/wp-json\/wp\/v2\/media?parent=44813"}],"wp:term":[{"taxonomy":"category","embeddable":true,"href":"https:\/\/www.museuolimpicbcn.cat\/es\/wp-json\/wp\/v2\/categories?post=44813"},{"taxonomy":"post_tag","embeddable":true,"href":"https:\/\/www.museuolimpicbcn.cat\/es\/wp-json\/wp\/v2\/tags?post=44813"}],"curies":[{"name":"wp","href":"https:\/\/api.w.org\/{rel}","templated":true}]}}