{"id":44868,"date":"2025-04-11T11:53:42","date_gmt":"2025-04-11T09:53:42","guid":{"rendered":"https:\/\/www.museuolimpicbcn.cat\/?p=44868"},"modified":"2025-04-11T11:53:42","modified_gmt":"2025-04-11T09:53:42","slug":"claudi-martin-presidente-del-club-natacion-sabadell-visita-el-museo-olimpico-con-miembros-del-consell-dhonor","status":"publish","type":"post","link":"https:\/\/www.museuolimpicbcn.cat\/es\/claudi-martin-presidente-del-club-natacion-sabadell-visita-el-museo-olimpico-con-miembros-del-consell-dhonor\/","title":{"rendered":"Claudi Mart\u00edn, presidente del Club Nataci\u00f3n Sabadell, visita el Museo Ol\u00edmpico con miembros del Consell d\u2019Honor"},"content":{"rendered":"<p>El presidente del Club Nataci\u00f3n Sabadell, Claudi Mart\u00edn, ha visitado el Museo Ol\u00edmpico y del Deporte Joan Antoni Samaranch junto a un grupo representativo del Consell d\u2019Honor del club. La visita fue conducida por Juli Pernas, patrono de la Fundaci\u00f3 Barcelona Ol\u00edmpica y exdirector de la misma.<\/p>\n<p>El Consell d\u2019Honor del CN Sabadell, presidido por Sebasti\u00e0 Olcina, est\u00e1 formado por m\u00e1s de 4.000 socios. Para formar parte, es necesario tener m\u00e1s de 40 a\u00f1os y contar con una antig\u00fcedad m\u00ednima de 25 a\u00f1os como socio del club. El Club Nataci\u00f3n Sabadell cuenta actualmente con m\u00e1s de 45.000 socios, siendo una de las entidades deportivas m\u00e1s destacadas de Catalu\u00f1a.<\/p>\n","protected":false},"excerpt":{"rendered":"<p>El presidente del Club Nataci\u00f3n Sabadell, Claudi Mart\u00edn, ha visitado el Museo Ol\u00edmpico y del Deporte Joan Antoni Samaranch junto a un grupo representativo del Consell d\u2019Honor del club. La visita fue conducida por Juli Pernas, patrono de la Fundaci\u00f3 Barcelona Ol\u00edmpica y exdirector de la misma. El Consell d\u2019Honor del CN Sabadell, presidido por [&hellip;]<\/p>\n","protected":false},"author":11,"featured_media":44872,"comment_status":"closed","ping_status":"closed","sticky":false,"template":"","format":"standard","meta":{"_acf_changed":false,"_price":"","_stock":"","_tribe_ticket_header":"","_tribe_default_ticket_provider":"","_tribe_ticket_capacity":"0","_ticket_start_date":"","_ticket_end_date":"","_tribe_ticket_show_description":"","_tribe_ticket_show_not_going":false,"_tribe_ticket_use_global_stock":"","_tribe_ticket_global_stock_level":"","_global_stock_mode":"","_global_stock_cap":"","_tribe_rsvp_for_event":"","_tribe_ticket_going_count":"","_tribe_ticket_not_going_count":"","_tribe_tickets_list":"[]","_tribe_ticket_has_attendee_info_fields":false,"footnotes":""},"categories":[3],"tags":[],"class_list":["post-44868","post","type-post","status-publish","format-standard","has-post-thumbnail","hentry","category-sin-categorizar"],"acf":[],"yoast_head":"<!-- This site is optimized with the Yoast SEO plugin v23.7 - https:\/\/yoast.com\/wordpress\/plugins\/seo\/ -->\n<title>Claudi Mart\u00edn, presidente del Club Nataci\u00f3n Sabadell, visita el Museo Ol\u00edmpico con miembros del Consell d\u2019Honor - Museu Ol\u00edmpic i de l&#039;Esport Joan Antoni Samaranch. Barcelona<\/title>\n<meta name=\"robots\" content=\"index, follow, max-snippet:-1, max-image-preview:large, max-video-preview:-1\" \/>\n<link rel=\"canonical\" href=\"https:\/\/www.museuolimpicbcn.cat\/es\/claudi-martin-presidente-del-club-natacion-sabadell-visita-el-museo-olimpico-con-miembros-del-consell-dhonor\/\" \/>\n<meta property=\"og:locale\" content=\"es_ES\" \/>\n<meta property=\"og:type\" content=\"article\" \/>\n<meta property=\"og:title\" content=\"Claudi Mart\u00edn, presidente del Club Nataci\u00f3n Sabadell, visita el Museo Ol\u00edmpico con miembros del Consell d\u2019Honor - Museu Ol\u00edmpic i de l&#039;Esport Joan Antoni Samaranch. Barcelona\" \/>\n<meta property=\"og:description\" content=\"El presidente del Club Nataci\u00f3n Sabadell, Claudi Mart\u00edn, ha visitado el Museo Ol\u00edmpico y del Deporte Joan Antoni Samaranch junto a un grupo representativo del Consell d\u2019Honor del club. La visita fue conducida por Juli Pernas, patrono de la Fundaci\u00f3 Barcelona Ol\u00edmpica y exdirector de la misma. El Consell d\u2019Honor del CN Sabadell, presidido por [&hellip;]\" \/>\n<meta property=\"og:url\" content=\"https:\/\/www.museuolimpicbcn.cat\/es\/claudi-martin-presidente-del-club-natacion-sabadell-visita-el-museo-olimpico-con-miembros-del-consell-dhonor\/\" \/>\n<meta property=\"og:site_name\" content=\"Museu Ol\u00edmpic i de l&#039;Esport Joan Antoni Samaranch. Barcelona\" \/>\n<meta property=\"article:published_time\" content=\"2025-04-11T09:53:42+00:00\" \/>\n<meta property=\"og:image\" content=\"https:\/\/www.museuolimpicbcn.cat\/wp-content\/uploads\/sites\/2\/2025\/04\/Visita-Sabadell_8-scaled.jpg\" \/>\n\t<meta property=\"og:image:width\" content=\"2560\" \/>\n\t<meta property=\"og:image:height\" content=\"1646\" \/>\n\t<meta property=\"og:image:type\" content=\"image\/jpeg\" \/>\n<meta name=\"author\" content=\"Ibone\" \/>\n<meta name=\"twitter:card\" content=\"summary_large_image\" \/>\n<meta name=\"twitter:label1\" content=\"Escrito por\" \/>\n\t<meta name=\"twitter:data1\" content=\"Ibone\" \/>\n\t<meta name=\"twitter:label2\" content=\"Tiempo de lectura\" \/>\n\t<meta name=\"twitter:data2\" content=\"1 minuto\" \/>\n<script type=\"application\/ld+json\" class=\"yoast-schema-graph\">{\"@context\":\"https:\/\/schema.org\",\"@graph\":[{\"@type\":\"Article\",\"@id\":\"https:\/\/www.museuolimpicbcn.cat\/es\/claudi-martin-presidente-del-club-natacion-sabadell-visita-el-museo-olimpico-con-miembros-del-consell-dhonor\/#article\",\"isPartOf\":{\"@id\":\"https:\/\/www.museuolimpicbcn.cat\/es\/claudi-martin-presidente-del-club-natacion-sabadell-visita-el-museo-olimpico-con-miembros-del-consell-dhonor\/\"},\"author\":{\"name\":\"Ibone\",\"@id\":\"https:\/\/www.museuolimpicbcn.cat\/ca\/#\/schema\/person\/b792834a53f193977df425a499287aa9\"},\"headline\":\"Claudi Mart\u00edn, presidente del Club Nataci\u00f3n Sabadell, visita el Museo Ol\u00edmpico con miembros del Consell d\u2019Honor\",\"datePublished\":\"2025-04-11T09:53:42+00:00\",\"dateModified\":\"2025-04-11T09:53:42+00:00\",\"mainEntityOfPage\":{\"@id\":\"https:\/\/www.museuolimpicbcn.cat\/es\/claudi-martin-presidente-del-club-natacion-sabadell-visita-el-museo-olimpico-con-miembros-del-consell-dhonor\/\"},\"wordCount\":140,\"publisher\":{\"@id\":\"https:\/\/www.museuolimpicbcn.cat\/ca\/#organization\"},\"image\":{\"@id\":\"https:\/\/www.museuolimpicbcn.cat\/es\/claudi-martin-presidente-del-club-natacion-sabadell-visita-el-museo-olimpico-con-miembros-del-consell-dhonor\/#primaryimage\"},\"thumbnailUrl\":\"https:\/\/www.museuolimpicbcn.cat\/wp-content\/uploads\/sites\/2\/2025\/04\/Visita-Sabadell_8-scaled.jpg\",\"articleSection\":[\"Sin categorizar\"],\"inLanguage\":\"es\"},{\"@type\":\"WebPage\",\"@id\":\"https:\/\/www.museuolimpicbcn.cat\/es\/claudi-martin-presidente-del-club-natacion-sabadell-visita-el-museo-olimpico-con-miembros-del-consell-dhonor\/\",\"url\":\"https:\/\/www.museuolimpicbcn.cat\/es\/claudi-martin-presidente-del-club-natacion-sabadell-visita-el-museo-olimpico-con-miembros-del-consell-dhonor\/\",\"name\":\"Claudi Mart\u00edn, presidente del Club Nataci\u00f3n Sabadell, visita el Museo Ol\u00edmpico con miembros del Consell d\u2019Honor - Museu Ol\u00edmpic i de l&#039;Esport Joan Antoni Samaranch. Barcelona\",\"isPartOf\":{\"@id\":\"https:\/\/www.museuolimpicbcn.cat\/ca\/#website\"},\"primaryImageOfPage\":{\"@id\":\"https:\/\/www.museuolimpicbcn.cat\/es\/claudi-martin-presidente-del-club-natacion-sabadell-visita-el-museo-olimpico-con-miembros-del-consell-dhonor\/#primaryimage\"},\"image\":{\"@id\":\"https:\/\/www.museuolimpicbcn.cat\/es\/claudi-martin-presidente-del-club-natacion-sabadell-visita-el-museo-olimpico-con-miembros-del-consell-dhonor\/#primaryimage\"},\"thumbnailUrl\":\"https:\/\/www.museuolimpicbcn.cat\/wp-content\/uploads\/sites\/2\/2025\/04\/Visita-Sabadell_8-scaled.jpg\",\"datePublished\":\"2025-04-11T09:53:42+00:00\",\"dateModified\":\"2025-04-11T09:53:42+00:00\",\"breadcrumb\":{\"@id\":\"https:\/\/www.museuolimpicbcn.cat\/es\/claudi-martin-presidente-del-club-natacion-sabadell-visita-el-museo-olimpico-con-miembros-del-consell-dhonor\/#breadcrumb\"},\"inLanguage\":\"es\",\"potentialAction\":[{\"@type\":\"ReadAction\",\"target\":[\"https:\/\/www.museuolimpicbcn.cat\/es\/claudi-martin-presidente-del-club-natacion-sabadell-visita-el-museo-olimpico-con-miembros-del-consell-dhonor\/\"]}]},{\"@type\":\"ImageObject\",\"inLanguage\":\"es\",\"@id\":\"https:\/\/www.museuolimpicbcn.cat\/es\/claudi-martin-presidente-del-club-natacion-sabadell-visita-el-museo-olimpico-con-miembros-del-consell-dhonor\/#primaryimage\",\"url\":\"https:\/\/www.museuolimpicbcn.cat\/wp-content\/uploads\/sites\/2\/2025\/04\/Visita-Sabadell_8-scaled.jpg\",\"contentUrl\":\"https:\/\/www.museuolimpicbcn.cat\/wp-content\/uploads\/sites\/2\/2025\/04\/Visita-Sabadell_8-scaled.jpg\",\"width\":2560,\"height\":1646},{\"@type\":\"BreadcrumbList\",\"@id\":\"https:\/\/www.museuolimpicbcn.cat\/es\/claudi-martin-presidente-del-club-natacion-sabadell-visita-el-museo-olimpico-con-miembros-del-consell-dhonor\/#breadcrumb\",\"itemListElement\":[{\"@type\":\"ListItem\",\"position\":1,\"name\":\"Inici\",\"item\":\"https:\/\/www.museuolimpicbcn.cat\/es\/\"},{\"@type\":\"ListItem\",\"position\":2,\"name\":\"Claudi Mart\u00edn, presidente del Club Nataci\u00f3n Sabadell, visita el Museo Ol\u00edmpico con miembros del Consell d\u2019Honor\"}]},{\"@type\":\"WebSite\",\"@id\":\"https:\/\/www.museuolimpicbcn.cat\/ca\/#website\",\"url\":\"https:\/\/www.museuolimpicbcn.cat\/ca\/\",\"name\":\"Museu Ol\u00edmpic i de l&#039;Esport Joan Antoni Samaranch. Barcelona\",\"description\":\"Altre lloc Web del Museu Ol\u00edmpic i de l&#039;Esport llocs\",\"publisher\":{\"@id\":\"https:\/\/www.museuolimpicbcn.cat\/ca\/#organization\"},\"potentialAction\":[{\"@type\":\"SearchAction\",\"target\":{\"@type\":\"EntryPoint\",\"urlTemplate\":\"https:\/\/www.museuolimpicbcn.cat\/ca\/?s={search_term_string}\"},\"query-input\":{\"@type\":\"PropertyValueSpecification\",\"valueRequired\":true,\"valueName\":\"search_term_string\"}}],\"inLanguage\":\"es\"},{\"@type\":\"Organization\",\"@id\":\"https:\/\/www.museuolimpicbcn.cat\/ca\/#organization\",\"name\":\"Museu Ol\u00edmpic i de l&#039;Esport Joan Antoni Samaranch. Barcelona\",\"url\":\"https:\/\/www.museuolimpicbcn.cat\/ca\/\",\"logo\":{\"@type\":\"ImageObject\",\"inLanguage\":\"es\",\"@id\":\"https:\/\/www.museuolimpicbcn.cat\/ca\/#\/schema\/logo\/image\/\",\"url\":\"https:\/\/www.museuolimpicbcn.cat\/wp-content\/uploads\/sites\/2\/2018\/12\/logo-moe-header.svg\",\"contentUrl\":\"https:\/\/www.museuolimpicbcn.cat\/wp-content\/uploads\/sites\/2\/2018\/12\/logo-moe-header.svg\",\"caption\":\"Museu Ol\u00edmpic i de l&#039;Esport Joan Antoni Samaranch. Barcelona\"},\"image\":{\"@id\":\"https:\/\/www.museuolimpicbcn.cat\/ca\/#\/schema\/logo\/image\/\"}},{\"@type\":\"Person\",\"@id\":\"https:\/\/www.museuolimpicbcn.cat\/ca\/#\/schema\/person\/b792834a53f193977df425a499287aa9\",\"name\":\"Ibone\",\"url\":\"https:\/\/www.museuolimpicbcn.cat\/es\/author\/fbolimpica\/\"}]}<\/script>\n<!-- \/ Yoast SEO plugin. -->","yoast_head_json":{"title":"Claudi Mart\u00edn, presidente del Club Nataci\u00f3n Sabadell, visita el Museo Ol\u00edmpico con miembros del Consell d\u2019Honor - Museu Ol\u00edmpic i de l&#039;Esport Joan Antoni Samaranch. Barcelona","robots":{"index":"index","follow":"follow","max-snippet":"max-snippet:-1","max-image-preview":"max-image-preview:large","max-video-preview":"max-video-preview:-1"},"canonical":"https:\/\/www.museuolimpicbcn.cat\/es\/claudi-martin-presidente-del-club-natacion-sabadell-visita-el-museo-olimpico-con-miembros-del-consell-dhonor\/","og_locale":"es_ES","og_type":"article","og_title":"Claudi Mart\u00edn, presidente del Club Nataci\u00f3n Sabadell, visita el Museo Ol\u00edmpico con miembros del Consell d\u2019Honor - Museu Ol\u00edmpic i de l&#039;Esport Joan Antoni Samaranch. Barcelona","og_description":"El presidente del Club Nataci\u00f3n Sabadell, Claudi Mart\u00edn, ha visitado el Museo Ol\u00edmpico y del Deporte Joan Antoni Samaranch junto a un grupo representativo del Consell d\u2019Honor del club. La visita fue conducida por Juli Pernas, patrono de la Fundaci\u00f3 Barcelona Ol\u00edmpica y exdirector de la misma. El Consell d\u2019Honor del CN Sabadell, presidido por [&hellip;]","og_url":"https:\/\/www.museuolimpicbcn.cat\/es\/claudi-martin-presidente-del-club-natacion-sabadell-visita-el-museo-olimpico-con-miembros-del-consell-dhonor\/","og_site_name":"Museu Ol\u00edmpic i de l&#039;Esport Joan Antoni Samaranch. Barcelona","article_published_time":"2025-04-11T09:53:42+00:00","og_image":[{"width":2560,"height":1646,"url":"https:\/\/www.museuolimpicbcn.cat\/wp-content\/uploads\/sites\/2\/2025\/04\/Visita-Sabadell_8-scaled.jpg","type":"image\/jpeg"}],"author":"Ibone","twitter_card":"summary_large_image","twitter_misc":{"Escrito por":"Ibone","Tiempo de lectura":"1 minuto"},"schema":{"@context":"https:\/\/schema.org","@graph":[{"@type":"Article","@id":"https:\/\/www.museuolimpicbcn.cat\/es\/claudi-martin-presidente-del-club-natacion-sabadell-visita-el-museo-olimpico-con-miembros-del-consell-dhonor\/#article","isPartOf":{"@id":"https:\/\/www.museuolimpicbcn.cat\/es\/claudi-martin-presidente-del-club-natacion-sabadell-visita-el-museo-olimpico-con-miembros-del-consell-dhonor\/"},"author":{"name":"Ibone","@id":"https:\/\/www.museuolimpicbcn.cat\/ca\/#\/schema\/person\/b792834a53f193977df425a499287aa9"},"headline":"Claudi Mart\u00edn, presidente del Club Nataci\u00f3n Sabadell, visita el Museo Ol\u00edmpico con miembros del Consell d\u2019Honor","datePublished":"2025-04-11T09:53:42+00:00","dateModified":"2025-04-11T09:53:42+00:00","mainEntityOfPage":{"@id":"https:\/\/www.museuolimpicbcn.cat\/es\/claudi-martin-presidente-del-club-natacion-sabadell-visita-el-museo-olimpico-con-miembros-del-consell-dhonor\/"},"wordCount":140,"publisher":{"@id":"https:\/\/www.museuolimpicbcn.cat\/ca\/#organization"},"image":{"@id":"https:\/\/www.museuolimpicbcn.cat\/es\/claudi-martin-presidente-del-club-natacion-sabadell-visita-el-museo-olimpico-con-miembros-del-consell-dhonor\/#primaryimage"},"thumbnailUrl":"https:\/\/www.museuolimpicbcn.cat\/wp-content\/uploads\/sites\/2\/2025\/04\/Visita-Sabadell_8-scaled.jpg","articleSection":["Sin categorizar"],"inLanguage":"es"},{"@type":"WebPage","@id":"https:\/\/www.museuolimpicbcn.cat\/es\/claudi-martin-presidente-del-club-natacion-sabadell-visita-el-museo-olimpico-con-miembros-del-consell-dhonor\/","url":"https:\/\/www.museuolimpicbcn.cat\/es\/claudi-martin-presidente-del-club-natacion-sabadell-visita-el-museo-olimpico-con-miembros-del-consell-dhonor\/","name":"Claudi Mart\u00edn, presidente del Club Nataci\u00f3n Sabadell, visita el Museo Ol\u00edmpico con miembros del Consell d\u2019Honor - Museu Ol\u00edmpic i de l&#039;Esport Joan Antoni Samaranch. Barcelona","isPartOf":{"@id":"https:\/\/www.museuolimpicbcn.cat\/ca\/#website"},"primaryImageOfPage":{"@id":"https:\/\/www.museuolimpicbcn.cat\/es\/claudi-martin-presidente-del-club-natacion-sabadell-visita-el-museo-olimpico-con-miembros-del-consell-dhonor\/#primaryimage"},"image":{"@id":"https:\/\/www.museuolimpicbcn.cat\/es\/claudi-martin-presidente-del-club-natacion-sabadell-visita-el-museo-olimpico-con-miembros-del-consell-dhonor\/#primaryimage"},"thumbnailUrl":"https:\/\/www.museuolimpicbcn.cat\/wp-content\/uploads\/sites\/2\/2025\/04\/Visita-Sabadell_8-scaled.jpg","datePublished":"2025-04-11T09:53:42+00:00","dateModified":"2025-04-11T09:53:42+00:00","breadcrumb":{"@id":"https:\/\/www.museuolimpicbcn.cat\/es\/claudi-martin-presidente-del-club-natacion-sabadell-visita-el-museo-olimpico-con-miembros-del-consell-dhonor\/#breadcrumb"},"inLanguage":"es","potentialAction":[{"@type":"ReadAction","target":["https:\/\/www.museuolimpicbcn.cat\/es\/claudi-martin-presidente-del-club-natacion-sabadell-visita-el-museo-olimpico-con-miembros-del-consell-dhonor\/"]}]},{"@type":"ImageObject","inLanguage":"es","@id":"https:\/\/www.museuolimpicbcn.cat\/es\/claudi-martin-presidente-del-club-natacion-sabadell-visita-el-museo-olimpico-con-miembros-del-consell-dhonor\/#primaryimage","url":"https:\/\/www.museuolimpicbcn.cat\/wp-content\/uploads\/sites\/2\/2025\/04\/Visita-Sabadell_8-scaled.jpg","contentUrl":"https:\/\/www.museuolimpicbcn.cat\/wp-content\/uploads\/sites\/2\/2025\/04\/Visita-Sabadell_8-scaled.jpg","width":2560,"height":1646},{"@type":"BreadcrumbList","@id":"https:\/\/www.museuolimpicbcn.cat\/es\/claudi-martin-presidente-del-club-natacion-sabadell-visita-el-museo-olimpico-con-miembros-del-consell-dhonor\/#breadcrumb","itemListElement":[{"@type":"ListItem","position":1,"name":"Inici","item":"https:\/\/www.museuolimpicbcn.cat\/es\/"},{"@type":"ListItem","position":2,"name":"Claudi Mart\u00edn, presidente del Club Nataci\u00f3n Sabadell, visita el Museo Ol\u00edmpico con miembros del Consell d\u2019Honor"}]},{"@type":"WebSite","@id":"https:\/\/www.museuolimpicbcn.cat\/ca\/#website","url":"https:\/\/www.museuolimpicbcn.cat\/ca\/","name":"Museu Ol\u00edmpic i de l&#039;Esport Joan Antoni Samaranch. Barcelona","description":"Altre lloc Web del Museu Ol\u00edmpic i de l&#039;Esport llocs","publisher":{"@id":"https:\/\/www.museuolimpicbcn.cat\/ca\/#organization"},"potentialAction":[{"@type":"SearchAction","target":{"@type":"EntryPoint","urlTemplate":"https:\/\/www.museuolimpicbcn.cat\/ca\/?s={search_term_string}"},"query-input":{"@type":"PropertyValueSpecification","valueRequired":true,"valueName":"search_term_string"}}],"inLanguage":"es"},{"@type":"Organization","@id":"https:\/\/www.museuolimpicbcn.cat\/ca\/#organization","name":"Museu Ol\u00edmpic i de l&#039;Esport Joan Antoni Samaranch. Barcelona","url":"https:\/\/www.museuolimpicbcn.cat\/ca\/","logo":{"@type":"ImageObject","inLanguage":"es","@id":"https:\/\/www.museuolimpicbcn.cat\/ca\/#\/schema\/logo\/image\/","url":"https:\/\/www.museuolimpicbcn.cat\/wp-content\/uploads\/sites\/2\/2018\/12\/logo-moe-header.svg","contentUrl":"https:\/\/www.museuolimpicbcn.cat\/wp-content\/uploads\/sites\/2\/2018\/12\/logo-moe-header.svg","caption":"Museu Ol\u00edmpic i de l&#039;Esport Joan Antoni Samaranch. Barcelona"},"image":{"@id":"https:\/\/www.museuolimpicbcn.cat\/ca\/#\/schema\/logo\/image\/"}},{"@type":"Person","@id":"https:\/\/www.museuolimpicbcn.cat\/ca\/#\/schema\/person\/b792834a53f193977df425a499287aa9","name":"Ibone","url":"https:\/\/www.museuolimpicbcn.cat\/es\/author\/fbolimpica\/"}]}},"_links":{"self":[{"href":"https:\/\/www.museuolimpicbcn.cat\/es\/wp-json\/wp\/v2\/posts\/44868"}],"collection":[{"href":"https:\/\/www.museuolimpicbcn.cat\/es\/wp-json\/wp\/v2\/posts"}],"about":[{"href":"https:\/\/www.museuolimpicbcn.cat\/es\/wp-json\/wp\/v2\/types\/post"}],"author":[{"embeddable":true,"href":"https:\/\/www.museuolimpicbcn.cat\/es\/wp-json\/wp\/v2\/users\/11"}],"replies":[{"embeddable":true,"href":"https:\/\/www.museuolimpicbcn.cat\/es\/wp-json\/wp\/v2\/comments?post=44868"}],"version-history":[{"count":1,"href":"https:\/\/www.museuolimpicbcn.cat\/es\/wp-json\/wp\/v2\/posts\/44868\/revisions"}],"predecessor-version":[{"id":44881,"href":"https:\/\/www.museuolimpicbcn.cat\/es\/wp-json\/wp\/v2\/posts\/44868\/revisions\/44881"}],"wp:featuredmedia":[{"embeddable":true,"href":"https:\/\/www.museuolimpicbcn.cat\/es\/wp-json\/wp\/v2\/media\/44872"}],"wp:attachment":[{"href":"https:\/\/www.museuolimpicbcn.cat\/es\/wp-json\/wp\/v2\/media?parent=44868"}],"wp:term":[{"taxonomy":"category","embeddable":true,"href":"https:\/\/www.museuolimpicbcn.cat\/es\/wp-json\/wp\/v2\/categories?post=44868"},{"taxonomy":"post_tag","embeddable":true,"href":"https:\/\/www.museuolimpicbcn.cat\/es\/wp-json\/wp\/v2\/tags?post=44868"}],"curies":[{"name":"wp","href":"https:\/\/api.w.org\/{rel}","templated":true}]}}