{"id":46359,"date":"2025-07-22T11:26:30","date_gmt":"2025-07-22T09:26:30","guid":{"rendered":"https:\/\/www.museuolimpicbcn.cat\/?p=46359"},"modified":"2025-07-22T11:26:30","modified_gmt":"2025-07-22T09:26:30","slug":"los-museos-olimpicos-lanzan-la-campana-lets-move-con-motivo-del-dia-olimpico-2025","status":"publish","type":"post","link":"https:\/\/www.museuolimpicbcn.cat\/es\/los-museos-olimpicos-lanzan-la-campana-lets-move-con-motivo-del-dia-olimpico-2025\/","title":{"rendered":"Los Museos Ol\u00edmpicos lanzan la campa\u00f1a &#8220;Let\u2019s Move&#8221; con motivo del D\u00eda Ol\u00edmpico 2025"},"content":{"rendered":"<p><strong>&#8220;Let\u2019s Move&#8221;<\/strong> es una nueva campa\u00f1a ol\u00edmpica para animar a los j\u00f3venes a moverse y llevar estilos de vida activos, y esperamos que se unan al movimiento.<\/p>\n<p><strong>&#8220;Let\u2019s Move&#8221;<\/strong> comienza el 1 de junio a trav\u00e9s de plataformas sociales y digitales, y. hace una &#8220;Invitaci\u00f3n Ol\u00edmpica&#8221; llamando a la gente a bloquear el tiempo para la actividad f\u00edsica en sus calendarios. Esta campa\u00f1a culmina el D\u00eda Ol\u00edmpico, 23 de junio, con un entrenamiento divertido y accesible de 30 minutos de deportistas de renombre mundial a trav\u00e9s de los canales sociales y digitales de los Juegos Ol\u00edmpicos.<\/p>\n<p>El Comit\u00e9 Ol\u00edmpico Internacional (COI) ha anunciado esta nueva iniciativa para inspirar y permitir que el mundo se mueva m\u00e1s cada d\u00eda. Dirigida por deportistas ol\u00edmpicos y creada en colaboraci\u00f3n con la Organizaci\u00f3n Mundial de la Salud (OMS), la campa\u00f1a <strong><em>Let\u2019s Move<\/em><\/strong> comenzar\u00e1 el 23 de junio, D\u00eda Ol\u00edmpico, con una invitaci\u00f3n a dedicar tiempo a la actividad f\u00edsica. <em>Pau Gasol, Yusra Mardini, Allyson Felix y PV Sindhu son algunos de los deportistas ol\u00edmpicos que invitan a unirse al movimiento a partir del 23 de junio.<\/em><\/p>\n<p>Barcelona ciudad y el Museo Ol\u00edmpico de Barcelona se unen a esta campa\u00f1a con la promoci\u00f3n de la actividad f\u00edsica entre j\u00f3venes y visitantes. <strong>Barcelona, Let\u2019s Move!<\/strong><\/p>\n<p><iframe title=\"Let&#039;s move! with the Breaking at the Barcelona Olympic Museum. we celebrate Olympic Day. Let&#039;s Move!\" width=\"500\" height=\"281\" src=\"https:\/\/www.youtube.com\/embed\/ueOG_Iohxbw?feature=oembed\" frameborder=\"0\" allow=\"accelerometer; autoplay; clipboard-write; encrypted-media; gyroscope; picture-in-picture; web-share\" referrerpolicy=\"strict-origin-when-cross-origin\" allowfullscreen><\/iframe><\/p>\n<p>&nbsp;<\/p>\n<p>&nbsp;<\/p>\n<p><img fetchpriority=\"high\" decoding=\"async\" class=\"alignnone size-large wp-image-37564\" src=\"https:\/\/www.museuolimpicbcn.cat\/wp-content\/uploads\/sites\/2\/2023\/06\/OLYMPIC_DAU-LETS_MOVE-MuseuOlimpicBCN_10-1024x697.jpg\" alt=\"\" width=\"1024\" height=\"697\" srcset=\"https:\/\/www.museuolimpicbcn.cat\/wp-content\/uploads\/sites\/2\/2023\/06\/OLYMPIC_DAU-LETS_MOVE-MuseuOlimpicBCN_10-1024x697.jpg 1024w, https:\/\/www.museuolimpicbcn.cat\/wp-content\/uploads\/sites\/2\/2023\/06\/OLYMPIC_DAU-LETS_MOVE-MuseuOlimpicBCN_10-300x204.jpg 300w, https:\/\/www.museuolimpicbcn.cat\/wp-content\/uploads\/sites\/2\/2023\/06\/OLYMPIC_DAU-LETS_MOVE-MuseuOlimpicBCN_10-768x523.jpg 768w, https:\/\/www.museuolimpicbcn.cat\/wp-content\/uploads\/sites\/2\/2023\/06\/OLYMPIC_DAU-LETS_MOVE-MuseuOlimpicBCN_10-1536x1045.jpg 1536w, https:\/\/www.museuolimpicbcn.cat\/wp-content\/uploads\/sites\/2\/2023\/06\/OLYMPIC_DAU-LETS_MOVE-MuseuOlimpicBCN_10-1320x898.jpg 1320w, https:\/\/www.museuolimpicbcn.cat\/wp-content\/uploads\/sites\/2\/2023\/06\/OLYMPIC_DAU-LETS_MOVE-MuseuOlimpicBCN_10-600x408.jpg 600w, https:\/\/www.museuolimpicbcn.cat\/wp-content\/uploads\/sites\/2\/2023\/06\/OLYMPIC_DAU-LETS_MOVE-MuseuOlimpicBCN_10.jpg 1587w\" sizes=\"(max-width: 1024px) 100vw, 1024px\" \/><\/p>\n","protected":false},"excerpt":{"rendered":"<p>&#8220;Let\u2019s Move&#8221; es una nueva campa\u00f1a ol\u00edmpica para animar a los j\u00f3venes a moverse y llevar estilos de vida activos, y esperamos que se unan al movimiento. &#8220;Let\u2019s Move&#8221; comienza el 1 de junio a trav\u00e9s de plataformas sociales y digitales, y. hace una &#8220;Invitaci\u00f3n Ol\u00edmpica&#8221; llamando a la gente a bloquear el tiempo para [&hellip;]<\/p>\n","protected":false},"author":11,"featured_media":37293,"comment_status":"closed","ping_status":"closed","sticky":false,"template":"","format":"standard","meta":{"_acf_changed":false,"_price":"","_stock":"","_tribe_ticket_header":"","_tribe_default_ticket_provider":"","_tribe_ticket_capacity":"0","_ticket_start_date":"","_ticket_end_date":"","_tribe_ticket_show_description":"","_tribe_ticket_show_not_going":false,"_tribe_ticket_use_global_stock":"","_tribe_ticket_global_stock_level":"","_global_stock_mode":"","_global_stock_cap":"","_tribe_rsvp_for_event":"","_tribe_ticket_going_count":"","_tribe_ticket_not_going_count":"","_tribe_tickets_list":"[]","_tribe_ticket_has_attendee_info_fields":false,"footnotes":""},"categories":[3],"tags":[],"class_list":["post-46359","post","type-post","status-publish","format-standard","has-post-thumbnail","hentry","category-sin-categorizar"],"acf":[],"yoast_head":"<!-- This site is optimized with the Yoast SEO plugin v23.7 - https:\/\/yoast.com\/wordpress\/plugins\/seo\/ -->\n<title>Los Museos Ol\u00edmpicos lanzan la campa\u00f1a &quot;Let\u2019s Move&quot; con motivo del D\u00eda Ol\u00edmpico 2025 - Museu Ol\u00edmpic i de l&#039;Esport Joan Antoni Samaranch. Barcelona<\/title>\n<meta name=\"robots\" content=\"index, follow, max-snippet:-1, max-image-preview:large, max-video-preview:-1\" \/>\n<link rel=\"canonical\" href=\"https:\/\/www.museuolimpicbcn.cat\/es\/los-museos-olimpicos-lanzan-la-campana-lets-move-con-motivo-del-dia-olimpico-2025\/\" \/>\n<meta property=\"og:locale\" content=\"es_ES\" \/>\n<meta property=\"og:type\" content=\"article\" \/>\n<meta property=\"og:title\" content=\"Los Museos Ol\u00edmpicos lanzan la campa\u00f1a &quot;Let\u2019s Move&quot; con motivo del D\u00eda Ol\u00edmpico 2025 - Museu Ol\u00edmpic i de l&#039;Esport Joan Antoni Samaranch. Barcelona\" \/>\n<meta property=\"og:description\" content=\"&#8220;Let\u2019s Move&#8221; es una nueva campa\u00f1a ol\u00edmpica para animar a los j\u00f3venes a moverse y llevar estilos de vida activos, y esperamos que se unan al movimiento. &#8220;Let\u2019s Move&#8221; comienza el 1 de junio a trav\u00e9s de plataformas sociales y digitales, y. hace una &#8220;Invitaci\u00f3n Ol\u00edmpica&#8221; llamando a la gente a bloquear el tiempo para [&hellip;]\" \/>\n<meta property=\"og:url\" content=\"https:\/\/www.museuolimpicbcn.cat\/es\/los-museos-olimpicos-lanzan-la-campana-lets-move-con-motivo-del-dia-olimpico-2025\/\" \/>\n<meta property=\"og:site_name\" content=\"Museu Ol\u00edmpic i de l&#039;Esport Joan Antoni Samaranch. Barcelona\" \/>\n<meta property=\"article:published_time\" content=\"2025-07-22T09:26:30+00:00\" \/>\n<meta property=\"og:image\" content=\"https:\/\/www.museuolimpicbcn.cat\/wp-content\/uploads\/sites\/2\/2023\/06\/BARCELONA-Lets-move.jpg\" \/>\n\t<meta property=\"og:image:width\" content=\"1920\" \/>\n\t<meta property=\"og:image:height\" content=\"1080\" \/>\n\t<meta property=\"og:image:type\" content=\"image\/jpeg\" \/>\n<meta name=\"author\" content=\"Ibone\" \/>\n<meta name=\"twitter:card\" content=\"summary_large_image\" \/>\n<meta name=\"twitter:label1\" content=\"Escrito por\" \/>\n\t<meta name=\"twitter:data1\" content=\"Ibone\" \/>\n\t<meta name=\"twitter:label2\" content=\"Tiempo de lectura\" \/>\n\t<meta name=\"twitter:data2\" content=\"2 minutos\" \/>\n<script type=\"application\/ld+json\" class=\"yoast-schema-graph\">{\"@context\":\"https:\/\/schema.org\",\"@graph\":[{\"@type\":\"Article\",\"@id\":\"https:\/\/www.museuolimpicbcn.cat\/es\/los-museos-olimpicos-lanzan-la-campana-lets-move-con-motivo-del-dia-olimpico-2025\/#article\",\"isPartOf\":{\"@id\":\"https:\/\/www.museuolimpicbcn.cat\/es\/los-museos-olimpicos-lanzan-la-campana-lets-move-con-motivo-del-dia-olimpico-2025\/\"},\"author\":{\"name\":\"Ibone\",\"@id\":\"https:\/\/www.museuolimpicbcn.cat\/ca\/#\/schema\/person\/b792834a53f193977df425a499287aa9\"},\"headline\":\"Los Museos Ol\u00edmpicos lanzan la campa\u00f1a &#8220;Let\u2019s Move&#8221; con motivo del D\u00eda Ol\u00edmpico 2025\",\"datePublished\":\"2025-07-22T09:26:30+00:00\",\"dateModified\":\"2025-07-22T09:26:30+00:00\",\"mainEntityOfPage\":{\"@id\":\"https:\/\/www.museuolimpicbcn.cat\/es\/los-museos-olimpicos-lanzan-la-campana-lets-move-con-motivo-del-dia-olimpico-2025\/\"},\"wordCount\":268,\"publisher\":{\"@id\":\"https:\/\/www.museuolimpicbcn.cat\/ca\/#organization\"},\"image\":{\"@id\":\"https:\/\/www.museuolimpicbcn.cat\/es\/los-museos-olimpicos-lanzan-la-campana-lets-move-con-motivo-del-dia-olimpico-2025\/#primaryimage\"},\"thumbnailUrl\":\"https:\/\/www.museuolimpicbcn.cat\/wp-content\/uploads\/sites\/2\/2023\/06\/BARCELONA-Lets-move.jpg\",\"articleSection\":[\"Sin categorizar\"],\"inLanguage\":\"es\"},{\"@type\":\"WebPage\",\"@id\":\"https:\/\/www.museuolimpicbcn.cat\/es\/los-museos-olimpicos-lanzan-la-campana-lets-move-con-motivo-del-dia-olimpico-2025\/\",\"url\":\"https:\/\/www.museuolimpicbcn.cat\/es\/los-museos-olimpicos-lanzan-la-campana-lets-move-con-motivo-del-dia-olimpico-2025\/\",\"name\":\"Los Museos Ol\u00edmpicos lanzan la campa\u00f1a \\\"Let\u2019s Move\\\" con motivo del D\u00eda Ol\u00edmpico 2025 - Museu Ol\u00edmpic i de l&#039;Esport Joan Antoni Samaranch. Barcelona\",\"isPartOf\":{\"@id\":\"https:\/\/www.museuolimpicbcn.cat\/ca\/#website\"},\"primaryImageOfPage\":{\"@id\":\"https:\/\/www.museuolimpicbcn.cat\/es\/los-museos-olimpicos-lanzan-la-campana-lets-move-con-motivo-del-dia-olimpico-2025\/#primaryimage\"},\"image\":{\"@id\":\"https:\/\/www.museuolimpicbcn.cat\/es\/los-museos-olimpicos-lanzan-la-campana-lets-move-con-motivo-del-dia-olimpico-2025\/#primaryimage\"},\"thumbnailUrl\":\"https:\/\/www.museuolimpicbcn.cat\/wp-content\/uploads\/sites\/2\/2023\/06\/BARCELONA-Lets-move.jpg\",\"datePublished\":\"2025-07-22T09:26:30+00:00\",\"dateModified\":\"2025-07-22T09:26:30+00:00\",\"breadcrumb\":{\"@id\":\"https:\/\/www.museuolimpicbcn.cat\/es\/los-museos-olimpicos-lanzan-la-campana-lets-move-con-motivo-del-dia-olimpico-2025\/#breadcrumb\"},\"inLanguage\":\"es\",\"potentialAction\":[{\"@type\":\"ReadAction\",\"target\":[\"https:\/\/www.museuolimpicbcn.cat\/es\/los-museos-olimpicos-lanzan-la-campana-lets-move-con-motivo-del-dia-olimpico-2025\/\"]}]},{\"@type\":\"ImageObject\",\"inLanguage\":\"es\",\"@id\":\"https:\/\/www.museuolimpicbcn.cat\/es\/los-museos-olimpicos-lanzan-la-campana-lets-move-con-motivo-del-dia-olimpico-2025\/#primaryimage\",\"url\":\"https:\/\/www.museuolimpicbcn.cat\/wp-content\/uploads\/sites\/2\/2023\/06\/BARCELONA-Lets-move.jpg\",\"contentUrl\":\"https:\/\/www.museuolimpicbcn.cat\/wp-content\/uploads\/sites\/2\/2023\/06\/BARCELONA-Lets-move.jpg\",\"width\":1920,\"height\":1080},{\"@type\":\"BreadcrumbList\",\"@id\":\"https:\/\/www.museuolimpicbcn.cat\/es\/los-museos-olimpicos-lanzan-la-campana-lets-move-con-motivo-del-dia-olimpico-2025\/#breadcrumb\",\"itemListElement\":[{\"@type\":\"ListItem\",\"position\":1,\"name\":\"Inici\",\"item\":\"https:\/\/www.museuolimpicbcn.cat\/es\/\"},{\"@type\":\"ListItem\",\"position\":2,\"name\":\"Los Museos Ol\u00edmpicos lanzan la campa\u00f1a &#8220;Let\u2019s Move&#8221; con motivo del D\u00eda Ol\u00edmpico 2025\"}]},{\"@type\":\"WebSite\",\"@id\":\"https:\/\/www.museuolimpicbcn.cat\/ca\/#website\",\"url\":\"https:\/\/www.museuolimpicbcn.cat\/ca\/\",\"name\":\"Museu Ol\u00edmpic i de l&#039;Esport Joan Antoni Samaranch. Barcelona\",\"description\":\"Altre lloc Web del Museu Ol\u00edmpic i de l&#039;Esport llocs\",\"publisher\":{\"@id\":\"https:\/\/www.museuolimpicbcn.cat\/ca\/#organization\"},\"potentialAction\":[{\"@type\":\"SearchAction\",\"target\":{\"@type\":\"EntryPoint\",\"urlTemplate\":\"https:\/\/www.museuolimpicbcn.cat\/ca\/?s={search_term_string}\"},\"query-input\":{\"@type\":\"PropertyValueSpecification\",\"valueRequired\":true,\"valueName\":\"search_term_string\"}}],\"inLanguage\":\"es\"},{\"@type\":\"Organization\",\"@id\":\"https:\/\/www.museuolimpicbcn.cat\/ca\/#organization\",\"name\":\"Museu Ol\u00edmpic i de l&#039;Esport Joan Antoni Samaranch. Barcelona\",\"url\":\"https:\/\/www.museuolimpicbcn.cat\/ca\/\",\"logo\":{\"@type\":\"ImageObject\",\"inLanguage\":\"es\",\"@id\":\"https:\/\/www.museuolimpicbcn.cat\/ca\/#\/schema\/logo\/image\/\",\"url\":\"https:\/\/www.museuolimpicbcn.cat\/wp-content\/uploads\/sites\/2\/2018\/12\/logo-moe-header.svg\",\"contentUrl\":\"https:\/\/www.museuolimpicbcn.cat\/wp-content\/uploads\/sites\/2\/2018\/12\/logo-moe-header.svg\",\"caption\":\"Museu Ol\u00edmpic i de l&#039;Esport Joan Antoni Samaranch. Barcelona\"},\"image\":{\"@id\":\"https:\/\/www.museuolimpicbcn.cat\/ca\/#\/schema\/logo\/image\/\"}},{\"@type\":\"Person\",\"@id\":\"https:\/\/www.museuolimpicbcn.cat\/ca\/#\/schema\/person\/b792834a53f193977df425a499287aa9\",\"name\":\"Ibone\",\"url\":\"https:\/\/www.museuolimpicbcn.cat\/es\/author\/fbolimpica\/\"}]}<\/script>\n<!-- \/ Yoast SEO plugin. -->","yoast_head_json":{"title":"Los Museos Ol\u00edmpicos lanzan la campa\u00f1a \"Let\u2019s Move\" con motivo del D\u00eda Ol\u00edmpico 2025 - Museu Ol\u00edmpic i de l&#039;Esport Joan Antoni Samaranch. Barcelona","robots":{"index":"index","follow":"follow","max-snippet":"max-snippet:-1","max-image-preview":"max-image-preview:large","max-video-preview":"max-video-preview:-1"},"canonical":"https:\/\/www.museuolimpicbcn.cat\/es\/los-museos-olimpicos-lanzan-la-campana-lets-move-con-motivo-del-dia-olimpico-2025\/","og_locale":"es_ES","og_type":"article","og_title":"Los Museos Ol\u00edmpicos lanzan la campa\u00f1a \"Let\u2019s Move\" con motivo del D\u00eda Ol\u00edmpico 2025 - Museu Ol\u00edmpic i de l&#039;Esport Joan Antoni Samaranch. Barcelona","og_description":"&#8220;Let\u2019s Move&#8221; es una nueva campa\u00f1a ol\u00edmpica para animar a los j\u00f3venes a moverse y llevar estilos de vida activos, y esperamos que se unan al movimiento. &#8220;Let\u2019s Move&#8221; comienza el 1 de junio a trav\u00e9s de plataformas sociales y digitales, y. hace una &#8220;Invitaci\u00f3n Ol\u00edmpica&#8221; llamando a la gente a bloquear el tiempo para [&hellip;]","og_url":"https:\/\/www.museuolimpicbcn.cat\/es\/los-museos-olimpicos-lanzan-la-campana-lets-move-con-motivo-del-dia-olimpico-2025\/","og_site_name":"Museu Ol\u00edmpic i de l&#039;Esport Joan Antoni Samaranch. Barcelona","article_published_time":"2025-07-22T09:26:30+00:00","og_image":[{"width":1920,"height":1080,"url":"https:\/\/www.museuolimpicbcn.cat\/wp-content\/uploads\/sites\/2\/2023\/06\/BARCELONA-Lets-move.jpg","type":"image\/jpeg"}],"author":"Ibone","twitter_card":"summary_large_image","twitter_misc":{"Escrito por":"Ibone","Tiempo de lectura":"2 minutos"},"schema":{"@context":"https:\/\/schema.org","@graph":[{"@type":"Article","@id":"https:\/\/www.museuolimpicbcn.cat\/es\/los-museos-olimpicos-lanzan-la-campana-lets-move-con-motivo-del-dia-olimpico-2025\/#article","isPartOf":{"@id":"https:\/\/www.museuolimpicbcn.cat\/es\/los-museos-olimpicos-lanzan-la-campana-lets-move-con-motivo-del-dia-olimpico-2025\/"},"author":{"name":"Ibone","@id":"https:\/\/www.museuolimpicbcn.cat\/ca\/#\/schema\/person\/b792834a53f193977df425a499287aa9"},"headline":"Los Museos Ol\u00edmpicos lanzan la campa\u00f1a &#8220;Let\u2019s Move&#8221; con motivo del D\u00eda Ol\u00edmpico 2025","datePublished":"2025-07-22T09:26:30+00:00","dateModified":"2025-07-22T09:26:30+00:00","mainEntityOfPage":{"@id":"https:\/\/www.museuolimpicbcn.cat\/es\/los-museos-olimpicos-lanzan-la-campana-lets-move-con-motivo-del-dia-olimpico-2025\/"},"wordCount":268,"publisher":{"@id":"https:\/\/www.museuolimpicbcn.cat\/ca\/#organization"},"image":{"@id":"https:\/\/www.museuolimpicbcn.cat\/es\/los-museos-olimpicos-lanzan-la-campana-lets-move-con-motivo-del-dia-olimpico-2025\/#primaryimage"},"thumbnailUrl":"https:\/\/www.museuolimpicbcn.cat\/wp-content\/uploads\/sites\/2\/2023\/06\/BARCELONA-Lets-move.jpg","articleSection":["Sin categorizar"],"inLanguage":"es"},{"@type":"WebPage","@id":"https:\/\/www.museuolimpicbcn.cat\/es\/los-museos-olimpicos-lanzan-la-campana-lets-move-con-motivo-del-dia-olimpico-2025\/","url":"https:\/\/www.museuolimpicbcn.cat\/es\/los-museos-olimpicos-lanzan-la-campana-lets-move-con-motivo-del-dia-olimpico-2025\/","name":"Los Museos Ol\u00edmpicos lanzan la campa\u00f1a \"Let\u2019s Move\" con motivo del D\u00eda Ol\u00edmpico 2025 - Museu Ol\u00edmpic i de l&#039;Esport Joan Antoni Samaranch. Barcelona","isPartOf":{"@id":"https:\/\/www.museuolimpicbcn.cat\/ca\/#website"},"primaryImageOfPage":{"@id":"https:\/\/www.museuolimpicbcn.cat\/es\/los-museos-olimpicos-lanzan-la-campana-lets-move-con-motivo-del-dia-olimpico-2025\/#primaryimage"},"image":{"@id":"https:\/\/www.museuolimpicbcn.cat\/es\/los-museos-olimpicos-lanzan-la-campana-lets-move-con-motivo-del-dia-olimpico-2025\/#primaryimage"},"thumbnailUrl":"https:\/\/www.museuolimpicbcn.cat\/wp-content\/uploads\/sites\/2\/2023\/06\/BARCELONA-Lets-move.jpg","datePublished":"2025-07-22T09:26:30+00:00","dateModified":"2025-07-22T09:26:30+00:00","breadcrumb":{"@id":"https:\/\/www.museuolimpicbcn.cat\/es\/los-museos-olimpicos-lanzan-la-campana-lets-move-con-motivo-del-dia-olimpico-2025\/#breadcrumb"},"inLanguage":"es","potentialAction":[{"@type":"ReadAction","target":["https:\/\/www.museuolimpicbcn.cat\/es\/los-museos-olimpicos-lanzan-la-campana-lets-move-con-motivo-del-dia-olimpico-2025\/"]}]},{"@type":"ImageObject","inLanguage":"es","@id":"https:\/\/www.museuolimpicbcn.cat\/es\/los-museos-olimpicos-lanzan-la-campana-lets-move-con-motivo-del-dia-olimpico-2025\/#primaryimage","url":"https:\/\/www.museuolimpicbcn.cat\/wp-content\/uploads\/sites\/2\/2023\/06\/BARCELONA-Lets-move.jpg","contentUrl":"https:\/\/www.museuolimpicbcn.cat\/wp-content\/uploads\/sites\/2\/2023\/06\/BARCELONA-Lets-move.jpg","width":1920,"height":1080},{"@type":"BreadcrumbList","@id":"https:\/\/www.museuolimpicbcn.cat\/es\/los-museos-olimpicos-lanzan-la-campana-lets-move-con-motivo-del-dia-olimpico-2025\/#breadcrumb","itemListElement":[{"@type":"ListItem","position":1,"name":"Inici","item":"https:\/\/www.museuolimpicbcn.cat\/es\/"},{"@type":"ListItem","position":2,"name":"Los Museos Ol\u00edmpicos lanzan la campa\u00f1a &#8220;Let\u2019s Move&#8221; con motivo del D\u00eda Ol\u00edmpico 2025"}]},{"@type":"WebSite","@id":"https:\/\/www.museuolimpicbcn.cat\/ca\/#website","url":"https:\/\/www.museuolimpicbcn.cat\/ca\/","name":"Museu Ol\u00edmpic i de l&#039;Esport Joan Antoni Samaranch. Barcelona","description":"Altre lloc Web del Museu Ol\u00edmpic i de l&#039;Esport llocs","publisher":{"@id":"https:\/\/www.museuolimpicbcn.cat\/ca\/#organization"},"potentialAction":[{"@type":"SearchAction","target":{"@type":"EntryPoint","urlTemplate":"https:\/\/www.museuolimpicbcn.cat\/ca\/?s={search_term_string}"},"query-input":{"@type":"PropertyValueSpecification","valueRequired":true,"valueName":"search_term_string"}}],"inLanguage":"es"},{"@type":"Organization","@id":"https:\/\/www.museuolimpicbcn.cat\/ca\/#organization","name":"Museu Ol\u00edmpic i de l&#039;Esport Joan Antoni Samaranch. Barcelona","url":"https:\/\/www.museuolimpicbcn.cat\/ca\/","logo":{"@type":"ImageObject","inLanguage":"es","@id":"https:\/\/www.museuolimpicbcn.cat\/ca\/#\/schema\/logo\/image\/","url":"https:\/\/www.museuolimpicbcn.cat\/wp-content\/uploads\/sites\/2\/2018\/12\/logo-moe-header.svg","contentUrl":"https:\/\/www.museuolimpicbcn.cat\/wp-content\/uploads\/sites\/2\/2018\/12\/logo-moe-header.svg","caption":"Museu Ol\u00edmpic i de l&#039;Esport Joan Antoni Samaranch. Barcelona"},"image":{"@id":"https:\/\/www.museuolimpicbcn.cat\/ca\/#\/schema\/logo\/image\/"}},{"@type":"Person","@id":"https:\/\/www.museuolimpicbcn.cat\/ca\/#\/schema\/person\/b792834a53f193977df425a499287aa9","name":"Ibone","url":"https:\/\/www.museuolimpicbcn.cat\/es\/author\/fbolimpica\/"}]}},"_links":{"self":[{"href":"https:\/\/www.museuolimpicbcn.cat\/es\/wp-json\/wp\/v2\/posts\/46359"}],"collection":[{"href":"https:\/\/www.museuolimpicbcn.cat\/es\/wp-json\/wp\/v2\/posts"}],"about":[{"href":"https:\/\/www.museuolimpicbcn.cat\/es\/wp-json\/wp\/v2\/types\/post"}],"author":[{"embeddable":true,"href":"https:\/\/www.museuolimpicbcn.cat\/es\/wp-json\/wp\/v2\/users\/11"}],"replies":[{"embeddable":true,"href":"https:\/\/www.museuolimpicbcn.cat\/es\/wp-json\/wp\/v2\/comments?post=46359"}],"version-history":[{"count":1,"href":"https:\/\/www.museuolimpicbcn.cat\/es\/wp-json\/wp\/v2\/posts\/46359\/revisions"}],"predecessor-version":[{"id":46364,"href":"https:\/\/www.museuolimpicbcn.cat\/es\/wp-json\/wp\/v2\/posts\/46359\/revisions\/46364"}],"wp:featuredmedia":[{"embeddable":true,"href":"https:\/\/www.museuolimpicbcn.cat\/es\/wp-json\/wp\/v2\/media\/37293"}],"wp:attachment":[{"href":"https:\/\/www.museuolimpicbcn.cat\/es\/wp-json\/wp\/v2\/media?parent=46359"}],"wp:term":[{"taxonomy":"category","embeddable":true,"href":"https:\/\/www.museuolimpicbcn.cat\/es\/wp-json\/wp\/v2\/categories?post=46359"},{"taxonomy":"post_tag","embeddable":true,"href":"https:\/\/www.museuolimpicbcn.cat\/es\/wp-json\/wp\/v2\/tags?post=46359"}],"curies":[{"name":"wp","href":"https:\/\/api.w.org\/{rel}","templated":true}]}}