{"id":47707,"date":"2025-11-08T14:27:37","date_gmt":"2025-11-08T13:27:37","guid":{"rendered":"https:\/\/www.museuolimpicbcn.cat\/?p=47707"},"modified":"2025-11-13T14:29:12","modified_gmt":"2025-11-13T13:29:12","slug":"el-museu-olimpic-acoge-las-ii-jornadas-red-trip-2025-de-la-uvic-ucc","status":"publish","type":"post","link":"https:\/\/www.museuolimpicbcn.cat\/es\/el-museu-olimpic-acoge-las-ii-jornadas-red-trip-2025-de-la-uvic-ucc\/","title":{"rendered":"El Museu Ol\u00edmpic acoge las II Jornadas RED TRIP 2025 de la UVic-UCC"},"content":{"rendered":"<p data-start=\"206\" data-end=\"445\">El <strong data-start=\"209\" data-end=\"262\">Museu Ol\u00edmpic i de l\u2019Esport Joan Antoni Samaranch<\/strong> ha sido la sede de las <strong data-start=\"286\" data-end=\"315\">II Jornadas RED TRIP 2025<\/strong>, organizadas por la <strong data-start=\"336\" data-end=\"404\">Universitat de Vic \u2013 Universitat Central de Catalunya (UVic-UCC)<\/strong>.<\/p>\n<p data-start=\"447\" data-end=\"828\">La jornada reuni\u00f3 a expertos del \u00e1mbito deportivo para abordar temas como el <strong data-start=\"524\" data-end=\"612\">entrenamiento y la prevenci\u00f3n de lesiones en j\u00f3venes, mujeres y deportistas longevos<\/strong>. Entre los ponentes participaron <strong data-start=\"646\" data-end=\"667\">Dani Romero (UIC)<\/strong>, <strong data-start=\"669\" data-end=\"712\">Ana Merayo (Consell Catal\u00e0 de l\u2019Esport)<\/strong>, <strong data-start=\"714\" data-end=\"748\">Maria Cadens (INEFC Barcelona)<\/strong>, <strong data-start=\"750\" data-end=\"795\">Esther Morencos (U. Francisco de Vitoria)<\/strong> y <strong data-start=\"798\" data-end=\"812\">Jordi Toda<\/strong>, entre otros.<\/p>\n<p data-start=\"830\" data-end=\"1101\">Destacaron tambi\u00e9n las <strong data-start=\"853\" data-end=\"871\">mesas redondas<\/strong> moderadas por <strong data-start=\"886\" data-end=\"902\">Bernat Busc\u00e0<\/strong>, con la participaci\u00f3n de deportistas como <strong data-start=\"945\" data-end=\"959\">Marta Bach<\/strong> y <strong data-start=\"962\" data-end=\"979\">Xavi Lleonart<\/strong>, y el debate final sobre el apoyo al sector deportivo con representantes de entidades como <strong data-start=\"1071\" data-end=\"1078\">CAR<\/strong>, <strong data-start=\"1080\" data-end=\"1087\">CCE<\/strong> y <strong data-start=\"1090\" data-end=\"1098\">FCVB<\/strong>.<\/p>\n<p data-start=\"1103\" data-end=\"1274\">Las jornadas concluyeron con la entrega del <strong data-start=\"1147\" data-end=\"1173\">Premio al Mejor P\u00f3ster<\/strong>, consolidando al Museu Ol\u00edmpic como un espacio de encuentro e innovaci\u00f3n en el \u00e1mbito del deporte.<\/p>\n","protected":false},"excerpt":{"rendered":"<p>El Museu Ol\u00edmpic i de l\u2019Esport Joan Antoni Samaranch ha sido la sede de las II Jornadas RED TRIP 2025, organizadas por la Universitat de Vic \u2013 Universitat Central de Catalunya (UVic-UCC). La jornada reuni\u00f3 a expertos del \u00e1mbito deportivo para abordar temas como el entrenamiento y la prevenci\u00f3n de lesiones en j\u00f3venes, mujeres y [&hellip;]<\/p>\n","protected":false},"author":11,"featured_media":47708,"comment_status":"closed","ping_status":"closed","sticky":false,"template":"","format":"standard","meta":{"_acf_changed":false,"_price":"","_stock":"","_tribe_ticket_header":"","_tribe_default_ticket_provider":"","_tribe_ticket_capacity":"0","_ticket_start_date":"","_ticket_end_date":"","_tribe_ticket_show_description":"","_tribe_ticket_show_not_going":false,"_tribe_ticket_use_global_stock":"","_tribe_ticket_global_stock_level":"","_global_stock_mode":"","_global_stock_cap":"","_tribe_rsvp_for_event":"","_tribe_ticket_going_count":"","_tribe_ticket_not_going_count":"","_tribe_tickets_list":"[]","_tribe_ticket_has_attendee_info_fields":false,"footnotes":""},"categories":[3],"tags":[],"class_list":["post-47707","post","type-post","status-publish","format-standard","has-post-thumbnail","hentry","category-sin-categorizar"],"acf":[],"yoast_head":"<!-- This site is optimized with the Yoast SEO plugin v23.7 - https:\/\/yoast.com\/wordpress\/plugins\/seo\/ -->\n<title>El Museu Ol\u00edmpic acoge las II Jornadas RED TRIP 2025 de la UVic-UCC - Museu Ol\u00edmpic i de l&#039;Esport Joan Antoni Samaranch. Barcelona<\/title>\n<meta name=\"robots\" content=\"index, follow, max-snippet:-1, max-image-preview:large, max-video-preview:-1\" \/>\n<link rel=\"canonical\" href=\"https:\/\/www.museuolimpicbcn.cat\/es\/el-museu-olimpic-acoge-las-ii-jornadas-red-trip-2025-de-la-uvic-ucc\/\" \/>\n<meta property=\"og:locale\" content=\"es_ES\" \/>\n<meta property=\"og:type\" content=\"article\" \/>\n<meta property=\"og:title\" content=\"El Museu Ol\u00edmpic acoge las II Jornadas RED TRIP 2025 de la UVic-UCC - Museu Ol\u00edmpic i de l&#039;Esport Joan Antoni Samaranch. Barcelona\" \/>\n<meta property=\"og:description\" content=\"El Museu Ol\u00edmpic i de l\u2019Esport Joan Antoni Samaranch ha sido la sede de las II Jornadas RED TRIP 2025, organizadas por la Universitat de Vic \u2013 Universitat Central de Catalunya (UVic-UCC). La jornada reuni\u00f3 a expertos del \u00e1mbito deportivo para abordar temas como el entrenamiento y la prevenci\u00f3n de lesiones en j\u00f3venes, mujeres y [&hellip;]\" \/>\n<meta property=\"og:url\" content=\"https:\/\/www.museuolimpicbcn.cat\/es\/el-museu-olimpic-acoge-las-ii-jornadas-red-trip-2025-de-la-uvic-ucc\/\" \/>\n<meta property=\"og:site_name\" content=\"Museu Ol\u00edmpic i de l&#039;Esport Joan Antoni Samaranch. Barcelona\" \/>\n<meta property=\"article:published_time\" content=\"2025-11-08T13:27:37+00:00\" \/>\n<meta property=\"article:modified_time\" content=\"2025-11-13T13:29:12+00:00\" \/>\n<meta property=\"og:image\" content=\"https:\/\/www.museuolimpicbcn.cat\/wp-content\/uploads\/sites\/2\/2025\/11\/VIC-_2-scaled.jpg\" \/>\n\t<meta property=\"og:image:width\" content=\"2560\" \/>\n\t<meta property=\"og:image:height\" content=\"1692\" \/>\n\t<meta property=\"og:image:type\" content=\"image\/jpeg\" \/>\n<meta name=\"author\" content=\"Ibone\" \/>\n<meta name=\"twitter:card\" content=\"summary_large_image\" \/>\n<meta name=\"twitter:label1\" content=\"Escrito por\" \/>\n\t<meta name=\"twitter:data1\" content=\"Ibone\" \/>\n\t<meta name=\"twitter:label2\" content=\"Tiempo de lectura\" \/>\n\t<meta name=\"twitter:data2\" content=\"1 minuto\" \/>\n<script type=\"application\/ld+json\" class=\"yoast-schema-graph\">{\"@context\":\"https:\/\/schema.org\",\"@graph\":[{\"@type\":\"Article\",\"@id\":\"https:\/\/www.museuolimpicbcn.cat\/es\/el-museu-olimpic-acoge-las-ii-jornadas-red-trip-2025-de-la-uvic-ucc\/#article\",\"isPartOf\":{\"@id\":\"https:\/\/www.museuolimpicbcn.cat\/es\/el-museu-olimpic-acoge-las-ii-jornadas-red-trip-2025-de-la-uvic-ucc\/\"},\"author\":{\"name\":\"Ibone\",\"@id\":\"https:\/\/www.museuolimpicbcn.cat\/ca\/#\/schema\/person\/b792834a53f193977df425a499287aa9\"},\"headline\":\"El Museu Ol\u00edmpic acoge las II Jornadas RED TRIP 2025 de la UVic-UCC\",\"datePublished\":\"2025-11-08T13:27:37+00:00\",\"dateModified\":\"2025-11-13T13:29:12+00:00\",\"mainEntityOfPage\":{\"@id\":\"https:\/\/www.museuolimpicbcn.cat\/es\/el-museu-olimpic-acoge-las-ii-jornadas-red-trip-2025-de-la-uvic-ucc\/\"},\"wordCount\":172,\"publisher\":{\"@id\":\"https:\/\/www.museuolimpicbcn.cat\/ca\/#organization\"},\"image\":{\"@id\":\"https:\/\/www.museuolimpicbcn.cat\/es\/el-museu-olimpic-acoge-las-ii-jornadas-red-trip-2025-de-la-uvic-ucc\/#primaryimage\"},\"thumbnailUrl\":\"https:\/\/www.museuolimpicbcn.cat\/wp-content\/uploads\/sites\/2\/2025\/11\/VIC-_2-scaled.jpg\",\"articleSection\":[\"Sin categorizar\"],\"inLanguage\":\"es\"},{\"@type\":\"WebPage\",\"@id\":\"https:\/\/www.museuolimpicbcn.cat\/es\/el-museu-olimpic-acoge-las-ii-jornadas-red-trip-2025-de-la-uvic-ucc\/\",\"url\":\"https:\/\/www.museuolimpicbcn.cat\/es\/el-museu-olimpic-acoge-las-ii-jornadas-red-trip-2025-de-la-uvic-ucc\/\",\"name\":\"El Museu Ol\u00edmpic acoge las II Jornadas RED TRIP 2025 de la UVic-UCC - Museu Ol\u00edmpic i de l&#039;Esport Joan Antoni Samaranch. Barcelona\",\"isPartOf\":{\"@id\":\"https:\/\/www.museuolimpicbcn.cat\/ca\/#website\"},\"primaryImageOfPage\":{\"@id\":\"https:\/\/www.museuolimpicbcn.cat\/es\/el-museu-olimpic-acoge-las-ii-jornadas-red-trip-2025-de-la-uvic-ucc\/#primaryimage\"},\"image\":{\"@id\":\"https:\/\/www.museuolimpicbcn.cat\/es\/el-museu-olimpic-acoge-las-ii-jornadas-red-trip-2025-de-la-uvic-ucc\/#primaryimage\"},\"thumbnailUrl\":\"https:\/\/www.museuolimpicbcn.cat\/wp-content\/uploads\/sites\/2\/2025\/11\/VIC-_2-scaled.jpg\",\"datePublished\":\"2025-11-08T13:27:37+00:00\",\"dateModified\":\"2025-11-13T13:29:12+00:00\",\"breadcrumb\":{\"@id\":\"https:\/\/www.museuolimpicbcn.cat\/es\/el-museu-olimpic-acoge-las-ii-jornadas-red-trip-2025-de-la-uvic-ucc\/#breadcrumb\"},\"inLanguage\":\"es\",\"potentialAction\":[{\"@type\":\"ReadAction\",\"target\":[\"https:\/\/www.museuolimpicbcn.cat\/es\/el-museu-olimpic-acoge-las-ii-jornadas-red-trip-2025-de-la-uvic-ucc\/\"]}]},{\"@type\":\"ImageObject\",\"inLanguage\":\"es\",\"@id\":\"https:\/\/www.museuolimpicbcn.cat\/es\/el-museu-olimpic-acoge-las-ii-jornadas-red-trip-2025-de-la-uvic-ucc\/#primaryimage\",\"url\":\"https:\/\/www.museuolimpicbcn.cat\/wp-content\/uploads\/sites\/2\/2025\/11\/VIC-_2-scaled.jpg\",\"contentUrl\":\"https:\/\/www.museuolimpicbcn.cat\/wp-content\/uploads\/sites\/2\/2025\/11\/VIC-_2-scaled.jpg\",\"width\":2560,\"height\":1692},{\"@type\":\"BreadcrumbList\",\"@id\":\"https:\/\/www.museuolimpicbcn.cat\/es\/el-museu-olimpic-acoge-las-ii-jornadas-red-trip-2025-de-la-uvic-ucc\/#breadcrumb\",\"itemListElement\":[{\"@type\":\"ListItem\",\"position\":1,\"name\":\"Inici\",\"item\":\"https:\/\/www.museuolimpicbcn.cat\/es\/\"},{\"@type\":\"ListItem\",\"position\":2,\"name\":\"El Museu Ol\u00edmpic acoge las II Jornadas RED TRIP 2025 de la UVic-UCC\"}]},{\"@type\":\"WebSite\",\"@id\":\"https:\/\/www.museuolimpicbcn.cat\/ca\/#website\",\"url\":\"https:\/\/www.museuolimpicbcn.cat\/ca\/\",\"name\":\"Museu Ol\u00edmpic i de l&#039;Esport Joan Antoni Samaranch. Barcelona\",\"description\":\"Altre lloc Web del Museu Ol\u00edmpic i de l&#039;Esport llocs\",\"publisher\":{\"@id\":\"https:\/\/www.museuolimpicbcn.cat\/ca\/#organization\"},\"potentialAction\":[{\"@type\":\"SearchAction\",\"target\":{\"@type\":\"EntryPoint\",\"urlTemplate\":\"https:\/\/www.museuolimpicbcn.cat\/ca\/?s={search_term_string}\"},\"query-input\":{\"@type\":\"PropertyValueSpecification\",\"valueRequired\":true,\"valueName\":\"search_term_string\"}}],\"inLanguage\":\"es\"},{\"@type\":\"Organization\",\"@id\":\"https:\/\/www.museuolimpicbcn.cat\/ca\/#organization\",\"name\":\"Museu Ol\u00edmpic i de l&#039;Esport Joan Antoni Samaranch. Barcelona\",\"url\":\"https:\/\/www.museuolimpicbcn.cat\/ca\/\",\"logo\":{\"@type\":\"ImageObject\",\"inLanguage\":\"es\",\"@id\":\"https:\/\/www.museuolimpicbcn.cat\/ca\/#\/schema\/logo\/image\/\",\"url\":\"https:\/\/www.museuolimpicbcn.cat\/wp-content\/uploads\/sites\/2\/2018\/12\/logo-moe-header.svg\",\"contentUrl\":\"https:\/\/www.museuolimpicbcn.cat\/wp-content\/uploads\/sites\/2\/2018\/12\/logo-moe-header.svg\",\"caption\":\"Museu Ol\u00edmpic i de l&#039;Esport Joan Antoni Samaranch. Barcelona\"},\"image\":{\"@id\":\"https:\/\/www.museuolimpicbcn.cat\/ca\/#\/schema\/logo\/image\/\"}},{\"@type\":\"Person\",\"@id\":\"https:\/\/www.museuolimpicbcn.cat\/ca\/#\/schema\/person\/b792834a53f193977df425a499287aa9\",\"name\":\"Ibone\",\"url\":\"https:\/\/www.museuolimpicbcn.cat\/es\/author\/fbolimpica\/\"}]}<\/script>\n<!-- \/ Yoast SEO plugin. -->","yoast_head_json":{"title":"El Museu Ol\u00edmpic acoge las II Jornadas RED TRIP 2025 de la UVic-UCC - Museu Ol\u00edmpic i de l&#039;Esport Joan Antoni Samaranch. Barcelona","robots":{"index":"index","follow":"follow","max-snippet":"max-snippet:-1","max-image-preview":"max-image-preview:large","max-video-preview":"max-video-preview:-1"},"canonical":"https:\/\/www.museuolimpicbcn.cat\/es\/el-museu-olimpic-acoge-las-ii-jornadas-red-trip-2025-de-la-uvic-ucc\/","og_locale":"es_ES","og_type":"article","og_title":"El Museu Ol\u00edmpic acoge las II Jornadas RED TRIP 2025 de la UVic-UCC - Museu Ol\u00edmpic i de l&#039;Esport Joan Antoni Samaranch. Barcelona","og_description":"El Museu Ol\u00edmpic i de l\u2019Esport Joan Antoni Samaranch ha sido la sede de las II Jornadas RED TRIP 2025, organizadas por la Universitat de Vic \u2013 Universitat Central de Catalunya (UVic-UCC). La jornada reuni\u00f3 a expertos del \u00e1mbito deportivo para abordar temas como el entrenamiento y la prevenci\u00f3n de lesiones en j\u00f3venes, mujeres y [&hellip;]","og_url":"https:\/\/www.museuolimpicbcn.cat\/es\/el-museu-olimpic-acoge-las-ii-jornadas-red-trip-2025-de-la-uvic-ucc\/","og_site_name":"Museu Ol\u00edmpic i de l&#039;Esport Joan Antoni Samaranch. Barcelona","article_published_time":"2025-11-08T13:27:37+00:00","article_modified_time":"2025-11-13T13:29:12+00:00","og_image":[{"width":2560,"height":1692,"url":"https:\/\/www.museuolimpicbcn.cat\/wp-content\/uploads\/sites\/2\/2025\/11\/VIC-_2-scaled.jpg","type":"image\/jpeg"}],"author":"Ibone","twitter_card":"summary_large_image","twitter_misc":{"Escrito por":"Ibone","Tiempo de lectura":"1 minuto"},"schema":{"@context":"https:\/\/schema.org","@graph":[{"@type":"Article","@id":"https:\/\/www.museuolimpicbcn.cat\/es\/el-museu-olimpic-acoge-las-ii-jornadas-red-trip-2025-de-la-uvic-ucc\/#article","isPartOf":{"@id":"https:\/\/www.museuolimpicbcn.cat\/es\/el-museu-olimpic-acoge-las-ii-jornadas-red-trip-2025-de-la-uvic-ucc\/"},"author":{"name":"Ibone","@id":"https:\/\/www.museuolimpicbcn.cat\/ca\/#\/schema\/person\/b792834a53f193977df425a499287aa9"},"headline":"El Museu Ol\u00edmpic acoge las II Jornadas RED TRIP 2025 de la UVic-UCC","datePublished":"2025-11-08T13:27:37+00:00","dateModified":"2025-11-13T13:29:12+00:00","mainEntityOfPage":{"@id":"https:\/\/www.museuolimpicbcn.cat\/es\/el-museu-olimpic-acoge-las-ii-jornadas-red-trip-2025-de-la-uvic-ucc\/"},"wordCount":172,"publisher":{"@id":"https:\/\/www.museuolimpicbcn.cat\/ca\/#organization"},"image":{"@id":"https:\/\/www.museuolimpicbcn.cat\/es\/el-museu-olimpic-acoge-las-ii-jornadas-red-trip-2025-de-la-uvic-ucc\/#primaryimage"},"thumbnailUrl":"https:\/\/www.museuolimpicbcn.cat\/wp-content\/uploads\/sites\/2\/2025\/11\/VIC-_2-scaled.jpg","articleSection":["Sin categorizar"],"inLanguage":"es"},{"@type":"WebPage","@id":"https:\/\/www.museuolimpicbcn.cat\/es\/el-museu-olimpic-acoge-las-ii-jornadas-red-trip-2025-de-la-uvic-ucc\/","url":"https:\/\/www.museuolimpicbcn.cat\/es\/el-museu-olimpic-acoge-las-ii-jornadas-red-trip-2025-de-la-uvic-ucc\/","name":"El Museu Ol\u00edmpic acoge las II Jornadas RED TRIP 2025 de la UVic-UCC - Museu Ol\u00edmpic i de l&#039;Esport Joan Antoni Samaranch. Barcelona","isPartOf":{"@id":"https:\/\/www.museuolimpicbcn.cat\/ca\/#website"},"primaryImageOfPage":{"@id":"https:\/\/www.museuolimpicbcn.cat\/es\/el-museu-olimpic-acoge-las-ii-jornadas-red-trip-2025-de-la-uvic-ucc\/#primaryimage"},"image":{"@id":"https:\/\/www.museuolimpicbcn.cat\/es\/el-museu-olimpic-acoge-las-ii-jornadas-red-trip-2025-de-la-uvic-ucc\/#primaryimage"},"thumbnailUrl":"https:\/\/www.museuolimpicbcn.cat\/wp-content\/uploads\/sites\/2\/2025\/11\/VIC-_2-scaled.jpg","datePublished":"2025-11-08T13:27:37+00:00","dateModified":"2025-11-13T13:29:12+00:00","breadcrumb":{"@id":"https:\/\/www.museuolimpicbcn.cat\/es\/el-museu-olimpic-acoge-las-ii-jornadas-red-trip-2025-de-la-uvic-ucc\/#breadcrumb"},"inLanguage":"es","potentialAction":[{"@type":"ReadAction","target":["https:\/\/www.museuolimpicbcn.cat\/es\/el-museu-olimpic-acoge-las-ii-jornadas-red-trip-2025-de-la-uvic-ucc\/"]}]},{"@type":"ImageObject","inLanguage":"es","@id":"https:\/\/www.museuolimpicbcn.cat\/es\/el-museu-olimpic-acoge-las-ii-jornadas-red-trip-2025-de-la-uvic-ucc\/#primaryimage","url":"https:\/\/www.museuolimpicbcn.cat\/wp-content\/uploads\/sites\/2\/2025\/11\/VIC-_2-scaled.jpg","contentUrl":"https:\/\/www.museuolimpicbcn.cat\/wp-content\/uploads\/sites\/2\/2025\/11\/VIC-_2-scaled.jpg","width":2560,"height":1692},{"@type":"BreadcrumbList","@id":"https:\/\/www.museuolimpicbcn.cat\/es\/el-museu-olimpic-acoge-las-ii-jornadas-red-trip-2025-de-la-uvic-ucc\/#breadcrumb","itemListElement":[{"@type":"ListItem","position":1,"name":"Inici","item":"https:\/\/www.museuolimpicbcn.cat\/es\/"},{"@type":"ListItem","position":2,"name":"El Museu Ol\u00edmpic acoge las II Jornadas RED TRIP 2025 de la UVic-UCC"}]},{"@type":"WebSite","@id":"https:\/\/www.museuolimpicbcn.cat\/ca\/#website","url":"https:\/\/www.museuolimpicbcn.cat\/ca\/","name":"Museu Ol\u00edmpic i de l&#039;Esport Joan Antoni Samaranch. Barcelona","description":"Altre lloc Web del Museu Ol\u00edmpic i de l&#039;Esport llocs","publisher":{"@id":"https:\/\/www.museuolimpicbcn.cat\/ca\/#organization"},"potentialAction":[{"@type":"SearchAction","target":{"@type":"EntryPoint","urlTemplate":"https:\/\/www.museuolimpicbcn.cat\/ca\/?s={search_term_string}"},"query-input":{"@type":"PropertyValueSpecification","valueRequired":true,"valueName":"search_term_string"}}],"inLanguage":"es"},{"@type":"Organization","@id":"https:\/\/www.museuolimpicbcn.cat\/ca\/#organization","name":"Museu Ol\u00edmpic i de l&#039;Esport Joan Antoni Samaranch. Barcelona","url":"https:\/\/www.museuolimpicbcn.cat\/ca\/","logo":{"@type":"ImageObject","inLanguage":"es","@id":"https:\/\/www.museuolimpicbcn.cat\/ca\/#\/schema\/logo\/image\/","url":"https:\/\/www.museuolimpicbcn.cat\/wp-content\/uploads\/sites\/2\/2018\/12\/logo-moe-header.svg","contentUrl":"https:\/\/www.museuolimpicbcn.cat\/wp-content\/uploads\/sites\/2\/2018\/12\/logo-moe-header.svg","caption":"Museu Ol\u00edmpic i de l&#039;Esport Joan Antoni Samaranch. Barcelona"},"image":{"@id":"https:\/\/www.museuolimpicbcn.cat\/ca\/#\/schema\/logo\/image\/"}},{"@type":"Person","@id":"https:\/\/www.museuolimpicbcn.cat\/ca\/#\/schema\/person\/b792834a53f193977df425a499287aa9","name":"Ibone","url":"https:\/\/www.museuolimpicbcn.cat\/es\/author\/fbolimpica\/"}]}},"_links":{"self":[{"href":"https:\/\/www.museuolimpicbcn.cat\/es\/wp-json\/wp\/v2\/posts\/47707"}],"collection":[{"href":"https:\/\/www.museuolimpicbcn.cat\/es\/wp-json\/wp\/v2\/posts"}],"about":[{"href":"https:\/\/www.museuolimpicbcn.cat\/es\/wp-json\/wp\/v2\/types\/post"}],"author":[{"embeddable":true,"href":"https:\/\/www.museuolimpicbcn.cat\/es\/wp-json\/wp\/v2\/users\/11"}],"replies":[{"embeddable":true,"href":"https:\/\/www.museuolimpicbcn.cat\/es\/wp-json\/wp\/v2\/comments?post=47707"}],"version-history":[{"count":1,"href":"https:\/\/www.museuolimpicbcn.cat\/es\/wp-json\/wp\/v2\/posts\/47707\/revisions"}],"predecessor-version":[{"id":47711,"href":"https:\/\/www.museuolimpicbcn.cat\/es\/wp-json\/wp\/v2\/posts\/47707\/revisions\/47711"}],"wp:featuredmedia":[{"embeddable":true,"href":"https:\/\/www.museuolimpicbcn.cat\/es\/wp-json\/wp\/v2\/media\/47708"}],"wp:attachment":[{"href":"https:\/\/www.museuolimpicbcn.cat\/es\/wp-json\/wp\/v2\/media?parent=47707"}],"wp:term":[{"taxonomy":"category","embeddable":true,"href":"https:\/\/www.museuolimpicbcn.cat\/es\/wp-json\/wp\/v2\/categories?post=47707"},{"taxonomy":"post_tag","embeddable":true,"href":"https:\/\/www.museuolimpicbcn.cat\/es\/wp-json\/wp\/v2\/tags?post=47707"}],"curies":[{"name":"wp","href":"https:\/\/api.w.org\/{rel}","templated":true}]}}