{"id":48742,"date":"2026-03-02T16:07:08","date_gmt":"2026-03-02T15:07:08","guid":{"rendered":"https:\/\/www.museuolimpicbcn.cat\/?p=48742"},"modified":"2026-03-12T16:08:35","modified_gmt":"2026-03-12T15:08:35","slug":"el-museu-olimpic-reduce-el-consumo-de-energia-agua-y-emisiones-durante-la-xi-maraton-re-m","status":"publish","type":"post","link":"https:\/\/www.museuolimpicbcn.cat\/es\/el-museu-olimpic-reduce-el-consumo-de-energia-agua-y-emisiones-durante-la-xi-maraton-re-m\/","title":{"rendered":"El Museu Ol\u00edmpic reduce el consumo de energ\u00eda, agua y emisiones durante la XI Marat\u00f3n RE-M"},"content":{"rendered":"<p>El\u00a0Museu Ol\u00edmpic i de l\u2019Esport Joan Antoni Samaranch\u00a0ha obtenido resultados destacados en la\u00a0XI Marat\u00f3 RE-M, logrando una reducci\u00f3n significativa del consumo de energ\u00eda, agua y emisiones durante las cuatro semanas que ha durado la iniciativa.<\/p>\n<p>Durante este periodo, el museo ha conseguido reducir el\u00a0consumo de energ\u00eda el\u00e9ctrica en un 20,57%, lo que equivale a un ahorro de\u00a05.146 kWh. En cuanto al agua, la reducci\u00f3n ha sido del\u00a031,67%, con\u00a011 m\u00b3 menos de consumo. Estas medidas tambi\u00e9n han permitido disminuir las\u00a0emisiones de CO\u2082 en un 22,57%, evitando aproximadamente\u00a01.463 kg de CO\u2082\u00a0en la atm\u00f3sfera.<\/p>\n<p>Cabe destacar que estos resultados se han alcanzado\u00a0en un mes de gran actividad en el museo, coincidiendo con la celebraci\u00f3n del\u00a0BCN Sports Film Festival, organizado por la\u00a0Fundaci\u00f3 Barcelona Ol\u00edmpica. El museo es su sede principal y acoge tanto las\u00a0ceremonias de inauguraci\u00f3n y clausura\u00a0como diversas\u00a0sesiones tem\u00e1ticas y sesiones escolares, que este a\u00f1o han contado con la participaci\u00f3n de\u00a0m\u00e1s de 1.000 alumnos de diferentes centros educativos de Catalu\u00f1a.<\/p>\n<p>Estos indicadores reflejan el compromiso y el esfuerzo conjunto de todos los equipos implicados, que han contribuido a alcanzar los objetivos de la Marat\u00f3n manteniendo al mismo tiempo la intensa actividad cultural y educativa del museo. Los resultados refuerzan adem\u00e1s la voluntad de seguir avanzando hacia una gesti\u00f3n\u00a0cada vez m\u00e1s eficiente y sostenible\u00a0del equipamiento.<\/p>\n","protected":false},"excerpt":{"rendered":"<p>El\u00a0Museu Ol\u00edmpic i de l\u2019Esport Joan Antoni Samaranch\u00a0ha obtenido resultados destacados en la\u00a0XI Marat\u00f3 RE-M, logrando una reducci\u00f3n significativa del consumo de energ\u00eda, agua y emisiones durante las cuatro semanas que ha durado la iniciativa. Durante este periodo, el museo ha conseguido reducir el\u00a0consumo de energ\u00eda el\u00e9ctrica en un 20,57%, lo que equivale a un [&hellip;]<\/p>\n","protected":false},"author":11,"featured_media":48744,"comment_status":"closed","ping_status":"closed","sticky":false,"template":"","format":"standard","meta":{"_acf_changed":false,"_price":"","_stock":"","_tribe_ticket_header":"","_tribe_default_ticket_provider":"","_tribe_ticket_capacity":"0","_ticket_start_date":"","_ticket_end_date":"","_tribe_ticket_show_description":"","_tribe_ticket_show_not_going":false,"_tribe_ticket_use_global_stock":"","_tribe_ticket_global_stock_level":"","_global_stock_mode":"","_global_stock_cap":"","_tribe_rsvp_for_event":"","_tribe_ticket_going_count":"","_tribe_ticket_not_going_count":"","_tribe_tickets_list":"[]","_tribe_ticket_has_attendee_info_fields":false,"footnotes":""},"categories":[3],"tags":[],"class_list":["post-48742","post","type-post","status-publish","format-standard","has-post-thumbnail","hentry","category-sin-categorizar"],"acf":[],"yoast_head":"<!-- This site is optimized with the Yoast SEO plugin v23.7 - https:\/\/yoast.com\/wordpress\/plugins\/seo\/ -->\n<title>El Museu Ol\u00edmpic reduce el consumo de energ\u00eda, agua y emisiones durante la XI Marat\u00f3n RE-M - Museu Ol\u00edmpic i de l&#039;Esport Joan Antoni Samaranch. Barcelona<\/title>\n<meta name=\"robots\" content=\"index, follow, max-snippet:-1, max-image-preview:large, max-video-preview:-1\" \/>\n<link rel=\"canonical\" href=\"https:\/\/www.museuolimpicbcn.cat\/es\/el-museu-olimpic-reduce-el-consumo-de-energia-agua-y-emisiones-durante-la-xi-maraton-re-m\/\" \/>\n<meta property=\"og:locale\" content=\"es_ES\" \/>\n<meta property=\"og:type\" content=\"article\" \/>\n<meta property=\"og:title\" content=\"El Museu Ol\u00edmpic reduce el consumo de energ\u00eda, agua y emisiones durante la XI Marat\u00f3n RE-M - Museu Ol\u00edmpic i de l&#039;Esport Joan Antoni Samaranch. Barcelona\" \/>\n<meta property=\"og:description\" content=\"El\u00a0Museu Ol\u00edmpic i de l\u2019Esport Joan Antoni Samaranch\u00a0ha obtenido resultados destacados en la\u00a0XI Marat\u00f3 RE-M, logrando una reducci\u00f3n significativa del consumo de energ\u00eda, agua y emisiones durante las cuatro semanas que ha durado la iniciativa. Durante este periodo, el museo ha conseguido reducir el\u00a0consumo de energ\u00eda el\u00e9ctrica en un 20,57%, lo que equivale a un [&hellip;]\" \/>\n<meta property=\"og:url\" content=\"https:\/\/www.museuolimpicbcn.cat\/es\/el-museu-olimpic-reduce-el-consumo-de-energia-agua-y-emisiones-durante-la-xi-maraton-re-m\/\" \/>\n<meta property=\"og:site_name\" content=\"Museu Ol\u00edmpic i de l&#039;Esport Joan Antoni Samaranch. Barcelona\" \/>\n<meta property=\"article:published_time\" content=\"2026-03-02T15:07:08+00:00\" \/>\n<meta property=\"article:modified_time\" content=\"2026-03-12T15:08:35+00:00\" \/>\n<meta property=\"og:image\" content=\"https:\/\/www.museuolimpicbcn.cat\/wp-content\/uploads\/sites\/2\/2026\/03\/Maraton-energia_1-scaled.jpg\" \/>\n\t<meta property=\"og:image:width\" content=\"2560\" \/>\n\t<meta property=\"og:image:height\" content=\"1508\" \/>\n\t<meta property=\"og:image:type\" content=\"image\/jpeg\" \/>\n<meta name=\"author\" content=\"Ibone\" \/>\n<meta name=\"twitter:card\" content=\"summary_large_image\" \/>\n<meta name=\"twitter:label1\" content=\"Escrito por\" \/>\n\t<meta name=\"twitter:data1\" content=\"Ibone\" \/>\n\t<meta name=\"twitter:label2\" content=\"Tiempo de lectura\" \/>\n\t<meta name=\"twitter:data2\" content=\"2 minutos\" \/>\n<script type=\"application\/ld+json\" class=\"yoast-schema-graph\">{\"@context\":\"https:\/\/schema.org\",\"@graph\":[{\"@type\":\"Article\",\"@id\":\"https:\/\/www.museuolimpicbcn.cat\/es\/el-museu-olimpic-reduce-el-consumo-de-energia-agua-y-emisiones-durante-la-xi-maraton-re-m\/#article\",\"isPartOf\":{\"@id\":\"https:\/\/www.museuolimpicbcn.cat\/es\/el-museu-olimpic-reduce-el-consumo-de-energia-agua-y-emisiones-durante-la-xi-maraton-re-m\/\"},\"author\":{\"name\":\"Ibone\",\"@id\":\"https:\/\/www.museuolimpicbcn.cat\/ca\/#\/schema\/person\/b792834a53f193977df425a499287aa9\"},\"headline\":\"El Museu Ol\u00edmpic reduce el consumo de energ\u00eda, agua y emisiones durante la XI Marat\u00f3n RE-M\",\"datePublished\":\"2026-03-02T15:07:08+00:00\",\"dateModified\":\"2026-03-12T15:08:35+00:00\",\"mainEntityOfPage\":{\"@id\":\"https:\/\/www.museuolimpicbcn.cat\/es\/el-museu-olimpic-reduce-el-consumo-de-energia-agua-y-emisiones-durante-la-xi-maraton-re-m\/\"},\"wordCount\":263,\"publisher\":{\"@id\":\"https:\/\/www.museuolimpicbcn.cat\/ca\/#organization\"},\"image\":{\"@id\":\"https:\/\/www.museuolimpicbcn.cat\/es\/el-museu-olimpic-reduce-el-consumo-de-energia-agua-y-emisiones-durante-la-xi-maraton-re-m\/#primaryimage\"},\"thumbnailUrl\":\"https:\/\/www.museuolimpicbcn.cat\/wp-content\/uploads\/sites\/2\/2026\/03\/Maraton-energia_1-scaled.jpg\",\"articleSection\":[\"Sin categorizar\"],\"inLanguage\":\"es\"},{\"@type\":\"WebPage\",\"@id\":\"https:\/\/www.museuolimpicbcn.cat\/es\/el-museu-olimpic-reduce-el-consumo-de-energia-agua-y-emisiones-durante-la-xi-maraton-re-m\/\",\"url\":\"https:\/\/www.museuolimpicbcn.cat\/es\/el-museu-olimpic-reduce-el-consumo-de-energia-agua-y-emisiones-durante-la-xi-maraton-re-m\/\",\"name\":\"El Museu Ol\u00edmpic reduce el consumo de energ\u00eda, agua y emisiones durante la XI Marat\u00f3n RE-M - Museu Ol\u00edmpic i de l&#039;Esport Joan Antoni Samaranch. Barcelona\",\"isPartOf\":{\"@id\":\"https:\/\/www.museuolimpicbcn.cat\/ca\/#website\"},\"primaryImageOfPage\":{\"@id\":\"https:\/\/www.museuolimpicbcn.cat\/es\/el-museu-olimpic-reduce-el-consumo-de-energia-agua-y-emisiones-durante-la-xi-maraton-re-m\/#primaryimage\"},\"image\":{\"@id\":\"https:\/\/www.museuolimpicbcn.cat\/es\/el-museu-olimpic-reduce-el-consumo-de-energia-agua-y-emisiones-durante-la-xi-maraton-re-m\/#primaryimage\"},\"thumbnailUrl\":\"https:\/\/www.museuolimpicbcn.cat\/wp-content\/uploads\/sites\/2\/2026\/03\/Maraton-energia_1-scaled.jpg\",\"datePublished\":\"2026-03-02T15:07:08+00:00\",\"dateModified\":\"2026-03-12T15:08:35+00:00\",\"breadcrumb\":{\"@id\":\"https:\/\/www.museuolimpicbcn.cat\/es\/el-museu-olimpic-reduce-el-consumo-de-energia-agua-y-emisiones-durante-la-xi-maraton-re-m\/#breadcrumb\"},\"inLanguage\":\"es\",\"potentialAction\":[{\"@type\":\"ReadAction\",\"target\":[\"https:\/\/www.museuolimpicbcn.cat\/es\/el-museu-olimpic-reduce-el-consumo-de-energia-agua-y-emisiones-durante-la-xi-maraton-re-m\/\"]}]},{\"@type\":\"ImageObject\",\"inLanguage\":\"es\",\"@id\":\"https:\/\/www.museuolimpicbcn.cat\/es\/el-museu-olimpic-reduce-el-consumo-de-energia-agua-y-emisiones-durante-la-xi-maraton-re-m\/#primaryimage\",\"url\":\"https:\/\/www.museuolimpicbcn.cat\/wp-content\/uploads\/sites\/2\/2026\/03\/Maraton-energia_1-scaled.jpg\",\"contentUrl\":\"https:\/\/www.museuolimpicbcn.cat\/wp-content\/uploads\/sites\/2\/2026\/03\/Maraton-energia_1-scaled.jpg\",\"width\":2560,\"height\":1508},{\"@type\":\"BreadcrumbList\",\"@id\":\"https:\/\/www.museuolimpicbcn.cat\/es\/el-museu-olimpic-reduce-el-consumo-de-energia-agua-y-emisiones-durante-la-xi-maraton-re-m\/#breadcrumb\",\"itemListElement\":[{\"@type\":\"ListItem\",\"position\":1,\"name\":\"Inici\",\"item\":\"https:\/\/www.museuolimpicbcn.cat\/es\/\"},{\"@type\":\"ListItem\",\"position\":2,\"name\":\"El Museu Ol\u00edmpic reduce el consumo de energ\u00eda, agua y emisiones durante la XI Marat\u00f3n RE-M\"}]},{\"@type\":\"WebSite\",\"@id\":\"https:\/\/www.museuolimpicbcn.cat\/ca\/#website\",\"url\":\"https:\/\/www.museuolimpicbcn.cat\/ca\/\",\"name\":\"Museu Ol\u00edmpic i de l&#039;Esport Joan Antoni Samaranch. Barcelona\",\"description\":\"Altre lloc Web del Museu Ol\u00edmpic i de l&#039;Esport llocs\",\"publisher\":{\"@id\":\"https:\/\/www.museuolimpicbcn.cat\/ca\/#organization\"},\"potentialAction\":[{\"@type\":\"SearchAction\",\"target\":{\"@type\":\"EntryPoint\",\"urlTemplate\":\"https:\/\/www.museuolimpicbcn.cat\/ca\/?s={search_term_string}\"},\"query-input\":{\"@type\":\"PropertyValueSpecification\",\"valueRequired\":true,\"valueName\":\"search_term_string\"}}],\"inLanguage\":\"es\"},{\"@type\":\"Organization\",\"@id\":\"https:\/\/www.museuolimpicbcn.cat\/ca\/#organization\",\"name\":\"Museu Ol\u00edmpic i de l&#039;Esport Joan Antoni Samaranch. Barcelona\",\"url\":\"https:\/\/www.museuolimpicbcn.cat\/ca\/\",\"logo\":{\"@type\":\"ImageObject\",\"inLanguage\":\"es\",\"@id\":\"https:\/\/www.museuolimpicbcn.cat\/ca\/#\/schema\/logo\/image\/\",\"url\":\"https:\/\/www.museuolimpicbcn.cat\/wp-content\/uploads\/sites\/2\/2018\/12\/logo-moe-header.svg\",\"contentUrl\":\"https:\/\/www.museuolimpicbcn.cat\/wp-content\/uploads\/sites\/2\/2018\/12\/logo-moe-header.svg\",\"caption\":\"Museu Ol\u00edmpic i de l&#039;Esport Joan Antoni Samaranch. Barcelona\"},\"image\":{\"@id\":\"https:\/\/www.museuolimpicbcn.cat\/ca\/#\/schema\/logo\/image\/\"}},{\"@type\":\"Person\",\"@id\":\"https:\/\/www.museuolimpicbcn.cat\/ca\/#\/schema\/person\/b792834a53f193977df425a499287aa9\",\"name\":\"Ibone\",\"url\":\"https:\/\/www.museuolimpicbcn.cat\/es\/author\/fbolimpica\/\"}]}<\/script>\n<!-- \/ Yoast SEO plugin. -->","yoast_head_json":{"title":"El Museu Ol\u00edmpic reduce el consumo de energ\u00eda, agua y emisiones durante la XI Marat\u00f3n RE-M - Museu Ol\u00edmpic i de l&#039;Esport Joan Antoni Samaranch. Barcelona","robots":{"index":"index","follow":"follow","max-snippet":"max-snippet:-1","max-image-preview":"max-image-preview:large","max-video-preview":"max-video-preview:-1"},"canonical":"https:\/\/www.museuolimpicbcn.cat\/es\/el-museu-olimpic-reduce-el-consumo-de-energia-agua-y-emisiones-durante-la-xi-maraton-re-m\/","og_locale":"es_ES","og_type":"article","og_title":"El Museu Ol\u00edmpic reduce el consumo de energ\u00eda, agua y emisiones durante la XI Marat\u00f3n RE-M - Museu Ol\u00edmpic i de l&#039;Esport Joan Antoni Samaranch. Barcelona","og_description":"El\u00a0Museu Ol\u00edmpic i de l\u2019Esport Joan Antoni Samaranch\u00a0ha obtenido resultados destacados en la\u00a0XI Marat\u00f3 RE-M, logrando una reducci\u00f3n significativa del consumo de energ\u00eda, agua y emisiones durante las cuatro semanas que ha durado la iniciativa. Durante este periodo, el museo ha conseguido reducir el\u00a0consumo de energ\u00eda el\u00e9ctrica en un 20,57%, lo que equivale a un [&hellip;]","og_url":"https:\/\/www.museuolimpicbcn.cat\/es\/el-museu-olimpic-reduce-el-consumo-de-energia-agua-y-emisiones-durante-la-xi-maraton-re-m\/","og_site_name":"Museu Ol\u00edmpic i de l&#039;Esport Joan Antoni Samaranch. Barcelona","article_published_time":"2026-03-02T15:07:08+00:00","article_modified_time":"2026-03-12T15:08:35+00:00","og_image":[{"width":2560,"height":1508,"url":"https:\/\/www.museuolimpicbcn.cat\/wp-content\/uploads\/sites\/2\/2026\/03\/Maraton-energia_1-scaled.jpg","type":"image\/jpeg"}],"author":"Ibone","twitter_card":"summary_large_image","twitter_misc":{"Escrito por":"Ibone","Tiempo de lectura":"2 minutos"},"schema":{"@context":"https:\/\/schema.org","@graph":[{"@type":"Article","@id":"https:\/\/www.museuolimpicbcn.cat\/es\/el-museu-olimpic-reduce-el-consumo-de-energia-agua-y-emisiones-durante-la-xi-maraton-re-m\/#article","isPartOf":{"@id":"https:\/\/www.museuolimpicbcn.cat\/es\/el-museu-olimpic-reduce-el-consumo-de-energia-agua-y-emisiones-durante-la-xi-maraton-re-m\/"},"author":{"name":"Ibone","@id":"https:\/\/www.museuolimpicbcn.cat\/ca\/#\/schema\/person\/b792834a53f193977df425a499287aa9"},"headline":"El Museu Ol\u00edmpic reduce el consumo de energ\u00eda, agua y emisiones durante la XI Marat\u00f3n RE-M","datePublished":"2026-03-02T15:07:08+00:00","dateModified":"2026-03-12T15:08:35+00:00","mainEntityOfPage":{"@id":"https:\/\/www.museuolimpicbcn.cat\/es\/el-museu-olimpic-reduce-el-consumo-de-energia-agua-y-emisiones-durante-la-xi-maraton-re-m\/"},"wordCount":263,"publisher":{"@id":"https:\/\/www.museuolimpicbcn.cat\/ca\/#organization"},"image":{"@id":"https:\/\/www.museuolimpicbcn.cat\/es\/el-museu-olimpic-reduce-el-consumo-de-energia-agua-y-emisiones-durante-la-xi-maraton-re-m\/#primaryimage"},"thumbnailUrl":"https:\/\/www.museuolimpicbcn.cat\/wp-content\/uploads\/sites\/2\/2026\/03\/Maraton-energia_1-scaled.jpg","articleSection":["Sin categorizar"],"inLanguage":"es"},{"@type":"WebPage","@id":"https:\/\/www.museuolimpicbcn.cat\/es\/el-museu-olimpic-reduce-el-consumo-de-energia-agua-y-emisiones-durante-la-xi-maraton-re-m\/","url":"https:\/\/www.museuolimpicbcn.cat\/es\/el-museu-olimpic-reduce-el-consumo-de-energia-agua-y-emisiones-durante-la-xi-maraton-re-m\/","name":"El Museu Ol\u00edmpic reduce el consumo de energ\u00eda, agua y emisiones durante la XI Marat\u00f3n RE-M - Museu Ol\u00edmpic i de l&#039;Esport Joan Antoni Samaranch. Barcelona","isPartOf":{"@id":"https:\/\/www.museuolimpicbcn.cat\/ca\/#website"},"primaryImageOfPage":{"@id":"https:\/\/www.museuolimpicbcn.cat\/es\/el-museu-olimpic-reduce-el-consumo-de-energia-agua-y-emisiones-durante-la-xi-maraton-re-m\/#primaryimage"},"image":{"@id":"https:\/\/www.museuolimpicbcn.cat\/es\/el-museu-olimpic-reduce-el-consumo-de-energia-agua-y-emisiones-durante-la-xi-maraton-re-m\/#primaryimage"},"thumbnailUrl":"https:\/\/www.museuolimpicbcn.cat\/wp-content\/uploads\/sites\/2\/2026\/03\/Maraton-energia_1-scaled.jpg","datePublished":"2026-03-02T15:07:08+00:00","dateModified":"2026-03-12T15:08:35+00:00","breadcrumb":{"@id":"https:\/\/www.museuolimpicbcn.cat\/es\/el-museu-olimpic-reduce-el-consumo-de-energia-agua-y-emisiones-durante-la-xi-maraton-re-m\/#breadcrumb"},"inLanguage":"es","potentialAction":[{"@type":"ReadAction","target":["https:\/\/www.museuolimpicbcn.cat\/es\/el-museu-olimpic-reduce-el-consumo-de-energia-agua-y-emisiones-durante-la-xi-maraton-re-m\/"]}]},{"@type":"ImageObject","inLanguage":"es","@id":"https:\/\/www.museuolimpicbcn.cat\/es\/el-museu-olimpic-reduce-el-consumo-de-energia-agua-y-emisiones-durante-la-xi-maraton-re-m\/#primaryimage","url":"https:\/\/www.museuolimpicbcn.cat\/wp-content\/uploads\/sites\/2\/2026\/03\/Maraton-energia_1-scaled.jpg","contentUrl":"https:\/\/www.museuolimpicbcn.cat\/wp-content\/uploads\/sites\/2\/2026\/03\/Maraton-energia_1-scaled.jpg","width":2560,"height":1508},{"@type":"BreadcrumbList","@id":"https:\/\/www.museuolimpicbcn.cat\/es\/el-museu-olimpic-reduce-el-consumo-de-energia-agua-y-emisiones-durante-la-xi-maraton-re-m\/#breadcrumb","itemListElement":[{"@type":"ListItem","position":1,"name":"Inici","item":"https:\/\/www.museuolimpicbcn.cat\/es\/"},{"@type":"ListItem","position":2,"name":"El Museu Ol\u00edmpic reduce el consumo de energ\u00eda, agua y emisiones durante la XI Marat\u00f3n RE-M"}]},{"@type":"WebSite","@id":"https:\/\/www.museuolimpicbcn.cat\/ca\/#website","url":"https:\/\/www.museuolimpicbcn.cat\/ca\/","name":"Museu Ol\u00edmpic i de l&#039;Esport Joan Antoni Samaranch. Barcelona","description":"Altre lloc Web del Museu Ol\u00edmpic i de l&#039;Esport llocs","publisher":{"@id":"https:\/\/www.museuolimpicbcn.cat\/ca\/#organization"},"potentialAction":[{"@type":"SearchAction","target":{"@type":"EntryPoint","urlTemplate":"https:\/\/www.museuolimpicbcn.cat\/ca\/?s={search_term_string}"},"query-input":{"@type":"PropertyValueSpecification","valueRequired":true,"valueName":"search_term_string"}}],"inLanguage":"es"},{"@type":"Organization","@id":"https:\/\/www.museuolimpicbcn.cat\/ca\/#organization","name":"Museu Ol\u00edmpic i de l&#039;Esport Joan Antoni Samaranch. Barcelona","url":"https:\/\/www.museuolimpicbcn.cat\/ca\/","logo":{"@type":"ImageObject","inLanguage":"es","@id":"https:\/\/www.museuolimpicbcn.cat\/ca\/#\/schema\/logo\/image\/","url":"https:\/\/www.museuolimpicbcn.cat\/wp-content\/uploads\/sites\/2\/2018\/12\/logo-moe-header.svg","contentUrl":"https:\/\/www.museuolimpicbcn.cat\/wp-content\/uploads\/sites\/2\/2018\/12\/logo-moe-header.svg","caption":"Museu Ol\u00edmpic i de l&#039;Esport Joan Antoni Samaranch. Barcelona"},"image":{"@id":"https:\/\/www.museuolimpicbcn.cat\/ca\/#\/schema\/logo\/image\/"}},{"@type":"Person","@id":"https:\/\/www.museuolimpicbcn.cat\/ca\/#\/schema\/person\/b792834a53f193977df425a499287aa9","name":"Ibone","url":"https:\/\/www.museuolimpicbcn.cat\/es\/author\/fbolimpica\/"}]}},"_links":{"self":[{"href":"https:\/\/www.museuolimpicbcn.cat\/es\/wp-json\/wp\/v2\/posts\/48742"}],"collection":[{"href":"https:\/\/www.museuolimpicbcn.cat\/es\/wp-json\/wp\/v2\/posts"}],"about":[{"href":"https:\/\/www.museuolimpicbcn.cat\/es\/wp-json\/wp\/v2\/types\/post"}],"author":[{"embeddable":true,"href":"https:\/\/www.museuolimpicbcn.cat\/es\/wp-json\/wp\/v2\/users\/11"}],"replies":[{"embeddable":true,"href":"https:\/\/www.museuolimpicbcn.cat\/es\/wp-json\/wp\/v2\/comments?post=48742"}],"version-history":[{"count":3,"href":"https:\/\/www.museuolimpicbcn.cat\/es\/wp-json\/wp\/v2\/posts\/48742\/revisions"}],"predecessor-version":[{"id":48748,"href":"https:\/\/www.museuolimpicbcn.cat\/es\/wp-json\/wp\/v2\/posts\/48742\/revisions\/48748"}],"wp:featuredmedia":[{"embeddable":true,"href":"https:\/\/www.museuolimpicbcn.cat\/es\/wp-json\/wp\/v2\/media\/48744"}],"wp:attachment":[{"href":"https:\/\/www.museuolimpicbcn.cat\/es\/wp-json\/wp\/v2\/media?parent=48742"}],"wp:term":[{"taxonomy":"category","embeddable":true,"href":"https:\/\/www.museuolimpicbcn.cat\/es\/wp-json\/wp\/v2\/categories?post=48742"},{"taxonomy":"post_tag","embeddable":true,"href":"https:\/\/www.museuolimpicbcn.cat\/es\/wp-json\/wp\/v2\/tags?post=48742"}],"curies":[{"name":"wp","href":"https:\/\/api.w.org\/{rel}","templated":true}]}}