{"id":5591,"date":"2010-07-01T00:00:00","date_gmt":"2010-06-30T22:00:00","guid":{"rendered":"http:\/\/dev.museuolimpicbcn.cat\/la-ciudad-del-deporte-barcelona-1979-2009\/"},"modified":"2010-07-01T00:00:00","modified_gmt":"2010-06-30T22:00:00","slug":"la-ciudad-del-deporte-barcelona-1979-2009","status":"publish","type":"post","link":"https:\/\/www.museuolimpicbcn.cat\/es\/la-ciudad-del-deporte-barcelona-1979-2009\/","title":{"rendered":"La ciudad del deporte: barcelona 1979-2009"},"content":{"rendered":"<p>Ciclo de conferencias<\/p>\n<p>Paralelamente a la exposici\u00f3n la Fundaci\u00f3n Barcelona Ol\u00edmpica ha desarrollado un ciclo compuesto de cuatro conferencias donde han participado ilustres personalidades cuyas aportaciones han sido esenciales al desarrollo de Barcelona como ciudad deportiva<\/p>\n<p>30 a\u00f1os de pol\u00edticas deportivas municipales<\/p>\n<p>El Sr. Pere Alcober, presidente de la Fundaci\u00f3n Barcelona Ol\u00edmpica y delegado de<br \/>\ndeportes del Ayuntamiento de Barcelona, confarti\u00f3 mesa con los exconcejales de<br \/>\ndeportes Albert Batlle y Enric Tru\u00f1\u00f3 en la conferencia &#8220;30 a\u00f1os de<br \/>\npol\u00edticas deportivas municipales&#8221;.<\/p>\n<p>La conferencia fue atentamente seguimiento por alumnos del INEFC, mayoritariamente de la rama de gesti\u00f3n deportiva, que aprovecharon la oportunidad que desde el Museo Ol\u00edmpico se les ha ofrecido. El periodista Sergi Valdivieso fue el encargado de dirigir la ponencia.<\/p>\n<p>Las Escuelas de Iniciaci\u00f3n Deportiva y el CEEB: pasado, presente y futuro<\/p>\n<p>&#8220;Les Escoles d&#8217;Iniciaci\u00f3 Esportiva y el CEEB:pasado, presente y futuro&#8221; con Dolors Torres, exdirectora de EIE IX Barrios, Montse Mas, directora de EIE Les Corts i Faust Rovira, director de EIE Sarri\u00e0.<\/p>\n<p>Los Gestores de instalaciones deportivas<\/p>\n<p>La conferencia &#8220;Los Gestores de instalaciones deportivas&#8221; &#8211; cont\u00f3 con la participaci\u00f3n de Ricard Llorens, vicepresidente de UBAE, Alfred Tabuenca, director de proyectes de IGE-BCN y Pere Andreu, director del Mar\u00edtimo Claridad &#8211; ha compartido el auditorio del Museo Ol\u00edmpico y del Deporte. La conferencia ha sido atentamente seguimiento por personalidades, mayoritariamente de la rama de gesti\u00f3n deportiva, que intercambiaron ideas y comentarios con los ponentes.<\/p>\n<p>La proyecci\u00f3n internacional a trav\u00e9s de los acontecimientos deportivos<\/p>\n<p>En la \u00faltima de las cuatro conferencias dedicadas a Barcelona como ciudad del deporte, se ha contado con la presencia excepcional de tres grandes gestores y encargados de los grandes acontecimientos deportivos que muestran Barcelona en el mundo. Joan Porcar, consejero delegado de RPM Racing; Albert Agust\u00ed, consejero delegado d&#8217;Havas Sport Entertainment i Andor Serra, director de Barcelona World Race han explicado la proyecci\u00f3n internacional a trav\u00e9s de los acontecimientos deportivos.<\/p>\n","protected":false},"excerpt":{"rendered":"<p>La exposici\u00f3n &#8220;La ciudad del deporte: Barcelona 1979-2009&#8221; recoge los procesos de desarrollo y cambio de los \u00faltimos 30 a\u00f1os, una transformaci\u00f3n que ha hecho de Barcelona una ciudad pionera en el sector deportivo. Instalaciones, empresas, actividades y m\u00faltiples acontecimientos deportivos de primer nivel, desde los Juegos Ol\u00edmpicos de 1992 a los mundiales de nataci\u00f3n de 2003, sin olvidar el paso del Tour de Francia este verano, son s\u00f3lo algunos ejemplos que colocan la ciudad en la vanguardia deportiva internacional.<\/p>\n","protected":false},"author":1,"featured_media":0,"comment_status":"open","ping_status":"open","sticky":false,"template":"","format":"standard","meta":{"_acf_changed":false,"_price":"","_stock":"","_tribe_ticket_header":"","_tribe_default_ticket_provider":"","_tribe_ticket_capacity":"0","_ticket_start_date":"","_ticket_end_date":"","_tribe_ticket_show_description":"","_tribe_ticket_show_not_going":false,"_tribe_ticket_use_global_stock":"","_tribe_ticket_global_stock_level":"","_global_stock_mode":"","_global_stock_cap":"","_tribe_rsvp_for_event":"","_tribe_ticket_going_count":"","_tribe_ticket_not_going_count":"","_tribe_tickets_list":"[]","_tribe_ticket_has_attendee_info_fields":false,"footnotes":""},"categories":[3],"tags":[],"class_list":["post-5591","post","type-post","status-publish","format-standard","hentry","category-sin-categorizar"],"acf":[],"yoast_head":"<!-- This site is optimized with the Yoast SEO plugin v23.7 - https:\/\/yoast.com\/wordpress\/plugins\/seo\/ -->\n<title>La ciudad del deporte: barcelona 1979-2009 - Museu Ol\u00edmpic i de l&#039;Esport Joan Antoni Samaranch. Barcelona<\/title>\n<meta name=\"robots\" content=\"index, follow, max-snippet:-1, max-image-preview:large, max-video-preview:-1\" \/>\n<link rel=\"canonical\" href=\"https:\/\/www.museuolimpicbcn.cat\/es\/la-ciudad-del-deporte-barcelona-1979-2009\/\" \/>\n<meta property=\"og:locale\" content=\"es_ES\" \/>\n<meta property=\"og:type\" content=\"article\" \/>\n<meta property=\"og:title\" content=\"La ciudad del deporte: barcelona 1979-2009 - Museu Ol\u00edmpic i de l&#039;Esport Joan Antoni Samaranch. Barcelona\" \/>\n<meta property=\"og:description\" content=\"La exposici\u00f3n &quot;La ciudad del deporte: Barcelona 1979-2009&quot; recoge los procesos de desarrollo y cambio de los \u00faltimos 30 a\u00f1os, una transformaci\u00f3n que ha hecho de Barcelona una ciudad pionera en el sector deportivo. Instalaciones, empresas, actividades y m\u00faltiples acontecimientos deportivos de primer nivel, desde los Juegos Ol\u00edmpicos de 1992 a los mundiales de nataci\u00f3n de 2003, sin olvidar el paso del Tour de Francia este verano, son s\u00f3lo algunos ejemplos que colocan la ciudad en la vanguardia deportiva internacional.\" \/>\n<meta property=\"og:url\" content=\"https:\/\/www.museuolimpicbcn.cat\/es\/la-ciudad-del-deporte-barcelona-1979-2009\/\" \/>\n<meta property=\"og:site_name\" content=\"Museu Ol\u00edmpic i de l&#039;Esport Joan Antoni Samaranch. Barcelona\" \/>\n<meta property=\"article:published_time\" content=\"2010-06-30T22:00:00+00:00\" \/>\n<meta name=\"author\" content=\"useradmin\" \/>\n<meta name=\"twitter:card\" content=\"summary_large_image\" \/>\n<meta name=\"twitter:label1\" content=\"Escrito por\" \/>\n\t<meta name=\"twitter:data1\" content=\"useradmin\" \/>\n\t<meta name=\"twitter:label2\" content=\"Tiempo de lectura\" \/>\n\t<meta name=\"twitter:data2\" content=\"2 minutos\" \/>\n<script type=\"application\/ld+json\" class=\"yoast-schema-graph\">{\"@context\":\"https:\/\/schema.org\",\"@graph\":[{\"@type\":\"Article\",\"@id\":\"https:\/\/www.museuolimpicbcn.cat\/es\/la-ciudad-del-deporte-barcelona-1979-2009\/#article\",\"isPartOf\":{\"@id\":\"https:\/\/www.museuolimpicbcn.cat\/es\/la-ciudad-del-deporte-barcelona-1979-2009\/\"},\"author\":{\"name\":\"useradmin\",\"@id\":\"https:\/\/www.museuolimpicbcn.cat\/ca\/#\/schema\/person\/d05705664e87aa04c6ce53d48133fb39\"},\"headline\":\"La ciudad del deporte: barcelona 1979-2009\",\"datePublished\":\"2010-06-30T22:00:00+00:00\",\"dateModified\":\"2010-06-30T22:00:00+00:00\",\"mainEntityOfPage\":{\"@id\":\"https:\/\/www.museuolimpicbcn.cat\/es\/la-ciudad-del-deporte-barcelona-1979-2009\/\"},\"wordCount\":341,\"commentCount\":0,\"publisher\":{\"@id\":\"https:\/\/www.museuolimpicbcn.cat\/ca\/#organization\"},\"articleSection\":[\"Sin categorizar\"],\"inLanguage\":\"es\",\"potentialAction\":[{\"@type\":\"CommentAction\",\"name\":\"Comment\",\"target\":[\"https:\/\/www.museuolimpicbcn.cat\/es\/la-ciudad-del-deporte-barcelona-1979-2009\/#respond\"]}]},{\"@type\":\"WebPage\",\"@id\":\"https:\/\/www.museuolimpicbcn.cat\/es\/la-ciudad-del-deporte-barcelona-1979-2009\/\",\"url\":\"https:\/\/www.museuolimpicbcn.cat\/es\/la-ciudad-del-deporte-barcelona-1979-2009\/\",\"name\":\"La ciudad del deporte: barcelona 1979-2009 - Museu Ol\u00edmpic i de l&#039;Esport Joan Antoni Samaranch. Barcelona\",\"isPartOf\":{\"@id\":\"https:\/\/www.museuolimpicbcn.cat\/ca\/#website\"},\"datePublished\":\"2010-06-30T22:00:00+00:00\",\"dateModified\":\"2010-06-30T22:00:00+00:00\",\"breadcrumb\":{\"@id\":\"https:\/\/www.museuolimpicbcn.cat\/es\/la-ciudad-del-deporte-barcelona-1979-2009\/#breadcrumb\"},\"inLanguage\":\"es\",\"potentialAction\":[{\"@type\":\"ReadAction\",\"target\":[\"https:\/\/www.museuolimpicbcn.cat\/es\/la-ciudad-del-deporte-barcelona-1979-2009\/\"]}]},{\"@type\":\"BreadcrumbList\",\"@id\":\"https:\/\/www.museuolimpicbcn.cat\/es\/la-ciudad-del-deporte-barcelona-1979-2009\/#breadcrumb\",\"itemListElement\":[{\"@type\":\"ListItem\",\"position\":1,\"name\":\"Inici\",\"item\":\"https:\/\/www.museuolimpicbcn.cat\/es\/\"},{\"@type\":\"ListItem\",\"position\":2,\"name\":\"La ciudad del deporte: barcelona 1979-2009\"}]},{\"@type\":\"WebSite\",\"@id\":\"https:\/\/www.museuolimpicbcn.cat\/ca\/#website\",\"url\":\"https:\/\/www.museuolimpicbcn.cat\/ca\/\",\"name\":\"Museu Ol\u00edmpic i de l&#039;Esport Joan Antoni Samaranch. Barcelona\",\"description\":\"Altre lloc Web del Museu Ol\u00edmpic i de l&#039;Esport llocs\",\"publisher\":{\"@id\":\"https:\/\/www.museuolimpicbcn.cat\/ca\/#organization\"},\"potentialAction\":[{\"@type\":\"SearchAction\",\"target\":{\"@type\":\"EntryPoint\",\"urlTemplate\":\"https:\/\/www.museuolimpicbcn.cat\/ca\/?s={search_term_string}\"},\"query-input\":{\"@type\":\"PropertyValueSpecification\",\"valueRequired\":true,\"valueName\":\"search_term_string\"}}],\"inLanguage\":\"es\"},{\"@type\":\"Organization\",\"@id\":\"https:\/\/www.museuolimpicbcn.cat\/ca\/#organization\",\"name\":\"Museu Ol\u00edmpic i de l&#039;Esport Joan Antoni Samaranch. Barcelona\",\"url\":\"https:\/\/www.museuolimpicbcn.cat\/ca\/\",\"logo\":{\"@type\":\"ImageObject\",\"inLanguage\":\"es\",\"@id\":\"https:\/\/www.museuolimpicbcn.cat\/ca\/#\/schema\/logo\/image\/\",\"url\":\"https:\/\/www.museuolimpicbcn.cat\/wp-content\/uploads\/sites\/2\/2018\/12\/logo-moe-header.svg\",\"contentUrl\":\"https:\/\/www.museuolimpicbcn.cat\/wp-content\/uploads\/sites\/2\/2018\/12\/logo-moe-header.svg\",\"caption\":\"Museu Ol\u00edmpic i de l&#039;Esport Joan Antoni Samaranch. Barcelona\"},\"image\":{\"@id\":\"https:\/\/www.museuolimpicbcn.cat\/ca\/#\/schema\/logo\/image\/\"}},{\"@type\":\"Person\",\"@id\":\"https:\/\/www.museuolimpicbcn.cat\/ca\/#\/schema\/person\/d05705664e87aa04c6ce53d48133fb39\",\"name\":\"useradmin\",\"url\":\"https:\/\/www.museuolimpicbcn.cat\/es\/author\/useradmin\/\"}]}<\/script>\n<!-- \/ Yoast SEO plugin. -->","yoast_head_json":{"title":"La ciudad del deporte: barcelona 1979-2009 - Museu Ol\u00edmpic i de l&#039;Esport Joan Antoni Samaranch. Barcelona","robots":{"index":"index","follow":"follow","max-snippet":"max-snippet:-1","max-image-preview":"max-image-preview:large","max-video-preview":"max-video-preview:-1"},"canonical":"https:\/\/www.museuolimpicbcn.cat\/es\/la-ciudad-del-deporte-barcelona-1979-2009\/","og_locale":"es_ES","og_type":"article","og_title":"La ciudad del deporte: barcelona 1979-2009 - Museu Ol\u00edmpic i de l&#039;Esport Joan Antoni Samaranch. Barcelona","og_description":"La exposici\u00f3n \"La ciudad del deporte: Barcelona 1979-2009\" recoge los procesos de desarrollo y cambio de los \u00faltimos 30 a\u00f1os, una transformaci\u00f3n que ha hecho de Barcelona una ciudad pionera en el sector deportivo. Instalaciones, empresas, actividades y m\u00faltiples acontecimientos deportivos de primer nivel, desde los Juegos Ol\u00edmpicos de 1992 a los mundiales de nataci\u00f3n de 2003, sin olvidar el paso del Tour de Francia este verano, son s\u00f3lo algunos ejemplos que colocan la ciudad en la vanguardia deportiva internacional.","og_url":"https:\/\/www.museuolimpicbcn.cat\/es\/la-ciudad-del-deporte-barcelona-1979-2009\/","og_site_name":"Museu Ol\u00edmpic i de l&#039;Esport Joan Antoni Samaranch. Barcelona","article_published_time":"2010-06-30T22:00:00+00:00","author":"useradmin","twitter_card":"summary_large_image","twitter_misc":{"Escrito por":"useradmin","Tiempo de lectura":"2 minutos"},"schema":{"@context":"https:\/\/schema.org","@graph":[{"@type":"Article","@id":"https:\/\/www.museuolimpicbcn.cat\/es\/la-ciudad-del-deporte-barcelona-1979-2009\/#article","isPartOf":{"@id":"https:\/\/www.museuolimpicbcn.cat\/es\/la-ciudad-del-deporte-barcelona-1979-2009\/"},"author":{"name":"useradmin","@id":"https:\/\/www.museuolimpicbcn.cat\/ca\/#\/schema\/person\/d05705664e87aa04c6ce53d48133fb39"},"headline":"La ciudad del deporte: barcelona 1979-2009","datePublished":"2010-06-30T22:00:00+00:00","dateModified":"2010-06-30T22:00:00+00:00","mainEntityOfPage":{"@id":"https:\/\/www.museuolimpicbcn.cat\/es\/la-ciudad-del-deporte-barcelona-1979-2009\/"},"wordCount":341,"commentCount":0,"publisher":{"@id":"https:\/\/www.museuolimpicbcn.cat\/ca\/#organization"},"articleSection":["Sin categorizar"],"inLanguage":"es","potentialAction":[{"@type":"CommentAction","name":"Comment","target":["https:\/\/www.museuolimpicbcn.cat\/es\/la-ciudad-del-deporte-barcelona-1979-2009\/#respond"]}]},{"@type":"WebPage","@id":"https:\/\/www.museuolimpicbcn.cat\/es\/la-ciudad-del-deporte-barcelona-1979-2009\/","url":"https:\/\/www.museuolimpicbcn.cat\/es\/la-ciudad-del-deporte-barcelona-1979-2009\/","name":"La ciudad del deporte: barcelona 1979-2009 - Museu Ol\u00edmpic i de l&#039;Esport Joan Antoni Samaranch. Barcelona","isPartOf":{"@id":"https:\/\/www.museuolimpicbcn.cat\/ca\/#website"},"datePublished":"2010-06-30T22:00:00+00:00","dateModified":"2010-06-30T22:00:00+00:00","breadcrumb":{"@id":"https:\/\/www.museuolimpicbcn.cat\/es\/la-ciudad-del-deporte-barcelona-1979-2009\/#breadcrumb"},"inLanguage":"es","potentialAction":[{"@type":"ReadAction","target":["https:\/\/www.museuolimpicbcn.cat\/es\/la-ciudad-del-deporte-barcelona-1979-2009\/"]}]},{"@type":"BreadcrumbList","@id":"https:\/\/www.museuolimpicbcn.cat\/es\/la-ciudad-del-deporte-barcelona-1979-2009\/#breadcrumb","itemListElement":[{"@type":"ListItem","position":1,"name":"Inici","item":"https:\/\/www.museuolimpicbcn.cat\/es\/"},{"@type":"ListItem","position":2,"name":"La ciudad del deporte: barcelona 1979-2009"}]},{"@type":"WebSite","@id":"https:\/\/www.museuolimpicbcn.cat\/ca\/#website","url":"https:\/\/www.museuolimpicbcn.cat\/ca\/","name":"Museu Ol\u00edmpic i de l&#039;Esport Joan Antoni Samaranch. Barcelona","description":"Altre lloc Web del Museu Ol\u00edmpic i de l&#039;Esport llocs","publisher":{"@id":"https:\/\/www.museuolimpicbcn.cat\/ca\/#organization"},"potentialAction":[{"@type":"SearchAction","target":{"@type":"EntryPoint","urlTemplate":"https:\/\/www.museuolimpicbcn.cat\/ca\/?s={search_term_string}"},"query-input":{"@type":"PropertyValueSpecification","valueRequired":true,"valueName":"search_term_string"}}],"inLanguage":"es"},{"@type":"Organization","@id":"https:\/\/www.museuolimpicbcn.cat\/ca\/#organization","name":"Museu Ol\u00edmpic i de l&#039;Esport Joan Antoni Samaranch. Barcelona","url":"https:\/\/www.museuolimpicbcn.cat\/ca\/","logo":{"@type":"ImageObject","inLanguage":"es","@id":"https:\/\/www.museuolimpicbcn.cat\/ca\/#\/schema\/logo\/image\/","url":"https:\/\/www.museuolimpicbcn.cat\/wp-content\/uploads\/sites\/2\/2018\/12\/logo-moe-header.svg","contentUrl":"https:\/\/www.museuolimpicbcn.cat\/wp-content\/uploads\/sites\/2\/2018\/12\/logo-moe-header.svg","caption":"Museu Ol\u00edmpic i de l&#039;Esport Joan Antoni Samaranch. Barcelona"},"image":{"@id":"https:\/\/www.museuolimpicbcn.cat\/ca\/#\/schema\/logo\/image\/"}},{"@type":"Person","@id":"https:\/\/www.museuolimpicbcn.cat\/ca\/#\/schema\/person\/d05705664e87aa04c6ce53d48133fb39","name":"useradmin","url":"https:\/\/www.museuolimpicbcn.cat\/es\/author\/useradmin\/"}]}},"_links":{"self":[{"href":"https:\/\/www.museuolimpicbcn.cat\/es\/wp-json\/wp\/v2\/posts\/5591"}],"collection":[{"href":"https:\/\/www.museuolimpicbcn.cat\/es\/wp-json\/wp\/v2\/posts"}],"about":[{"href":"https:\/\/www.museuolimpicbcn.cat\/es\/wp-json\/wp\/v2\/types\/post"}],"author":[{"embeddable":true,"href":"https:\/\/www.museuolimpicbcn.cat\/es\/wp-json\/wp\/v2\/users\/1"}],"replies":[{"embeddable":true,"href":"https:\/\/www.museuolimpicbcn.cat\/es\/wp-json\/wp\/v2\/comments?post=5591"}],"version-history":[{"count":0,"href":"https:\/\/www.museuolimpicbcn.cat\/es\/wp-json\/wp\/v2\/posts\/5591\/revisions"}],"wp:attachment":[{"href":"https:\/\/www.museuolimpicbcn.cat\/es\/wp-json\/wp\/v2\/media?parent=5591"}],"wp:term":[{"taxonomy":"category","embeddable":true,"href":"https:\/\/www.museuolimpicbcn.cat\/es\/wp-json\/wp\/v2\/categories?post=5591"},{"taxonomy":"post_tag","embeddable":true,"href":"https:\/\/www.museuolimpicbcn.cat\/es\/wp-json\/wp\/v2\/tags?post=5591"}],"curies":[{"name":"wp","href":"https:\/\/api.w.org\/{rel}","templated":true}]}}