{"id":5594,"date":"2009-10-17T00:00:00","date_gmt":"2009-10-16T22:00:00","guid":{"rendered":"http:\/\/dev.museuolimpicbcn.cat\/los-olimpicos-catalanes-rinden-tributo-al-aniversario-de-la-eleccion-de-la-ciudad-de-barcelona-como-sede-para-acoger-unos-juegos-olimpicos-17-de-octubre-de-1986\/"},"modified":"2009-10-17T00:00:00","modified_gmt":"2009-10-16T22:00:00","slug":"los-olimpicos-catalanes-rinden-tributo-al-aniversario-de-la-eleccion-de-la-ciudad-de-barcelona-como-sede-para-acoger-unos-juegos-olimpicos-17-de-octubre-de-1986","status":"publish","type":"post","link":"https:\/\/www.museuolimpicbcn.cat\/es\/los-olimpicos-catalanes-rinden-tributo-al-aniversario-de-la-eleccion-de-la-ciudad-de-barcelona-como-sede-para-acoger-unos-juegos-olimpicos-17-de-octubre-de-1986\/","title":{"rendered":"Los Ol\u00edmpicos catalanes rinden tributo al aniversario de la elecci\u00f3n de la ciudad de Barcelona como sede para acoger unos Juegos Ol\u00edmpicos, 17 de octubre de 1986."},"content":{"rendered":"<p>Pere Alcober, presidente de la Fundaci\u00f3n Barcelona Ol\u00edmpica, inaugur\u00f3 el acto del Encuentro de Ol\u00edmpicos Catalanes, en su lado se encuentran los medallistas ol\u00edmpicos.<\/p>\n<p>Mar\u00eda Vasco &#8211; medalla de bronce en 20km se marcha en los Juegos Ol\u00edmpicos de Sydney 2000.<br \/>\nAndrea Fuentes &#8211; medalla de plata en las modalidades de d\u00fao y equipo de nataci\u00f3n sincronizada en los Juegos Ol\u00edmpicos de Beijing 2008.<br \/>\nDavid Barrufet &#8211; medalla de bronce de balonmano en los Juegos Ol\u00edmpicos de Sydney 2000 y Beijing 2008.<\/p>\n<p>&#8220;El Balc\u00f3n de los medallistas ol\u00edmpicos catalanes&#8221;<\/p>\n<p>El Sr. Alcober mostr\u00f3 a los deportistas los \u00faltimos cambios efectuados en el Museo Ol\u00edmpico entre los cuales se encuentra el &#8220;Balc\u00f3n de los medallistas ol\u00edmpicos catalanes&#8221;, donde se recogen todas las medallas ol\u00edmpicas de deportistas catalanes; desde la primera en los Juegos Ol\u00edmpicos de Amberes 1920, d\u00f3nde los catalanes Ricardo Zamora, Agust\u00ed Sancho y Josep Samitier formaron parte del combinado de f\u00fatbol que obtuvo la medalla de plata, hasta las \u00faltimas conseguidas en Beijing 2008.<\/p>\n","protected":false},"excerpt":{"rendered":"<p>Los Ol\u00edmpicos catalanes se re\u00fanen en el Museo Ol\u00edmpico y del Deporte con motivo del aniversario, 17 de octubre de 1986, de la elecci\u00f3n de la ciudad de Barcelona como sede para acoger unos Juegos Ol\u00edmpicos.<\/p>\n","protected":false},"author":1,"featured_media":0,"comment_status":"open","ping_status":"open","sticky":false,"template":"","format":"standard","meta":{"_acf_changed":false,"_price":"","_stock":"","_tribe_ticket_header":"","_tribe_default_ticket_provider":"","_tribe_ticket_capacity":"0","_ticket_start_date":"","_ticket_end_date":"","_tribe_ticket_show_description":"","_tribe_ticket_show_not_going":false,"_tribe_ticket_use_global_stock":"","_tribe_ticket_global_stock_level":"","_global_stock_mode":"","_global_stock_cap":"","_tribe_rsvp_for_event":"","_tribe_ticket_going_count":"","_tribe_ticket_not_going_count":"","_tribe_tickets_list":"[]","_tribe_ticket_has_attendee_info_fields":false,"footnotes":""},"categories":[3],"tags":[],"class_list":["post-5594","post","type-post","status-publish","format-standard","hentry","category-sin-categorizar"],"acf":[],"yoast_head":"<!-- This site is optimized with the Yoast SEO plugin v23.7 - https:\/\/yoast.com\/wordpress\/plugins\/seo\/ -->\n<title>Los Ol\u00edmpicos catalanes rinden tributo al aniversario de la elecci\u00f3n de la ciudad de Barcelona como sede para acoger unos Juegos Ol\u00edmpicos, 17 de octubre de 1986. - Museu Ol\u00edmpic i de l&#039;Esport Joan Antoni Samaranch. Barcelona<\/title>\n<meta name=\"robots\" content=\"index, follow, max-snippet:-1, max-image-preview:large, max-video-preview:-1\" \/>\n<link rel=\"canonical\" href=\"https:\/\/www.museuolimpicbcn.cat\/es\/los-olimpicos-catalanes-rinden-tributo-al-aniversario-de-la-eleccion-de-la-ciudad-de-barcelona-como-sede-para-acoger-unos-juegos-olimpicos-17-de-octubre-de-1986\/\" \/>\n<meta property=\"og:locale\" content=\"es_ES\" \/>\n<meta property=\"og:type\" content=\"article\" \/>\n<meta property=\"og:title\" content=\"Los Ol\u00edmpicos catalanes rinden tributo al aniversario de la elecci\u00f3n de la ciudad de Barcelona como sede para acoger unos Juegos Ol\u00edmpicos, 17 de octubre de 1986. - Museu Ol\u00edmpic i de l&#039;Esport Joan Antoni Samaranch. Barcelona\" \/>\n<meta property=\"og:description\" content=\"Los Ol\u00edmpicos catalanes se re\u00fanen en el Museo Ol\u00edmpico y del Deporte con motivo del aniversario, 17 de octubre de 1986, de la elecci\u00f3n de la ciudad de Barcelona como sede para acoger unos Juegos Ol\u00edmpicos.\" \/>\n<meta property=\"og:url\" content=\"https:\/\/www.museuolimpicbcn.cat\/es\/los-olimpicos-catalanes-rinden-tributo-al-aniversario-de-la-eleccion-de-la-ciudad-de-barcelona-como-sede-para-acoger-unos-juegos-olimpicos-17-de-octubre-de-1986\/\" \/>\n<meta property=\"og:site_name\" content=\"Museu Ol\u00edmpic i de l&#039;Esport Joan Antoni Samaranch. Barcelona\" \/>\n<meta property=\"article:published_time\" content=\"2009-10-16T22:00:00+00:00\" \/>\n<meta name=\"author\" content=\"useradmin\" \/>\n<meta name=\"twitter:card\" content=\"summary_large_image\" \/>\n<meta name=\"twitter:label1\" content=\"Escrito por\" \/>\n\t<meta name=\"twitter:data1\" content=\"useradmin\" \/>\n\t<meta name=\"twitter:label2\" content=\"Tiempo de lectura\" \/>\n\t<meta name=\"twitter:data2\" content=\"1 minuto\" \/>\n<script type=\"application\/ld+json\" class=\"yoast-schema-graph\">{\"@context\":\"https:\/\/schema.org\",\"@graph\":[{\"@type\":\"Article\",\"@id\":\"https:\/\/www.museuolimpicbcn.cat\/es\/los-olimpicos-catalanes-rinden-tributo-al-aniversario-de-la-eleccion-de-la-ciudad-de-barcelona-como-sede-para-acoger-unos-juegos-olimpicos-17-de-octubre-de-1986\/#article\",\"isPartOf\":{\"@id\":\"https:\/\/www.museuolimpicbcn.cat\/es\/los-olimpicos-catalanes-rinden-tributo-al-aniversario-de-la-eleccion-de-la-ciudad-de-barcelona-como-sede-para-acoger-unos-juegos-olimpicos-17-de-octubre-de-1986\/\"},\"author\":{\"name\":\"useradmin\",\"@id\":\"https:\/\/www.museuolimpicbcn.cat\/ca\/#\/schema\/person\/d05705664e87aa04c6ce53d48133fb39\"},\"headline\":\"Los Ol\u00edmpicos catalanes rinden tributo al aniversario de la elecci\u00f3n de la ciudad de Barcelona como sede para acoger unos Juegos Ol\u00edmpicos, 17 de octubre de 1986.\",\"datePublished\":\"2009-10-16T22:00:00+00:00\",\"dateModified\":\"2009-10-16T22:00:00+00:00\",\"mainEntityOfPage\":{\"@id\":\"https:\/\/www.museuolimpicbcn.cat\/es\/los-olimpicos-catalanes-rinden-tributo-al-aniversario-de-la-eleccion-de-la-ciudad-de-barcelona-como-sede-para-acoger-unos-juegos-olimpicos-17-de-octubre-de-1986\/\"},\"wordCount\":206,\"commentCount\":0,\"publisher\":{\"@id\":\"https:\/\/www.museuolimpicbcn.cat\/ca\/#organization\"},\"articleSection\":[\"Sin categorizar\"],\"inLanguage\":\"es\",\"potentialAction\":[{\"@type\":\"CommentAction\",\"name\":\"Comment\",\"target\":[\"https:\/\/www.museuolimpicbcn.cat\/es\/los-olimpicos-catalanes-rinden-tributo-al-aniversario-de-la-eleccion-de-la-ciudad-de-barcelona-como-sede-para-acoger-unos-juegos-olimpicos-17-de-octubre-de-1986\/#respond\"]}]},{\"@type\":\"WebPage\",\"@id\":\"https:\/\/www.museuolimpicbcn.cat\/es\/los-olimpicos-catalanes-rinden-tributo-al-aniversario-de-la-eleccion-de-la-ciudad-de-barcelona-como-sede-para-acoger-unos-juegos-olimpicos-17-de-octubre-de-1986\/\",\"url\":\"https:\/\/www.museuolimpicbcn.cat\/es\/los-olimpicos-catalanes-rinden-tributo-al-aniversario-de-la-eleccion-de-la-ciudad-de-barcelona-como-sede-para-acoger-unos-juegos-olimpicos-17-de-octubre-de-1986\/\",\"name\":\"Los Ol\u00edmpicos catalanes rinden tributo al aniversario de la elecci\u00f3n de la ciudad de Barcelona como sede para acoger unos Juegos Ol\u00edmpicos, 17 de octubre de 1986. - Museu Ol\u00edmpic i de l&#039;Esport Joan Antoni Samaranch. Barcelona\",\"isPartOf\":{\"@id\":\"https:\/\/www.museuolimpicbcn.cat\/ca\/#website\"},\"datePublished\":\"2009-10-16T22:00:00+00:00\",\"dateModified\":\"2009-10-16T22:00:00+00:00\",\"breadcrumb\":{\"@id\":\"https:\/\/www.museuolimpicbcn.cat\/es\/los-olimpicos-catalanes-rinden-tributo-al-aniversario-de-la-eleccion-de-la-ciudad-de-barcelona-como-sede-para-acoger-unos-juegos-olimpicos-17-de-octubre-de-1986\/#breadcrumb\"},\"inLanguage\":\"es\",\"potentialAction\":[{\"@type\":\"ReadAction\",\"target\":[\"https:\/\/www.museuolimpicbcn.cat\/es\/los-olimpicos-catalanes-rinden-tributo-al-aniversario-de-la-eleccion-de-la-ciudad-de-barcelona-como-sede-para-acoger-unos-juegos-olimpicos-17-de-octubre-de-1986\/\"]}]},{\"@type\":\"BreadcrumbList\",\"@id\":\"https:\/\/www.museuolimpicbcn.cat\/es\/los-olimpicos-catalanes-rinden-tributo-al-aniversario-de-la-eleccion-de-la-ciudad-de-barcelona-como-sede-para-acoger-unos-juegos-olimpicos-17-de-octubre-de-1986\/#breadcrumb\",\"itemListElement\":[{\"@type\":\"ListItem\",\"position\":1,\"name\":\"Inici\",\"item\":\"https:\/\/www.museuolimpicbcn.cat\/es\/\"},{\"@type\":\"ListItem\",\"position\":2,\"name\":\"Los Ol\u00edmpicos catalanes rinden tributo al aniversario de la elecci\u00f3n de la ciudad de Barcelona como sede para acoger unos Juegos Ol\u00edmpicos, 17 de octubre de 1986.\"}]},{\"@type\":\"WebSite\",\"@id\":\"https:\/\/www.museuolimpicbcn.cat\/ca\/#website\",\"url\":\"https:\/\/www.museuolimpicbcn.cat\/ca\/\",\"name\":\"Museu Ol\u00edmpic i de l&#039;Esport Joan Antoni Samaranch. Barcelona\",\"description\":\"Altre lloc Web del Museu Ol\u00edmpic i de l&#039;Esport llocs\",\"publisher\":{\"@id\":\"https:\/\/www.museuolimpicbcn.cat\/ca\/#organization\"},\"potentialAction\":[{\"@type\":\"SearchAction\",\"target\":{\"@type\":\"EntryPoint\",\"urlTemplate\":\"https:\/\/www.museuolimpicbcn.cat\/ca\/?s={search_term_string}\"},\"query-input\":{\"@type\":\"PropertyValueSpecification\",\"valueRequired\":true,\"valueName\":\"search_term_string\"}}],\"inLanguage\":\"es\"},{\"@type\":\"Organization\",\"@id\":\"https:\/\/www.museuolimpicbcn.cat\/ca\/#organization\",\"name\":\"Museu Ol\u00edmpic i de l&#039;Esport Joan Antoni Samaranch. Barcelona\",\"url\":\"https:\/\/www.museuolimpicbcn.cat\/ca\/\",\"logo\":{\"@type\":\"ImageObject\",\"inLanguage\":\"es\",\"@id\":\"https:\/\/www.museuolimpicbcn.cat\/ca\/#\/schema\/logo\/image\/\",\"url\":\"https:\/\/www.museuolimpicbcn.cat\/wp-content\/uploads\/sites\/2\/2018\/12\/logo-moe-header.svg\",\"contentUrl\":\"https:\/\/www.museuolimpicbcn.cat\/wp-content\/uploads\/sites\/2\/2018\/12\/logo-moe-header.svg\",\"caption\":\"Museu Ol\u00edmpic i de l&#039;Esport Joan Antoni Samaranch. Barcelona\"},\"image\":{\"@id\":\"https:\/\/www.museuolimpicbcn.cat\/ca\/#\/schema\/logo\/image\/\"}},{\"@type\":\"Person\",\"@id\":\"https:\/\/www.museuolimpicbcn.cat\/ca\/#\/schema\/person\/d05705664e87aa04c6ce53d48133fb39\",\"name\":\"useradmin\",\"url\":\"https:\/\/www.museuolimpicbcn.cat\/es\/author\/useradmin\/\"}]}<\/script>\n<!-- \/ Yoast SEO plugin. -->","yoast_head_json":{"title":"Los Ol\u00edmpicos catalanes rinden tributo al aniversario de la elecci\u00f3n de la ciudad de Barcelona como sede para acoger unos Juegos Ol\u00edmpicos, 17 de octubre de 1986. - Museu Ol\u00edmpic i de l&#039;Esport Joan Antoni Samaranch. Barcelona","robots":{"index":"index","follow":"follow","max-snippet":"max-snippet:-1","max-image-preview":"max-image-preview:large","max-video-preview":"max-video-preview:-1"},"canonical":"https:\/\/www.museuolimpicbcn.cat\/es\/los-olimpicos-catalanes-rinden-tributo-al-aniversario-de-la-eleccion-de-la-ciudad-de-barcelona-como-sede-para-acoger-unos-juegos-olimpicos-17-de-octubre-de-1986\/","og_locale":"es_ES","og_type":"article","og_title":"Los Ol\u00edmpicos catalanes rinden tributo al aniversario de la elecci\u00f3n de la ciudad de Barcelona como sede para acoger unos Juegos Ol\u00edmpicos, 17 de octubre de 1986. - Museu Ol\u00edmpic i de l&#039;Esport Joan Antoni Samaranch. Barcelona","og_description":"Los Ol\u00edmpicos catalanes se re\u00fanen en el Museo Ol\u00edmpico y del Deporte con motivo del aniversario, 17 de octubre de 1986, de la elecci\u00f3n de la ciudad de Barcelona como sede para acoger unos Juegos Ol\u00edmpicos.","og_url":"https:\/\/www.museuolimpicbcn.cat\/es\/los-olimpicos-catalanes-rinden-tributo-al-aniversario-de-la-eleccion-de-la-ciudad-de-barcelona-como-sede-para-acoger-unos-juegos-olimpicos-17-de-octubre-de-1986\/","og_site_name":"Museu Ol\u00edmpic i de l&#039;Esport Joan Antoni Samaranch. Barcelona","article_published_time":"2009-10-16T22:00:00+00:00","author":"useradmin","twitter_card":"summary_large_image","twitter_misc":{"Escrito por":"useradmin","Tiempo de lectura":"1 minuto"},"schema":{"@context":"https:\/\/schema.org","@graph":[{"@type":"Article","@id":"https:\/\/www.museuolimpicbcn.cat\/es\/los-olimpicos-catalanes-rinden-tributo-al-aniversario-de-la-eleccion-de-la-ciudad-de-barcelona-como-sede-para-acoger-unos-juegos-olimpicos-17-de-octubre-de-1986\/#article","isPartOf":{"@id":"https:\/\/www.museuolimpicbcn.cat\/es\/los-olimpicos-catalanes-rinden-tributo-al-aniversario-de-la-eleccion-de-la-ciudad-de-barcelona-como-sede-para-acoger-unos-juegos-olimpicos-17-de-octubre-de-1986\/"},"author":{"name":"useradmin","@id":"https:\/\/www.museuolimpicbcn.cat\/ca\/#\/schema\/person\/d05705664e87aa04c6ce53d48133fb39"},"headline":"Los Ol\u00edmpicos catalanes rinden tributo al aniversario de la elecci\u00f3n de la ciudad de Barcelona como sede para acoger unos Juegos Ol\u00edmpicos, 17 de octubre de 1986.","datePublished":"2009-10-16T22:00:00+00:00","dateModified":"2009-10-16T22:00:00+00:00","mainEntityOfPage":{"@id":"https:\/\/www.museuolimpicbcn.cat\/es\/los-olimpicos-catalanes-rinden-tributo-al-aniversario-de-la-eleccion-de-la-ciudad-de-barcelona-como-sede-para-acoger-unos-juegos-olimpicos-17-de-octubre-de-1986\/"},"wordCount":206,"commentCount":0,"publisher":{"@id":"https:\/\/www.museuolimpicbcn.cat\/ca\/#organization"},"articleSection":["Sin categorizar"],"inLanguage":"es","potentialAction":[{"@type":"CommentAction","name":"Comment","target":["https:\/\/www.museuolimpicbcn.cat\/es\/los-olimpicos-catalanes-rinden-tributo-al-aniversario-de-la-eleccion-de-la-ciudad-de-barcelona-como-sede-para-acoger-unos-juegos-olimpicos-17-de-octubre-de-1986\/#respond"]}]},{"@type":"WebPage","@id":"https:\/\/www.museuolimpicbcn.cat\/es\/los-olimpicos-catalanes-rinden-tributo-al-aniversario-de-la-eleccion-de-la-ciudad-de-barcelona-como-sede-para-acoger-unos-juegos-olimpicos-17-de-octubre-de-1986\/","url":"https:\/\/www.museuolimpicbcn.cat\/es\/los-olimpicos-catalanes-rinden-tributo-al-aniversario-de-la-eleccion-de-la-ciudad-de-barcelona-como-sede-para-acoger-unos-juegos-olimpicos-17-de-octubre-de-1986\/","name":"Los Ol\u00edmpicos catalanes rinden tributo al aniversario de la elecci\u00f3n de la ciudad de Barcelona como sede para acoger unos Juegos Ol\u00edmpicos, 17 de octubre de 1986. - Museu Ol\u00edmpic i de l&#039;Esport Joan Antoni Samaranch. Barcelona","isPartOf":{"@id":"https:\/\/www.museuolimpicbcn.cat\/ca\/#website"},"datePublished":"2009-10-16T22:00:00+00:00","dateModified":"2009-10-16T22:00:00+00:00","breadcrumb":{"@id":"https:\/\/www.museuolimpicbcn.cat\/es\/los-olimpicos-catalanes-rinden-tributo-al-aniversario-de-la-eleccion-de-la-ciudad-de-barcelona-como-sede-para-acoger-unos-juegos-olimpicos-17-de-octubre-de-1986\/#breadcrumb"},"inLanguage":"es","potentialAction":[{"@type":"ReadAction","target":["https:\/\/www.museuolimpicbcn.cat\/es\/los-olimpicos-catalanes-rinden-tributo-al-aniversario-de-la-eleccion-de-la-ciudad-de-barcelona-como-sede-para-acoger-unos-juegos-olimpicos-17-de-octubre-de-1986\/"]}]},{"@type":"BreadcrumbList","@id":"https:\/\/www.museuolimpicbcn.cat\/es\/los-olimpicos-catalanes-rinden-tributo-al-aniversario-de-la-eleccion-de-la-ciudad-de-barcelona-como-sede-para-acoger-unos-juegos-olimpicos-17-de-octubre-de-1986\/#breadcrumb","itemListElement":[{"@type":"ListItem","position":1,"name":"Inici","item":"https:\/\/www.museuolimpicbcn.cat\/es\/"},{"@type":"ListItem","position":2,"name":"Los Ol\u00edmpicos catalanes rinden tributo al aniversario de la elecci\u00f3n de la ciudad de Barcelona como sede para acoger unos Juegos Ol\u00edmpicos, 17 de octubre de 1986."}]},{"@type":"WebSite","@id":"https:\/\/www.museuolimpicbcn.cat\/ca\/#website","url":"https:\/\/www.museuolimpicbcn.cat\/ca\/","name":"Museu Ol\u00edmpic i de l&#039;Esport Joan Antoni Samaranch. Barcelona","description":"Altre lloc Web del Museu Ol\u00edmpic i de l&#039;Esport llocs","publisher":{"@id":"https:\/\/www.museuolimpicbcn.cat\/ca\/#organization"},"potentialAction":[{"@type":"SearchAction","target":{"@type":"EntryPoint","urlTemplate":"https:\/\/www.museuolimpicbcn.cat\/ca\/?s={search_term_string}"},"query-input":{"@type":"PropertyValueSpecification","valueRequired":true,"valueName":"search_term_string"}}],"inLanguage":"es"},{"@type":"Organization","@id":"https:\/\/www.museuolimpicbcn.cat\/ca\/#organization","name":"Museu Ol\u00edmpic i de l&#039;Esport Joan Antoni Samaranch. Barcelona","url":"https:\/\/www.museuolimpicbcn.cat\/ca\/","logo":{"@type":"ImageObject","inLanguage":"es","@id":"https:\/\/www.museuolimpicbcn.cat\/ca\/#\/schema\/logo\/image\/","url":"https:\/\/www.museuolimpicbcn.cat\/wp-content\/uploads\/sites\/2\/2018\/12\/logo-moe-header.svg","contentUrl":"https:\/\/www.museuolimpicbcn.cat\/wp-content\/uploads\/sites\/2\/2018\/12\/logo-moe-header.svg","caption":"Museu Ol\u00edmpic i de l&#039;Esport Joan Antoni Samaranch. Barcelona"},"image":{"@id":"https:\/\/www.museuolimpicbcn.cat\/ca\/#\/schema\/logo\/image\/"}},{"@type":"Person","@id":"https:\/\/www.museuolimpicbcn.cat\/ca\/#\/schema\/person\/d05705664e87aa04c6ce53d48133fb39","name":"useradmin","url":"https:\/\/www.museuolimpicbcn.cat\/es\/author\/useradmin\/"}]}},"_links":{"self":[{"href":"https:\/\/www.museuolimpicbcn.cat\/es\/wp-json\/wp\/v2\/posts\/5594"}],"collection":[{"href":"https:\/\/www.museuolimpicbcn.cat\/es\/wp-json\/wp\/v2\/posts"}],"about":[{"href":"https:\/\/www.museuolimpicbcn.cat\/es\/wp-json\/wp\/v2\/types\/post"}],"author":[{"embeddable":true,"href":"https:\/\/www.museuolimpicbcn.cat\/es\/wp-json\/wp\/v2\/users\/1"}],"replies":[{"embeddable":true,"href":"https:\/\/www.museuolimpicbcn.cat\/es\/wp-json\/wp\/v2\/comments?post=5594"}],"version-history":[{"count":0,"href":"https:\/\/www.museuolimpicbcn.cat\/es\/wp-json\/wp\/v2\/posts\/5594\/revisions"}],"wp:attachment":[{"href":"https:\/\/www.museuolimpicbcn.cat\/es\/wp-json\/wp\/v2\/media?parent=5594"}],"wp:term":[{"taxonomy":"category","embeddable":true,"href":"https:\/\/www.museuolimpicbcn.cat\/es\/wp-json\/wp\/v2\/categories?post=5594"},{"taxonomy":"post_tag","embeddable":true,"href":"https:\/\/www.museuolimpicbcn.cat\/es\/wp-json\/wp\/v2\/tags?post=5594"}],"curies":[{"name":"wp","href":"https:\/\/api.w.org\/{rel}","templated":true}]}}