{"id":5747,"date":"2010-03-26T00:00:00","date_gmt":"2010-03-25T23:00:00","guid":{"rendered":"http:\/\/dev.museuolimpicbcn.cat\/pere-alcober-presidente-de-la-fundacio-barcelona-olimpica-ha-sido-el-encargado-de-rendir-honores-a-agusti-brugues-por-sus-25-anos-al-frente-de-la-federacion-catalana-de-pelota\/"},"modified":"2010-03-26T00:00:00","modified_gmt":"2010-03-25T23:00:00","slug":"pere-alcober-presidente-de-la-fundacio-barcelona-olimpica-ha-sido-el-encargado-de-rendir-honores-a-agusti-brugues-por-sus-25-anos-al-frente-de-la-federacion-catalana-de-pelota","status":"publish","type":"post","link":"https:\/\/www.museuolimpicbcn.cat\/es\/pere-alcober-presidente-de-la-fundacio-barcelona-olimpica-ha-sido-el-encargado-de-rendir-honores-a-agusti-brugues-por-sus-25-anos-al-frente-de-la-federacion-catalana-de-pelota\/","title":{"rendered":"Pere Alcober presidente de la Fundaci\u00f3 Barcelona Ol\u00edmpica ha sido el encargado de rendir honores a Agust\u00ed Brugu\u00e9s por sus 25 a\u00f1os al frente de la Federaci\u00f3n Catalana de Pelota."},"content":{"rendered":"<p>Agust&iacute; Brugu&eacute;s fue jugador de pala corta. Cuenta con 10 campeonatos de catalunya y lleg&oacute; a estar seleccionado para los Juegos Ol&iacute;mpicos de M&eacute;xico 68. Pero sin duda su mayor &eacute;xito ha sido la buena gesti&oacute;n y la gran estima que le rinde su equipo federativo.<\/p>\n<p>Ha sido un camino que en el que poco a poco se han ido cumpliendo objetivos, se han fomentado las escuelas de pelota en las cuatro modalidades m&aacute;s importantes, actualmente se gestionan los frontones municipales de Bac de Roda, y hoy en d&iacute;a la gesti&oacute;n de la Federaci&oacute;n Catalana es envidiada por la mayor&iacute;a de federaciones de pelota del estado espa&ntilde;ol.<\/p>\n","protected":false},"excerpt":{"rendered":"<p>Brugu\u00e9s presidente de la federaci\u00f3n catalana de pelota desde el 25 de marzo de 1975 fue homenajeado en el Museu Ol\u00edmpic i de l\u2019Esport.<\/p>\n","protected":false},"author":1,"featured_media":0,"comment_status":"open","ping_status":"open","sticky":false,"template":"","format":"standard","meta":{"_acf_changed":false,"_price":"","_stock":"","_tribe_ticket_header":"","_tribe_default_ticket_provider":"","_tribe_ticket_capacity":"0","_ticket_start_date":"","_ticket_end_date":"","_tribe_ticket_show_description":"","_tribe_ticket_show_not_going":false,"_tribe_ticket_use_global_stock":"","_tribe_ticket_global_stock_level":"","_global_stock_mode":"","_global_stock_cap":"","_tribe_rsvp_for_event":"","_tribe_ticket_going_count":"","_tribe_ticket_not_going_count":"","_tribe_tickets_list":"[]","_tribe_ticket_has_attendee_info_fields":false,"footnotes":""},"categories":[3],"tags":[],"class_list":["post-5747","post","type-post","status-publish","format-standard","hentry","category-sin-categorizar"],"acf":[],"yoast_head":"<!-- This site is optimized with the Yoast SEO plugin v23.7 - https:\/\/yoast.com\/wordpress\/plugins\/seo\/ -->\n<title>Pere Alcober presidente de la Fundaci\u00f3 Barcelona Ol\u00edmpica ha sido el encargado de rendir honores a Agust\u00ed Brugu\u00e9s por sus 25 a\u00f1os al frente de la Federaci\u00f3n Catalana de Pelota. - Museu Ol\u00edmpic i de l&#039;Esport Joan Antoni Samaranch. Barcelona<\/title>\n<meta name=\"robots\" content=\"index, follow, max-snippet:-1, max-image-preview:large, max-video-preview:-1\" \/>\n<link rel=\"canonical\" href=\"https:\/\/www.museuolimpicbcn.cat\/es\/pere-alcober-presidente-de-la-fundacio-barcelona-olimpica-ha-sido-el-encargado-de-rendir-honores-a-agusti-brugues-por-sus-25-anos-al-frente-de-la-federacion-catalana-de-pelota\/\" \/>\n<meta property=\"og:locale\" content=\"es_ES\" \/>\n<meta property=\"og:type\" content=\"article\" \/>\n<meta property=\"og:title\" content=\"Pere Alcober presidente de la Fundaci\u00f3 Barcelona Ol\u00edmpica ha sido el encargado de rendir honores a Agust\u00ed Brugu\u00e9s por sus 25 a\u00f1os al frente de la Federaci\u00f3n Catalana de Pelota. - Museu Ol\u00edmpic i de l&#039;Esport Joan Antoni Samaranch. Barcelona\" \/>\n<meta property=\"og:description\" content=\"Brugu\u00e9s presidente de la federaci\u00f3n catalana de pelota desde el 25 de marzo de 1975 fue homenajeado en el Museu Ol\u00edmpic i de l\u2019Esport.\" \/>\n<meta property=\"og:url\" content=\"https:\/\/www.museuolimpicbcn.cat\/es\/pere-alcober-presidente-de-la-fundacio-barcelona-olimpica-ha-sido-el-encargado-de-rendir-honores-a-agusti-brugues-por-sus-25-anos-al-frente-de-la-federacion-catalana-de-pelota\/\" \/>\n<meta property=\"og:site_name\" content=\"Museu Ol\u00edmpic i de l&#039;Esport Joan Antoni Samaranch. Barcelona\" \/>\n<meta property=\"article:published_time\" content=\"2010-03-25T23:00:00+00:00\" \/>\n<meta name=\"author\" content=\"useradmin\" \/>\n<meta name=\"twitter:card\" content=\"summary_large_image\" \/>\n<meta name=\"twitter:label1\" content=\"Escrito por\" \/>\n\t<meta name=\"twitter:data1\" content=\"useradmin\" \/>\n\t<meta name=\"twitter:label2\" content=\"Tiempo de lectura\" \/>\n\t<meta name=\"twitter:data2\" content=\"1 minuto\" \/>\n<script type=\"application\/ld+json\" class=\"yoast-schema-graph\">{\"@context\":\"https:\/\/schema.org\",\"@graph\":[{\"@type\":\"Article\",\"@id\":\"https:\/\/www.museuolimpicbcn.cat\/es\/pere-alcober-presidente-de-la-fundacio-barcelona-olimpica-ha-sido-el-encargado-de-rendir-honores-a-agusti-brugues-por-sus-25-anos-al-frente-de-la-federacion-catalana-de-pelota\/#article\",\"isPartOf\":{\"@id\":\"https:\/\/www.museuolimpicbcn.cat\/es\/pere-alcober-presidente-de-la-fundacio-barcelona-olimpica-ha-sido-el-encargado-de-rendir-honores-a-agusti-brugues-por-sus-25-anos-al-frente-de-la-federacion-catalana-de-pelota\/\"},\"author\":{\"name\":\"useradmin\",\"@id\":\"https:\/\/www.museuolimpicbcn.cat\/ca\/#\/schema\/person\/d05705664e87aa04c6ce53d48133fb39\"},\"headline\":\"Pere Alcober presidente de la Fundaci\u00f3 Barcelona Ol\u00edmpica ha sido el encargado de rendir honores a Agust\u00ed Brugu\u00e9s por sus 25 a\u00f1os al frente de la Federaci\u00f3n Catalana de Pelota.\",\"datePublished\":\"2010-03-25T23:00:00+00:00\",\"dateModified\":\"2010-03-25T23:00:00+00:00\",\"mainEntityOfPage\":{\"@id\":\"https:\/\/www.museuolimpicbcn.cat\/es\/pere-alcober-presidente-de-la-fundacio-barcelona-olimpica-ha-sido-el-encargado-de-rendir-honores-a-agusti-brugues-por-sus-25-anos-al-frente-de-la-federacion-catalana-de-pelota\/\"},\"wordCount\":161,\"commentCount\":0,\"publisher\":{\"@id\":\"https:\/\/www.museuolimpicbcn.cat\/ca\/#organization\"},\"articleSection\":[\"Sin categorizar\"],\"inLanguage\":\"es\",\"potentialAction\":[{\"@type\":\"CommentAction\",\"name\":\"Comment\",\"target\":[\"https:\/\/www.museuolimpicbcn.cat\/es\/pere-alcober-presidente-de-la-fundacio-barcelona-olimpica-ha-sido-el-encargado-de-rendir-honores-a-agusti-brugues-por-sus-25-anos-al-frente-de-la-federacion-catalana-de-pelota\/#respond\"]}]},{\"@type\":\"WebPage\",\"@id\":\"https:\/\/www.museuolimpicbcn.cat\/es\/pere-alcober-presidente-de-la-fundacio-barcelona-olimpica-ha-sido-el-encargado-de-rendir-honores-a-agusti-brugues-por-sus-25-anos-al-frente-de-la-federacion-catalana-de-pelota\/\",\"url\":\"https:\/\/www.museuolimpicbcn.cat\/es\/pere-alcober-presidente-de-la-fundacio-barcelona-olimpica-ha-sido-el-encargado-de-rendir-honores-a-agusti-brugues-por-sus-25-anos-al-frente-de-la-federacion-catalana-de-pelota\/\",\"name\":\"Pere Alcober presidente de la Fundaci\u00f3 Barcelona Ol\u00edmpica ha sido el encargado de rendir honores a Agust\u00ed Brugu\u00e9s por sus 25 a\u00f1os al frente de la Federaci\u00f3n Catalana de Pelota. - Museu Ol\u00edmpic i de l&#039;Esport Joan Antoni Samaranch. Barcelona\",\"isPartOf\":{\"@id\":\"https:\/\/www.museuolimpicbcn.cat\/ca\/#website\"},\"datePublished\":\"2010-03-25T23:00:00+00:00\",\"dateModified\":\"2010-03-25T23:00:00+00:00\",\"breadcrumb\":{\"@id\":\"https:\/\/www.museuolimpicbcn.cat\/es\/pere-alcober-presidente-de-la-fundacio-barcelona-olimpica-ha-sido-el-encargado-de-rendir-honores-a-agusti-brugues-por-sus-25-anos-al-frente-de-la-federacion-catalana-de-pelota\/#breadcrumb\"},\"inLanguage\":\"es\",\"potentialAction\":[{\"@type\":\"ReadAction\",\"target\":[\"https:\/\/www.museuolimpicbcn.cat\/es\/pere-alcober-presidente-de-la-fundacio-barcelona-olimpica-ha-sido-el-encargado-de-rendir-honores-a-agusti-brugues-por-sus-25-anos-al-frente-de-la-federacion-catalana-de-pelota\/\"]}]},{\"@type\":\"BreadcrumbList\",\"@id\":\"https:\/\/www.museuolimpicbcn.cat\/es\/pere-alcober-presidente-de-la-fundacio-barcelona-olimpica-ha-sido-el-encargado-de-rendir-honores-a-agusti-brugues-por-sus-25-anos-al-frente-de-la-federacion-catalana-de-pelota\/#breadcrumb\",\"itemListElement\":[{\"@type\":\"ListItem\",\"position\":1,\"name\":\"Inici\",\"item\":\"https:\/\/www.museuolimpicbcn.cat\/es\/\"},{\"@type\":\"ListItem\",\"position\":2,\"name\":\"Pere Alcober presidente de la Fundaci\u00f3 Barcelona Ol\u00edmpica ha sido el encargado de rendir honores a Agust\u00ed Brugu\u00e9s por sus 25 a\u00f1os al frente de la Federaci\u00f3n Catalana de Pelota.\"}]},{\"@type\":\"WebSite\",\"@id\":\"https:\/\/www.museuolimpicbcn.cat\/ca\/#website\",\"url\":\"https:\/\/www.museuolimpicbcn.cat\/ca\/\",\"name\":\"Museu Ol\u00edmpic i de l&#039;Esport Joan Antoni Samaranch. Barcelona\",\"description\":\"Altre lloc Web del Museu Ol\u00edmpic i de l&#039;Esport llocs\",\"publisher\":{\"@id\":\"https:\/\/www.museuolimpicbcn.cat\/ca\/#organization\"},\"potentialAction\":[{\"@type\":\"SearchAction\",\"target\":{\"@type\":\"EntryPoint\",\"urlTemplate\":\"https:\/\/www.museuolimpicbcn.cat\/ca\/?s={search_term_string}\"},\"query-input\":{\"@type\":\"PropertyValueSpecification\",\"valueRequired\":true,\"valueName\":\"search_term_string\"}}],\"inLanguage\":\"es\"},{\"@type\":\"Organization\",\"@id\":\"https:\/\/www.museuolimpicbcn.cat\/ca\/#organization\",\"name\":\"Museu Ol\u00edmpic i de l&#039;Esport Joan Antoni Samaranch. Barcelona\",\"url\":\"https:\/\/www.museuolimpicbcn.cat\/ca\/\",\"logo\":{\"@type\":\"ImageObject\",\"inLanguage\":\"es\",\"@id\":\"https:\/\/www.museuolimpicbcn.cat\/ca\/#\/schema\/logo\/image\/\",\"url\":\"https:\/\/www.museuolimpicbcn.cat\/wp-content\/uploads\/sites\/2\/2018\/12\/logo-moe-header.svg\",\"contentUrl\":\"https:\/\/www.museuolimpicbcn.cat\/wp-content\/uploads\/sites\/2\/2018\/12\/logo-moe-header.svg\",\"caption\":\"Museu Ol\u00edmpic i de l&#039;Esport Joan Antoni Samaranch. Barcelona\"},\"image\":{\"@id\":\"https:\/\/www.museuolimpicbcn.cat\/ca\/#\/schema\/logo\/image\/\"}},{\"@type\":\"Person\",\"@id\":\"https:\/\/www.museuolimpicbcn.cat\/ca\/#\/schema\/person\/d05705664e87aa04c6ce53d48133fb39\",\"name\":\"useradmin\",\"url\":\"https:\/\/www.museuolimpicbcn.cat\/es\/author\/useradmin\/\"}]}<\/script>\n<!-- \/ Yoast SEO plugin. -->","yoast_head_json":{"title":"Pere Alcober presidente de la Fundaci\u00f3 Barcelona Ol\u00edmpica ha sido el encargado de rendir honores a Agust\u00ed Brugu\u00e9s por sus 25 a\u00f1os al frente de la Federaci\u00f3n Catalana de Pelota. - Museu Ol\u00edmpic i de l&#039;Esport Joan Antoni Samaranch. Barcelona","robots":{"index":"index","follow":"follow","max-snippet":"max-snippet:-1","max-image-preview":"max-image-preview:large","max-video-preview":"max-video-preview:-1"},"canonical":"https:\/\/www.museuolimpicbcn.cat\/es\/pere-alcober-presidente-de-la-fundacio-barcelona-olimpica-ha-sido-el-encargado-de-rendir-honores-a-agusti-brugues-por-sus-25-anos-al-frente-de-la-federacion-catalana-de-pelota\/","og_locale":"es_ES","og_type":"article","og_title":"Pere Alcober presidente de la Fundaci\u00f3 Barcelona Ol\u00edmpica ha sido el encargado de rendir honores a Agust\u00ed Brugu\u00e9s por sus 25 a\u00f1os al frente de la Federaci\u00f3n Catalana de Pelota. - Museu Ol\u00edmpic i de l&#039;Esport Joan Antoni Samaranch. Barcelona","og_description":"Brugu\u00e9s presidente de la federaci\u00f3n catalana de pelota desde el 25 de marzo de 1975 fue homenajeado en el Museu Ol\u00edmpic i de l\u2019Esport.","og_url":"https:\/\/www.museuolimpicbcn.cat\/es\/pere-alcober-presidente-de-la-fundacio-barcelona-olimpica-ha-sido-el-encargado-de-rendir-honores-a-agusti-brugues-por-sus-25-anos-al-frente-de-la-federacion-catalana-de-pelota\/","og_site_name":"Museu Ol\u00edmpic i de l&#039;Esport Joan Antoni Samaranch. Barcelona","article_published_time":"2010-03-25T23:00:00+00:00","author":"useradmin","twitter_card":"summary_large_image","twitter_misc":{"Escrito por":"useradmin","Tiempo de lectura":"1 minuto"},"schema":{"@context":"https:\/\/schema.org","@graph":[{"@type":"Article","@id":"https:\/\/www.museuolimpicbcn.cat\/es\/pere-alcober-presidente-de-la-fundacio-barcelona-olimpica-ha-sido-el-encargado-de-rendir-honores-a-agusti-brugues-por-sus-25-anos-al-frente-de-la-federacion-catalana-de-pelota\/#article","isPartOf":{"@id":"https:\/\/www.museuolimpicbcn.cat\/es\/pere-alcober-presidente-de-la-fundacio-barcelona-olimpica-ha-sido-el-encargado-de-rendir-honores-a-agusti-brugues-por-sus-25-anos-al-frente-de-la-federacion-catalana-de-pelota\/"},"author":{"name":"useradmin","@id":"https:\/\/www.museuolimpicbcn.cat\/ca\/#\/schema\/person\/d05705664e87aa04c6ce53d48133fb39"},"headline":"Pere Alcober presidente de la Fundaci\u00f3 Barcelona Ol\u00edmpica ha sido el encargado de rendir honores a Agust\u00ed Brugu\u00e9s por sus 25 a\u00f1os al frente de la Federaci\u00f3n Catalana de Pelota.","datePublished":"2010-03-25T23:00:00+00:00","dateModified":"2010-03-25T23:00:00+00:00","mainEntityOfPage":{"@id":"https:\/\/www.museuolimpicbcn.cat\/es\/pere-alcober-presidente-de-la-fundacio-barcelona-olimpica-ha-sido-el-encargado-de-rendir-honores-a-agusti-brugues-por-sus-25-anos-al-frente-de-la-federacion-catalana-de-pelota\/"},"wordCount":161,"commentCount":0,"publisher":{"@id":"https:\/\/www.museuolimpicbcn.cat\/ca\/#organization"},"articleSection":["Sin categorizar"],"inLanguage":"es","potentialAction":[{"@type":"CommentAction","name":"Comment","target":["https:\/\/www.museuolimpicbcn.cat\/es\/pere-alcober-presidente-de-la-fundacio-barcelona-olimpica-ha-sido-el-encargado-de-rendir-honores-a-agusti-brugues-por-sus-25-anos-al-frente-de-la-federacion-catalana-de-pelota\/#respond"]}]},{"@type":"WebPage","@id":"https:\/\/www.museuolimpicbcn.cat\/es\/pere-alcober-presidente-de-la-fundacio-barcelona-olimpica-ha-sido-el-encargado-de-rendir-honores-a-agusti-brugues-por-sus-25-anos-al-frente-de-la-federacion-catalana-de-pelota\/","url":"https:\/\/www.museuolimpicbcn.cat\/es\/pere-alcober-presidente-de-la-fundacio-barcelona-olimpica-ha-sido-el-encargado-de-rendir-honores-a-agusti-brugues-por-sus-25-anos-al-frente-de-la-federacion-catalana-de-pelota\/","name":"Pere Alcober presidente de la Fundaci\u00f3 Barcelona Ol\u00edmpica ha sido el encargado de rendir honores a Agust\u00ed Brugu\u00e9s por sus 25 a\u00f1os al frente de la Federaci\u00f3n Catalana de Pelota. - Museu Ol\u00edmpic i de l&#039;Esport Joan Antoni Samaranch. Barcelona","isPartOf":{"@id":"https:\/\/www.museuolimpicbcn.cat\/ca\/#website"},"datePublished":"2010-03-25T23:00:00+00:00","dateModified":"2010-03-25T23:00:00+00:00","breadcrumb":{"@id":"https:\/\/www.museuolimpicbcn.cat\/es\/pere-alcober-presidente-de-la-fundacio-barcelona-olimpica-ha-sido-el-encargado-de-rendir-honores-a-agusti-brugues-por-sus-25-anos-al-frente-de-la-federacion-catalana-de-pelota\/#breadcrumb"},"inLanguage":"es","potentialAction":[{"@type":"ReadAction","target":["https:\/\/www.museuolimpicbcn.cat\/es\/pere-alcober-presidente-de-la-fundacio-barcelona-olimpica-ha-sido-el-encargado-de-rendir-honores-a-agusti-brugues-por-sus-25-anos-al-frente-de-la-federacion-catalana-de-pelota\/"]}]},{"@type":"BreadcrumbList","@id":"https:\/\/www.museuolimpicbcn.cat\/es\/pere-alcober-presidente-de-la-fundacio-barcelona-olimpica-ha-sido-el-encargado-de-rendir-honores-a-agusti-brugues-por-sus-25-anos-al-frente-de-la-federacion-catalana-de-pelota\/#breadcrumb","itemListElement":[{"@type":"ListItem","position":1,"name":"Inici","item":"https:\/\/www.museuolimpicbcn.cat\/es\/"},{"@type":"ListItem","position":2,"name":"Pere Alcober presidente de la Fundaci\u00f3 Barcelona Ol\u00edmpica ha sido el encargado de rendir honores a Agust\u00ed Brugu\u00e9s por sus 25 a\u00f1os al frente de la Federaci\u00f3n Catalana de Pelota."}]},{"@type":"WebSite","@id":"https:\/\/www.museuolimpicbcn.cat\/ca\/#website","url":"https:\/\/www.museuolimpicbcn.cat\/ca\/","name":"Museu Ol\u00edmpic i de l&#039;Esport Joan Antoni Samaranch. Barcelona","description":"Altre lloc Web del Museu Ol\u00edmpic i de l&#039;Esport llocs","publisher":{"@id":"https:\/\/www.museuolimpicbcn.cat\/ca\/#organization"},"potentialAction":[{"@type":"SearchAction","target":{"@type":"EntryPoint","urlTemplate":"https:\/\/www.museuolimpicbcn.cat\/ca\/?s={search_term_string}"},"query-input":{"@type":"PropertyValueSpecification","valueRequired":true,"valueName":"search_term_string"}}],"inLanguage":"es"},{"@type":"Organization","@id":"https:\/\/www.museuolimpicbcn.cat\/ca\/#organization","name":"Museu Ol\u00edmpic i de l&#039;Esport Joan Antoni Samaranch. Barcelona","url":"https:\/\/www.museuolimpicbcn.cat\/ca\/","logo":{"@type":"ImageObject","inLanguage":"es","@id":"https:\/\/www.museuolimpicbcn.cat\/ca\/#\/schema\/logo\/image\/","url":"https:\/\/www.museuolimpicbcn.cat\/wp-content\/uploads\/sites\/2\/2018\/12\/logo-moe-header.svg","contentUrl":"https:\/\/www.museuolimpicbcn.cat\/wp-content\/uploads\/sites\/2\/2018\/12\/logo-moe-header.svg","caption":"Museu Ol\u00edmpic i de l&#039;Esport Joan Antoni Samaranch. Barcelona"},"image":{"@id":"https:\/\/www.museuolimpicbcn.cat\/ca\/#\/schema\/logo\/image\/"}},{"@type":"Person","@id":"https:\/\/www.museuolimpicbcn.cat\/ca\/#\/schema\/person\/d05705664e87aa04c6ce53d48133fb39","name":"useradmin","url":"https:\/\/www.museuolimpicbcn.cat\/es\/author\/useradmin\/"}]}},"_links":{"self":[{"href":"https:\/\/www.museuolimpicbcn.cat\/es\/wp-json\/wp\/v2\/posts\/5747"}],"collection":[{"href":"https:\/\/www.museuolimpicbcn.cat\/es\/wp-json\/wp\/v2\/posts"}],"about":[{"href":"https:\/\/www.museuolimpicbcn.cat\/es\/wp-json\/wp\/v2\/types\/post"}],"author":[{"embeddable":true,"href":"https:\/\/www.museuolimpicbcn.cat\/es\/wp-json\/wp\/v2\/users\/1"}],"replies":[{"embeddable":true,"href":"https:\/\/www.museuolimpicbcn.cat\/es\/wp-json\/wp\/v2\/comments?post=5747"}],"version-history":[{"count":0,"href":"https:\/\/www.museuolimpicbcn.cat\/es\/wp-json\/wp\/v2\/posts\/5747\/revisions"}],"wp:attachment":[{"href":"https:\/\/www.museuolimpicbcn.cat\/es\/wp-json\/wp\/v2\/media?parent=5747"}],"wp:term":[{"taxonomy":"category","embeddable":true,"href":"https:\/\/www.museuolimpicbcn.cat\/es\/wp-json\/wp\/v2\/categories?post=5747"},{"taxonomy":"post_tag","embeddable":true,"href":"https:\/\/www.museuolimpicbcn.cat\/es\/wp-json\/wp\/v2\/tags?post=5747"}],"curies":[{"name":"wp","href":"https:\/\/api.w.org\/{rel}","templated":true}]}}