{"id":5940,"date":"2010-09-02T00:00:00","date_gmt":"2010-09-01T22:00:00","guid":{"rendered":"http:\/\/dev.museuolimpicbcn.cat\/el-deporte-es-ilusion\/"},"modified":"2010-09-02T00:00:00","modified_gmt":"2010-09-01T22:00:00","slug":"el-deporte-es-ilusion","status":"publish","type":"post","link":"https:\/\/www.museuolimpicbcn.cat\/es\/el-deporte-es-ilusion\/","title":{"rendered":"El Deporte es Ilusi\u00f3n"},"content":{"rendered":"<p><strong>Gabriela Mihailescu<\/strong><\/p>\n<p><em>Desde peque&ntilde;a me ilusionaba ver a las j&oacute;venes gimnastas que entrenaban en la ciudad que me vio nacer. Mis recuerdos de algunas de ellas, como Nadia Comaneci, me llevaron a amar el deporte. Aunque no lo practiqu&eacute; en serio, el tenis era mi motivaci&oacute;n. Los valores que proporcionan el deporte y su pr&aacute;ctica habitual &ndash; actitudes de superaci&oacute;n y de sacrificio, el reconocimiento de la victoria y de la derrota como una oportunidad de aprendizaje, as&iacute; como la ilusi&oacute;n por el triunfo, forman parte de las sensaciones m&aacute;s enriquecedoras que he experimentado. Intentar plasmar esas interioridades con una c&aacute;mara es dif&iacute;cil, pero es posible hacerlo si se logra captar el esfuerzo, la alegr&iacute;a, las emociones, la belleza y plasticidad de los movimientos e incluso las an&eacute;cdotas del entorno. Comparto mi trabajo profesional con esta afici&oacute;n a la fotograf&iacute;a deportiva desde hace unos a&ntilde;os. Mi formaci&oacute;n, como la de algunos maestros de este arte a los que admiro y de los que aprendo continuamente, es autodidacta.<\/em><\/p>\n<p><strong>Maribel Mart&iacute;nez de Murgu&iacute;a<\/strong><\/p>\n<p>Como jugadora de Hockey fue 119 veces internacional, consigui&oacute; 3 Medallas de Plata y 3 de Bronce en Copas de Europa, fue <strong>Campeona Ol&iacute;mpica<\/strong> logrando la medalla de Oro en los JJ. OO. de Barcelona (1992), le otorgaron la Orden Ol&iacute;mpica por el C.O.E. Como entrenadora, particip&oacute; con el Equipo Nacional Femenino de Hockey Hierba en los JJ.OO. de Sidney 2000 que consigui&oacute; un meritorio 4&ordm; puesto. Actualmente es socia, deportista, gerente y coach de <strong>makeateam<\/strong>. Dirige el departamento de I+D+i, es conferenciante habitual y formadora, y participa tambi&eacute;n activamente en la gesti&oacute;n de clientes. Tambi&eacute;n ejerce como coach organizacional, personal y deportivo.<\/p>\n<p>&nbsp;<\/p>\n","protected":false},"excerpt":{"rendered":"<p>La sala de exposiciones del Museu Ol\u00edmpic i de l\u2019Esport Joan Antoni Samaranch acoger\u00e1, del 2 de septiembre al 31 de octubre, la exposici\u00f3n fotogr\u00e1fica, de Gabriela Mihailescu, &#8216;L&#8217;Esport \u00e9s Il\u00b7lusi\u00f3&#8217;. El acto de inauguraci\u00f3n contar\u00e1 con la presencia de Maribel Mart\u00ednez de Murgu\u00eda, campeona ol\u00edmpica en Barcelona&#8217;92 con la selecci\u00f3n de hoquei hierba, ofrecer\u00e1 una conferencia af\u00edn a la exposici\u00f3n.<\/p>\n","protected":false},"author":1,"featured_media":0,"comment_status":"open","ping_status":"open","sticky":false,"template":"","format":"standard","meta":{"_acf_changed":false,"_price":"","_stock":"","_tribe_ticket_header":"","_tribe_default_ticket_provider":"","_tribe_ticket_capacity":"0","_ticket_start_date":"","_ticket_end_date":"","_tribe_ticket_show_description":"","_tribe_ticket_show_not_going":false,"_tribe_ticket_use_global_stock":"","_tribe_ticket_global_stock_level":"","_global_stock_mode":"","_global_stock_cap":"","_tribe_rsvp_for_event":"","_tribe_ticket_going_count":"","_tribe_ticket_not_going_count":"","_tribe_tickets_list":"[]","_tribe_ticket_has_attendee_info_fields":false,"footnotes":""},"categories":[3],"tags":[],"class_list":["post-5940","post","type-post","status-publish","format-standard","hentry","category-sin-categorizar"],"acf":[],"yoast_head":"<!-- This site is optimized with the Yoast SEO plugin v23.7 - https:\/\/yoast.com\/wordpress\/plugins\/seo\/ -->\n<title>El Deporte es Ilusi\u00f3n - Museu Ol\u00edmpic i de l&#039;Esport Joan Antoni Samaranch. Barcelona<\/title>\n<meta name=\"robots\" content=\"index, follow, max-snippet:-1, max-image-preview:large, max-video-preview:-1\" \/>\n<link rel=\"canonical\" href=\"https:\/\/www.museuolimpicbcn.cat\/es\/el-deporte-es-ilusion\/\" \/>\n<meta property=\"og:locale\" content=\"es_ES\" \/>\n<meta property=\"og:type\" content=\"article\" \/>\n<meta property=\"og:title\" content=\"El Deporte es Ilusi\u00f3n - Museu Ol\u00edmpic i de l&#039;Esport Joan Antoni Samaranch. Barcelona\" \/>\n<meta property=\"og:description\" content=\"La sala de exposiciones del Museu Ol\u00edmpic i de l\u2019Esport Joan Antoni Samaranch acoger\u00e1, del 2 de septiembre al 31 de octubre, la exposici\u00f3n fotogr\u00e1fica, de Gabriela Mihailescu, &#039;L&#039;Esport \u00e9s Il\u00b7lusi\u00f3&#039;. El acto de inauguraci\u00f3n contar\u00e1 con la presencia de Maribel Mart\u00ednez de Murgu\u00eda, campeona ol\u00edmpica en Barcelona&#039;92 con la selecci\u00f3n de hoquei hierba, ofrecer\u00e1 una conferencia af\u00edn a la exposici\u00f3n.\" \/>\n<meta property=\"og:url\" content=\"https:\/\/www.museuolimpicbcn.cat\/es\/el-deporte-es-ilusion\/\" \/>\n<meta property=\"og:site_name\" content=\"Museu Ol\u00edmpic i de l&#039;Esport Joan Antoni Samaranch. Barcelona\" \/>\n<meta property=\"article:published_time\" content=\"2010-09-01T22:00:00+00:00\" \/>\n<meta name=\"author\" content=\"useradmin\" \/>\n<meta name=\"twitter:card\" content=\"summary_large_image\" \/>\n<meta name=\"twitter:label1\" content=\"Escrito por\" \/>\n\t<meta name=\"twitter:data1\" content=\"useradmin\" \/>\n\t<meta name=\"twitter:label2\" content=\"Tiempo de lectura\" \/>\n\t<meta name=\"twitter:data2\" content=\"2 minutos\" \/>\n<script type=\"application\/ld+json\" class=\"yoast-schema-graph\">{\"@context\":\"https:\/\/schema.org\",\"@graph\":[{\"@type\":\"Article\",\"@id\":\"https:\/\/www.museuolimpicbcn.cat\/es\/el-deporte-es-ilusion\/#article\",\"isPartOf\":{\"@id\":\"https:\/\/www.museuolimpicbcn.cat\/es\/el-deporte-es-ilusion\/\"},\"author\":{\"name\":\"useradmin\",\"@id\":\"https:\/\/www.museuolimpicbcn.cat\/ca\/#\/schema\/person\/d05705664e87aa04c6ce53d48133fb39\"},\"headline\":\"El Deporte es Ilusi\u00f3n\",\"datePublished\":\"2010-09-01T22:00:00+00:00\",\"dateModified\":\"2010-09-01T22:00:00+00:00\",\"mainEntityOfPage\":{\"@id\":\"https:\/\/www.museuolimpicbcn.cat\/es\/el-deporte-es-ilusion\/\"},\"wordCount\":329,\"commentCount\":0,\"publisher\":{\"@id\":\"https:\/\/www.museuolimpicbcn.cat\/ca\/#organization\"},\"articleSection\":[\"Sin categorizar\"],\"inLanguage\":\"es\",\"potentialAction\":[{\"@type\":\"CommentAction\",\"name\":\"Comment\",\"target\":[\"https:\/\/www.museuolimpicbcn.cat\/es\/el-deporte-es-ilusion\/#respond\"]}]},{\"@type\":\"WebPage\",\"@id\":\"https:\/\/www.museuolimpicbcn.cat\/es\/el-deporte-es-ilusion\/\",\"url\":\"https:\/\/www.museuolimpicbcn.cat\/es\/el-deporte-es-ilusion\/\",\"name\":\"El Deporte es Ilusi\u00f3n - Museu Ol\u00edmpic i de l&#039;Esport Joan Antoni Samaranch. Barcelona\",\"isPartOf\":{\"@id\":\"https:\/\/www.museuolimpicbcn.cat\/ca\/#website\"},\"datePublished\":\"2010-09-01T22:00:00+00:00\",\"dateModified\":\"2010-09-01T22:00:00+00:00\",\"breadcrumb\":{\"@id\":\"https:\/\/www.museuolimpicbcn.cat\/es\/el-deporte-es-ilusion\/#breadcrumb\"},\"inLanguage\":\"es\",\"potentialAction\":[{\"@type\":\"ReadAction\",\"target\":[\"https:\/\/www.museuolimpicbcn.cat\/es\/el-deporte-es-ilusion\/\"]}]},{\"@type\":\"BreadcrumbList\",\"@id\":\"https:\/\/www.museuolimpicbcn.cat\/es\/el-deporte-es-ilusion\/#breadcrumb\",\"itemListElement\":[{\"@type\":\"ListItem\",\"position\":1,\"name\":\"Inici\",\"item\":\"https:\/\/www.museuolimpicbcn.cat\/es\/\"},{\"@type\":\"ListItem\",\"position\":2,\"name\":\"El Deporte es Ilusi\u00f3n\"}]},{\"@type\":\"WebSite\",\"@id\":\"https:\/\/www.museuolimpicbcn.cat\/ca\/#website\",\"url\":\"https:\/\/www.museuolimpicbcn.cat\/ca\/\",\"name\":\"Museu Ol\u00edmpic i de l&#039;Esport Joan Antoni Samaranch. Barcelona\",\"description\":\"Altre lloc Web del Museu Ol\u00edmpic i de l&#039;Esport llocs\",\"publisher\":{\"@id\":\"https:\/\/www.museuolimpicbcn.cat\/ca\/#organization\"},\"potentialAction\":[{\"@type\":\"SearchAction\",\"target\":{\"@type\":\"EntryPoint\",\"urlTemplate\":\"https:\/\/www.museuolimpicbcn.cat\/ca\/?s={search_term_string}\"},\"query-input\":{\"@type\":\"PropertyValueSpecification\",\"valueRequired\":true,\"valueName\":\"search_term_string\"}}],\"inLanguage\":\"es\"},{\"@type\":\"Organization\",\"@id\":\"https:\/\/www.museuolimpicbcn.cat\/ca\/#organization\",\"name\":\"Museu Ol\u00edmpic i de l&#039;Esport Joan Antoni Samaranch. Barcelona\",\"url\":\"https:\/\/www.museuolimpicbcn.cat\/ca\/\",\"logo\":{\"@type\":\"ImageObject\",\"inLanguage\":\"es\",\"@id\":\"https:\/\/www.museuolimpicbcn.cat\/ca\/#\/schema\/logo\/image\/\",\"url\":\"https:\/\/www.museuolimpicbcn.cat\/wp-content\/uploads\/sites\/2\/2018\/12\/logo-moe-header.svg\",\"contentUrl\":\"https:\/\/www.museuolimpicbcn.cat\/wp-content\/uploads\/sites\/2\/2018\/12\/logo-moe-header.svg\",\"caption\":\"Museu Ol\u00edmpic i de l&#039;Esport Joan Antoni Samaranch. Barcelona\"},\"image\":{\"@id\":\"https:\/\/www.museuolimpicbcn.cat\/ca\/#\/schema\/logo\/image\/\"}},{\"@type\":\"Person\",\"@id\":\"https:\/\/www.museuolimpicbcn.cat\/ca\/#\/schema\/person\/d05705664e87aa04c6ce53d48133fb39\",\"name\":\"useradmin\",\"url\":\"https:\/\/www.museuolimpicbcn.cat\/es\/author\/useradmin\/\"}]}<\/script>\n<!-- \/ Yoast SEO plugin. -->","yoast_head_json":{"title":"El Deporte es Ilusi\u00f3n - Museu Ol\u00edmpic i de l&#039;Esport Joan Antoni Samaranch. Barcelona","robots":{"index":"index","follow":"follow","max-snippet":"max-snippet:-1","max-image-preview":"max-image-preview:large","max-video-preview":"max-video-preview:-1"},"canonical":"https:\/\/www.museuolimpicbcn.cat\/es\/el-deporte-es-ilusion\/","og_locale":"es_ES","og_type":"article","og_title":"El Deporte es Ilusi\u00f3n - Museu Ol\u00edmpic i de l&#039;Esport Joan Antoni Samaranch. Barcelona","og_description":"La sala de exposiciones del Museu Ol\u00edmpic i de l\u2019Esport Joan Antoni Samaranch acoger\u00e1, del 2 de septiembre al 31 de octubre, la exposici\u00f3n fotogr\u00e1fica, de Gabriela Mihailescu, 'L'Esport \u00e9s Il\u00b7lusi\u00f3'. El acto de inauguraci\u00f3n contar\u00e1 con la presencia de Maribel Mart\u00ednez de Murgu\u00eda, campeona ol\u00edmpica en Barcelona'92 con la selecci\u00f3n de hoquei hierba, ofrecer\u00e1 una conferencia af\u00edn a la exposici\u00f3n.","og_url":"https:\/\/www.museuolimpicbcn.cat\/es\/el-deporte-es-ilusion\/","og_site_name":"Museu Ol\u00edmpic i de l&#039;Esport Joan Antoni Samaranch. Barcelona","article_published_time":"2010-09-01T22:00:00+00:00","author":"useradmin","twitter_card":"summary_large_image","twitter_misc":{"Escrito por":"useradmin","Tiempo de lectura":"2 minutos"},"schema":{"@context":"https:\/\/schema.org","@graph":[{"@type":"Article","@id":"https:\/\/www.museuolimpicbcn.cat\/es\/el-deporte-es-ilusion\/#article","isPartOf":{"@id":"https:\/\/www.museuolimpicbcn.cat\/es\/el-deporte-es-ilusion\/"},"author":{"name":"useradmin","@id":"https:\/\/www.museuolimpicbcn.cat\/ca\/#\/schema\/person\/d05705664e87aa04c6ce53d48133fb39"},"headline":"El Deporte es Ilusi\u00f3n","datePublished":"2010-09-01T22:00:00+00:00","dateModified":"2010-09-01T22:00:00+00:00","mainEntityOfPage":{"@id":"https:\/\/www.museuolimpicbcn.cat\/es\/el-deporte-es-ilusion\/"},"wordCount":329,"commentCount":0,"publisher":{"@id":"https:\/\/www.museuolimpicbcn.cat\/ca\/#organization"},"articleSection":["Sin categorizar"],"inLanguage":"es","potentialAction":[{"@type":"CommentAction","name":"Comment","target":["https:\/\/www.museuolimpicbcn.cat\/es\/el-deporte-es-ilusion\/#respond"]}]},{"@type":"WebPage","@id":"https:\/\/www.museuolimpicbcn.cat\/es\/el-deporte-es-ilusion\/","url":"https:\/\/www.museuolimpicbcn.cat\/es\/el-deporte-es-ilusion\/","name":"El Deporte es Ilusi\u00f3n - Museu Ol\u00edmpic i de l&#039;Esport Joan Antoni Samaranch. Barcelona","isPartOf":{"@id":"https:\/\/www.museuolimpicbcn.cat\/ca\/#website"},"datePublished":"2010-09-01T22:00:00+00:00","dateModified":"2010-09-01T22:00:00+00:00","breadcrumb":{"@id":"https:\/\/www.museuolimpicbcn.cat\/es\/el-deporte-es-ilusion\/#breadcrumb"},"inLanguage":"es","potentialAction":[{"@type":"ReadAction","target":["https:\/\/www.museuolimpicbcn.cat\/es\/el-deporte-es-ilusion\/"]}]},{"@type":"BreadcrumbList","@id":"https:\/\/www.museuolimpicbcn.cat\/es\/el-deporte-es-ilusion\/#breadcrumb","itemListElement":[{"@type":"ListItem","position":1,"name":"Inici","item":"https:\/\/www.museuolimpicbcn.cat\/es\/"},{"@type":"ListItem","position":2,"name":"El Deporte es Ilusi\u00f3n"}]},{"@type":"WebSite","@id":"https:\/\/www.museuolimpicbcn.cat\/ca\/#website","url":"https:\/\/www.museuolimpicbcn.cat\/ca\/","name":"Museu Ol\u00edmpic i de l&#039;Esport Joan Antoni Samaranch. Barcelona","description":"Altre lloc Web del Museu Ol\u00edmpic i de l&#039;Esport llocs","publisher":{"@id":"https:\/\/www.museuolimpicbcn.cat\/ca\/#organization"},"potentialAction":[{"@type":"SearchAction","target":{"@type":"EntryPoint","urlTemplate":"https:\/\/www.museuolimpicbcn.cat\/ca\/?s={search_term_string}"},"query-input":{"@type":"PropertyValueSpecification","valueRequired":true,"valueName":"search_term_string"}}],"inLanguage":"es"},{"@type":"Organization","@id":"https:\/\/www.museuolimpicbcn.cat\/ca\/#organization","name":"Museu Ol\u00edmpic i de l&#039;Esport Joan Antoni Samaranch. Barcelona","url":"https:\/\/www.museuolimpicbcn.cat\/ca\/","logo":{"@type":"ImageObject","inLanguage":"es","@id":"https:\/\/www.museuolimpicbcn.cat\/ca\/#\/schema\/logo\/image\/","url":"https:\/\/www.museuolimpicbcn.cat\/wp-content\/uploads\/sites\/2\/2018\/12\/logo-moe-header.svg","contentUrl":"https:\/\/www.museuolimpicbcn.cat\/wp-content\/uploads\/sites\/2\/2018\/12\/logo-moe-header.svg","caption":"Museu Ol\u00edmpic i de l&#039;Esport Joan Antoni Samaranch. Barcelona"},"image":{"@id":"https:\/\/www.museuolimpicbcn.cat\/ca\/#\/schema\/logo\/image\/"}},{"@type":"Person","@id":"https:\/\/www.museuolimpicbcn.cat\/ca\/#\/schema\/person\/d05705664e87aa04c6ce53d48133fb39","name":"useradmin","url":"https:\/\/www.museuolimpicbcn.cat\/es\/author\/useradmin\/"}]}},"_links":{"self":[{"href":"https:\/\/www.museuolimpicbcn.cat\/es\/wp-json\/wp\/v2\/posts\/5940"}],"collection":[{"href":"https:\/\/www.museuolimpicbcn.cat\/es\/wp-json\/wp\/v2\/posts"}],"about":[{"href":"https:\/\/www.museuolimpicbcn.cat\/es\/wp-json\/wp\/v2\/types\/post"}],"author":[{"embeddable":true,"href":"https:\/\/www.museuolimpicbcn.cat\/es\/wp-json\/wp\/v2\/users\/1"}],"replies":[{"embeddable":true,"href":"https:\/\/www.museuolimpicbcn.cat\/es\/wp-json\/wp\/v2\/comments?post=5940"}],"version-history":[{"count":0,"href":"https:\/\/www.museuolimpicbcn.cat\/es\/wp-json\/wp\/v2\/posts\/5940\/revisions"}],"wp:attachment":[{"href":"https:\/\/www.museuolimpicbcn.cat\/es\/wp-json\/wp\/v2\/media?parent=5940"}],"wp:term":[{"taxonomy":"category","embeddable":true,"href":"https:\/\/www.museuolimpicbcn.cat\/es\/wp-json\/wp\/v2\/categories?post=5940"},{"taxonomy":"post_tag","embeddable":true,"href":"https:\/\/www.museuolimpicbcn.cat\/es\/wp-json\/wp\/v2\/tags?post=5940"}],"curies":[{"name":"wp","href":"https:\/\/api.w.org\/{rel}","templated":true}]}}