{"id":5946,"date":"2010-09-04T00:00:00","date_gmt":"2010-09-03T22:00:00","guid":{"rendered":"http:\/\/dev.museuolimpicbcn.cat\/el-museu-olimpic-i-de-lesport-joan-antoni-samaranch-ha-inaugurado-la-exposicion-lesport-es-il%c2%b7lusio-de-la-fotografa-rumana-gabriela-mihailescu\/"},"modified":"2010-09-04T00:00:00","modified_gmt":"2010-09-03T22:00:00","slug":"el-museu-olimpic-i-de-lesport-joan-antoni-samaranch-ha-inaugurado-la-exposicion-lesport-es-il%c2%b7lusio-de-la-fotografa-rumana-gabriela-mihailescu","status":"publish","type":"post","link":"https:\/\/www.museuolimpicbcn.cat\/es\/el-museu-olimpic-i-de-lesport-joan-antoni-samaranch-ha-inaugurado-la-exposicion-lesport-es-il%c2%b7lusio-de-la-fotografa-rumana-gabriela-mihailescu\/","title":{"rendered":"El Museu Ol\u00edmpic i de l\u2019Esport Joan Antoni Samaranch ha inaugurado la exposici\u00f3n &#8216;L\u2019Esport \u00e9s Il\u00b7lusi\u00f3&#8217; de la fot\u00f3grafa rumana Gabriela Mihailescu."},"content":{"rendered":"<p>Un auditorio, repleto de p&uacute;blico, escucho el coloquio de Maribel Mart&iacute;nez de Murgu&iacute;a, ex deportista &ndash; campeona ol&iacute;mpica en BCN&rsquo;92 con la selecci&oacute;n de hoquei hierba &#8211;&nbsp; y actualmente gerente y coach de makeateam. Maribel destaca el gran trabajo realizado por Gabriela quien ha sabido plasmar en sus fotos el dolor y la ilusi&oacute;n del deportista.<\/p>\n<p>&nbsp;<\/p>\n","protected":false},"excerpt":{"rendered":"<p>Una emocionada Gabriela agradeci&oacute; el esfuerzo y el apoyo a los presentes, sin los cuales no hubiese sido posible cumplir el sue&ntilde;o de realizar su exposici&oacute;n.<\/p>\n","protected":false},"author":1,"featured_media":0,"comment_status":"open","ping_status":"open","sticky":false,"template":"","format":"standard","meta":{"_acf_changed":false,"_price":"","_stock":"","_tribe_ticket_header":"","_tribe_default_ticket_provider":"","_tribe_ticket_capacity":"0","_ticket_start_date":"","_ticket_end_date":"","_tribe_ticket_show_description":"","_tribe_ticket_show_not_going":false,"_tribe_ticket_use_global_stock":"","_tribe_ticket_global_stock_level":"","_global_stock_mode":"","_global_stock_cap":"","_tribe_rsvp_for_event":"","_tribe_ticket_going_count":"","_tribe_ticket_not_going_count":"","_tribe_tickets_list":"[]","_tribe_ticket_has_attendee_info_fields":false,"footnotes":""},"categories":[3],"tags":[],"class_list":["post-5946","post","type-post","status-publish","format-standard","hentry","category-sin-categorizar"],"acf":[],"yoast_head":"<!-- This site is optimized with the Yoast SEO plugin v23.7 - https:\/\/yoast.com\/wordpress\/plugins\/seo\/ -->\n<title>El Museu Ol\u00edmpic i de l\u2019Esport Joan Antoni Samaranch ha inaugurado la exposici\u00f3n &#039;L\u2019Esport \u00e9s Il\u00b7lusi\u00f3&#039; de la fot\u00f3grafa rumana Gabriela Mihailescu. - Museu Ol\u00edmpic i de l&#039;Esport Joan Antoni Samaranch. Barcelona<\/title>\n<meta name=\"robots\" content=\"index, follow, max-snippet:-1, max-image-preview:large, max-video-preview:-1\" \/>\n<link rel=\"canonical\" href=\"https:\/\/www.museuolimpicbcn.cat\/es\/el-museu-olimpic-i-de-lesport-joan-antoni-samaranch-ha-inaugurado-la-exposicion-lesport-es-il\u00b7lusio-de-la-fotografa-rumana-gabriela-mihailescu\/\" \/>\n<meta property=\"og:locale\" content=\"es_ES\" \/>\n<meta property=\"og:type\" content=\"article\" \/>\n<meta property=\"og:title\" content=\"El Museu Ol\u00edmpic i de l\u2019Esport Joan Antoni Samaranch ha inaugurado la exposici\u00f3n &#039;L\u2019Esport \u00e9s Il\u00b7lusi\u00f3&#039; de la fot\u00f3grafa rumana Gabriela Mihailescu. - Museu Ol\u00edmpic i de l&#039;Esport Joan Antoni Samaranch. Barcelona\" \/>\n<meta property=\"og:description\" content=\"Una emocionada Gabriela agradeci&oacute; el esfuerzo y el apoyo a los presentes, sin los cuales no hubiese sido posible cumplir el sue&ntilde;o de realizar su exposici&oacute;n.\" \/>\n<meta property=\"og:url\" content=\"https:\/\/www.museuolimpicbcn.cat\/es\/el-museu-olimpic-i-de-lesport-joan-antoni-samaranch-ha-inaugurado-la-exposicion-lesport-es-il\u00b7lusio-de-la-fotografa-rumana-gabriela-mihailescu\/\" \/>\n<meta property=\"og:site_name\" content=\"Museu Ol\u00edmpic i de l&#039;Esport Joan Antoni Samaranch. Barcelona\" \/>\n<meta property=\"article:published_time\" content=\"2010-09-03T22:00:00+00:00\" \/>\n<meta name=\"author\" content=\"useradmin\" \/>\n<meta name=\"twitter:card\" content=\"summary_large_image\" \/>\n<meta name=\"twitter:label1\" content=\"Escrito por\" \/>\n\t<meta name=\"twitter:data1\" content=\"useradmin\" \/>\n<script type=\"application\/ld+json\" class=\"yoast-schema-graph\">{\"@context\":\"https:\/\/schema.org\",\"@graph\":[{\"@type\":\"Article\",\"@id\":\"https:\/\/www.museuolimpicbcn.cat\/es\/el-museu-olimpic-i-de-lesport-joan-antoni-samaranch-ha-inaugurado-la-exposicion-lesport-es-il%c2%b7lusio-de-la-fotografa-rumana-gabriela-mihailescu\/#article\",\"isPartOf\":{\"@id\":\"https:\/\/www.museuolimpicbcn.cat\/es\/el-museu-olimpic-i-de-lesport-joan-antoni-samaranch-ha-inaugurado-la-exposicion-lesport-es-il%c2%b7lusio-de-la-fotografa-rumana-gabriela-mihailescu\/\"},\"author\":{\"name\":\"useradmin\",\"@id\":\"https:\/\/www.museuolimpicbcn.cat\/ca\/#\/schema\/person\/d05705664e87aa04c6ce53d48133fb39\"},\"headline\":\"El Museu Ol\u00edmpic i de l\u2019Esport Joan Antoni Samaranch ha inaugurado la exposici\u00f3n &#8216;L\u2019Esport \u00e9s Il\u00b7lusi\u00f3&#8217; de la fot\u00f3grafa rumana Gabriela Mihailescu.\",\"datePublished\":\"2010-09-03T22:00:00+00:00\",\"dateModified\":\"2010-09-03T22:00:00+00:00\",\"mainEntityOfPage\":{\"@id\":\"https:\/\/www.museuolimpicbcn.cat\/es\/el-museu-olimpic-i-de-lesport-joan-antoni-samaranch-ha-inaugurado-la-exposicion-lesport-es-il%c2%b7lusio-de-la-fotografa-rumana-gabriela-mihailescu\/\"},\"wordCount\":100,\"commentCount\":0,\"publisher\":{\"@id\":\"https:\/\/www.museuolimpicbcn.cat\/ca\/#organization\"},\"articleSection\":[\"Sin categorizar\"],\"inLanguage\":\"es\",\"potentialAction\":[{\"@type\":\"CommentAction\",\"name\":\"Comment\",\"target\":[\"https:\/\/www.museuolimpicbcn.cat\/es\/el-museu-olimpic-i-de-lesport-joan-antoni-samaranch-ha-inaugurado-la-exposicion-lesport-es-il%c2%b7lusio-de-la-fotografa-rumana-gabriela-mihailescu\/#respond\"]}]},{\"@type\":\"WebPage\",\"@id\":\"https:\/\/www.museuolimpicbcn.cat\/es\/el-museu-olimpic-i-de-lesport-joan-antoni-samaranch-ha-inaugurado-la-exposicion-lesport-es-il%c2%b7lusio-de-la-fotografa-rumana-gabriela-mihailescu\/\",\"url\":\"https:\/\/www.museuolimpicbcn.cat\/es\/el-museu-olimpic-i-de-lesport-joan-antoni-samaranch-ha-inaugurado-la-exposicion-lesport-es-il%c2%b7lusio-de-la-fotografa-rumana-gabriela-mihailescu\/\",\"name\":\"El Museu Ol\u00edmpic i de l\u2019Esport Joan Antoni Samaranch ha inaugurado la exposici\u00f3n 'L\u2019Esport \u00e9s Il\u00b7lusi\u00f3' de la fot\u00f3grafa rumana Gabriela Mihailescu. - Museu Ol\u00edmpic i de l&#039;Esport Joan Antoni Samaranch. Barcelona\",\"isPartOf\":{\"@id\":\"https:\/\/www.museuolimpicbcn.cat\/ca\/#website\"},\"datePublished\":\"2010-09-03T22:00:00+00:00\",\"dateModified\":\"2010-09-03T22:00:00+00:00\",\"breadcrumb\":{\"@id\":\"https:\/\/www.museuolimpicbcn.cat\/es\/el-museu-olimpic-i-de-lesport-joan-antoni-samaranch-ha-inaugurado-la-exposicion-lesport-es-il%c2%b7lusio-de-la-fotografa-rumana-gabriela-mihailescu\/#breadcrumb\"},\"inLanguage\":\"es\",\"potentialAction\":[{\"@type\":\"ReadAction\",\"target\":[\"https:\/\/www.museuolimpicbcn.cat\/es\/el-museu-olimpic-i-de-lesport-joan-antoni-samaranch-ha-inaugurado-la-exposicion-lesport-es-il%c2%b7lusio-de-la-fotografa-rumana-gabriela-mihailescu\/\"]}]},{\"@type\":\"BreadcrumbList\",\"@id\":\"https:\/\/www.museuolimpicbcn.cat\/es\/el-museu-olimpic-i-de-lesport-joan-antoni-samaranch-ha-inaugurado-la-exposicion-lesport-es-il%c2%b7lusio-de-la-fotografa-rumana-gabriela-mihailescu\/#breadcrumb\",\"itemListElement\":[{\"@type\":\"ListItem\",\"position\":1,\"name\":\"Inici\",\"item\":\"https:\/\/www.museuolimpicbcn.cat\/es\/\"},{\"@type\":\"ListItem\",\"position\":2,\"name\":\"El Museu Ol\u00edmpic i de l\u2019Esport Joan Antoni Samaranch ha inaugurado la exposici\u00f3n &#8216;L\u2019Esport \u00e9s Il\u00b7lusi\u00f3&#8217; de la fot\u00f3grafa rumana Gabriela Mihailescu.\"}]},{\"@type\":\"WebSite\",\"@id\":\"https:\/\/www.museuolimpicbcn.cat\/ca\/#website\",\"url\":\"https:\/\/www.museuolimpicbcn.cat\/ca\/\",\"name\":\"Museu Ol\u00edmpic i de l&#039;Esport Joan Antoni Samaranch. Barcelona\",\"description\":\"Altre lloc Web del Museu Ol\u00edmpic i de l&#039;Esport llocs\",\"publisher\":{\"@id\":\"https:\/\/www.museuolimpicbcn.cat\/ca\/#organization\"},\"potentialAction\":[{\"@type\":\"SearchAction\",\"target\":{\"@type\":\"EntryPoint\",\"urlTemplate\":\"https:\/\/www.museuolimpicbcn.cat\/ca\/?s={search_term_string}\"},\"query-input\":{\"@type\":\"PropertyValueSpecification\",\"valueRequired\":true,\"valueName\":\"search_term_string\"}}],\"inLanguage\":\"es\"},{\"@type\":\"Organization\",\"@id\":\"https:\/\/www.museuolimpicbcn.cat\/ca\/#organization\",\"name\":\"Museu Ol\u00edmpic i de l&#039;Esport Joan Antoni Samaranch. Barcelona\",\"url\":\"https:\/\/www.museuolimpicbcn.cat\/ca\/\",\"logo\":{\"@type\":\"ImageObject\",\"inLanguage\":\"es\",\"@id\":\"https:\/\/www.museuolimpicbcn.cat\/ca\/#\/schema\/logo\/image\/\",\"url\":\"https:\/\/www.museuolimpicbcn.cat\/wp-content\/uploads\/sites\/2\/2018\/12\/logo-moe-header.svg\",\"contentUrl\":\"https:\/\/www.museuolimpicbcn.cat\/wp-content\/uploads\/sites\/2\/2018\/12\/logo-moe-header.svg\",\"caption\":\"Museu Ol\u00edmpic i de l&#039;Esport Joan Antoni Samaranch. Barcelona\"},\"image\":{\"@id\":\"https:\/\/www.museuolimpicbcn.cat\/ca\/#\/schema\/logo\/image\/\"}},{\"@type\":\"Person\",\"@id\":\"https:\/\/www.museuolimpicbcn.cat\/ca\/#\/schema\/person\/d05705664e87aa04c6ce53d48133fb39\",\"name\":\"useradmin\",\"url\":\"https:\/\/www.museuolimpicbcn.cat\/es\/author\/useradmin\/\"}]}<\/script>\n<!-- \/ Yoast SEO plugin. -->","yoast_head_json":{"title":"El Museu Ol\u00edmpic i de l\u2019Esport Joan Antoni Samaranch ha inaugurado la exposici\u00f3n 'L\u2019Esport \u00e9s Il\u00b7lusi\u00f3' de la fot\u00f3grafa rumana Gabriela Mihailescu. - Museu Ol\u00edmpic i de l&#039;Esport Joan Antoni Samaranch. Barcelona","robots":{"index":"index","follow":"follow","max-snippet":"max-snippet:-1","max-image-preview":"max-image-preview:large","max-video-preview":"max-video-preview:-1"},"canonical":"https:\/\/www.museuolimpicbcn.cat\/es\/el-museu-olimpic-i-de-lesport-joan-antoni-samaranch-ha-inaugurado-la-exposicion-lesport-es-il\u00b7lusio-de-la-fotografa-rumana-gabriela-mihailescu\/","og_locale":"es_ES","og_type":"article","og_title":"El Museu Ol\u00edmpic i de l\u2019Esport Joan Antoni Samaranch ha inaugurado la exposici\u00f3n 'L\u2019Esport \u00e9s Il\u00b7lusi\u00f3' de la fot\u00f3grafa rumana Gabriela Mihailescu. - Museu Ol\u00edmpic i de l&#039;Esport Joan Antoni Samaranch. Barcelona","og_description":"Una emocionada Gabriela agradeci&oacute; el esfuerzo y el apoyo a los presentes, sin los cuales no hubiese sido posible cumplir el sue&ntilde;o de realizar su exposici&oacute;n.","og_url":"https:\/\/www.museuolimpicbcn.cat\/es\/el-museu-olimpic-i-de-lesport-joan-antoni-samaranch-ha-inaugurado-la-exposicion-lesport-es-il\u00b7lusio-de-la-fotografa-rumana-gabriela-mihailescu\/","og_site_name":"Museu Ol\u00edmpic i de l&#039;Esport Joan Antoni Samaranch. Barcelona","article_published_time":"2010-09-03T22:00:00+00:00","author":"useradmin","twitter_card":"summary_large_image","twitter_misc":{"Escrito por":"useradmin"},"schema":{"@context":"https:\/\/schema.org","@graph":[{"@type":"Article","@id":"https:\/\/www.museuolimpicbcn.cat\/es\/el-museu-olimpic-i-de-lesport-joan-antoni-samaranch-ha-inaugurado-la-exposicion-lesport-es-il%c2%b7lusio-de-la-fotografa-rumana-gabriela-mihailescu\/#article","isPartOf":{"@id":"https:\/\/www.museuolimpicbcn.cat\/es\/el-museu-olimpic-i-de-lesport-joan-antoni-samaranch-ha-inaugurado-la-exposicion-lesport-es-il%c2%b7lusio-de-la-fotografa-rumana-gabriela-mihailescu\/"},"author":{"name":"useradmin","@id":"https:\/\/www.museuolimpicbcn.cat\/ca\/#\/schema\/person\/d05705664e87aa04c6ce53d48133fb39"},"headline":"El Museu Ol\u00edmpic i de l\u2019Esport Joan Antoni Samaranch ha inaugurado la exposici\u00f3n &#8216;L\u2019Esport \u00e9s Il\u00b7lusi\u00f3&#8217; de la fot\u00f3grafa rumana Gabriela Mihailescu.","datePublished":"2010-09-03T22:00:00+00:00","dateModified":"2010-09-03T22:00:00+00:00","mainEntityOfPage":{"@id":"https:\/\/www.museuolimpicbcn.cat\/es\/el-museu-olimpic-i-de-lesport-joan-antoni-samaranch-ha-inaugurado-la-exposicion-lesport-es-il%c2%b7lusio-de-la-fotografa-rumana-gabriela-mihailescu\/"},"wordCount":100,"commentCount":0,"publisher":{"@id":"https:\/\/www.museuolimpicbcn.cat\/ca\/#organization"},"articleSection":["Sin categorizar"],"inLanguage":"es","potentialAction":[{"@type":"CommentAction","name":"Comment","target":["https:\/\/www.museuolimpicbcn.cat\/es\/el-museu-olimpic-i-de-lesport-joan-antoni-samaranch-ha-inaugurado-la-exposicion-lesport-es-il%c2%b7lusio-de-la-fotografa-rumana-gabriela-mihailescu\/#respond"]}]},{"@type":"WebPage","@id":"https:\/\/www.museuolimpicbcn.cat\/es\/el-museu-olimpic-i-de-lesport-joan-antoni-samaranch-ha-inaugurado-la-exposicion-lesport-es-il%c2%b7lusio-de-la-fotografa-rumana-gabriela-mihailescu\/","url":"https:\/\/www.museuolimpicbcn.cat\/es\/el-museu-olimpic-i-de-lesport-joan-antoni-samaranch-ha-inaugurado-la-exposicion-lesport-es-il%c2%b7lusio-de-la-fotografa-rumana-gabriela-mihailescu\/","name":"El Museu Ol\u00edmpic i de l\u2019Esport Joan Antoni Samaranch ha inaugurado la exposici\u00f3n 'L\u2019Esport \u00e9s Il\u00b7lusi\u00f3' de la fot\u00f3grafa rumana Gabriela Mihailescu. - Museu Ol\u00edmpic i de l&#039;Esport Joan Antoni Samaranch. Barcelona","isPartOf":{"@id":"https:\/\/www.museuolimpicbcn.cat\/ca\/#website"},"datePublished":"2010-09-03T22:00:00+00:00","dateModified":"2010-09-03T22:00:00+00:00","breadcrumb":{"@id":"https:\/\/www.museuolimpicbcn.cat\/es\/el-museu-olimpic-i-de-lesport-joan-antoni-samaranch-ha-inaugurado-la-exposicion-lesport-es-il%c2%b7lusio-de-la-fotografa-rumana-gabriela-mihailescu\/#breadcrumb"},"inLanguage":"es","potentialAction":[{"@type":"ReadAction","target":["https:\/\/www.museuolimpicbcn.cat\/es\/el-museu-olimpic-i-de-lesport-joan-antoni-samaranch-ha-inaugurado-la-exposicion-lesport-es-il%c2%b7lusio-de-la-fotografa-rumana-gabriela-mihailescu\/"]}]},{"@type":"BreadcrumbList","@id":"https:\/\/www.museuolimpicbcn.cat\/es\/el-museu-olimpic-i-de-lesport-joan-antoni-samaranch-ha-inaugurado-la-exposicion-lesport-es-il%c2%b7lusio-de-la-fotografa-rumana-gabriela-mihailescu\/#breadcrumb","itemListElement":[{"@type":"ListItem","position":1,"name":"Inici","item":"https:\/\/www.museuolimpicbcn.cat\/es\/"},{"@type":"ListItem","position":2,"name":"El Museu Ol\u00edmpic i de l\u2019Esport Joan Antoni Samaranch ha inaugurado la exposici\u00f3n &#8216;L\u2019Esport \u00e9s Il\u00b7lusi\u00f3&#8217; de la fot\u00f3grafa rumana Gabriela Mihailescu."}]},{"@type":"WebSite","@id":"https:\/\/www.museuolimpicbcn.cat\/ca\/#website","url":"https:\/\/www.museuolimpicbcn.cat\/ca\/","name":"Museu Ol\u00edmpic i de l&#039;Esport Joan Antoni Samaranch. Barcelona","description":"Altre lloc Web del Museu Ol\u00edmpic i de l&#039;Esport llocs","publisher":{"@id":"https:\/\/www.museuolimpicbcn.cat\/ca\/#organization"},"potentialAction":[{"@type":"SearchAction","target":{"@type":"EntryPoint","urlTemplate":"https:\/\/www.museuolimpicbcn.cat\/ca\/?s={search_term_string}"},"query-input":{"@type":"PropertyValueSpecification","valueRequired":true,"valueName":"search_term_string"}}],"inLanguage":"es"},{"@type":"Organization","@id":"https:\/\/www.museuolimpicbcn.cat\/ca\/#organization","name":"Museu Ol\u00edmpic i de l&#039;Esport Joan Antoni Samaranch. Barcelona","url":"https:\/\/www.museuolimpicbcn.cat\/ca\/","logo":{"@type":"ImageObject","inLanguage":"es","@id":"https:\/\/www.museuolimpicbcn.cat\/ca\/#\/schema\/logo\/image\/","url":"https:\/\/www.museuolimpicbcn.cat\/wp-content\/uploads\/sites\/2\/2018\/12\/logo-moe-header.svg","contentUrl":"https:\/\/www.museuolimpicbcn.cat\/wp-content\/uploads\/sites\/2\/2018\/12\/logo-moe-header.svg","caption":"Museu Ol\u00edmpic i de l&#039;Esport Joan Antoni Samaranch. Barcelona"},"image":{"@id":"https:\/\/www.museuolimpicbcn.cat\/ca\/#\/schema\/logo\/image\/"}},{"@type":"Person","@id":"https:\/\/www.museuolimpicbcn.cat\/ca\/#\/schema\/person\/d05705664e87aa04c6ce53d48133fb39","name":"useradmin","url":"https:\/\/www.museuolimpicbcn.cat\/es\/author\/useradmin\/"}]}},"_links":{"self":[{"href":"https:\/\/www.museuolimpicbcn.cat\/es\/wp-json\/wp\/v2\/posts\/5946"}],"collection":[{"href":"https:\/\/www.museuolimpicbcn.cat\/es\/wp-json\/wp\/v2\/posts"}],"about":[{"href":"https:\/\/www.museuolimpicbcn.cat\/es\/wp-json\/wp\/v2\/types\/post"}],"author":[{"embeddable":true,"href":"https:\/\/www.museuolimpicbcn.cat\/es\/wp-json\/wp\/v2\/users\/1"}],"replies":[{"embeddable":true,"href":"https:\/\/www.museuolimpicbcn.cat\/es\/wp-json\/wp\/v2\/comments?post=5946"}],"version-history":[{"count":0,"href":"https:\/\/www.museuolimpicbcn.cat\/es\/wp-json\/wp\/v2\/posts\/5946\/revisions"}],"wp:attachment":[{"href":"https:\/\/www.museuolimpicbcn.cat\/es\/wp-json\/wp\/v2\/media?parent=5946"}],"wp:term":[{"taxonomy":"category","embeddable":true,"href":"https:\/\/www.museuolimpicbcn.cat\/es\/wp-json\/wp\/v2\/categories?post=5946"},{"taxonomy":"post_tag","embeddable":true,"href":"https:\/\/www.museuolimpicbcn.cat\/es\/wp-json\/wp\/v2\/tags?post=5946"}],"curies":[{"name":"wp","href":"https:\/\/api.w.org\/{rel}","templated":true}]}}