{"id":7048,"date":"2011-05-29T00:00:00","date_gmt":"2011-05-28T22:00:00","guid":{"rendered":"http:\/\/dev.museuolimpicbcn.cat\/como-cada-ano-y-en-su-xxxiv-edicion-barcelona-ha-acogido-en-el-parc-de-la-ciutadella-la-tamborinada-organizada-por-la-fundacio-la-roda\/"},"modified":"2011-05-29T00:00:00","modified_gmt":"2011-05-28T22:00:00","slug":"como-cada-ano-y-en-su-xxxiv-edicion-barcelona-ha-acogido-en-el-parc-de-la-ciutadella-la-tamborinada-organizada-por-la-fundacio-la-roda","status":"publish","type":"post","link":"https:\/\/www.museuolimpicbcn.cat\/es\/como-cada-ano-y-en-su-xxxiv-edicion-barcelona-ha-acogido-en-el-parc-de-la-ciutadella-la-tamborinada-organizada-por-la-fundacio-la-roda\/","title":{"rendered":"Como cada a\u00f1o, y en su XXXIV edici\u00f3n, Barcelona ha acogido en el Parc de la Ciutadella la Tamborinada organizada por la Fundaci\u00f3 La Roda."},"content":{"rendered":"<p>En el inter&eacute;s de acercar el espacio del Museu Ol&iacute;mpic i de l&rsquo;Esport al p&uacute;blico familiar de la ciudad condal, la Fundaci&oacute; Barcelona Ol&iacute;mpica ha querido colaborar con la Fundaci&oacute; La Roda en la transmisi&oacute;n de valores a trav&eacute;s del deporte, tema protagonista de la Tamborinada de este a&ntilde;o.<\/p>\n","protected":false},"excerpt":{"rendered":"<p>El Museu Ol&iacute;mpic i de l&rsquo;Esport Joan Antoni Samaranch estuvo presente por primera vez, en una carpa donde tuvieron lugar varios talleres bajo el t&iacute;tulo &ldquo;Els jocs de carrer dels avis&rdquo;. Los m&aacute;s de trescientos ni&ntilde;os y ni&ntilde;as que participaron pudieron confeccionar ellos mismos diferentes juegos tradicionales de anta&ntilde;o y llev&aacute;rselos como recuerdo dentro de una mochila dise&ntilde;ada especialmente para el evento.<\/p>\n","protected":false},"author":1,"featured_media":0,"comment_status":"open","ping_status":"open","sticky":false,"template":"","format":"standard","meta":{"_acf_changed":false,"_price":"","_stock":"","_tribe_ticket_header":"","_tribe_default_ticket_provider":"","_tribe_ticket_capacity":"0","_ticket_start_date":"","_ticket_end_date":"","_tribe_ticket_show_description":"","_tribe_ticket_show_not_going":false,"_tribe_ticket_use_global_stock":"","_tribe_ticket_global_stock_level":"","_global_stock_mode":"","_global_stock_cap":"","_tribe_rsvp_for_event":"","_tribe_ticket_going_count":"","_tribe_ticket_not_going_count":"","_tribe_tickets_list":"[]","_tribe_ticket_has_attendee_info_fields":false,"footnotes":""},"categories":[3],"tags":[],"class_list":["post-7048","post","type-post","status-publish","format-standard","hentry","category-sin-categorizar"],"acf":[],"yoast_head":"<!-- This site is optimized with the Yoast SEO plugin v23.7 - https:\/\/yoast.com\/wordpress\/plugins\/seo\/ -->\n<title>Como cada a\u00f1o, y en su XXXIV edici\u00f3n, Barcelona ha acogido en el Parc de la Ciutadella la Tamborinada organizada por la Fundaci\u00f3 La Roda. - Museu Ol\u00edmpic i de l&#039;Esport Joan Antoni Samaranch. Barcelona<\/title>\n<meta name=\"robots\" content=\"index, follow, max-snippet:-1, max-image-preview:large, max-video-preview:-1\" \/>\n<link rel=\"canonical\" href=\"https:\/\/www.museuolimpicbcn.cat\/es\/como-cada-ano-y-en-su-xxxiv-edicion-barcelona-ha-acogido-en-el-parc-de-la-ciutadella-la-tamborinada-organizada-por-la-fundacio-la-roda\/\" \/>\n<meta property=\"og:locale\" content=\"es_ES\" \/>\n<meta property=\"og:type\" content=\"article\" \/>\n<meta property=\"og:title\" content=\"Como cada a\u00f1o, y en su XXXIV edici\u00f3n, Barcelona ha acogido en el Parc de la Ciutadella la Tamborinada organizada por la Fundaci\u00f3 La Roda. - Museu Ol\u00edmpic i de l&#039;Esport Joan Antoni Samaranch. Barcelona\" \/>\n<meta property=\"og:description\" content=\"El Museu Ol&iacute;mpic i de l&rsquo;Esport Joan Antoni Samaranch estuvo presente por primera vez, en una carpa donde tuvieron lugar varios talleres bajo el t&iacute;tulo &ldquo;Els jocs de carrer dels avis&rdquo;. Los m&aacute;s de trescientos ni&ntilde;os y ni&ntilde;as que participaron pudieron confeccionar ellos mismos diferentes juegos tradicionales de anta&ntilde;o y llev&aacute;rselos como recuerdo dentro de una mochila dise&ntilde;ada especialmente para el evento.\" \/>\n<meta property=\"og:url\" content=\"https:\/\/www.museuolimpicbcn.cat\/es\/como-cada-ano-y-en-su-xxxiv-edicion-barcelona-ha-acogido-en-el-parc-de-la-ciutadella-la-tamborinada-organizada-por-la-fundacio-la-roda\/\" \/>\n<meta property=\"og:site_name\" content=\"Museu Ol\u00edmpic i de l&#039;Esport Joan Antoni Samaranch. Barcelona\" \/>\n<meta property=\"article:published_time\" content=\"2011-05-28T22:00:00+00:00\" \/>\n<meta name=\"author\" content=\"useradmin\" \/>\n<meta name=\"twitter:card\" content=\"summary_large_image\" \/>\n<meta name=\"twitter:label1\" content=\"Escrito por\" \/>\n\t<meta name=\"twitter:data1\" content=\"useradmin\" \/>\n<script type=\"application\/ld+json\" class=\"yoast-schema-graph\">{\"@context\":\"https:\/\/schema.org\",\"@graph\":[{\"@type\":\"Article\",\"@id\":\"https:\/\/www.museuolimpicbcn.cat\/es\/como-cada-ano-y-en-su-xxxiv-edicion-barcelona-ha-acogido-en-el-parc-de-la-ciutadella-la-tamborinada-organizada-por-la-fundacio-la-roda\/#article\",\"isPartOf\":{\"@id\":\"https:\/\/www.museuolimpicbcn.cat\/es\/como-cada-ano-y-en-su-xxxiv-edicion-barcelona-ha-acogido-en-el-parc-de-la-ciutadella-la-tamborinada-organizada-por-la-fundacio-la-roda\/\"},\"author\":{\"name\":\"useradmin\",\"@id\":\"https:\/\/www.museuolimpicbcn.cat\/ca\/#\/schema\/person\/d05705664e87aa04c6ce53d48133fb39\"},\"headline\":\"Como cada a\u00f1o, y en su XXXIV edici\u00f3n, Barcelona ha acogido en el Parc de la Ciutadella la Tamborinada organizada por la Fundaci\u00f3 La Roda.\",\"datePublished\":\"2011-05-28T22:00:00+00:00\",\"dateModified\":\"2011-05-28T22:00:00+00:00\",\"mainEntityOfPage\":{\"@id\":\"https:\/\/www.museuolimpicbcn.cat\/es\/como-cada-ano-y-en-su-xxxiv-edicion-barcelona-ha-acogido-en-el-parc-de-la-ciutadella-la-tamborinada-organizada-por-la-fundacio-la-roda\/\"},\"wordCount\":94,\"commentCount\":0,\"publisher\":{\"@id\":\"https:\/\/www.museuolimpicbcn.cat\/ca\/#organization\"},\"articleSection\":[\"Sin categorizar\"],\"inLanguage\":\"es\",\"potentialAction\":[{\"@type\":\"CommentAction\",\"name\":\"Comment\",\"target\":[\"https:\/\/www.museuolimpicbcn.cat\/es\/como-cada-ano-y-en-su-xxxiv-edicion-barcelona-ha-acogido-en-el-parc-de-la-ciutadella-la-tamborinada-organizada-por-la-fundacio-la-roda\/#respond\"]}]},{\"@type\":\"WebPage\",\"@id\":\"https:\/\/www.museuolimpicbcn.cat\/es\/como-cada-ano-y-en-su-xxxiv-edicion-barcelona-ha-acogido-en-el-parc-de-la-ciutadella-la-tamborinada-organizada-por-la-fundacio-la-roda\/\",\"url\":\"https:\/\/www.museuolimpicbcn.cat\/es\/como-cada-ano-y-en-su-xxxiv-edicion-barcelona-ha-acogido-en-el-parc-de-la-ciutadella-la-tamborinada-organizada-por-la-fundacio-la-roda\/\",\"name\":\"Como cada a\u00f1o, y en su XXXIV edici\u00f3n, Barcelona ha acogido en el Parc de la Ciutadella la Tamborinada organizada por la Fundaci\u00f3 La Roda. - Museu Ol\u00edmpic i de l&#039;Esport Joan Antoni Samaranch. Barcelona\",\"isPartOf\":{\"@id\":\"https:\/\/www.museuolimpicbcn.cat\/ca\/#website\"},\"datePublished\":\"2011-05-28T22:00:00+00:00\",\"dateModified\":\"2011-05-28T22:00:00+00:00\",\"breadcrumb\":{\"@id\":\"https:\/\/www.museuolimpicbcn.cat\/es\/como-cada-ano-y-en-su-xxxiv-edicion-barcelona-ha-acogido-en-el-parc-de-la-ciutadella-la-tamborinada-organizada-por-la-fundacio-la-roda\/#breadcrumb\"},\"inLanguage\":\"es\",\"potentialAction\":[{\"@type\":\"ReadAction\",\"target\":[\"https:\/\/www.museuolimpicbcn.cat\/es\/como-cada-ano-y-en-su-xxxiv-edicion-barcelona-ha-acogido-en-el-parc-de-la-ciutadella-la-tamborinada-organizada-por-la-fundacio-la-roda\/\"]}]},{\"@type\":\"BreadcrumbList\",\"@id\":\"https:\/\/www.museuolimpicbcn.cat\/es\/como-cada-ano-y-en-su-xxxiv-edicion-barcelona-ha-acogido-en-el-parc-de-la-ciutadella-la-tamborinada-organizada-por-la-fundacio-la-roda\/#breadcrumb\",\"itemListElement\":[{\"@type\":\"ListItem\",\"position\":1,\"name\":\"Inici\",\"item\":\"https:\/\/www.museuolimpicbcn.cat\/es\/\"},{\"@type\":\"ListItem\",\"position\":2,\"name\":\"Como cada a\u00f1o, y en su XXXIV edici\u00f3n, Barcelona ha acogido en el Parc de la Ciutadella la Tamborinada organizada por la Fundaci\u00f3 La Roda.\"}]},{\"@type\":\"WebSite\",\"@id\":\"https:\/\/www.museuolimpicbcn.cat\/ca\/#website\",\"url\":\"https:\/\/www.museuolimpicbcn.cat\/ca\/\",\"name\":\"Museu Ol\u00edmpic i de l&#039;Esport Joan Antoni Samaranch. Barcelona\",\"description\":\"Altre lloc Web del Museu Ol\u00edmpic i de l&#039;Esport llocs\",\"publisher\":{\"@id\":\"https:\/\/www.museuolimpicbcn.cat\/ca\/#organization\"},\"potentialAction\":[{\"@type\":\"SearchAction\",\"target\":{\"@type\":\"EntryPoint\",\"urlTemplate\":\"https:\/\/www.museuolimpicbcn.cat\/ca\/?s={search_term_string}\"},\"query-input\":{\"@type\":\"PropertyValueSpecification\",\"valueRequired\":true,\"valueName\":\"search_term_string\"}}],\"inLanguage\":\"es\"},{\"@type\":\"Organization\",\"@id\":\"https:\/\/www.museuolimpicbcn.cat\/ca\/#organization\",\"name\":\"Museu Ol\u00edmpic i de l&#039;Esport Joan Antoni Samaranch. Barcelona\",\"url\":\"https:\/\/www.museuolimpicbcn.cat\/ca\/\",\"logo\":{\"@type\":\"ImageObject\",\"inLanguage\":\"es\",\"@id\":\"https:\/\/www.museuolimpicbcn.cat\/ca\/#\/schema\/logo\/image\/\",\"url\":\"https:\/\/www.museuolimpicbcn.cat\/wp-content\/uploads\/sites\/2\/2018\/12\/logo-moe-header.svg\",\"contentUrl\":\"https:\/\/www.museuolimpicbcn.cat\/wp-content\/uploads\/sites\/2\/2018\/12\/logo-moe-header.svg\",\"caption\":\"Museu Ol\u00edmpic i de l&#039;Esport Joan Antoni Samaranch. Barcelona\"},\"image\":{\"@id\":\"https:\/\/www.museuolimpicbcn.cat\/ca\/#\/schema\/logo\/image\/\"}},{\"@type\":\"Person\",\"@id\":\"https:\/\/www.museuolimpicbcn.cat\/ca\/#\/schema\/person\/d05705664e87aa04c6ce53d48133fb39\",\"name\":\"useradmin\",\"url\":\"https:\/\/www.museuolimpicbcn.cat\/es\/author\/useradmin\/\"}]}<\/script>\n<!-- \/ Yoast SEO plugin. -->","yoast_head_json":{"title":"Como cada a\u00f1o, y en su XXXIV edici\u00f3n, Barcelona ha acogido en el Parc de la Ciutadella la Tamborinada organizada por la Fundaci\u00f3 La Roda. - Museu Ol\u00edmpic i de l&#039;Esport Joan Antoni Samaranch. Barcelona","robots":{"index":"index","follow":"follow","max-snippet":"max-snippet:-1","max-image-preview":"max-image-preview:large","max-video-preview":"max-video-preview:-1"},"canonical":"https:\/\/www.museuolimpicbcn.cat\/es\/como-cada-ano-y-en-su-xxxiv-edicion-barcelona-ha-acogido-en-el-parc-de-la-ciutadella-la-tamborinada-organizada-por-la-fundacio-la-roda\/","og_locale":"es_ES","og_type":"article","og_title":"Como cada a\u00f1o, y en su XXXIV edici\u00f3n, Barcelona ha acogido en el Parc de la Ciutadella la Tamborinada organizada por la Fundaci\u00f3 La Roda. - Museu Ol\u00edmpic i de l&#039;Esport Joan Antoni Samaranch. Barcelona","og_description":"El Museu Ol&iacute;mpic i de l&rsquo;Esport Joan Antoni Samaranch estuvo presente por primera vez, en una carpa donde tuvieron lugar varios talleres bajo el t&iacute;tulo &ldquo;Els jocs de carrer dels avis&rdquo;. Los m&aacute;s de trescientos ni&ntilde;os y ni&ntilde;as que participaron pudieron confeccionar ellos mismos diferentes juegos tradicionales de anta&ntilde;o y llev&aacute;rselos como recuerdo dentro de una mochila dise&ntilde;ada especialmente para el evento.","og_url":"https:\/\/www.museuolimpicbcn.cat\/es\/como-cada-ano-y-en-su-xxxiv-edicion-barcelona-ha-acogido-en-el-parc-de-la-ciutadella-la-tamborinada-organizada-por-la-fundacio-la-roda\/","og_site_name":"Museu Ol\u00edmpic i de l&#039;Esport Joan Antoni Samaranch. Barcelona","article_published_time":"2011-05-28T22:00:00+00:00","author":"useradmin","twitter_card":"summary_large_image","twitter_misc":{"Escrito por":"useradmin"},"schema":{"@context":"https:\/\/schema.org","@graph":[{"@type":"Article","@id":"https:\/\/www.museuolimpicbcn.cat\/es\/como-cada-ano-y-en-su-xxxiv-edicion-barcelona-ha-acogido-en-el-parc-de-la-ciutadella-la-tamborinada-organizada-por-la-fundacio-la-roda\/#article","isPartOf":{"@id":"https:\/\/www.museuolimpicbcn.cat\/es\/como-cada-ano-y-en-su-xxxiv-edicion-barcelona-ha-acogido-en-el-parc-de-la-ciutadella-la-tamborinada-organizada-por-la-fundacio-la-roda\/"},"author":{"name":"useradmin","@id":"https:\/\/www.museuolimpicbcn.cat\/ca\/#\/schema\/person\/d05705664e87aa04c6ce53d48133fb39"},"headline":"Como cada a\u00f1o, y en su XXXIV edici\u00f3n, Barcelona ha acogido en el Parc de la Ciutadella la Tamborinada organizada por la Fundaci\u00f3 La Roda.","datePublished":"2011-05-28T22:00:00+00:00","dateModified":"2011-05-28T22:00:00+00:00","mainEntityOfPage":{"@id":"https:\/\/www.museuolimpicbcn.cat\/es\/como-cada-ano-y-en-su-xxxiv-edicion-barcelona-ha-acogido-en-el-parc-de-la-ciutadella-la-tamborinada-organizada-por-la-fundacio-la-roda\/"},"wordCount":94,"commentCount":0,"publisher":{"@id":"https:\/\/www.museuolimpicbcn.cat\/ca\/#organization"},"articleSection":["Sin categorizar"],"inLanguage":"es","potentialAction":[{"@type":"CommentAction","name":"Comment","target":["https:\/\/www.museuolimpicbcn.cat\/es\/como-cada-ano-y-en-su-xxxiv-edicion-barcelona-ha-acogido-en-el-parc-de-la-ciutadella-la-tamborinada-organizada-por-la-fundacio-la-roda\/#respond"]}]},{"@type":"WebPage","@id":"https:\/\/www.museuolimpicbcn.cat\/es\/como-cada-ano-y-en-su-xxxiv-edicion-barcelona-ha-acogido-en-el-parc-de-la-ciutadella-la-tamborinada-organizada-por-la-fundacio-la-roda\/","url":"https:\/\/www.museuolimpicbcn.cat\/es\/como-cada-ano-y-en-su-xxxiv-edicion-barcelona-ha-acogido-en-el-parc-de-la-ciutadella-la-tamborinada-organizada-por-la-fundacio-la-roda\/","name":"Como cada a\u00f1o, y en su XXXIV edici\u00f3n, Barcelona ha acogido en el Parc de la Ciutadella la Tamborinada organizada por la Fundaci\u00f3 La Roda. - Museu Ol\u00edmpic i de l&#039;Esport Joan Antoni Samaranch. Barcelona","isPartOf":{"@id":"https:\/\/www.museuolimpicbcn.cat\/ca\/#website"},"datePublished":"2011-05-28T22:00:00+00:00","dateModified":"2011-05-28T22:00:00+00:00","breadcrumb":{"@id":"https:\/\/www.museuolimpicbcn.cat\/es\/como-cada-ano-y-en-su-xxxiv-edicion-barcelona-ha-acogido-en-el-parc-de-la-ciutadella-la-tamborinada-organizada-por-la-fundacio-la-roda\/#breadcrumb"},"inLanguage":"es","potentialAction":[{"@type":"ReadAction","target":["https:\/\/www.museuolimpicbcn.cat\/es\/como-cada-ano-y-en-su-xxxiv-edicion-barcelona-ha-acogido-en-el-parc-de-la-ciutadella-la-tamborinada-organizada-por-la-fundacio-la-roda\/"]}]},{"@type":"BreadcrumbList","@id":"https:\/\/www.museuolimpicbcn.cat\/es\/como-cada-ano-y-en-su-xxxiv-edicion-barcelona-ha-acogido-en-el-parc-de-la-ciutadella-la-tamborinada-organizada-por-la-fundacio-la-roda\/#breadcrumb","itemListElement":[{"@type":"ListItem","position":1,"name":"Inici","item":"https:\/\/www.museuolimpicbcn.cat\/es\/"},{"@type":"ListItem","position":2,"name":"Como cada a\u00f1o, y en su XXXIV edici\u00f3n, Barcelona ha acogido en el Parc de la Ciutadella la Tamborinada organizada por la Fundaci\u00f3 La Roda."}]},{"@type":"WebSite","@id":"https:\/\/www.museuolimpicbcn.cat\/ca\/#website","url":"https:\/\/www.museuolimpicbcn.cat\/ca\/","name":"Museu Ol\u00edmpic i de l&#039;Esport Joan Antoni Samaranch. Barcelona","description":"Altre lloc Web del Museu Ol\u00edmpic i de l&#039;Esport llocs","publisher":{"@id":"https:\/\/www.museuolimpicbcn.cat\/ca\/#organization"},"potentialAction":[{"@type":"SearchAction","target":{"@type":"EntryPoint","urlTemplate":"https:\/\/www.museuolimpicbcn.cat\/ca\/?s={search_term_string}"},"query-input":{"@type":"PropertyValueSpecification","valueRequired":true,"valueName":"search_term_string"}}],"inLanguage":"es"},{"@type":"Organization","@id":"https:\/\/www.museuolimpicbcn.cat\/ca\/#organization","name":"Museu Ol\u00edmpic i de l&#039;Esport Joan Antoni Samaranch. Barcelona","url":"https:\/\/www.museuolimpicbcn.cat\/ca\/","logo":{"@type":"ImageObject","inLanguage":"es","@id":"https:\/\/www.museuolimpicbcn.cat\/ca\/#\/schema\/logo\/image\/","url":"https:\/\/www.museuolimpicbcn.cat\/wp-content\/uploads\/sites\/2\/2018\/12\/logo-moe-header.svg","contentUrl":"https:\/\/www.museuolimpicbcn.cat\/wp-content\/uploads\/sites\/2\/2018\/12\/logo-moe-header.svg","caption":"Museu Ol\u00edmpic i de l&#039;Esport Joan Antoni Samaranch. Barcelona"},"image":{"@id":"https:\/\/www.museuolimpicbcn.cat\/ca\/#\/schema\/logo\/image\/"}},{"@type":"Person","@id":"https:\/\/www.museuolimpicbcn.cat\/ca\/#\/schema\/person\/d05705664e87aa04c6ce53d48133fb39","name":"useradmin","url":"https:\/\/www.museuolimpicbcn.cat\/es\/author\/useradmin\/"}]}},"_links":{"self":[{"href":"https:\/\/www.museuolimpicbcn.cat\/es\/wp-json\/wp\/v2\/posts\/7048"}],"collection":[{"href":"https:\/\/www.museuolimpicbcn.cat\/es\/wp-json\/wp\/v2\/posts"}],"about":[{"href":"https:\/\/www.museuolimpicbcn.cat\/es\/wp-json\/wp\/v2\/types\/post"}],"author":[{"embeddable":true,"href":"https:\/\/www.museuolimpicbcn.cat\/es\/wp-json\/wp\/v2\/users\/1"}],"replies":[{"embeddable":true,"href":"https:\/\/www.museuolimpicbcn.cat\/es\/wp-json\/wp\/v2\/comments?post=7048"}],"version-history":[{"count":0,"href":"https:\/\/www.museuolimpicbcn.cat\/es\/wp-json\/wp\/v2\/posts\/7048\/revisions"}],"wp:attachment":[{"href":"https:\/\/www.museuolimpicbcn.cat\/es\/wp-json\/wp\/v2\/media?parent=7048"}],"wp:term":[{"taxonomy":"category","embeddable":true,"href":"https:\/\/www.museuolimpicbcn.cat\/es\/wp-json\/wp\/v2\/categories?post=7048"},{"taxonomy":"post_tag","embeddable":true,"href":"https:\/\/www.museuolimpicbcn.cat\/es\/wp-json\/wp\/v2\/tags?post=7048"}],"curies":[{"name":"wp","href":"https:\/\/api.w.org\/{rel}","templated":true}]}}