{"id":7578,"date":"2011-09-27T00:00:00","date_gmt":"2011-09-26T22:00:00","guid":{"rendered":"http:\/\/dev.museuolimpicbcn.cat\/con-motivo-del-centenario-de-la-volta-el-museu-olimpic-i-de-lesport-joan-antoni-samaranch-ha-acogido-la-exposicion-volta-a-catalunya-1911-2011-un-segle-desport-i-pais\/"},"modified":"2011-09-27T00:00:00","modified_gmt":"2011-09-26T22:00:00","slug":"con-motivo-del-centenario-de-la-volta-el-museu-olimpic-i-de-lesport-joan-antoni-samaranch-ha-acogido-la-exposicion-volta-a-catalunya-1911-2011-un-segle-desport-i-pais","status":"publish","type":"post","link":"https:\/\/www.museuolimpicbcn.cat\/es\/con-motivo-del-centenario-de-la-volta-el-museu-olimpic-i-de-lesport-joan-antoni-samaranch-ha-acogido-la-exposicion-volta-a-catalunya-1911-2011-un-segle-desport-i-pais\/","title":{"rendered":"Con motivo del centenario de la Volta, el Museu Ol\u00edmpic i de l\u2019Esport Joan Antoni Samaranch ha acogido la exposici\u00f3n &#8216;Volta&#8217; a Catalunya 1911-2011. Un segle d&#8217;esport i pa\u00eds"},"content":{"rendered":"<p>Entre los asistentes a la inauguraci&oacute;n se encontraban los ex Secretaris Generals de l&#8217;Esport Josep Llu&iacute;s Vilaseca, Fidel Sust, Pere Sust y Joan Ant&oacute;n Camu&ntilde;as; Pere Alcober, ex delegat de l&#8217;Esports de l&#8217;Institut Barcelona Esport;&nbsp;Xavier Amador, actual gerente de l&rsquo;Institut Barcelona Esports; David Moner, presidente de l&#8217;UFEC&nbsp;y Carme Mas, presidenta de la Federaci&oacute; Catalana de Ciclisme.<\/p>\n<p><em>&#8220;Volta&#8221; a Catalunya 1911-2011. Un segle d&#8217;esport i pa&iacute;s<\/em>, se podr&aacute; ver en la sala de exposiciones temporales del Museu Olimpic hasta el 6 de noviembre.&nbsp;<\/p>\n<p>La &#8220;Volta&#8221; de nuestra memoria<\/p>\n<p>Al principio del siglo XX, la sociedad catalana compuso un modelo de pa&iacute;s moderno. La popularizaci&oacute;n del deporte como fen&oacute;meno de masas le dio un aire cosmopolita que contribuy&oacute; a equipararlo a las m&aacute;s adelantadas sociedades europeas. Es por ello que la &#8220;Volta&#8221; ha sido un referente en la construcci&oacute;n de la Catalu&ntilde;a del siglo XX.<\/p>\n<p>&#8220;La bici forma parte de la historia de cada uno de nosotros. Su aprendizaje remite a momentos particulares de la ni&ntilde;ez y la adolescencia&#8221;, afirma el prestigioso soci&oacute;logo Marc Aug&eacute;. Pero cien a&ntilde;os despu&eacute;s, la &#8220;Volta&#8221; &nbsp;sigue representando en la memoria popular aquel proyecto de modernidad y servicio en el pa&iacute;s.<\/p>\n<p>Los tiempos han cambiado, claro est&aacute;; el deporte se ha profesionalizado y la globalizaci&oacute;n ha despersonalizado muchas iniciativas, pero la tercera carrera por etapas m&aacute;s antigua del mundo contin&uacute;a levantando pasiones a cada pueblo y ciudad que recorre.<\/p>\n<p>Muertos de fr&iacute;o o ahogados por el bochorno, hemos seguido la &#8220;Volta&#8221; cuando ha pasado por las carreteras de nuestro imaginario ciclista. Ir a encontrar la carrera a pie de ruta siempre que pasa es una ilusi&oacute;n. Animando los corredores y maravill&aacute;ndonos de la facilidad con que suben los puertos, sentimos todav&iacute;a el mismo entusiasmo que de peque&ntilde;os ten&iacute;amos cuando so&ntilde;&aacute;bamos tener alg&uacute;n d&iacute;a una bici para subir aquellos puertos y sentirnos libres y felices.<\/p>\n<p>Es la ilusi&oacute;n de saber que uno de los m&aacute;s originales estandartes que proyectan Catalu&ntilde;a en el mundo pasar&aacute; una ma&ntilde;ana por delante de la puerta de tu casa.<\/p>\n<p>Esta exposici&oacute;n pretende relatar la aportaci&oacute;n de la &#8220;Volta&#8221; a la sociedad catalana, pero tambi&eacute;n a nuestra historia personal.<\/p>\n","protected":false},"excerpt":{"rendered":"<p>El acto de presentaci&oacute;n ha estado presidido por Ivan Tibau &#8211; Secretari General de l&rsquo;Esport -, Maite Fandos &#8211; presidenta de la Fundaci&oacute; Barcelona Ol&iacute;mpica y Tinenta d&#8217;Alcalde de Qualitat de Vida, Igualtat i Esports -, Rub&egrave;n Peris &#8211; presidente de la Volta Ciclista a Catalunya-, y Rafel Vallbona &ndash; comisario de la Exposici&oacute;n. Al acto acudieron personalidades del mundo del deporte, la sociedad y la pol&iacute;tica que no se han querido perder 100 a&ntilde;os de historia deportiva de Catalu&ntilde;a.<\/p>\n","protected":false},"author":1,"featured_media":0,"comment_status":"open","ping_status":"open","sticky":false,"template":"","format":"standard","meta":{"_acf_changed":false,"_price":"","_stock":"","_tribe_ticket_header":"","_tribe_default_ticket_provider":"","_tribe_ticket_capacity":"0","_ticket_start_date":"","_ticket_end_date":"","_tribe_ticket_show_description":"","_tribe_ticket_show_not_going":false,"_tribe_ticket_use_global_stock":"","_tribe_ticket_global_stock_level":"","_global_stock_mode":"","_global_stock_cap":"","_tribe_rsvp_for_event":"","_tribe_ticket_going_count":"","_tribe_ticket_not_going_count":"","_tribe_tickets_list":"[]","_tribe_ticket_has_attendee_info_fields":false,"footnotes":""},"categories":[3],"tags":[],"class_list":["post-7578","post","type-post","status-publish","format-standard","hentry","category-sin-categorizar"],"acf":[],"yoast_head":"<!-- This site is optimized with the Yoast SEO plugin v23.7 - https:\/\/yoast.com\/wordpress\/plugins\/seo\/ -->\n<title>Con motivo del centenario de la Volta, el Museu Ol\u00edmpic i de l\u2019Esport Joan Antoni Samaranch ha acogido la exposici\u00f3n &#039;Volta&#039; a Catalunya 1911-2011. Un segle d&#039;esport i pa\u00eds - Museu Ol\u00edmpic i de l&#039;Esport Joan Antoni Samaranch. Barcelona<\/title>\n<meta name=\"robots\" content=\"index, follow, max-snippet:-1, max-image-preview:large, max-video-preview:-1\" \/>\n<link rel=\"canonical\" href=\"https:\/\/www.museuolimpicbcn.cat\/es\/con-motivo-del-centenario-de-la-volta-el-museu-olimpic-i-de-lesport-joan-antoni-samaranch-ha-acogido-la-exposicion-volta-a-catalunya-1911-2011-un-segle-desport-i-pais\/\" \/>\n<meta property=\"og:locale\" content=\"es_ES\" \/>\n<meta property=\"og:type\" content=\"article\" \/>\n<meta property=\"og:title\" content=\"Con motivo del centenario de la Volta, el Museu Ol\u00edmpic i de l\u2019Esport Joan Antoni Samaranch ha acogido la exposici\u00f3n &#039;Volta&#039; a Catalunya 1911-2011. Un segle d&#039;esport i pa\u00eds - Museu Ol\u00edmpic i de l&#039;Esport Joan Antoni Samaranch. Barcelona\" \/>\n<meta property=\"og:description\" content=\"El acto de presentaci&oacute;n ha estado presidido por Ivan Tibau - Secretari General de l&rsquo;Esport -, Maite Fandos - presidenta de la Fundaci&oacute; Barcelona Ol&iacute;mpica y Tinenta d&#039;Alcalde de Qualitat de Vida, Igualtat i Esports -, Rub&egrave;n Peris - presidente de la Volta Ciclista a Catalunya-, y Rafel Vallbona &ndash; comisario de la Exposici&oacute;n. Al acto acudieron personalidades del mundo del deporte, la sociedad y la pol&iacute;tica que no se han querido perder 100 a&ntilde;os de historia deportiva de Catalu&ntilde;a.\" \/>\n<meta property=\"og:url\" content=\"https:\/\/www.museuolimpicbcn.cat\/es\/con-motivo-del-centenario-de-la-volta-el-museu-olimpic-i-de-lesport-joan-antoni-samaranch-ha-acogido-la-exposicion-volta-a-catalunya-1911-2011-un-segle-desport-i-pais\/\" \/>\n<meta property=\"og:site_name\" content=\"Museu Ol\u00edmpic i de l&#039;Esport Joan Antoni Samaranch. Barcelona\" \/>\n<meta property=\"article:published_time\" content=\"2011-09-26T22:00:00+00:00\" \/>\n<meta name=\"author\" content=\"useradmin\" \/>\n<meta name=\"twitter:card\" content=\"summary_large_image\" \/>\n<meta name=\"twitter:label1\" content=\"Escrito por\" \/>\n\t<meta name=\"twitter:data1\" content=\"useradmin\" \/>\n\t<meta name=\"twitter:label2\" content=\"Tiempo de lectura\" \/>\n\t<meta name=\"twitter:data2\" content=\"2 minutos\" \/>\n<script type=\"application\/ld+json\" class=\"yoast-schema-graph\">{\"@context\":\"https:\/\/schema.org\",\"@graph\":[{\"@type\":\"Article\",\"@id\":\"https:\/\/www.museuolimpicbcn.cat\/es\/con-motivo-del-centenario-de-la-volta-el-museu-olimpic-i-de-lesport-joan-antoni-samaranch-ha-acogido-la-exposicion-volta-a-catalunya-1911-2011-un-segle-desport-i-pais\/#article\",\"isPartOf\":{\"@id\":\"https:\/\/www.museuolimpicbcn.cat\/es\/con-motivo-del-centenario-de-la-volta-el-museu-olimpic-i-de-lesport-joan-antoni-samaranch-ha-acogido-la-exposicion-volta-a-catalunya-1911-2011-un-segle-desport-i-pais\/\"},\"author\":{\"name\":\"useradmin\",\"@id\":\"https:\/\/www.museuolimpicbcn.cat\/ca\/#\/schema\/person\/d05705664e87aa04c6ce53d48133fb39\"},\"headline\":\"Con motivo del centenario de la Volta, el Museu Ol\u00edmpic i de l\u2019Esport Joan Antoni Samaranch ha acogido la exposici\u00f3n &#8216;Volta&#8217; a Catalunya 1911-2011. Un segle d&#8217;esport i pa\u00eds\",\"datePublished\":\"2011-09-26T22:00:00+00:00\",\"dateModified\":\"2011-09-26T22:00:00+00:00\",\"mainEntityOfPage\":{\"@id\":\"https:\/\/www.museuolimpicbcn.cat\/es\/con-motivo-del-centenario-de-la-volta-el-museu-olimpic-i-de-lesport-joan-antoni-samaranch-ha-acogido-la-exposicion-volta-a-catalunya-1911-2011-un-segle-desport-i-pais\/\"},\"wordCount\":472,\"commentCount\":0,\"publisher\":{\"@id\":\"https:\/\/www.museuolimpicbcn.cat\/ca\/#organization\"},\"articleSection\":[\"Sin categorizar\"],\"inLanguage\":\"es\",\"potentialAction\":[{\"@type\":\"CommentAction\",\"name\":\"Comment\",\"target\":[\"https:\/\/www.museuolimpicbcn.cat\/es\/con-motivo-del-centenario-de-la-volta-el-museu-olimpic-i-de-lesport-joan-antoni-samaranch-ha-acogido-la-exposicion-volta-a-catalunya-1911-2011-un-segle-desport-i-pais\/#respond\"]}]},{\"@type\":\"WebPage\",\"@id\":\"https:\/\/www.museuolimpicbcn.cat\/es\/con-motivo-del-centenario-de-la-volta-el-museu-olimpic-i-de-lesport-joan-antoni-samaranch-ha-acogido-la-exposicion-volta-a-catalunya-1911-2011-un-segle-desport-i-pais\/\",\"url\":\"https:\/\/www.museuolimpicbcn.cat\/es\/con-motivo-del-centenario-de-la-volta-el-museu-olimpic-i-de-lesport-joan-antoni-samaranch-ha-acogido-la-exposicion-volta-a-catalunya-1911-2011-un-segle-desport-i-pais\/\",\"name\":\"Con motivo del centenario de la Volta, el Museu Ol\u00edmpic i de l\u2019Esport Joan Antoni Samaranch ha acogido la exposici\u00f3n 'Volta' a Catalunya 1911-2011. Un segle d'esport i pa\u00eds - Museu Ol\u00edmpic i de l&#039;Esport Joan Antoni Samaranch. Barcelona\",\"isPartOf\":{\"@id\":\"https:\/\/www.museuolimpicbcn.cat\/ca\/#website\"},\"datePublished\":\"2011-09-26T22:00:00+00:00\",\"dateModified\":\"2011-09-26T22:00:00+00:00\",\"breadcrumb\":{\"@id\":\"https:\/\/www.museuolimpicbcn.cat\/es\/con-motivo-del-centenario-de-la-volta-el-museu-olimpic-i-de-lesport-joan-antoni-samaranch-ha-acogido-la-exposicion-volta-a-catalunya-1911-2011-un-segle-desport-i-pais\/#breadcrumb\"},\"inLanguage\":\"es\",\"potentialAction\":[{\"@type\":\"ReadAction\",\"target\":[\"https:\/\/www.museuolimpicbcn.cat\/es\/con-motivo-del-centenario-de-la-volta-el-museu-olimpic-i-de-lesport-joan-antoni-samaranch-ha-acogido-la-exposicion-volta-a-catalunya-1911-2011-un-segle-desport-i-pais\/\"]}]},{\"@type\":\"BreadcrumbList\",\"@id\":\"https:\/\/www.museuolimpicbcn.cat\/es\/con-motivo-del-centenario-de-la-volta-el-museu-olimpic-i-de-lesport-joan-antoni-samaranch-ha-acogido-la-exposicion-volta-a-catalunya-1911-2011-un-segle-desport-i-pais\/#breadcrumb\",\"itemListElement\":[{\"@type\":\"ListItem\",\"position\":1,\"name\":\"Inici\",\"item\":\"https:\/\/www.museuolimpicbcn.cat\/es\/\"},{\"@type\":\"ListItem\",\"position\":2,\"name\":\"Con motivo del centenario de la Volta, el Museu Ol\u00edmpic i de l\u2019Esport Joan Antoni Samaranch ha acogido la exposici\u00f3n &#8216;Volta&#8217; a Catalunya 1911-2011. Un segle d&#8217;esport i pa\u00eds\"}]},{\"@type\":\"WebSite\",\"@id\":\"https:\/\/www.museuolimpicbcn.cat\/ca\/#website\",\"url\":\"https:\/\/www.museuolimpicbcn.cat\/ca\/\",\"name\":\"Museu Ol\u00edmpic i de l&#039;Esport Joan Antoni Samaranch. Barcelona\",\"description\":\"Altre lloc Web del Museu Ol\u00edmpic i de l&#039;Esport llocs\",\"publisher\":{\"@id\":\"https:\/\/www.museuolimpicbcn.cat\/ca\/#organization\"},\"potentialAction\":[{\"@type\":\"SearchAction\",\"target\":{\"@type\":\"EntryPoint\",\"urlTemplate\":\"https:\/\/www.museuolimpicbcn.cat\/ca\/?s={search_term_string}\"},\"query-input\":{\"@type\":\"PropertyValueSpecification\",\"valueRequired\":true,\"valueName\":\"search_term_string\"}}],\"inLanguage\":\"es\"},{\"@type\":\"Organization\",\"@id\":\"https:\/\/www.museuolimpicbcn.cat\/ca\/#organization\",\"name\":\"Museu Ol\u00edmpic i de l&#039;Esport Joan Antoni Samaranch. Barcelona\",\"url\":\"https:\/\/www.museuolimpicbcn.cat\/ca\/\",\"logo\":{\"@type\":\"ImageObject\",\"inLanguage\":\"es\",\"@id\":\"https:\/\/www.museuolimpicbcn.cat\/ca\/#\/schema\/logo\/image\/\",\"url\":\"https:\/\/www.museuolimpicbcn.cat\/wp-content\/uploads\/sites\/2\/2018\/12\/logo-moe-header.svg\",\"contentUrl\":\"https:\/\/www.museuolimpicbcn.cat\/wp-content\/uploads\/sites\/2\/2018\/12\/logo-moe-header.svg\",\"caption\":\"Museu Ol\u00edmpic i de l&#039;Esport Joan Antoni Samaranch. Barcelona\"},\"image\":{\"@id\":\"https:\/\/www.museuolimpicbcn.cat\/ca\/#\/schema\/logo\/image\/\"}},{\"@type\":\"Person\",\"@id\":\"https:\/\/www.museuolimpicbcn.cat\/ca\/#\/schema\/person\/d05705664e87aa04c6ce53d48133fb39\",\"name\":\"useradmin\",\"url\":\"https:\/\/www.museuolimpicbcn.cat\/es\/author\/useradmin\/\"}]}<\/script>\n<!-- \/ Yoast SEO plugin. -->","yoast_head_json":{"title":"Con motivo del centenario de la Volta, el Museu Ol\u00edmpic i de l\u2019Esport Joan Antoni Samaranch ha acogido la exposici\u00f3n 'Volta' a Catalunya 1911-2011. Un segle d'esport i pa\u00eds - Museu Ol\u00edmpic i de l&#039;Esport Joan Antoni Samaranch. Barcelona","robots":{"index":"index","follow":"follow","max-snippet":"max-snippet:-1","max-image-preview":"max-image-preview:large","max-video-preview":"max-video-preview:-1"},"canonical":"https:\/\/www.museuolimpicbcn.cat\/es\/con-motivo-del-centenario-de-la-volta-el-museu-olimpic-i-de-lesport-joan-antoni-samaranch-ha-acogido-la-exposicion-volta-a-catalunya-1911-2011-un-segle-desport-i-pais\/","og_locale":"es_ES","og_type":"article","og_title":"Con motivo del centenario de la Volta, el Museu Ol\u00edmpic i de l\u2019Esport Joan Antoni Samaranch ha acogido la exposici\u00f3n 'Volta' a Catalunya 1911-2011. Un segle d'esport i pa\u00eds - Museu Ol\u00edmpic i de l&#039;Esport Joan Antoni Samaranch. Barcelona","og_description":"El acto de presentaci&oacute;n ha estado presidido por Ivan Tibau - Secretari General de l&rsquo;Esport -, Maite Fandos - presidenta de la Fundaci&oacute; Barcelona Ol&iacute;mpica y Tinenta d'Alcalde de Qualitat de Vida, Igualtat i Esports -, Rub&egrave;n Peris - presidente de la Volta Ciclista a Catalunya-, y Rafel Vallbona &ndash; comisario de la Exposici&oacute;n. Al acto acudieron personalidades del mundo del deporte, la sociedad y la pol&iacute;tica que no se han querido perder 100 a&ntilde;os de historia deportiva de Catalu&ntilde;a.","og_url":"https:\/\/www.museuolimpicbcn.cat\/es\/con-motivo-del-centenario-de-la-volta-el-museu-olimpic-i-de-lesport-joan-antoni-samaranch-ha-acogido-la-exposicion-volta-a-catalunya-1911-2011-un-segle-desport-i-pais\/","og_site_name":"Museu Ol\u00edmpic i de l&#039;Esport Joan Antoni Samaranch. Barcelona","article_published_time":"2011-09-26T22:00:00+00:00","author":"useradmin","twitter_card":"summary_large_image","twitter_misc":{"Escrito por":"useradmin","Tiempo de lectura":"2 minutos"},"schema":{"@context":"https:\/\/schema.org","@graph":[{"@type":"Article","@id":"https:\/\/www.museuolimpicbcn.cat\/es\/con-motivo-del-centenario-de-la-volta-el-museu-olimpic-i-de-lesport-joan-antoni-samaranch-ha-acogido-la-exposicion-volta-a-catalunya-1911-2011-un-segle-desport-i-pais\/#article","isPartOf":{"@id":"https:\/\/www.museuolimpicbcn.cat\/es\/con-motivo-del-centenario-de-la-volta-el-museu-olimpic-i-de-lesport-joan-antoni-samaranch-ha-acogido-la-exposicion-volta-a-catalunya-1911-2011-un-segle-desport-i-pais\/"},"author":{"name":"useradmin","@id":"https:\/\/www.museuolimpicbcn.cat\/ca\/#\/schema\/person\/d05705664e87aa04c6ce53d48133fb39"},"headline":"Con motivo del centenario de la Volta, el Museu Ol\u00edmpic i de l\u2019Esport Joan Antoni Samaranch ha acogido la exposici\u00f3n &#8216;Volta&#8217; a Catalunya 1911-2011. Un segle d&#8217;esport i pa\u00eds","datePublished":"2011-09-26T22:00:00+00:00","dateModified":"2011-09-26T22:00:00+00:00","mainEntityOfPage":{"@id":"https:\/\/www.museuolimpicbcn.cat\/es\/con-motivo-del-centenario-de-la-volta-el-museu-olimpic-i-de-lesport-joan-antoni-samaranch-ha-acogido-la-exposicion-volta-a-catalunya-1911-2011-un-segle-desport-i-pais\/"},"wordCount":472,"commentCount":0,"publisher":{"@id":"https:\/\/www.museuolimpicbcn.cat\/ca\/#organization"},"articleSection":["Sin categorizar"],"inLanguage":"es","potentialAction":[{"@type":"CommentAction","name":"Comment","target":["https:\/\/www.museuolimpicbcn.cat\/es\/con-motivo-del-centenario-de-la-volta-el-museu-olimpic-i-de-lesport-joan-antoni-samaranch-ha-acogido-la-exposicion-volta-a-catalunya-1911-2011-un-segle-desport-i-pais\/#respond"]}]},{"@type":"WebPage","@id":"https:\/\/www.museuolimpicbcn.cat\/es\/con-motivo-del-centenario-de-la-volta-el-museu-olimpic-i-de-lesport-joan-antoni-samaranch-ha-acogido-la-exposicion-volta-a-catalunya-1911-2011-un-segle-desport-i-pais\/","url":"https:\/\/www.museuolimpicbcn.cat\/es\/con-motivo-del-centenario-de-la-volta-el-museu-olimpic-i-de-lesport-joan-antoni-samaranch-ha-acogido-la-exposicion-volta-a-catalunya-1911-2011-un-segle-desport-i-pais\/","name":"Con motivo del centenario de la Volta, el Museu Ol\u00edmpic i de l\u2019Esport Joan Antoni Samaranch ha acogido la exposici\u00f3n 'Volta' a Catalunya 1911-2011. Un segle d'esport i pa\u00eds - Museu Ol\u00edmpic i de l&#039;Esport Joan Antoni Samaranch. Barcelona","isPartOf":{"@id":"https:\/\/www.museuolimpicbcn.cat\/ca\/#website"},"datePublished":"2011-09-26T22:00:00+00:00","dateModified":"2011-09-26T22:00:00+00:00","breadcrumb":{"@id":"https:\/\/www.museuolimpicbcn.cat\/es\/con-motivo-del-centenario-de-la-volta-el-museu-olimpic-i-de-lesport-joan-antoni-samaranch-ha-acogido-la-exposicion-volta-a-catalunya-1911-2011-un-segle-desport-i-pais\/#breadcrumb"},"inLanguage":"es","potentialAction":[{"@type":"ReadAction","target":["https:\/\/www.museuolimpicbcn.cat\/es\/con-motivo-del-centenario-de-la-volta-el-museu-olimpic-i-de-lesport-joan-antoni-samaranch-ha-acogido-la-exposicion-volta-a-catalunya-1911-2011-un-segle-desport-i-pais\/"]}]},{"@type":"BreadcrumbList","@id":"https:\/\/www.museuolimpicbcn.cat\/es\/con-motivo-del-centenario-de-la-volta-el-museu-olimpic-i-de-lesport-joan-antoni-samaranch-ha-acogido-la-exposicion-volta-a-catalunya-1911-2011-un-segle-desport-i-pais\/#breadcrumb","itemListElement":[{"@type":"ListItem","position":1,"name":"Inici","item":"https:\/\/www.museuolimpicbcn.cat\/es\/"},{"@type":"ListItem","position":2,"name":"Con motivo del centenario de la Volta, el Museu Ol\u00edmpic i de l\u2019Esport Joan Antoni Samaranch ha acogido la exposici\u00f3n &#8216;Volta&#8217; a Catalunya 1911-2011. Un segle d&#8217;esport i pa\u00eds"}]},{"@type":"WebSite","@id":"https:\/\/www.museuolimpicbcn.cat\/ca\/#website","url":"https:\/\/www.museuolimpicbcn.cat\/ca\/","name":"Museu Ol\u00edmpic i de l&#039;Esport Joan Antoni Samaranch. Barcelona","description":"Altre lloc Web del Museu Ol\u00edmpic i de l&#039;Esport llocs","publisher":{"@id":"https:\/\/www.museuolimpicbcn.cat\/ca\/#organization"},"potentialAction":[{"@type":"SearchAction","target":{"@type":"EntryPoint","urlTemplate":"https:\/\/www.museuolimpicbcn.cat\/ca\/?s={search_term_string}"},"query-input":{"@type":"PropertyValueSpecification","valueRequired":true,"valueName":"search_term_string"}}],"inLanguage":"es"},{"@type":"Organization","@id":"https:\/\/www.museuolimpicbcn.cat\/ca\/#organization","name":"Museu Ol\u00edmpic i de l&#039;Esport Joan Antoni Samaranch. Barcelona","url":"https:\/\/www.museuolimpicbcn.cat\/ca\/","logo":{"@type":"ImageObject","inLanguage":"es","@id":"https:\/\/www.museuolimpicbcn.cat\/ca\/#\/schema\/logo\/image\/","url":"https:\/\/www.museuolimpicbcn.cat\/wp-content\/uploads\/sites\/2\/2018\/12\/logo-moe-header.svg","contentUrl":"https:\/\/www.museuolimpicbcn.cat\/wp-content\/uploads\/sites\/2\/2018\/12\/logo-moe-header.svg","caption":"Museu Ol\u00edmpic i de l&#039;Esport Joan Antoni Samaranch. Barcelona"},"image":{"@id":"https:\/\/www.museuolimpicbcn.cat\/ca\/#\/schema\/logo\/image\/"}},{"@type":"Person","@id":"https:\/\/www.museuolimpicbcn.cat\/ca\/#\/schema\/person\/d05705664e87aa04c6ce53d48133fb39","name":"useradmin","url":"https:\/\/www.museuolimpicbcn.cat\/es\/author\/useradmin\/"}]}},"_links":{"self":[{"href":"https:\/\/www.museuolimpicbcn.cat\/es\/wp-json\/wp\/v2\/posts\/7578"}],"collection":[{"href":"https:\/\/www.museuolimpicbcn.cat\/es\/wp-json\/wp\/v2\/posts"}],"about":[{"href":"https:\/\/www.museuolimpicbcn.cat\/es\/wp-json\/wp\/v2\/types\/post"}],"author":[{"embeddable":true,"href":"https:\/\/www.museuolimpicbcn.cat\/es\/wp-json\/wp\/v2\/users\/1"}],"replies":[{"embeddable":true,"href":"https:\/\/www.museuolimpicbcn.cat\/es\/wp-json\/wp\/v2\/comments?post=7578"}],"version-history":[{"count":0,"href":"https:\/\/www.museuolimpicbcn.cat\/es\/wp-json\/wp\/v2\/posts\/7578\/revisions"}],"wp:attachment":[{"href":"https:\/\/www.museuolimpicbcn.cat\/es\/wp-json\/wp\/v2\/media?parent=7578"}],"wp:term":[{"taxonomy":"category","embeddable":true,"href":"https:\/\/www.museuolimpicbcn.cat\/es\/wp-json\/wp\/v2\/categories?post=7578"},{"taxonomy":"post_tag","embeddable":true,"href":"https:\/\/www.museuolimpicbcn.cat\/es\/wp-json\/wp\/v2\/tags?post=7578"}],"curies":[{"name":"wp","href":"https:\/\/api.w.org\/{rel}","templated":true}]}}