{"id":8074,"date":"2011-12-13T00:00:00","date_gmt":"2011-12-12T23:00:00","guid":{"rendered":"http:\/\/dev.museuolimpicbcn.cat\/pablo-larrazabal-protagonista-de-la-noche-del-golf-catalan-al-museo-olimpico-y-del-deporte-joan-antoni-samaranch\/"},"modified":"2011-12-13T00:00:00","modified_gmt":"2011-12-12T23:00:00","slug":"pablo-larrazabal-protagonista-de-la-noche-del-golf-catalan-al-museo-olimpico-y-del-deporte-joan-antoni-samaranch","status":"publish","type":"post","link":"https:\/\/www.museuolimpicbcn.cat\/es\/pablo-larrazabal-protagonista-de-la-noche-del-golf-catalan-al-museo-olimpico-y-del-deporte-joan-antoni-samaranch\/","title":{"rendered":"Pablo Larraz\u00e1bal, protagonista de la &#8216;Noche del Golf Catal\u00e1n&#8217; al Museo Ol\u00edmpico y del Deporte Joan Antoni Samaranch"},"content":{"rendered":"<p>El acto -que se celebr&oacute; al Museo Ol&iacute;mpico y del Deporte&nbsp;Joan Antoni Samaranch&nbsp;de Barcelona-, estuvo encabezado por el presidente de la Federaci&oacute;n Catalana de&nbsp;Golf,&nbsp;Alberto Duran, as&iacute; como tambi&eacute;npara|por&nbsp;el vicepresidente de relaciones institucionales,&nbsp;Ramon Nogu&eacute;, y el vicepresidente deportivo,Roberto Carpintero. Este a&ntilde;o, el acontecimiento cont&oacute; con la presencia de uno de los profesionales catalanes m&aacute;s destacados del momento,&nbsp;Pablo Larraz&aacute;bal, que se encuentra actualmente entre los cien mejores jugadores del&nbsp;r&agrave;nkingmundial.Durante el acto, el presidente de la&nbsp;FCG,&nbsp;Alberto Duran, dedic&oacute; unas palabras en recuerdo al expresidente de la Federaci&oacute;n,&nbsp;Carlos Rosal, que nos ha dejado recientemente. Por otra parte,&nbsp;Pablo Larraz&aacute;bal&nbsp;tambi&eacute;n dedic&oacute; unas palabras a los asistentes, dirigidas m&aacute;s concretamente a los j&oacute;venes jugadores, en los cuales espole&oacute; a trabajar con constancia para alcanzar sus objetivos.<\/p>\n","protected":false},"excerpt":{"rendered":"<p>&#8216;Noche delGolfCatal&aacute;n&#8217;, acontecimiento donde se entregan los trofeos a los ganadores de las Competiciones Oficiales que la Federaci&oacute;n Catalana deGolforganizado durante este a&ntilde;o 2011.<\/p>\n","protected":false},"author":1,"featured_media":0,"comment_status":"open","ping_status":"open","sticky":false,"template":"","format":"standard","meta":{"_acf_changed":false,"_price":"","_stock":"","_tribe_ticket_header":"","_tribe_default_ticket_provider":"","_tribe_ticket_capacity":"0","_ticket_start_date":"","_ticket_end_date":"","_tribe_ticket_show_description":"","_tribe_ticket_show_not_going":false,"_tribe_ticket_use_global_stock":"","_tribe_ticket_global_stock_level":"","_global_stock_mode":"","_global_stock_cap":"","_tribe_rsvp_for_event":"","_tribe_ticket_going_count":"","_tribe_ticket_not_going_count":"","_tribe_tickets_list":"[]","_tribe_ticket_has_attendee_info_fields":false,"footnotes":""},"categories":[3],"tags":[],"class_list":["post-8074","post","type-post","status-publish","format-standard","hentry","category-sin-categorizar"],"acf":[],"yoast_head":"<!-- This site is optimized with the Yoast SEO plugin v23.7 - https:\/\/yoast.com\/wordpress\/plugins\/seo\/ -->\n<title>Pablo Larraz\u00e1bal, protagonista de la &#039;Noche del Golf Catal\u00e1n&#039; al Museo Ol\u00edmpico y del Deporte Joan Antoni Samaranch - Museu Ol\u00edmpic i de l&#039;Esport Joan Antoni Samaranch. Barcelona<\/title>\n<meta name=\"robots\" content=\"index, follow, max-snippet:-1, max-image-preview:large, max-video-preview:-1\" \/>\n<link rel=\"canonical\" href=\"https:\/\/www.museuolimpicbcn.cat\/es\/pablo-larrazabal-protagonista-de-la-noche-del-golf-catalan-al-museo-olimpico-y-del-deporte-joan-antoni-samaranch\/\" \/>\n<meta property=\"og:locale\" content=\"es_ES\" \/>\n<meta property=\"og:type\" content=\"article\" \/>\n<meta property=\"og:title\" content=\"Pablo Larraz\u00e1bal, protagonista de la &#039;Noche del Golf Catal\u00e1n&#039; al Museo Ol\u00edmpico y del Deporte Joan Antoni Samaranch - Museu Ol\u00edmpic i de l&#039;Esport Joan Antoni Samaranch. Barcelona\" \/>\n<meta property=\"og:description\" content=\"&#039;Noche delGolfCatal&aacute;n&#039;, acontecimiento donde se entregan los trofeos a los ganadores de las Competiciones Oficiales que la Federaci&oacute;n Catalana deGolforganizado durante este a&ntilde;o 2011.\" \/>\n<meta property=\"og:url\" content=\"https:\/\/www.museuolimpicbcn.cat\/es\/pablo-larrazabal-protagonista-de-la-noche-del-golf-catalan-al-museo-olimpico-y-del-deporte-joan-antoni-samaranch\/\" \/>\n<meta property=\"og:site_name\" content=\"Museu Ol\u00edmpic i de l&#039;Esport Joan Antoni Samaranch. Barcelona\" \/>\n<meta property=\"article:published_time\" content=\"2011-12-12T23:00:00+00:00\" \/>\n<meta name=\"author\" content=\"useradmin\" \/>\n<meta name=\"twitter:card\" content=\"summary_large_image\" \/>\n<meta name=\"twitter:label1\" content=\"Escrito por\" \/>\n\t<meta name=\"twitter:data1\" content=\"useradmin\" \/>\n\t<meta name=\"twitter:label2\" content=\"Tiempo de lectura\" \/>\n\t<meta name=\"twitter:data2\" content=\"1 minuto\" \/>\n<script type=\"application\/ld+json\" class=\"yoast-schema-graph\">{\"@context\":\"https:\/\/schema.org\",\"@graph\":[{\"@type\":\"Article\",\"@id\":\"https:\/\/www.museuolimpicbcn.cat\/es\/pablo-larrazabal-protagonista-de-la-noche-del-golf-catalan-al-museo-olimpico-y-del-deporte-joan-antoni-samaranch\/#article\",\"isPartOf\":{\"@id\":\"https:\/\/www.museuolimpicbcn.cat\/es\/pablo-larrazabal-protagonista-de-la-noche-del-golf-catalan-al-museo-olimpico-y-del-deporte-joan-antoni-samaranch\/\"},\"author\":{\"name\":\"useradmin\",\"@id\":\"https:\/\/www.museuolimpicbcn.cat\/ca\/#\/schema\/person\/d05705664e87aa04c6ce53d48133fb39\"},\"headline\":\"Pablo Larraz\u00e1bal, protagonista de la &#8216;Noche del Golf Catal\u00e1n&#8217; al Museo Ol\u00edmpico y del Deporte Joan Antoni Samaranch\",\"datePublished\":\"2011-12-12T23:00:00+00:00\",\"dateModified\":\"2011-12-12T23:00:00+00:00\",\"mainEntityOfPage\":{\"@id\":\"https:\/\/www.museuolimpicbcn.cat\/es\/pablo-larrazabal-protagonista-de-la-noche-del-golf-catalan-al-museo-olimpico-y-del-deporte-joan-antoni-samaranch\/\"},\"wordCount\":200,\"commentCount\":0,\"publisher\":{\"@id\":\"https:\/\/www.museuolimpicbcn.cat\/ca\/#organization\"},\"articleSection\":[\"Sin categorizar\"],\"inLanguage\":\"es\",\"potentialAction\":[{\"@type\":\"CommentAction\",\"name\":\"Comment\",\"target\":[\"https:\/\/www.museuolimpicbcn.cat\/es\/pablo-larrazabal-protagonista-de-la-noche-del-golf-catalan-al-museo-olimpico-y-del-deporte-joan-antoni-samaranch\/#respond\"]}]},{\"@type\":\"WebPage\",\"@id\":\"https:\/\/www.museuolimpicbcn.cat\/es\/pablo-larrazabal-protagonista-de-la-noche-del-golf-catalan-al-museo-olimpico-y-del-deporte-joan-antoni-samaranch\/\",\"url\":\"https:\/\/www.museuolimpicbcn.cat\/es\/pablo-larrazabal-protagonista-de-la-noche-del-golf-catalan-al-museo-olimpico-y-del-deporte-joan-antoni-samaranch\/\",\"name\":\"Pablo Larraz\u00e1bal, protagonista de la 'Noche del Golf Catal\u00e1n' al Museo Ol\u00edmpico y del Deporte Joan Antoni Samaranch - Museu Ol\u00edmpic i de l&#039;Esport Joan Antoni Samaranch. Barcelona\",\"isPartOf\":{\"@id\":\"https:\/\/www.museuolimpicbcn.cat\/ca\/#website\"},\"datePublished\":\"2011-12-12T23:00:00+00:00\",\"dateModified\":\"2011-12-12T23:00:00+00:00\",\"breadcrumb\":{\"@id\":\"https:\/\/www.museuolimpicbcn.cat\/es\/pablo-larrazabal-protagonista-de-la-noche-del-golf-catalan-al-museo-olimpico-y-del-deporte-joan-antoni-samaranch\/#breadcrumb\"},\"inLanguage\":\"es\",\"potentialAction\":[{\"@type\":\"ReadAction\",\"target\":[\"https:\/\/www.museuolimpicbcn.cat\/es\/pablo-larrazabal-protagonista-de-la-noche-del-golf-catalan-al-museo-olimpico-y-del-deporte-joan-antoni-samaranch\/\"]}]},{\"@type\":\"BreadcrumbList\",\"@id\":\"https:\/\/www.museuolimpicbcn.cat\/es\/pablo-larrazabal-protagonista-de-la-noche-del-golf-catalan-al-museo-olimpico-y-del-deporte-joan-antoni-samaranch\/#breadcrumb\",\"itemListElement\":[{\"@type\":\"ListItem\",\"position\":1,\"name\":\"Inici\",\"item\":\"https:\/\/www.museuolimpicbcn.cat\/es\/\"},{\"@type\":\"ListItem\",\"position\":2,\"name\":\"Pablo Larraz\u00e1bal, protagonista de la &#8216;Noche del Golf Catal\u00e1n&#8217; al Museo Ol\u00edmpico y del Deporte Joan Antoni Samaranch\"}]},{\"@type\":\"WebSite\",\"@id\":\"https:\/\/www.museuolimpicbcn.cat\/ca\/#website\",\"url\":\"https:\/\/www.museuolimpicbcn.cat\/ca\/\",\"name\":\"Museu Ol\u00edmpic i de l&#039;Esport Joan Antoni Samaranch. Barcelona\",\"description\":\"Altre lloc Web del Museu Ol\u00edmpic i de l&#039;Esport llocs\",\"publisher\":{\"@id\":\"https:\/\/www.museuolimpicbcn.cat\/ca\/#organization\"},\"potentialAction\":[{\"@type\":\"SearchAction\",\"target\":{\"@type\":\"EntryPoint\",\"urlTemplate\":\"https:\/\/www.museuolimpicbcn.cat\/ca\/?s={search_term_string}\"},\"query-input\":{\"@type\":\"PropertyValueSpecification\",\"valueRequired\":true,\"valueName\":\"search_term_string\"}}],\"inLanguage\":\"es\"},{\"@type\":\"Organization\",\"@id\":\"https:\/\/www.museuolimpicbcn.cat\/ca\/#organization\",\"name\":\"Museu Ol\u00edmpic i de l&#039;Esport Joan Antoni Samaranch. Barcelona\",\"url\":\"https:\/\/www.museuolimpicbcn.cat\/ca\/\",\"logo\":{\"@type\":\"ImageObject\",\"inLanguage\":\"es\",\"@id\":\"https:\/\/www.museuolimpicbcn.cat\/ca\/#\/schema\/logo\/image\/\",\"url\":\"https:\/\/www.museuolimpicbcn.cat\/wp-content\/uploads\/sites\/2\/2018\/12\/logo-moe-header.svg\",\"contentUrl\":\"https:\/\/www.museuolimpicbcn.cat\/wp-content\/uploads\/sites\/2\/2018\/12\/logo-moe-header.svg\",\"caption\":\"Museu Ol\u00edmpic i de l&#039;Esport Joan Antoni Samaranch. Barcelona\"},\"image\":{\"@id\":\"https:\/\/www.museuolimpicbcn.cat\/ca\/#\/schema\/logo\/image\/\"}},{\"@type\":\"Person\",\"@id\":\"https:\/\/www.museuolimpicbcn.cat\/ca\/#\/schema\/person\/d05705664e87aa04c6ce53d48133fb39\",\"name\":\"useradmin\",\"url\":\"https:\/\/www.museuolimpicbcn.cat\/es\/author\/useradmin\/\"}]}<\/script>\n<!-- \/ Yoast SEO plugin. -->","yoast_head_json":{"title":"Pablo Larraz\u00e1bal, protagonista de la 'Noche del Golf Catal\u00e1n' al Museo Ol\u00edmpico y del Deporte Joan Antoni Samaranch - Museu Ol\u00edmpic i de l&#039;Esport Joan Antoni Samaranch. Barcelona","robots":{"index":"index","follow":"follow","max-snippet":"max-snippet:-1","max-image-preview":"max-image-preview:large","max-video-preview":"max-video-preview:-1"},"canonical":"https:\/\/www.museuolimpicbcn.cat\/es\/pablo-larrazabal-protagonista-de-la-noche-del-golf-catalan-al-museo-olimpico-y-del-deporte-joan-antoni-samaranch\/","og_locale":"es_ES","og_type":"article","og_title":"Pablo Larraz\u00e1bal, protagonista de la 'Noche del Golf Catal\u00e1n' al Museo Ol\u00edmpico y del Deporte Joan Antoni Samaranch - Museu Ol\u00edmpic i de l&#039;Esport Joan Antoni Samaranch. Barcelona","og_description":"'Noche delGolfCatal&aacute;n', acontecimiento donde se entregan los trofeos a los ganadores de las Competiciones Oficiales que la Federaci&oacute;n Catalana deGolforganizado durante este a&ntilde;o 2011.","og_url":"https:\/\/www.museuolimpicbcn.cat\/es\/pablo-larrazabal-protagonista-de-la-noche-del-golf-catalan-al-museo-olimpico-y-del-deporte-joan-antoni-samaranch\/","og_site_name":"Museu Ol\u00edmpic i de l&#039;Esport Joan Antoni Samaranch. Barcelona","article_published_time":"2011-12-12T23:00:00+00:00","author":"useradmin","twitter_card":"summary_large_image","twitter_misc":{"Escrito por":"useradmin","Tiempo de lectura":"1 minuto"},"schema":{"@context":"https:\/\/schema.org","@graph":[{"@type":"Article","@id":"https:\/\/www.museuolimpicbcn.cat\/es\/pablo-larrazabal-protagonista-de-la-noche-del-golf-catalan-al-museo-olimpico-y-del-deporte-joan-antoni-samaranch\/#article","isPartOf":{"@id":"https:\/\/www.museuolimpicbcn.cat\/es\/pablo-larrazabal-protagonista-de-la-noche-del-golf-catalan-al-museo-olimpico-y-del-deporte-joan-antoni-samaranch\/"},"author":{"name":"useradmin","@id":"https:\/\/www.museuolimpicbcn.cat\/ca\/#\/schema\/person\/d05705664e87aa04c6ce53d48133fb39"},"headline":"Pablo Larraz\u00e1bal, protagonista de la &#8216;Noche del Golf Catal\u00e1n&#8217; al Museo Ol\u00edmpico y del Deporte Joan Antoni Samaranch","datePublished":"2011-12-12T23:00:00+00:00","dateModified":"2011-12-12T23:00:00+00:00","mainEntityOfPage":{"@id":"https:\/\/www.museuolimpicbcn.cat\/es\/pablo-larrazabal-protagonista-de-la-noche-del-golf-catalan-al-museo-olimpico-y-del-deporte-joan-antoni-samaranch\/"},"wordCount":200,"commentCount":0,"publisher":{"@id":"https:\/\/www.museuolimpicbcn.cat\/ca\/#organization"},"articleSection":["Sin categorizar"],"inLanguage":"es","potentialAction":[{"@type":"CommentAction","name":"Comment","target":["https:\/\/www.museuolimpicbcn.cat\/es\/pablo-larrazabal-protagonista-de-la-noche-del-golf-catalan-al-museo-olimpico-y-del-deporte-joan-antoni-samaranch\/#respond"]}]},{"@type":"WebPage","@id":"https:\/\/www.museuolimpicbcn.cat\/es\/pablo-larrazabal-protagonista-de-la-noche-del-golf-catalan-al-museo-olimpico-y-del-deporte-joan-antoni-samaranch\/","url":"https:\/\/www.museuolimpicbcn.cat\/es\/pablo-larrazabal-protagonista-de-la-noche-del-golf-catalan-al-museo-olimpico-y-del-deporte-joan-antoni-samaranch\/","name":"Pablo Larraz\u00e1bal, protagonista de la 'Noche del Golf Catal\u00e1n' al Museo Ol\u00edmpico y del Deporte Joan Antoni Samaranch - Museu Ol\u00edmpic i de l&#039;Esport Joan Antoni Samaranch. Barcelona","isPartOf":{"@id":"https:\/\/www.museuolimpicbcn.cat\/ca\/#website"},"datePublished":"2011-12-12T23:00:00+00:00","dateModified":"2011-12-12T23:00:00+00:00","breadcrumb":{"@id":"https:\/\/www.museuolimpicbcn.cat\/es\/pablo-larrazabal-protagonista-de-la-noche-del-golf-catalan-al-museo-olimpico-y-del-deporte-joan-antoni-samaranch\/#breadcrumb"},"inLanguage":"es","potentialAction":[{"@type":"ReadAction","target":["https:\/\/www.museuolimpicbcn.cat\/es\/pablo-larrazabal-protagonista-de-la-noche-del-golf-catalan-al-museo-olimpico-y-del-deporte-joan-antoni-samaranch\/"]}]},{"@type":"BreadcrumbList","@id":"https:\/\/www.museuolimpicbcn.cat\/es\/pablo-larrazabal-protagonista-de-la-noche-del-golf-catalan-al-museo-olimpico-y-del-deporte-joan-antoni-samaranch\/#breadcrumb","itemListElement":[{"@type":"ListItem","position":1,"name":"Inici","item":"https:\/\/www.museuolimpicbcn.cat\/es\/"},{"@type":"ListItem","position":2,"name":"Pablo Larraz\u00e1bal, protagonista de la &#8216;Noche del Golf Catal\u00e1n&#8217; al Museo Ol\u00edmpico y del Deporte Joan Antoni Samaranch"}]},{"@type":"WebSite","@id":"https:\/\/www.museuolimpicbcn.cat\/ca\/#website","url":"https:\/\/www.museuolimpicbcn.cat\/ca\/","name":"Museu Ol\u00edmpic i de l&#039;Esport Joan Antoni Samaranch. Barcelona","description":"Altre lloc Web del Museu Ol\u00edmpic i de l&#039;Esport llocs","publisher":{"@id":"https:\/\/www.museuolimpicbcn.cat\/ca\/#organization"},"potentialAction":[{"@type":"SearchAction","target":{"@type":"EntryPoint","urlTemplate":"https:\/\/www.museuolimpicbcn.cat\/ca\/?s={search_term_string}"},"query-input":{"@type":"PropertyValueSpecification","valueRequired":true,"valueName":"search_term_string"}}],"inLanguage":"es"},{"@type":"Organization","@id":"https:\/\/www.museuolimpicbcn.cat\/ca\/#organization","name":"Museu Ol\u00edmpic i de l&#039;Esport Joan Antoni Samaranch. Barcelona","url":"https:\/\/www.museuolimpicbcn.cat\/ca\/","logo":{"@type":"ImageObject","inLanguage":"es","@id":"https:\/\/www.museuolimpicbcn.cat\/ca\/#\/schema\/logo\/image\/","url":"https:\/\/www.museuolimpicbcn.cat\/wp-content\/uploads\/sites\/2\/2018\/12\/logo-moe-header.svg","contentUrl":"https:\/\/www.museuolimpicbcn.cat\/wp-content\/uploads\/sites\/2\/2018\/12\/logo-moe-header.svg","caption":"Museu Ol\u00edmpic i de l&#039;Esport Joan Antoni Samaranch. Barcelona"},"image":{"@id":"https:\/\/www.museuolimpicbcn.cat\/ca\/#\/schema\/logo\/image\/"}},{"@type":"Person","@id":"https:\/\/www.museuolimpicbcn.cat\/ca\/#\/schema\/person\/d05705664e87aa04c6ce53d48133fb39","name":"useradmin","url":"https:\/\/www.museuolimpicbcn.cat\/es\/author\/useradmin\/"}]}},"_links":{"self":[{"href":"https:\/\/www.museuolimpicbcn.cat\/es\/wp-json\/wp\/v2\/posts\/8074"}],"collection":[{"href":"https:\/\/www.museuolimpicbcn.cat\/es\/wp-json\/wp\/v2\/posts"}],"about":[{"href":"https:\/\/www.museuolimpicbcn.cat\/es\/wp-json\/wp\/v2\/types\/post"}],"author":[{"embeddable":true,"href":"https:\/\/www.museuolimpicbcn.cat\/es\/wp-json\/wp\/v2\/users\/1"}],"replies":[{"embeddable":true,"href":"https:\/\/www.museuolimpicbcn.cat\/es\/wp-json\/wp\/v2\/comments?post=8074"}],"version-history":[{"count":0,"href":"https:\/\/www.museuolimpicbcn.cat\/es\/wp-json\/wp\/v2\/posts\/8074\/revisions"}],"wp:attachment":[{"href":"https:\/\/www.museuolimpicbcn.cat\/es\/wp-json\/wp\/v2\/media?parent=8074"}],"wp:term":[{"taxonomy":"category","embeddable":true,"href":"https:\/\/www.museuolimpicbcn.cat\/es\/wp-json\/wp\/v2\/categories?post=8074"},{"taxonomy":"post_tag","embeddable":true,"href":"https:\/\/www.museuolimpicbcn.cat\/es\/wp-json\/wp\/v2\/tags?post=8074"}],"curies":[{"name":"wp","href":"https:\/\/api.w.org\/{rel}","templated":true}]}}