{"id":8790,"date":"2012-06-06T00:00:00","date_gmt":"2012-06-05T22:00:00","guid":{"rendered":"http:\/\/dev.museuolimpicbcn.cat\/el-centre-destudis-juridics-i-formacio-especialitzada-de-la-generalitat-de-catalunya-ha-presentado-la-iv-jornada-sobre-actividad-fisica-y-deporte-en-los-centros-penitenciarios\/"},"modified":"2012-06-06T00:00:00","modified_gmt":"2012-06-05T22:00:00","slug":"el-centre-destudis-juridics-i-formacio-especialitzada-de-la-generalitat-de-catalunya-ha-presentado-la-iv-jornada-sobre-actividad-fisica-y-deporte-en-los-centros-penitenciarios","status":"publish","type":"post","link":"https:\/\/www.museuolimpicbcn.cat\/es\/el-centre-destudis-juridics-i-formacio-especialitzada-de-la-generalitat-de-catalunya-ha-presentado-la-iv-jornada-sobre-actividad-fisica-y-deporte-en-los-centros-penitenciarios\/","title":{"rendered":"El Centre d\u2019Estudis Jur\u00eddics i Formaci\u00f3 Especialitzada de la Generalitat de Catalunya ha presentado la IV Jornada sobre Actividad F\u00edsica y Deporte en los  Centros Penitenciarios."},"content":{"rendered":"<p>El acto fue presentado por Miguel &Aacute;ngel Esteban, jefe de servicios de Rehabilitaci&oacute;n de la Direcci&oacute;n General de Servicios Penitenciarios del Departamento de Justicia;&nbsp; Jesus Mart&iacute;nez, responsable de Formaci&oacute;n Directiva y Nuevos Programas del Centro de Estudios Jur&iacute;dicos y de Formaci&oacute;n Especializada y Julio Pernas Director de la Fundaci&oacute; Barcelona Ol&iacute;mpica.<\/p>\n<p>&nbsp;<\/p>\n","protected":false},"excerpt":{"rendered":"<p>El deporte como instrumento de cohesi&oacute;n es una herramienta que se usa en diversos &aacute;mbitos, entre los que se destacan las prisiones. El deporte es un recurso recurrente para los educadores, su atractivo para el usuario (en este caso el preso), hacen del deporte un elemento conciliador.<\/p>\n","protected":false},"author":1,"featured_media":0,"comment_status":"open","ping_status":"open","sticky":false,"template":"","format":"standard","meta":{"_acf_changed":false,"_price":"","_stock":"","_tribe_ticket_header":"","_tribe_default_ticket_provider":"","_tribe_ticket_capacity":"0","_ticket_start_date":"","_ticket_end_date":"","_tribe_ticket_show_description":"","_tribe_ticket_show_not_going":false,"_tribe_ticket_use_global_stock":"","_tribe_ticket_global_stock_level":"","_global_stock_mode":"","_global_stock_cap":"","_tribe_rsvp_for_event":"","_tribe_ticket_going_count":"","_tribe_ticket_not_going_count":"","_tribe_tickets_list":"[]","_tribe_ticket_has_attendee_info_fields":false,"footnotes":""},"categories":[3],"tags":[],"class_list":["post-8790","post","type-post","status-publish","format-standard","hentry","category-sin-categorizar"],"acf":[],"yoast_head":"<!-- This site is optimized with the Yoast SEO plugin v23.7 - https:\/\/yoast.com\/wordpress\/plugins\/seo\/ -->\n<title>El Centre d\u2019Estudis Jur\u00eddics i Formaci\u00f3 Especialitzada de la Generalitat de Catalunya ha presentado la IV Jornada sobre Actividad F\u00edsica y Deporte en los Centros Penitenciarios. - Museu Ol\u00edmpic i de l&#039;Esport Joan Antoni Samaranch. Barcelona<\/title>\n<meta name=\"robots\" content=\"index, follow, max-snippet:-1, max-image-preview:large, max-video-preview:-1\" \/>\n<link rel=\"canonical\" href=\"https:\/\/www.museuolimpicbcn.cat\/es\/el-centre-destudis-juridics-i-formacio-especialitzada-de-la-generalitat-de-catalunya-ha-presentado-la-iv-jornada-sobre-actividad-fisica-y-deporte-en-los-centros-penitenciarios\/\" \/>\n<meta property=\"og:locale\" content=\"es_ES\" \/>\n<meta property=\"og:type\" content=\"article\" \/>\n<meta property=\"og:title\" content=\"El Centre d\u2019Estudis Jur\u00eddics i Formaci\u00f3 Especialitzada de la Generalitat de Catalunya ha presentado la IV Jornada sobre Actividad F\u00edsica y Deporte en los Centros Penitenciarios. - Museu Ol\u00edmpic i de l&#039;Esport Joan Antoni Samaranch. Barcelona\" \/>\n<meta property=\"og:description\" content=\"El deporte como instrumento de cohesi&oacute;n es una herramienta que se usa en diversos &aacute;mbitos, entre los que se destacan las prisiones. El deporte es un recurso recurrente para los educadores, su atractivo para el usuario (en este caso el preso), hacen del deporte un elemento conciliador.\" \/>\n<meta property=\"og:url\" content=\"https:\/\/www.museuolimpicbcn.cat\/es\/el-centre-destudis-juridics-i-formacio-especialitzada-de-la-generalitat-de-catalunya-ha-presentado-la-iv-jornada-sobre-actividad-fisica-y-deporte-en-los-centros-penitenciarios\/\" \/>\n<meta property=\"og:site_name\" content=\"Museu Ol\u00edmpic i de l&#039;Esport Joan Antoni Samaranch. Barcelona\" \/>\n<meta property=\"article:published_time\" content=\"2012-06-05T22:00:00+00:00\" \/>\n<meta name=\"author\" content=\"useradmin\" \/>\n<meta name=\"twitter:card\" content=\"summary_large_image\" \/>\n<meta name=\"twitter:label1\" content=\"Escrito por\" \/>\n\t<meta name=\"twitter:data1\" content=\"useradmin\" \/>\n<script type=\"application\/ld+json\" class=\"yoast-schema-graph\">{\"@context\":\"https:\/\/schema.org\",\"@graph\":[{\"@type\":\"Article\",\"@id\":\"https:\/\/www.museuolimpicbcn.cat\/es\/el-centre-destudis-juridics-i-formacio-especialitzada-de-la-generalitat-de-catalunya-ha-presentado-la-iv-jornada-sobre-actividad-fisica-y-deporte-en-los-centros-penitenciarios\/#article\",\"isPartOf\":{\"@id\":\"https:\/\/www.museuolimpicbcn.cat\/es\/el-centre-destudis-juridics-i-formacio-especialitzada-de-la-generalitat-de-catalunya-ha-presentado-la-iv-jornada-sobre-actividad-fisica-y-deporte-en-los-centros-penitenciarios\/\"},\"author\":{\"name\":\"useradmin\",\"@id\":\"https:\/\/www.museuolimpicbcn.cat\/ca\/#\/schema\/person\/d05705664e87aa04c6ce53d48133fb39\"},\"headline\":\"El Centre d\u2019Estudis Jur\u00eddics i Formaci\u00f3 Especialitzada de la Generalitat de Catalunya ha presentado la IV Jornada sobre Actividad F\u00edsica y Deporte en los Centros Penitenciarios.\",\"datePublished\":\"2012-06-05T22:00:00+00:00\",\"dateModified\":\"2012-06-05T22:00:00+00:00\",\"mainEntityOfPage\":{\"@id\":\"https:\/\/www.museuolimpicbcn.cat\/es\/el-centre-destudis-juridics-i-formacio-especialitzada-de-la-generalitat-de-catalunya-ha-presentado-la-iv-jornada-sobre-actividad-fisica-y-deporte-en-los-centros-penitenciarios\/\"},\"wordCount\":98,\"commentCount\":0,\"publisher\":{\"@id\":\"https:\/\/www.museuolimpicbcn.cat\/ca\/#organization\"},\"articleSection\":[\"Sin categorizar\"],\"inLanguage\":\"es\",\"potentialAction\":[{\"@type\":\"CommentAction\",\"name\":\"Comment\",\"target\":[\"https:\/\/www.museuolimpicbcn.cat\/es\/el-centre-destudis-juridics-i-formacio-especialitzada-de-la-generalitat-de-catalunya-ha-presentado-la-iv-jornada-sobre-actividad-fisica-y-deporte-en-los-centros-penitenciarios\/#respond\"]}]},{\"@type\":\"WebPage\",\"@id\":\"https:\/\/www.museuolimpicbcn.cat\/es\/el-centre-destudis-juridics-i-formacio-especialitzada-de-la-generalitat-de-catalunya-ha-presentado-la-iv-jornada-sobre-actividad-fisica-y-deporte-en-los-centros-penitenciarios\/\",\"url\":\"https:\/\/www.museuolimpicbcn.cat\/es\/el-centre-destudis-juridics-i-formacio-especialitzada-de-la-generalitat-de-catalunya-ha-presentado-la-iv-jornada-sobre-actividad-fisica-y-deporte-en-los-centros-penitenciarios\/\",\"name\":\"El Centre d\u2019Estudis Jur\u00eddics i Formaci\u00f3 Especialitzada de la Generalitat de Catalunya ha presentado la IV Jornada sobre Actividad F\u00edsica y Deporte en los Centros Penitenciarios. - Museu Ol\u00edmpic i de l&#039;Esport Joan Antoni Samaranch. Barcelona\",\"isPartOf\":{\"@id\":\"https:\/\/www.museuolimpicbcn.cat\/ca\/#website\"},\"datePublished\":\"2012-06-05T22:00:00+00:00\",\"dateModified\":\"2012-06-05T22:00:00+00:00\",\"breadcrumb\":{\"@id\":\"https:\/\/www.museuolimpicbcn.cat\/es\/el-centre-destudis-juridics-i-formacio-especialitzada-de-la-generalitat-de-catalunya-ha-presentado-la-iv-jornada-sobre-actividad-fisica-y-deporte-en-los-centros-penitenciarios\/#breadcrumb\"},\"inLanguage\":\"es\",\"potentialAction\":[{\"@type\":\"ReadAction\",\"target\":[\"https:\/\/www.museuolimpicbcn.cat\/es\/el-centre-destudis-juridics-i-formacio-especialitzada-de-la-generalitat-de-catalunya-ha-presentado-la-iv-jornada-sobre-actividad-fisica-y-deporte-en-los-centros-penitenciarios\/\"]}]},{\"@type\":\"BreadcrumbList\",\"@id\":\"https:\/\/www.museuolimpicbcn.cat\/es\/el-centre-destudis-juridics-i-formacio-especialitzada-de-la-generalitat-de-catalunya-ha-presentado-la-iv-jornada-sobre-actividad-fisica-y-deporte-en-los-centros-penitenciarios\/#breadcrumb\",\"itemListElement\":[{\"@type\":\"ListItem\",\"position\":1,\"name\":\"Inici\",\"item\":\"https:\/\/www.museuolimpicbcn.cat\/es\/\"},{\"@type\":\"ListItem\",\"position\":2,\"name\":\"El Centre d\u2019Estudis Jur\u00eddics i Formaci\u00f3 Especialitzada de la Generalitat de Catalunya ha presentado la IV Jornada sobre Actividad F\u00edsica y Deporte en los Centros Penitenciarios.\"}]},{\"@type\":\"WebSite\",\"@id\":\"https:\/\/www.museuolimpicbcn.cat\/ca\/#website\",\"url\":\"https:\/\/www.museuolimpicbcn.cat\/ca\/\",\"name\":\"Museu Ol\u00edmpic i de l&#039;Esport Joan Antoni Samaranch. Barcelona\",\"description\":\"Altre lloc Web del Museu Ol\u00edmpic i de l&#039;Esport llocs\",\"publisher\":{\"@id\":\"https:\/\/www.museuolimpicbcn.cat\/ca\/#organization\"},\"potentialAction\":[{\"@type\":\"SearchAction\",\"target\":{\"@type\":\"EntryPoint\",\"urlTemplate\":\"https:\/\/www.museuolimpicbcn.cat\/ca\/?s={search_term_string}\"},\"query-input\":{\"@type\":\"PropertyValueSpecification\",\"valueRequired\":true,\"valueName\":\"search_term_string\"}}],\"inLanguage\":\"es\"},{\"@type\":\"Organization\",\"@id\":\"https:\/\/www.museuolimpicbcn.cat\/ca\/#organization\",\"name\":\"Museu Ol\u00edmpic i de l&#039;Esport Joan Antoni Samaranch. Barcelona\",\"url\":\"https:\/\/www.museuolimpicbcn.cat\/ca\/\",\"logo\":{\"@type\":\"ImageObject\",\"inLanguage\":\"es\",\"@id\":\"https:\/\/www.museuolimpicbcn.cat\/ca\/#\/schema\/logo\/image\/\",\"url\":\"https:\/\/www.museuolimpicbcn.cat\/wp-content\/uploads\/sites\/2\/2018\/12\/logo-moe-header.svg\",\"contentUrl\":\"https:\/\/www.museuolimpicbcn.cat\/wp-content\/uploads\/sites\/2\/2018\/12\/logo-moe-header.svg\",\"caption\":\"Museu Ol\u00edmpic i de l&#039;Esport Joan Antoni Samaranch. Barcelona\"},\"image\":{\"@id\":\"https:\/\/www.museuolimpicbcn.cat\/ca\/#\/schema\/logo\/image\/\"}},{\"@type\":\"Person\",\"@id\":\"https:\/\/www.museuolimpicbcn.cat\/ca\/#\/schema\/person\/d05705664e87aa04c6ce53d48133fb39\",\"name\":\"useradmin\",\"url\":\"https:\/\/www.museuolimpicbcn.cat\/es\/author\/useradmin\/\"}]}<\/script>\n<!-- \/ Yoast SEO plugin. -->","yoast_head_json":{"title":"El Centre d\u2019Estudis Jur\u00eddics i Formaci\u00f3 Especialitzada de la Generalitat de Catalunya ha presentado la IV Jornada sobre Actividad F\u00edsica y Deporte en los Centros Penitenciarios. - Museu Ol\u00edmpic i de l&#039;Esport Joan Antoni Samaranch. Barcelona","robots":{"index":"index","follow":"follow","max-snippet":"max-snippet:-1","max-image-preview":"max-image-preview:large","max-video-preview":"max-video-preview:-1"},"canonical":"https:\/\/www.museuolimpicbcn.cat\/es\/el-centre-destudis-juridics-i-formacio-especialitzada-de-la-generalitat-de-catalunya-ha-presentado-la-iv-jornada-sobre-actividad-fisica-y-deporte-en-los-centros-penitenciarios\/","og_locale":"es_ES","og_type":"article","og_title":"El Centre d\u2019Estudis Jur\u00eddics i Formaci\u00f3 Especialitzada de la Generalitat de Catalunya ha presentado la IV Jornada sobre Actividad F\u00edsica y Deporte en los Centros Penitenciarios. - Museu Ol\u00edmpic i de l&#039;Esport Joan Antoni Samaranch. Barcelona","og_description":"El deporte como instrumento de cohesi&oacute;n es una herramienta que se usa en diversos &aacute;mbitos, entre los que se destacan las prisiones. El deporte es un recurso recurrente para los educadores, su atractivo para el usuario (en este caso el preso), hacen del deporte un elemento conciliador.","og_url":"https:\/\/www.museuolimpicbcn.cat\/es\/el-centre-destudis-juridics-i-formacio-especialitzada-de-la-generalitat-de-catalunya-ha-presentado-la-iv-jornada-sobre-actividad-fisica-y-deporte-en-los-centros-penitenciarios\/","og_site_name":"Museu Ol\u00edmpic i de l&#039;Esport Joan Antoni Samaranch. Barcelona","article_published_time":"2012-06-05T22:00:00+00:00","author":"useradmin","twitter_card":"summary_large_image","twitter_misc":{"Escrito por":"useradmin"},"schema":{"@context":"https:\/\/schema.org","@graph":[{"@type":"Article","@id":"https:\/\/www.museuolimpicbcn.cat\/es\/el-centre-destudis-juridics-i-formacio-especialitzada-de-la-generalitat-de-catalunya-ha-presentado-la-iv-jornada-sobre-actividad-fisica-y-deporte-en-los-centros-penitenciarios\/#article","isPartOf":{"@id":"https:\/\/www.museuolimpicbcn.cat\/es\/el-centre-destudis-juridics-i-formacio-especialitzada-de-la-generalitat-de-catalunya-ha-presentado-la-iv-jornada-sobre-actividad-fisica-y-deporte-en-los-centros-penitenciarios\/"},"author":{"name":"useradmin","@id":"https:\/\/www.museuolimpicbcn.cat\/ca\/#\/schema\/person\/d05705664e87aa04c6ce53d48133fb39"},"headline":"El Centre d\u2019Estudis Jur\u00eddics i Formaci\u00f3 Especialitzada de la Generalitat de Catalunya ha presentado la IV Jornada sobre Actividad F\u00edsica y Deporte en los Centros Penitenciarios.","datePublished":"2012-06-05T22:00:00+00:00","dateModified":"2012-06-05T22:00:00+00:00","mainEntityOfPage":{"@id":"https:\/\/www.museuolimpicbcn.cat\/es\/el-centre-destudis-juridics-i-formacio-especialitzada-de-la-generalitat-de-catalunya-ha-presentado-la-iv-jornada-sobre-actividad-fisica-y-deporte-en-los-centros-penitenciarios\/"},"wordCount":98,"commentCount":0,"publisher":{"@id":"https:\/\/www.museuolimpicbcn.cat\/ca\/#organization"},"articleSection":["Sin categorizar"],"inLanguage":"es","potentialAction":[{"@type":"CommentAction","name":"Comment","target":["https:\/\/www.museuolimpicbcn.cat\/es\/el-centre-destudis-juridics-i-formacio-especialitzada-de-la-generalitat-de-catalunya-ha-presentado-la-iv-jornada-sobre-actividad-fisica-y-deporte-en-los-centros-penitenciarios\/#respond"]}]},{"@type":"WebPage","@id":"https:\/\/www.museuolimpicbcn.cat\/es\/el-centre-destudis-juridics-i-formacio-especialitzada-de-la-generalitat-de-catalunya-ha-presentado-la-iv-jornada-sobre-actividad-fisica-y-deporte-en-los-centros-penitenciarios\/","url":"https:\/\/www.museuolimpicbcn.cat\/es\/el-centre-destudis-juridics-i-formacio-especialitzada-de-la-generalitat-de-catalunya-ha-presentado-la-iv-jornada-sobre-actividad-fisica-y-deporte-en-los-centros-penitenciarios\/","name":"El Centre d\u2019Estudis Jur\u00eddics i Formaci\u00f3 Especialitzada de la Generalitat de Catalunya ha presentado la IV Jornada sobre Actividad F\u00edsica y Deporte en los Centros Penitenciarios. - Museu Ol\u00edmpic i de l&#039;Esport Joan Antoni Samaranch. Barcelona","isPartOf":{"@id":"https:\/\/www.museuolimpicbcn.cat\/ca\/#website"},"datePublished":"2012-06-05T22:00:00+00:00","dateModified":"2012-06-05T22:00:00+00:00","breadcrumb":{"@id":"https:\/\/www.museuolimpicbcn.cat\/es\/el-centre-destudis-juridics-i-formacio-especialitzada-de-la-generalitat-de-catalunya-ha-presentado-la-iv-jornada-sobre-actividad-fisica-y-deporte-en-los-centros-penitenciarios\/#breadcrumb"},"inLanguage":"es","potentialAction":[{"@type":"ReadAction","target":["https:\/\/www.museuolimpicbcn.cat\/es\/el-centre-destudis-juridics-i-formacio-especialitzada-de-la-generalitat-de-catalunya-ha-presentado-la-iv-jornada-sobre-actividad-fisica-y-deporte-en-los-centros-penitenciarios\/"]}]},{"@type":"BreadcrumbList","@id":"https:\/\/www.museuolimpicbcn.cat\/es\/el-centre-destudis-juridics-i-formacio-especialitzada-de-la-generalitat-de-catalunya-ha-presentado-la-iv-jornada-sobre-actividad-fisica-y-deporte-en-los-centros-penitenciarios\/#breadcrumb","itemListElement":[{"@type":"ListItem","position":1,"name":"Inici","item":"https:\/\/www.museuolimpicbcn.cat\/es\/"},{"@type":"ListItem","position":2,"name":"El Centre d\u2019Estudis Jur\u00eddics i Formaci\u00f3 Especialitzada de la Generalitat de Catalunya ha presentado la IV Jornada sobre Actividad F\u00edsica y Deporte en los Centros Penitenciarios."}]},{"@type":"WebSite","@id":"https:\/\/www.museuolimpicbcn.cat\/ca\/#website","url":"https:\/\/www.museuolimpicbcn.cat\/ca\/","name":"Museu Ol\u00edmpic i de l&#039;Esport Joan Antoni Samaranch. Barcelona","description":"Altre lloc Web del Museu Ol\u00edmpic i de l&#039;Esport llocs","publisher":{"@id":"https:\/\/www.museuolimpicbcn.cat\/ca\/#organization"},"potentialAction":[{"@type":"SearchAction","target":{"@type":"EntryPoint","urlTemplate":"https:\/\/www.museuolimpicbcn.cat\/ca\/?s={search_term_string}"},"query-input":{"@type":"PropertyValueSpecification","valueRequired":true,"valueName":"search_term_string"}}],"inLanguage":"es"},{"@type":"Organization","@id":"https:\/\/www.museuolimpicbcn.cat\/ca\/#organization","name":"Museu Ol\u00edmpic i de l&#039;Esport Joan Antoni Samaranch. Barcelona","url":"https:\/\/www.museuolimpicbcn.cat\/ca\/","logo":{"@type":"ImageObject","inLanguage":"es","@id":"https:\/\/www.museuolimpicbcn.cat\/ca\/#\/schema\/logo\/image\/","url":"https:\/\/www.museuolimpicbcn.cat\/wp-content\/uploads\/sites\/2\/2018\/12\/logo-moe-header.svg","contentUrl":"https:\/\/www.museuolimpicbcn.cat\/wp-content\/uploads\/sites\/2\/2018\/12\/logo-moe-header.svg","caption":"Museu Ol\u00edmpic i de l&#039;Esport Joan Antoni Samaranch. Barcelona"},"image":{"@id":"https:\/\/www.museuolimpicbcn.cat\/ca\/#\/schema\/logo\/image\/"}},{"@type":"Person","@id":"https:\/\/www.museuolimpicbcn.cat\/ca\/#\/schema\/person\/d05705664e87aa04c6ce53d48133fb39","name":"useradmin","url":"https:\/\/www.museuolimpicbcn.cat\/es\/author\/useradmin\/"}]}},"_links":{"self":[{"href":"https:\/\/www.museuolimpicbcn.cat\/es\/wp-json\/wp\/v2\/posts\/8790"}],"collection":[{"href":"https:\/\/www.museuolimpicbcn.cat\/es\/wp-json\/wp\/v2\/posts"}],"about":[{"href":"https:\/\/www.museuolimpicbcn.cat\/es\/wp-json\/wp\/v2\/types\/post"}],"author":[{"embeddable":true,"href":"https:\/\/www.museuolimpicbcn.cat\/es\/wp-json\/wp\/v2\/users\/1"}],"replies":[{"embeddable":true,"href":"https:\/\/www.museuolimpicbcn.cat\/es\/wp-json\/wp\/v2\/comments?post=8790"}],"version-history":[{"count":0,"href":"https:\/\/www.museuolimpicbcn.cat\/es\/wp-json\/wp\/v2\/posts\/8790\/revisions"}],"wp:attachment":[{"href":"https:\/\/www.museuolimpicbcn.cat\/es\/wp-json\/wp\/v2\/media?parent=8790"}],"wp:term":[{"taxonomy":"category","embeddable":true,"href":"https:\/\/www.museuolimpicbcn.cat\/es\/wp-json\/wp\/v2\/categories?post=8790"},{"taxonomy":"post_tag","embeddable":true,"href":"https:\/\/www.museuolimpicbcn.cat\/es\/wp-json\/wp\/v2\/tags?post=8790"}],"curies":[{"name":"wp","href":"https:\/\/api.w.org\/{rel}","templated":true}]}}