{"id":8983,"date":"2012-07-20T00:00:00","date_gmt":"2012-07-19T22:00:00","guid":{"rendered":"http:\/\/dev.museuolimpicbcn.cat\/el-ayuntamiento-de-barcelona-la-unio-de-federacions-esportives-de-catalunya-ufec-y-san-miguel-00-aunan-esfuerzos-con-motivo-del-20-aniversario-de-los-juegos-olimpicos-de-barcelona-1992\/"},"modified":"2012-07-20T00:00:00","modified_gmt":"2012-07-19T22:00:00","slug":"el-ayuntamiento-de-barcelona-la-unio-de-federacions-esportives-de-catalunya-ufec-y-san-miguel-00-aunan-esfuerzos-con-motivo-del-20-aniversario-de-los-juegos-olimpicos-de-barcelona-1992","status":"publish","type":"post","link":"https:\/\/www.museuolimpicbcn.cat\/es\/el-ayuntamiento-de-barcelona-la-unio-de-federacions-esportives-de-catalunya-ufec-y-san-miguel-00-aunan-esfuerzos-con-motivo-del-20-aniversario-de-los-juegos-olimpicos-de-barcelona-1992\/","title":{"rendered":"El Ayuntamiento de Barcelona, la Uni\u00f3 de Federacions Esportives de Catalunya -UFEC-  y San Miguel 0,0 a\u00fanan esfuerzos  con motivo del 20 aniversario de los Juegos Ol\u00edmpicos de Barcelona 1992."},"content":{"rendered":"<p>El relevo de la antorcha saldr&aacute; de plaza San Jaume, donde Juan Antonio San Epifanio &ndash; Epi &ndash; har&aacute; el primer relevo, sucesivamente tomar&aacute;n la antorcha diversos deportistas ol&iacute;mpicos, paraol&iacute;mpicos, un voluntario ol&iacute;mpico, el arbitro que hizo el juramento en Barcelona&rsquo;92 y periodistas. El &uacute;ltimo relevista ser&aacute; Gervasio Defferr estandarte del deporte ol&iacute;mpico que ser&aacute; el encargado de acercar al pebetero situado en el Museu Ol&iacute;mpic i de l&rsquo;Esport Joan Antoni Samaranch, la llama del aniversario de los mejores Juegos de la Historia.<\/p>\n<p>La antorcha que har&aacute; este recorrido, ha sido la desarrollada por el estudiante Marc Rocas, de l aescuela EINA (Escola de Disseny i Art), que result&oacute; el ganador del concurso &ldquo;San Miguel 0,0 &ndash; Antorcha conmemorativa 20 a&ntilde;os de Barcelona 1992&rdquo;<\/p>\n<p>Tras el encendido del pebetero &ndash; replica del de BCN&rsquo;92 &ndash; El alcalde de Barcelona junto con David Moner,&nbsp; mostrar&aacute;n la escultura de Rosa Serra, donada por la UFEC a la Fundaci&oacute; Barcelona Ol&iacute;mpica.<\/p>\n<p>&nbsp;<\/p>\n","protected":false},"excerpt":{"rendered":"<p>Maite Fandos, tinenta d&rsquo;alcalde de Qualitat de Vida, Igualtat i Esports de l&rsquo;Ajuntament de Barcelona; David Moner, presidente de la UFEC y Xavier P&eacute;rez, representante de San Miguel 0,0 han sido los encargados de presentar uno de los actos m&aacute;s significativos, el relevo de antorcha, que se celebrar&aacute; el 25 de julio con motivo del aniversario de Barcelona 92. El acto ha contado con un moderador de excepci&oacute;n el waterpolista Txiki Sanz &#8211; 5 veces ol&iacute;mpico, campe&oacute;n ol&iacute;mpico en Atlanta&rsquo;96 y medalla de plata en Barcelona&rsquo;92.<\/p>\n","protected":false},"author":1,"featured_media":0,"comment_status":"open","ping_status":"open","sticky":false,"template":"","format":"standard","meta":{"_acf_changed":false,"_price":"","_stock":"","_tribe_ticket_header":"","_tribe_default_ticket_provider":"","_tribe_ticket_capacity":"0","_ticket_start_date":"","_ticket_end_date":"","_tribe_ticket_show_description":"","_tribe_ticket_show_not_going":false,"_tribe_ticket_use_global_stock":"","_tribe_ticket_global_stock_level":"","_global_stock_mode":"","_global_stock_cap":"","_tribe_rsvp_for_event":"","_tribe_ticket_going_count":"","_tribe_ticket_not_going_count":"","_tribe_tickets_list":"[]","_tribe_ticket_has_attendee_info_fields":false,"footnotes":""},"categories":[3],"tags":[],"class_list":["post-8983","post","type-post","status-publish","format-standard","hentry","category-sin-categorizar"],"acf":[],"yoast_head":"<!-- This site is optimized with the Yoast SEO plugin v23.7 - https:\/\/yoast.com\/wordpress\/plugins\/seo\/ -->\n<title>El Ayuntamiento de Barcelona, la Uni\u00f3 de Federacions Esportives de Catalunya -UFEC- y San Miguel 0,0 a\u00fanan esfuerzos con motivo del 20 aniversario de los Juegos Ol\u00edmpicos de Barcelona 1992. - Museu Ol\u00edmpic i de l&#039;Esport Joan Antoni Samaranch. Barcelona<\/title>\n<meta name=\"robots\" content=\"index, follow, max-snippet:-1, max-image-preview:large, max-video-preview:-1\" \/>\n<link rel=\"canonical\" href=\"https:\/\/www.museuolimpicbcn.cat\/es\/el-ayuntamiento-de-barcelona-la-unio-de-federacions-esportives-de-catalunya-ufec-y-san-miguel-00-aunan-esfuerzos-con-motivo-del-20-aniversario-de-los-juegos-olimpicos-de-barcelona-1992\/\" \/>\n<meta property=\"og:locale\" content=\"es_ES\" \/>\n<meta property=\"og:type\" content=\"article\" \/>\n<meta property=\"og:title\" content=\"El Ayuntamiento de Barcelona, la Uni\u00f3 de Federacions Esportives de Catalunya -UFEC- y San Miguel 0,0 a\u00fanan esfuerzos con motivo del 20 aniversario de los Juegos Ol\u00edmpicos de Barcelona 1992. - Museu Ol\u00edmpic i de l&#039;Esport Joan Antoni Samaranch. Barcelona\" \/>\n<meta property=\"og:description\" content=\"Maite Fandos, tinenta d&rsquo;alcalde de Qualitat de Vida, Igualtat i Esports de l&rsquo;Ajuntament de Barcelona; David Moner, presidente de la UFEC y Xavier P&eacute;rez, representante de San Miguel 0,0 han sido los encargados de presentar uno de los actos m&aacute;s significativos, el relevo de antorcha, que se celebrar&aacute; el 25 de julio con motivo del aniversario de Barcelona 92. El acto ha contado con un moderador de excepci&oacute;n el waterpolista Txiki Sanz - 5 veces ol&iacute;mpico, campe&oacute;n ol&iacute;mpico en Atlanta&rsquo;96 y medalla de plata en Barcelona&rsquo;92.\" \/>\n<meta property=\"og:url\" content=\"https:\/\/www.museuolimpicbcn.cat\/es\/el-ayuntamiento-de-barcelona-la-unio-de-federacions-esportives-de-catalunya-ufec-y-san-miguel-00-aunan-esfuerzos-con-motivo-del-20-aniversario-de-los-juegos-olimpicos-de-barcelona-1992\/\" \/>\n<meta property=\"og:site_name\" content=\"Museu Ol\u00edmpic i de l&#039;Esport Joan Antoni Samaranch. Barcelona\" \/>\n<meta property=\"article:published_time\" content=\"2012-07-19T22:00:00+00:00\" \/>\n<meta name=\"author\" content=\"useradmin\" \/>\n<meta name=\"twitter:card\" content=\"summary_large_image\" \/>\n<meta name=\"twitter:label1\" content=\"Escrito por\" \/>\n\t<meta name=\"twitter:data1\" content=\"useradmin\" \/>\n\t<meta name=\"twitter:label2\" content=\"Tiempo de lectura\" \/>\n\t<meta name=\"twitter:data2\" content=\"1 minuto\" \/>\n<script type=\"application\/ld+json\" class=\"yoast-schema-graph\">{\"@context\":\"https:\/\/schema.org\",\"@graph\":[{\"@type\":\"Article\",\"@id\":\"https:\/\/www.museuolimpicbcn.cat\/es\/el-ayuntamiento-de-barcelona-la-unio-de-federacions-esportives-de-catalunya-ufec-y-san-miguel-00-aunan-esfuerzos-con-motivo-del-20-aniversario-de-los-juegos-olimpicos-de-barcelona-1992\/#article\",\"isPartOf\":{\"@id\":\"https:\/\/www.museuolimpicbcn.cat\/es\/el-ayuntamiento-de-barcelona-la-unio-de-federacions-esportives-de-catalunya-ufec-y-san-miguel-00-aunan-esfuerzos-con-motivo-del-20-aniversario-de-los-juegos-olimpicos-de-barcelona-1992\/\"},\"author\":{\"name\":\"useradmin\",\"@id\":\"https:\/\/www.museuolimpicbcn.cat\/ca\/#\/schema\/person\/d05705664e87aa04c6ce53d48133fb39\"},\"headline\":\"El Ayuntamiento de Barcelona, la Uni\u00f3 de Federacions Esportives de Catalunya -UFEC- y San Miguel 0,0 a\u00fanan esfuerzos con motivo del 20 aniversario de los Juegos Ol\u00edmpicos de Barcelona 1992.\",\"datePublished\":\"2012-07-19T22:00:00+00:00\",\"dateModified\":\"2012-07-19T22:00:00+00:00\",\"mainEntityOfPage\":{\"@id\":\"https:\/\/www.museuolimpicbcn.cat\/es\/el-ayuntamiento-de-barcelona-la-unio-de-federacions-esportives-de-catalunya-ufec-y-san-miguel-00-aunan-esfuerzos-con-motivo-del-20-aniversario-de-los-juegos-olimpicos-de-barcelona-1992\/\"},\"wordCount\":218,\"commentCount\":0,\"publisher\":{\"@id\":\"https:\/\/www.museuolimpicbcn.cat\/ca\/#organization\"},\"articleSection\":[\"Sin categorizar\"],\"inLanguage\":\"es\",\"potentialAction\":[{\"@type\":\"CommentAction\",\"name\":\"Comment\",\"target\":[\"https:\/\/www.museuolimpicbcn.cat\/es\/el-ayuntamiento-de-barcelona-la-unio-de-federacions-esportives-de-catalunya-ufec-y-san-miguel-00-aunan-esfuerzos-con-motivo-del-20-aniversario-de-los-juegos-olimpicos-de-barcelona-1992\/#respond\"]}]},{\"@type\":\"WebPage\",\"@id\":\"https:\/\/www.museuolimpicbcn.cat\/es\/el-ayuntamiento-de-barcelona-la-unio-de-federacions-esportives-de-catalunya-ufec-y-san-miguel-00-aunan-esfuerzos-con-motivo-del-20-aniversario-de-los-juegos-olimpicos-de-barcelona-1992\/\",\"url\":\"https:\/\/www.museuolimpicbcn.cat\/es\/el-ayuntamiento-de-barcelona-la-unio-de-federacions-esportives-de-catalunya-ufec-y-san-miguel-00-aunan-esfuerzos-con-motivo-del-20-aniversario-de-los-juegos-olimpicos-de-barcelona-1992\/\",\"name\":\"El Ayuntamiento de Barcelona, la Uni\u00f3 de Federacions Esportives de Catalunya -UFEC- y San Miguel 0,0 a\u00fanan esfuerzos con motivo del 20 aniversario de los Juegos Ol\u00edmpicos de Barcelona 1992. - Museu Ol\u00edmpic i de l&#039;Esport Joan Antoni Samaranch. Barcelona\",\"isPartOf\":{\"@id\":\"https:\/\/www.museuolimpicbcn.cat\/ca\/#website\"},\"datePublished\":\"2012-07-19T22:00:00+00:00\",\"dateModified\":\"2012-07-19T22:00:00+00:00\",\"breadcrumb\":{\"@id\":\"https:\/\/www.museuolimpicbcn.cat\/es\/el-ayuntamiento-de-barcelona-la-unio-de-federacions-esportives-de-catalunya-ufec-y-san-miguel-00-aunan-esfuerzos-con-motivo-del-20-aniversario-de-los-juegos-olimpicos-de-barcelona-1992\/#breadcrumb\"},\"inLanguage\":\"es\",\"potentialAction\":[{\"@type\":\"ReadAction\",\"target\":[\"https:\/\/www.museuolimpicbcn.cat\/es\/el-ayuntamiento-de-barcelona-la-unio-de-federacions-esportives-de-catalunya-ufec-y-san-miguel-00-aunan-esfuerzos-con-motivo-del-20-aniversario-de-los-juegos-olimpicos-de-barcelona-1992\/\"]}]},{\"@type\":\"BreadcrumbList\",\"@id\":\"https:\/\/www.museuolimpicbcn.cat\/es\/el-ayuntamiento-de-barcelona-la-unio-de-federacions-esportives-de-catalunya-ufec-y-san-miguel-00-aunan-esfuerzos-con-motivo-del-20-aniversario-de-los-juegos-olimpicos-de-barcelona-1992\/#breadcrumb\",\"itemListElement\":[{\"@type\":\"ListItem\",\"position\":1,\"name\":\"Inici\",\"item\":\"https:\/\/www.museuolimpicbcn.cat\/es\/\"},{\"@type\":\"ListItem\",\"position\":2,\"name\":\"El Ayuntamiento de Barcelona, la Uni\u00f3 de Federacions Esportives de Catalunya -UFEC- y San Miguel 0,0 a\u00fanan esfuerzos con motivo del 20 aniversario de los Juegos Ol\u00edmpicos de Barcelona 1992.\"}]},{\"@type\":\"WebSite\",\"@id\":\"https:\/\/www.museuolimpicbcn.cat\/ca\/#website\",\"url\":\"https:\/\/www.museuolimpicbcn.cat\/ca\/\",\"name\":\"Museu Ol\u00edmpic i de l&#039;Esport Joan Antoni Samaranch. Barcelona\",\"description\":\"Altre lloc Web del Museu Ol\u00edmpic i de l&#039;Esport llocs\",\"publisher\":{\"@id\":\"https:\/\/www.museuolimpicbcn.cat\/ca\/#organization\"},\"potentialAction\":[{\"@type\":\"SearchAction\",\"target\":{\"@type\":\"EntryPoint\",\"urlTemplate\":\"https:\/\/www.museuolimpicbcn.cat\/ca\/?s={search_term_string}\"},\"query-input\":{\"@type\":\"PropertyValueSpecification\",\"valueRequired\":true,\"valueName\":\"search_term_string\"}}],\"inLanguage\":\"es\"},{\"@type\":\"Organization\",\"@id\":\"https:\/\/www.museuolimpicbcn.cat\/ca\/#organization\",\"name\":\"Museu Ol\u00edmpic i de l&#039;Esport Joan Antoni Samaranch. Barcelona\",\"url\":\"https:\/\/www.museuolimpicbcn.cat\/ca\/\",\"logo\":{\"@type\":\"ImageObject\",\"inLanguage\":\"es\",\"@id\":\"https:\/\/www.museuolimpicbcn.cat\/ca\/#\/schema\/logo\/image\/\",\"url\":\"https:\/\/www.museuolimpicbcn.cat\/wp-content\/uploads\/sites\/2\/2018\/12\/logo-moe-header.svg\",\"contentUrl\":\"https:\/\/www.museuolimpicbcn.cat\/wp-content\/uploads\/sites\/2\/2018\/12\/logo-moe-header.svg\",\"caption\":\"Museu Ol\u00edmpic i de l&#039;Esport Joan Antoni Samaranch. Barcelona\"},\"image\":{\"@id\":\"https:\/\/www.museuolimpicbcn.cat\/ca\/#\/schema\/logo\/image\/\"}},{\"@type\":\"Person\",\"@id\":\"https:\/\/www.museuolimpicbcn.cat\/ca\/#\/schema\/person\/d05705664e87aa04c6ce53d48133fb39\",\"name\":\"useradmin\",\"url\":\"https:\/\/www.museuolimpicbcn.cat\/es\/author\/useradmin\/\"}]}<\/script>\n<!-- \/ Yoast SEO plugin. -->","yoast_head_json":{"title":"El Ayuntamiento de Barcelona, la Uni\u00f3 de Federacions Esportives de Catalunya -UFEC- y San Miguel 0,0 a\u00fanan esfuerzos con motivo del 20 aniversario de los Juegos Ol\u00edmpicos de Barcelona 1992. - Museu Ol\u00edmpic i de l&#039;Esport Joan Antoni Samaranch. Barcelona","robots":{"index":"index","follow":"follow","max-snippet":"max-snippet:-1","max-image-preview":"max-image-preview:large","max-video-preview":"max-video-preview:-1"},"canonical":"https:\/\/www.museuolimpicbcn.cat\/es\/el-ayuntamiento-de-barcelona-la-unio-de-federacions-esportives-de-catalunya-ufec-y-san-miguel-00-aunan-esfuerzos-con-motivo-del-20-aniversario-de-los-juegos-olimpicos-de-barcelona-1992\/","og_locale":"es_ES","og_type":"article","og_title":"El Ayuntamiento de Barcelona, la Uni\u00f3 de Federacions Esportives de Catalunya -UFEC- y San Miguel 0,0 a\u00fanan esfuerzos con motivo del 20 aniversario de los Juegos Ol\u00edmpicos de Barcelona 1992. - Museu Ol\u00edmpic i de l&#039;Esport Joan Antoni Samaranch. Barcelona","og_description":"Maite Fandos, tinenta d&rsquo;alcalde de Qualitat de Vida, Igualtat i Esports de l&rsquo;Ajuntament de Barcelona; David Moner, presidente de la UFEC y Xavier P&eacute;rez, representante de San Miguel 0,0 han sido los encargados de presentar uno de los actos m&aacute;s significativos, el relevo de antorcha, que se celebrar&aacute; el 25 de julio con motivo del aniversario de Barcelona 92. El acto ha contado con un moderador de excepci&oacute;n el waterpolista Txiki Sanz - 5 veces ol&iacute;mpico, campe&oacute;n ol&iacute;mpico en Atlanta&rsquo;96 y medalla de plata en Barcelona&rsquo;92.","og_url":"https:\/\/www.museuolimpicbcn.cat\/es\/el-ayuntamiento-de-barcelona-la-unio-de-federacions-esportives-de-catalunya-ufec-y-san-miguel-00-aunan-esfuerzos-con-motivo-del-20-aniversario-de-los-juegos-olimpicos-de-barcelona-1992\/","og_site_name":"Museu Ol\u00edmpic i de l&#039;Esport Joan Antoni Samaranch. Barcelona","article_published_time":"2012-07-19T22:00:00+00:00","author":"useradmin","twitter_card":"summary_large_image","twitter_misc":{"Escrito por":"useradmin","Tiempo de lectura":"1 minuto"},"schema":{"@context":"https:\/\/schema.org","@graph":[{"@type":"Article","@id":"https:\/\/www.museuolimpicbcn.cat\/es\/el-ayuntamiento-de-barcelona-la-unio-de-federacions-esportives-de-catalunya-ufec-y-san-miguel-00-aunan-esfuerzos-con-motivo-del-20-aniversario-de-los-juegos-olimpicos-de-barcelona-1992\/#article","isPartOf":{"@id":"https:\/\/www.museuolimpicbcn.cat\/es\/el-ayuntamiento-de-barcelona-la-unio-de-federacions-esportives-de-catalunya-ufec-y-san-miguel-00-aunan-esfuerzos-con-motivo-del-20-aniversario-de-los-juegos-olimpicos-de-barcelona-1992\/"},"author":{"name":"useradmin","@id":"https:\/\/www.museuolimpicbcn.cat\/ca\/#\/schema\/person\/d05705664e87aa04c6ce53d48133fb39"},"headline":"El Ayuntamiento de Barcelona, la Uni\u00f3 de Federacions Esportives de Catalunya -UFEC- y San Miguel 0,0 a\u00fanan esfuerzos con motivo del 20 aniversario de los Juegos Ol\u00edmpicos de Barcelona 1992.","datePublished":"2012-07-19T22:00:00+00:00","dateModified":"2012-07-19T22:00:00+00:00","mainEntityOfPage":{"@id":"https:\/\/www.museuolimpicbcn.cat\/es\/el-ayuntamiento-de-barcelona-la-unio-de-federacions-esportives-de-catalunya-ufec-y-san-miguel-00-aunan-esfuerzos-con-motivo-del-20-aniversario-de-los-juegos-olimpicos-de-barcelona-1992\/"},"wordCount":218,"commentCount":0,"publisher":{"@id":"https:\/\/www.museuolimpicbcn.cat\/ca\/#organization"},"articleSection":["Sin categorizar"],"inLanguage":"es","potentialAction":[{"@type":"CommentAction","name":"Comment","target":["https:\/\/www.museuolimpicbcn.cat\/es\/el-ayuntamiento-de-barcelona-la-unio-de-federacions-esportives-de-catalunya-ufec-y-san-miguel-00-aunan-esfuerzos-con-motivo-del-20-aniversario-de-los-juegos-olimpicos-de-barcelona-1992\/#respond"]}]},{"@type":"WebPage","@id":"https:\/\/www.museuolimpicbcn.cat\/es\/el-ayuntamiento-de-barcelona-la-unio-de-federacions-esportives-de-catalunya-ufec-y-san-miguel-00-aunan-esfuerzos-con-motivo-del-20-aniversario-de-los-juegos-olimpicos-de-barcelona-1992\/","url":"https:\/\/www.museuolimpicbcn.cat\/es\/el-ayuntamiento-de-barcelona-la-unio-de-federacions-esportives-de-catalunya-ufec-y-san-miguel-00-aunan-esfuerzos-con-motivo-del-20-aniversario-de-los-juegos-olimpicos-de-barcelona-1992\/","name":"El Ayuntamiento de Barcelona, la Uni\u00f3 de Federacions Esportives de Catalunya -UFEC- y San Miguel 0,0 a\u00fanan esfuerzos con motivo del 20 aniversario de los Juegos Ol\u00edmpicos de Barcelona 1992. - Museu Ol\u00edmpic i de l&#039;Esport Joan Antoni Samaranch. Barcelona","isPartOf":{"@id":"https:\/\/www.museuolimpicbcn.cat\/ca\/#website"},"datePublished":"2012-07-19T22:00:00+00:00","dateModified":"2012-07-19T22:00:00+00:00","breadcrumb":{"@id":"https:\/\/www.museuolimpicbcn.cat\/es\/el-ayuntamiento-de-barcelona-la-unio-de-federacions-esportives-de-catalunya-ufec-y-san-miguel-00-aunan-esfuerzos-con-motivo-del-20-aniversario-de-los-juegos-olimpicos-de-barcelona-1992\/#breadcrumb"},"inLanguage":"es","potentialAction":[{"@type":"ReadAction","target":["https:\/\/www.museuolimpicbcn.cat\/es\/el-ayuntamiento-de-barcelona-la-unio-de-federacions-esportives-de-catalunya-ufec-y-san-miguel-00-aunan-esfuerzos-con-motivo-del-20-aniversario-de-los-juegos-olimpicos-de-barcelona-1992\/"]}]},{"@type":"BreadcrumbList","@id":"https:\/\/www.museuolimpicbcn.cat\/es\/el-ayuntamiento-de-barcelona-la-unio-de-federacions-esportives-de-catalunya-ufec-y-san-miguel-00-aunan-esfuerzos-con-motivo-del-20-aniversario-de-los-juegos-olimpicos-de-barcelona-1992\/#breadcrumb","itemListElement":[{"@type":"ListItem","position":1,"name":"Inici","item":"https:\/\/www.museuolimpicbcn.cat\/es\/"},{"@type":"ListItem","position":2,"name":"El Ayuntamiento de Barcelona, la Uni\u00f3 de Federacions Esportives de Catalunya -UFEC- y San Miguel 0,0 a\u00fanan esfuerzos con motivo del 20 aniversario de los Juegos Ol\u00edmpicos de Barcelona 1992."}]},{"@type":"WebSite","@id":"https:\/\/www.museuolimpicbcn.cat\/ca\/#website","url":"https:\/\/www.museuolimpicbcn.cat\/ca\/","name":"Museu Ol\u00edmpic i de l&#039;Esport Joan Antoni Samaranch. Barcelona","description":"Altre lloc Web del Museu Ol\u00edmpic i de l&#039;Esport llocs","publisher":{"@id":"https:\/\/www.museuolimpicbcn.cat\/ca\/#organization"},"potentialAction":[{"@type":"SearchAction","target":{"@type":"EntryPoint","urlTemplate":"https:\/\/www.museuolimpicbcn.cat\/ca\/?s={search_term_string}"},"query-input":{"@type":"PropertyValueSpecification","valueRequired":true,"valueName":"search_term_string"}}],"inLanguage":"es"},{"@type":"Organization","@id":"https:\/\/www.museuolimpicbcn.cat\/ca\/#organization","name":"Museu Ol\u00edmpic i de l&#039;Esport Joan Antoni Samaranch. Barcelona","url":"https:\/\/www.museuolimpicbcn.cat\/ca\/","logo":{"@type":"ImageObject","inLanguage":"es","@id":"https:\/\/www.museuolimpicbcn.cat\/ca\/#\/schema\/logo\/image\/","url":"https:\/\/www.museuolimpicbcn.cat\/wp-content\/uploads\/sites\/2\/2018\/12\/logo-moe-header.svg","contentUrl":"https:\/\/www.museuolimpicbcn.cat\/wp-content\/uploads\/sites\/2\/2018\/12\/logo-moe-header.svg","caption":"Museu Ol\u00edmpic i de l&#039;Esport Joan Antoni Samaranch. Barcelona"},"image":{"@id":"https:\/\/www.museuolimpicbcn.cat\/ca\/#\/schema\/logo\/image\/"}},{"@type":"Person","@id":"https:\/\/www.museuolimpicbcn.cat\/ca\/#\/schema\/person\/d05705664e87aa04c6ce53d48133fb39","name":"useradmin","url":"https:\/\/www.museuolimpicbcn.cat\/es\/author\/useradmin\/"}]}},"_links":{"self":[{"href":"https:\/\/www.museuolimpicbcn.cat\/es\/wp-json\/wp\/v2\/posts\/8983"}],"collection":[{"href":"https:\/\/www.museuolimpicbcn.cat\/es\/wp-json\/wp\/v2\/posts"}],"about":[{"href":"https:\/\/www.museuolimpicbcn.cat\/es\/wp-json\/wp\/v2\/types\/post"}],"author":[{"embeddable":true,"href":"https:\/\/www.museuolimpicbcn.cat\/es\/wp-json\/wp\/v2\/users\/1"}],"replies":[{"embeddable":true,"href":"https:\/\/www.museuolimpicbcn.cat\/es\/wp-json\/wp\/v2\/comments?post=8983"}],"version-history":[{"count":0,"href":"https:\/\/www.museuolimpicbcn.cat\/es\/wp-json\/wp\/v2\/posts\/8983\/revisions"}],"wp:attachment":[{"href":"https:\/\/www.museuolimpicbcn.cat\/es\/wp-json\/wp\/v2\/media?parent=8983"}],"wp:term":[{"taxonomy":"category","embeddable":true,"href":"https:\/\/www.museuolimpicbcn.cat\/es\/wp-json\/wp\/v2\/categories?post=8983"},{"taxonomy":"post_tag","embeddable":true,"href":"https:\/\/www.museuolimpicbcn.cat\/es\/wp-json\/wp\/v2\/tags?post=8983"}],"curies":[{"name":"wp","href":"https:\/\/api.w.org\/{rel}","templated":true}]}}