{"id":9172,"date":"2012-09-27T00:00:00","date_gmt":"2012-09-26T22:00:00","guid":{"rendered":"http:\/\/dev.museuolimpicbcn.cat\/maite-fandos-presidenta-de-la-fundacio-barcelona-olimpica-recibio-en-el-salo-de-cent-del-ayuntamiento-de-barcelona-a-los-directores-de-la-7a-reunion-internacional-de-museos-olimpicos-del-mundo\/"},"modified":"2012-09-27T00:00:00","modified_gmt":"2012-09-26T22:00:00","slug":"maite-fandos-presidenta-de-la-fundacio-barcelona-olimpica-recibio-en-el-salo-de-cent-del-ayuntamiento-de-barcelona-a-los-directores-de-la-7a-reunion-internacional-de-museos-olimpicos-del-mundo","status":"publish","type":"post","link":"https:\/\/www.museuolimpicbcn.cat\/es\/maite-fandos-presidenta-de-la-fundacio-barcelona-olimpica-recibio-en-el-salo-de-cent-del-ayuntamiento-de-barcelona-a-los-directores-de-la-7a-reunion-internacional-de-museos-olimpicos-del-mundo\/","title":{"rendered":"Maite Fandos, presidenta de la Fundaci\u00f3 Barcelona Ol\u00edmpica, recibi\u00f3 en el Sal\u00f3 de Cent del Ayuntamiento de Barcelona, a los directores de la 7\u00aa reuni\u00f3n Internacional de Museos Ol\u00edmpicos del Mundo"},"content":{"rendered":"<p>El Internacional Olympic Comite (CIO), a trav&eacute;s de su &nbsp;museo ol&iacute;mpico (Olympic Museum of Lausanne), reune a los museos miembros para establecer y compartir las experiencias y actividades que se realizan en los museos ol&iacute;mpicos pertenecientes a su red de museos ol&iacute;mpicos.<\/p>\n<p>El CIO concede una credencial acreditativa a aquellos museos que cumplen la normativa establecida desde Lausanne por su organismo. El Museu Ol&iacute;mpic i de l&rsquo;Esport Joan Antoni Samaranch es uno de los 14 museos oficiales del mundo.<\/p>\n<p>La reuni&oacute;n de entidades se desarrolla normalmente en las instalaciones que el CIO tiene en la ciudad ol&iacute;mpica de Lausanne, ciudad sede del CIO y del Museu Olympic. Este a&ntilde;o, con motivo de las reformas en el Museu de Lausanne, la organizaci&oacute;n ha decidido que sea Barcelona la sede organizadora.<\/p>\n<p>Es un honor para la ciudad de Barcelona contar con los representantes de los Museos Ol&iacute;mpicos del Mundo as&iacute; se lo ha hecho saber Maite Fandos, presidenta de la Fundaci&oacute;n Barcelona Ol&iacute;mpica, quien ha recibido en el Sal&oacute; de Cent del Ayuntamiento de Barcelona a todos sus delegados.<\/p>\n<p><strong>Olympic Museum of Lausanne<\/strong>: Mr. Francis Gabet, director ofMuseu Olympic de Lausanne; Ms. Fr&eacute;d&eacute;rique Jamolli,&nbsp; Ms. Anne Chevalley, Ms. St&eacute;phanie Coppex &amp; Ms. Marie Schwarz. <strong>&nbsp;<\/strong><\/p>\n<p><strong>China Sports Museum<\/strong>: Mr. Qui, Yanqing; Mr. Wang, Ju &amp; Mr. Jia, Hongkui.<\/p>\n<p><strong>German Sports &amp;Olympic Museum: <\/strong>Mr. Fran Duerr, director.<\/p>\n<p><strong>Thessaloniki Olympic Museum: <\/strong>Ms. Kyriaki Oudatzi, director.<\/p>\n<p><strong>Samaranch Memorial in Tianjin, China: <\/strong>Mr. Yuan Zhihong.<\/p>\n<p><strong>Olympic Stadium Amsterdam: <\/strong>Mr.<strong> <\/strong>Hans Lubberding &amp; Carla de Groot<\/p>\n<p><strong>Xiamen Olympic Museum &#8211; Tiajin Dragon Olympic Museum (CHN): <\/strong>Mr. WU Ching-kuo<\/p>\n<p><strong>Estonian Sport Museum: <\/strong>Mr. Kalle Voolaid &amp; Mr. Taimar Lell<\/p>\n<p><strong>The Sports Museum Foundation of Finland:&nbsp; <\/strong>Mr. Pekka Honkanen &amp; Ms. Kaisa-Leena Laitinen<\/p>\n<p><strong>Qatar Olympic and Sport Museum: <\/strong>Dr. Christian Wacker &amp; Al-Meer<\/p>\n<p><strong>Seoul Olympic Museum &ndash; Korea: <\/strong>Mr. Jomgkyu Haan Mr. Kim Jaeku &amp; Ms. Choi Yujeong<\/p>\n<p><strong>Mus&eacute;e Nacional du Sport Fran&ccedil;ais: <\/strong>Ms. Annie Lh&eacute;ritier<\/p>\n<p><strong>The Israeli Olympic Experience: <\/strong>Mr. Haim Rogatke<\/p>\n<p><strong>Museum of Sports and Tourism in Warsaw (POL): <\/strong>Mr. Tomas Jagodzinski &amp; Mr. Michal Puszkarski<\/p>\n<p><strong>Sportimonium (BEL): <\/strong>Mr. Erik Thibaut &amp; Mr. Eric De Vroede<\/p>\n<p><strong>Olympic Museum Wellington (NZL): <\/strong>Mr. Charles Callis<\/p>\n<p><strong>Richmond Olympic Oval (CAD): <\/strong>Ms. Shana Turner, Mr. George Duncan, Ms. Jane Fernyhough &amp; Mr. John Mills<\/p>\n<p><strong>Gothenburg Sports Museum (SW): <\/strong>Mr. Hans Elbel &amp; Mr. Jon Lennstr&ouml;m<\/p>\n<p><strong>Norwegian Olympic Museum: <\/strong>Mr. Bjarte Ytre-Arne<\/p>\n<p><strong>Museu Olimpic i de l&rsquo;Esport Joan Antoni Samaranch: <\/strong>Ms. Teresa Agull&oacute; &amp;Ms. Ibone Lallana<\/p>\n<p>&nbsp;<\/p>\n<p>&nbsp;<\/p>\n","protected":false},"excerpt":{"rendered":"<p>La reuni&oacute;n internacional de museos ol&iacute;mpicos es organizada anualmente por el Olympic Museum of Lausanne, con el fin de generar sinergias entre los museos ol&iacute;mpicos del mundo que forman parte de la red de museos ol&iacute;mpicos bajo la tutela del CIO.<\/p>\n<p>&nbsp;<\/p>\n<p>&nbsp;<\/p>\n","protected":false},"author":1,"featured_media":0,"comment_status":"open","ping_status":"open","sticky":false,"template":"","format":"standard","meta":{"_acf_changed":false,"_price":"","_stock":"","_tribe_ticket_header":"","_tribe_default_ticket_provider":"","_tribe_ticket_capacity":"0","_ticket_start_date":"","_ticket_end_date":"","_tribe_ticket_show_description":"","_tribe_ticket_show_not_going":false,"_tribe_ticket_use_global_stock":"","_tribe_ticket_global_stock_level":"","_global_stock_mode":"","_global_stock_cap":"","_tribe_rsvp_for_event":"","_tribe_ticket_going_count":"","_tribe_ticket_not_going_count":"","_tribe_tickets_list":"[]","_tribe_ticket_has_attendee_info_fields":false,"footnotes":""},"categories":[3],"tags":[],"class_list":["post-9172","post","type-post","status-publish","format-standard","hentry","category-sin-categorizar"],"acf":[],"yoast_head":"<!-- This site is optimized with the Yoast SEO plugin v23.7 - https:\/\/yoast.com\/wordpress\/plugins\/seo\/ -->\n<title>Maite Fandos, presidenta de la Fundaci\u00f3 Barcelona Ol\u00edmpica, recibi\u00f3 en el Sal\u00f3 de Cent del Ayuntamiento de Barcelona, a los directores de la 7\u00aa reuni\u00f3n Internacional de Museos Ol\u00edmpicos del Mundo - Museu Ol\u00edmpic i de l&#039;Esport Joan Antoni Samaranch. Barcelona<\/title>\n<meta name=\"robots\" content=\"index, follow, max-snippet:-1, max-image-preview:large, max-video-preview:-1\" \/>\n<link rel=\"canonical\" href=\"https:\/\/www.museuolimpicbcn.cat\/es\/maite-fandos-presidenta-de-la-fundacio-barcelona-olimpica-recibio-en-el-salo-de-cent-del-ayuntamiento-de-barcelona-a-los-directores-de-la-7a-reunion-internacional-de-museos-olimpicos-del-mundo\/\" \/>\n<meta property=\"og:locale\" content=\"es_ES\" \/>\n<meta property=\"og:type\" content=\"article\" \/>\n<meta property=\"og:title\" content=\"Maite Fandos, presidenta de la Fundaci\u00f3 Barcelona Ol\u00edmpica, recibi\u00f3 en el Sal\u00f3 de Cent del Ayuntamiento de Barcelona, a los directores de la 7\u00aa reuni\u00f3n Internacional de Museos Ol\u00edmpicos del Mundo - Museu Ol\u00edmpic i de l&#039;Esport Joan Antoni Samaranch. Barcelona\" \/>\n<meta property=\"og:description\" content=\"La reuni&oacute;n internacional de museos ol&iacute;mpicos es organizada anualmente por el Olympic Museum of Lausanne, con el fin de generar sinergias entre los museos ol&iacute;mpicos del mundo que forman parte de la red de museos ol&iacute;mpicos bajo la tutela del CIO. &nbsp; &nbsp;\" \/>\n<meta property=\"og:url\" content=\"https:\/\/www.museuolimpicbcn.cat\/es\/maite-fandos-presidenta-de-la-fundacio-barcelona-olimpica-recibio-en-el-salo-de-cent-del-ayuntamiento-de-barcelona-a-los-directores-de-la-7a-reunion-internacional-de-museos-olimpicos-del-mundo\/\" \/>\n<meta property=\"og:site_name\" content=\"Museu Ol\u00edmpic i de l&#039;Esport Joan Antoni Samaranch. Barcelona\" \/>\n<meta property=\"article:published_time\" content=\"2012-09-26T22:00:00+00:00\" \/>\n<meta name=\"author\" content=\"useradmin\" \/>\n<meta name=\"twitter:card\" content=\"summary_large_image\" \/>\n<meta name=\"twitter:label1\" content=\"Escrito por\" \/>\n\t<meta name=\"twitter:data1\" content=\"useradmin\" \/>\n\t<meta name=\"twitter:label2\" content=\"Tiempo de lectura\" \/>\n\t<meta name=\"twitter:data2\" content=\"2 minutos\" \/>\n<script type=\"application\/ld+json\" class=\"yoast-schema-graph\">{\"@context\":\"https:\/\/schema.org\",\"@graph\":[{\"@type\":\"Article\",\"@id\":\"https:\/\/www.museuolimpicbcn.cat\/es\/maite-fandos-presidenta-de-la-fundacio-barcelona-olimpica-recibio-en-el-salo-de-cent-del-ayuntamiento-de-barcelona-a-los-directores-de-la-7a-reunion-internacional-de-museos-olimpicos-del-mundo\/#article\",\"isPartOf\":{\"@id\":\"https:\/\/www.museuolimpicbcn.cat\/es\/maite-fandos-presidenta-de-la-fundacio-barcelona-olimpica-recibio-en-el-salo-de-cent-del-ayuntamiento-de-barcelona-a-los-directores-de-la-7a-reunion-internacional-de-museos-olimpicos-del-mundo\/\"},\"author\":{\"name\":\"useradmin\",\"@id\":\"https:\/\/www.museuolimpicbcn.cat\/ca\/#\/schema\/person\/d05705664e87aa04c6ce53d48133fb39\"},\"headline\":\"Maite Fandos, presidenta de la Fundaci\u00f3 Barcelona Ol\u00edmpica, recibi\u00f3 en el Sal\u00f3 de Cent del Ayuntamiento de Barcelona, a los directores de la 7\u00aa reuni\u00f3n Internacional de Museos Ol\u00edmpicos del Mundo\",\"datePublished\":\"2012-09-26T22:00:00+00:00\",\"dateModified\":\"2012-09-26T22:00:00+00:00\",\"mainEntityOfPage\":{\"@id\":\"https:\/\/www.museuolimpicbcn.cat\/es\/maite-fandos-presidenta-de-la-fundacio-barcelona-olimpica-recibio-en-el-salo-de-cent-del-ayuntamiento-de-barcelona-a-los-directores-de-la-7a-reunion-internacional-de-museos-olimpicos-del-mundo\/\"},\"wordCount\":488,\"commentCount\":0,\"publisher\":{\"@id\":\"https:\/\/www.museuolimpicbcn.cat\/ca\/#organization\"},\"articleSection\":[\"Sin categorizar\"],\"inLanguage\":\"es\",\"potentialAction\":[{\"@type\":\"CommentAction\",\"name\":\"Comment\",\"target\":[\"https:\/\/www.museuolimpicbcn.cat\/es\/maite-fandos-presidenta-de-la-fundacio-barcelona-olimpica-recibio-en-el-salo-de-cent-del-ayuntamiento-de-barcelona-a-los-directores-de-la-7a-reunion-internacional-de-museos-olimpicos-del-mundo\/#respond\"]}]},{\"@type\":\"WebPage\",\"@id\":\"https:\/\/www.museuolimpicbcn.cat\/es\/maite-fandos-presidenta-de-la-fundacio-barcelona-olimpica-recibio-en-el-salo-de-cent-del-ayuntamiento-de-barcelona-a-los-directores-de-la-7a-reunion-internacional-de-museos-olimpicos-del-mundo\/\",\"url\":\"https:\/\/www.museuolimpicbcn.cat\/es\/maite-fandos-presidenta-de-la-fundacio-barcelona-olimpica-recibio-en-el-salo-de-cent-del-ayuntamiento-de-barcelona-a-los-directores-de-la-7a-reunion-internacional-de-museos-olimpicos-del-mundo\/\",\"name\":\"Maite Fandos, presidenta de la Fundaci\u00f3 Barcelona Ol\u00edmpica, recibi\u00f3 en el Sal\u00f3 de Cent del Ayuntamiento de Barcelona, a los directores de la 7\u00aa reuni\u00f3n Internacional de Museos Ol\u00edmpicos del Mundo - Museu Ol\u00edmpic i de l&#039;Esport Joan Antoni Samaranch. Barcelona\",\"isPartOf\":{\"@id\":\"https:\/\/www.museuolimpicbcn.cat\/ca\/#website\"},\"datePublished\":\"2012-09-26T22:00:00+00:00\",\"dateModified\":\"2012-09-26T22:00:00+00:00\",\"breadcrumb\":{\"@id\":\"https:\/\/www.museuolimpicbcn.cat\/es\/maite-fandos-presidenta-de-la-fundacio-barcelona-olimpica-recibio-en-el-salo-de-cent-del-ayuntamiento-de-barcelona-a-los-directores-de-la-7a-reunion-internacional-de-museos-olimpicos-del-mundo\/#breadcrumb\"},\"inLanguage\":\"es\",\"potentialAction\":[{\"@type\":\"ReadAction\",\"target\":[\"https:\/\/www.museuolimpicbcn.cat\/es\/maite-fandos-presidenta-de-la-fundacio-barcelona-olimpica-recibio-en-el-salo-de-cent-del-ayuntamiento-de-barcelona-a-los-directores-de-la-7a-reunion-internacional-de-museos-olimpicos-del-mundo\/\"]}]},{\"@type\":\"BreadcrumbList\",\"@id\":\"https:\/\/www.museuolimpicbcn.cat\/es\/maite-fandos-presidenta-de-la-fundacio-barcelona-olimpica-recibio-en-el-salo-de-cent-del-ayuntamiento-de-barcelona-a-los-directores-de-la-7a-reunion-internacional-de-museos-olimpicos-del-mundo\/#breadcrumb\",\"itemListElement\":[{\"@type\":\"ListItem\",\"position\":1,\"name\":\"Inici\",\"item\":\"https:\/\/www.museuolimpicbcn.cat\/es\/\"},{\"@type\":\"ListItem\",\"position\":2,\"name\":\"Maite Fandos, presidenta de la Fundaci\u00f3 Barcelona Ol\u00edmpica, recibi\u00f3 en el Sal\u00f3 de Cent del Ayuntamiento de Barcelona, a los directores de la 7\u00aa reuni\u00f3n Internacional de Museos Ol\u00edmpicos del Mundo\"}]},{\"@type\":\"WebSite\",\"@id\":\"https:\/\/www.museuolimpicbcn.cat\/ca\/#website\",\"url\":\"https:\/\/www.museuolimpicbcn.cat\/ca\/\",\"name\":\"Museu Ol\u00edmpic i de l&#039;Esport Joan Antoni Samaranch. Barcelona\",\"description\":\"Altre lloc Web del Museu Ol\u00edmpic i de l&#039;Esport llocs\",\"publisher\":{\"@id\":\"https:\/\/www.museuolimpicbcn.cat\/ca\/#organization\"},\"potentialAction\":[{\"@type\":\"SearchAction\",\"target\":{\"@type\":\"EntryPoint\",\"urlTemplate\":\"https:\/\/www.museuolimpicbcn.cat\/ca\/?s={search_term_string}\"},\"query-input\":{\"@type\":\"PropertyValueSpecification\",\"valueRequired\":true,\"valueName\":\"search_term_string\"}}],\"inLanguage\":\"es\"},{\"@type\":\"Organization\",\"@id\":\"https:\/\/www.museuolimpicbcn.cat\/ca\/#organization\",\"name\":\"Museu Ol\u00edmpic i de l&#039;Esport Joan Antoni Samaranch. Barcelona\",\"url\":\"https:\/\/www.museuolimpicbcn.cat\/ca\/\",\"logo\":{\"@type\":\"ImageObject\",\"inLanguage\":\"es\",\"@id\":\"https:\/\/www.museuolimpicbcn.cat\/ca\/#\/schema\/logo\/image\/\",\"url\":\"https:\/\/www.museuolimpicbcn.cat\/wp-content\/uploads\/sites\/2\/2018\/12\/logo-moe-header.svg\",\"contentUrl\":\"https:\/\/www.museuolimpicbcn.cat\/wp-content\/uploads\/sites\/2\/2018\/12\/logo-moe-header.svg\",\"caption\":\"Museu Ol\u00edmpic i de l&#039;Esport Joan Antoni Samaranch. Barcelona\"},\"image\":{\"@id\":\"https:\/\/www.museuolimpicbcn.cat\/ca\/#\/schema\/logo\/image\/\"}},{\"@type\":\"Person\",\"@id\":\"https:\/\/www.museuolimpicbcn.cat\/ca\/#\/schema\/person\/d05705664e87aa04c6ce53d48133fb39\",\"name\":\"useradmin\",\"url\":\"https:\/\/www.museuolimpicbcn.cat\/es\/author\/useradmin\/\"}]}<\/script>\n<!-- \/ Yoast SEO plugin. -->","yoast_head_json":{"title":"Maite Fandos, presidenta de la Fundaci\u00f3 Barcelona Ol\u00edmpica, recibi\u00f3 en el Sal\u00f3 de Cent del Ayuntamiento de Barcelona, a los directores de la 7\u00aa reuni\u00f3n Internacional de Museos Ol\u00edmpicos del Mundo - Museu Ol\u00edmpic i de l&#039;Esport Joan Antoni Samaranch. Barcelona","robots":{"index":"index","follow":"follow","max-snippet":"max-snippet:-1","max-image-preview":"max-image-preview:large","max-video-preview":"max-video-preview:-1"},"canonical":"https:\/\/www.museuolimpicbcn.cat\/es\/maite-fandos-presidenta-de-la-fundacio-barcelona-olimpica-recibio-en-el-salo-de-cent-del-ayuntamiento-de-barcelona-a-los-directores-de-la-7a-reunion-internacional-de-museos-olimpicos-del-mundo\/","og_locale":"es_ES","og_type":"article","og_title":"Maite Fandos, presidenta de la Fundaci\u00f3 Barcelona Ol\u00edmpica, recibi\u00f3 en el Sal\u00f3 de Cent del Ayuntamiento de Barcelona, a los directores de la 7\u00aa reuni\u00f3n Internacional de Museos Ol\u00edmpicos del Mundo - Museu Ol\u00edmpic i de l&#039;Esport Joan Antoni Samaranch. Barcelona","og_description":"La reuni&oacute;n internacional de museos ol&iacute;mpicos es organizada anualmente por el Olympic Museum of Lausanne, con el fin de generar sinergias entre los museos ol&iacute;mpicos del mundo que forman parte de la red de museos ol&iacute;mpicos bajo la tutela del CIO. &nbsp; &nbsp;","og_url":"https:\/\/www.museuolimpicbcn.cat\/es\/maite-fandos-presidenta-de-la-fundacio-barcelona-olimpica-recibio-en-el-salo-de-cent-del-ayuntamiento-de-barcelona-a-los-directores-de-la-7a-reunion-internacional-de-museos-olimpicos-del-mundo\/","og_site_name":"Museu Ol\u00edmpic i de l&#039;Esport Joan Antoni Samaranch. Barcelona","article_published_time":"2012-09-26T22:00:00+00:00","author":"useradmin","twitter_card":"summary_large_image","twitter_misc":{"Escrito por":"useradmin","Tiempo de lectura":"2 minutos"},"schema":{"@context":"https:\/\/schema.org","@graph":[{"@type":"Article","@id":"https:\/\/www.museuolimpicbcn.cat\/es\/maite-fandos-presidenta-de-la-fundacio-barcelona-olimpica-recibio-en-el-salo-de-cent-del-ayuntamiento-de-barcelona-a-los-directores-de-la-7a-reunion-internacional-de-museos-olimpicos-del-mundo\/#article","isPartOf":{"@id":"https:\/\/www.museuolimpicbcn.cat\/es\/maite-fandos-presidenta-de-la-fundacio-barcelona-olimpica-recibio-en-el-salo-de-cent-del-ayuntamiento-de-barcelona-a-los-directores-de-la-7a-reunion-internacional-de-museos-olimpicos-del-mundo\/"},"author":{"name":"useradmin","@id":"https:\/\/www.museuolimpicbcn.cat\/ca\/#\/schema\/person\/d05705664e87aa04c6ce53d48133fb39"},"headline":"Maite Fandos, presidenta de la Fundaci\u00f3 Barcelona Ol\u00edmpica, recibi\u00f3 en el Sal\u00f3 de Cent del Ayuntamiento de Barcelona, a los directores de la 7\u00aa reuni\u00f3n Internacional de Museos Ol\u00edmpicos del Mundo","datePublished":"2012-09-26T22:00:00+00:00","dateModified":"2012-09-26T22:00:00+00:00","mainEntityOfPage":{"@id":"https:\/\/www.museuolimpicbcn.cat\/es\/maite-fandos-presidenta-de-la-fundacio-barcelona-olimpica-recibio-en-el-salo-de-cent-del-ayuntamiento-de-barcelona-a-los-directores-de-la-7a-reunion-internacional-de-museos-olimpicos-del-mundo\/"},"wordCount":488,"commentCount":0,"publisher":{"@id":"https:\/\/www.museuolimpicbcn.cat\/ca\/#organization"},"articleSection":["Sin categorizar"],"inLanguage":"es","potentialAction":[{"@type":"CommentAction","name":"Comment","target":["https:\/\/www.museuolimpicbcn.cat\/es\/maite-fandos-presidenta-de-la-fundacio-barcelona-olimpica-recibio-en-el-salo-de-cent-del-ayuntamiento-de-barcelona-a-los-directores-de-la-7a-reunion-internacional-de-museos-olimpicos-del-mundo\/#respond"]}]},{"@type":"WebPage","@id":"https:\/\/www.museuolimpicbcn.cat\/es\/maite-fandos-presidenta-de-la-fundacio-barcelona-olimpica-recibio-en-el-salo-de-cent-del-ayuntamiento-de-barcelona-a-los-directores-de-la-7a-reunion-internacional-de-museos-olimpicos-del-mundo\/","url":"https:\/\/www.museuolimpicbcn.cat\/es\/maite-fandos-presidenta-de-la-fundacio-barcelona-olimpica-recibio-en-el-salo-de-cent-del-ayuntamiento-de-barcelona-a-los-directores-de-la-7a-reunion-internacional-de-museos-olimpicos-del-mundo\/","name":"Maite Fandos, presidenta de la Fundaci\u00f3 Barcelona Ol\u00edmpica, recibi\u00f3 en el Sal\u00f3 de Cent del Ayuntamiento de Barcelona, a los directores de la 7\u00aa reuni\u00f3n Internacional de Museos Ol\u00edmpicos del Mundo - Museu Ol\u00edmpic i de l&#039;Esport Joan Antoni Samaranch. Barcelona","isPartOf":{"@id":"https:\/\/www.museuolimpicbcn.cat\/ca\/#website"},"datePublished":"2012-09-26T22:00:00+00:00","dateModified":"2012-09-26T22:00:00+00:00","breadcrumb":{"@id":"https:\/\/www.museuolimpicbcn.cat\/es\/maite-fandos-presidenta-de-la-fundacio-barcelona-olimpica-recibio-en-el-salo-de-cent-del-ayuntamiento-de-barcelona-a-los-directores-de-la-7a-reunion-internacional-de-museos-olimpicos-del-mundo\/#breadcrumb"},"inLanguage":"es","potentialAction":[{"@type":"ReadAction","target":["https:\/\/www.museuolimpicbcn.cat\/es\/maite-fandos-presidenta-de-la-fundacio-barcelona-olimpica-recibio-en-el-salo-de-cent-del-ayuntamiento-de-barcelona-a-los-directores-de-la-7a-reunion-internacional-de-museos-olimpicos-del-mundo\/"]}]},{"@type":"BreadcrumbList","@id":"https:\/\/www.museuolimpicbcn.cat\/es\/maite-fandos-presidenta-de-la-fundacio-barcelona-olimpica-recibio-en-el-salo-de-cent-del-ayuntamiento-de-barcelona-a-los-directores-de-la-7a-reunion-internacional-de-museos-olimpicos-del-mundo\/#breadcrumb","itemListElement":[{"@type":"ListItem","position":1,"name":"Inici","item":"https:\/\/www.museuolimpicbcn.cat\/es\/"},{"@type":"ListItem","position":2,"name":"Maite Fandos, presidenta de la Fundaci\u00f3 Barcelona Ol\u00edmpica, recibi\u00f3 en el Sal\u00f3 de Cent del Ayuntamiento de Barcelona, a los directores de la 7\u00aa reuni\u00f3n Internacional de Museos Ol\u00edmpicos del Mundo"}]},{"@type":"WebSite","@id":"https:\/\/www.museuolimpicbcn.cat\/ca\/#website","url":"https:\/\/www.museuolimpicbcn.cat\/ca\/","name":"Museu Ol\u00edmpic i de l&#039;Esport Joan Antoni Samaranch. Barcelona","description":"Altre lloc Web del Museu Ol\u00edmpic i de l&#039;Esport llocs","publisher":{"@id":"https:\/\/www.museuolimpicbcn.cat\/ca\/#organization"},"potentialAction":[{"@type":"SearchAction","target":{"@type":"EntryPoint","urlTemplate":"https:\/\/www.museuolimpicbcn.cat\/ca\/?s={search_term_string}"},"query-input":{"@type":"PropertyValueSpecification","valueRequired":true,"valueName":"search_term_string"}}],"inLanguage":"es"},{"@type":"Organization","@id":"https:\/\/www.museuolimpicbcn.cat\/ca\/#organization","name":"Museu Ol\u00edmpic i de l&#039;Esport Joan Antoni Samaranch. Barcelona","url":"https:\/\/www.museuolimpicbcn.cat\/ca\/","logo":{"@type":"ImageObject","inLanguage":"es","@id":"https:\/\/www.museuolimpicbcn.cat\/ca\/#\/schema\/logo\/image\/","url":"https:\/\/www.museuolimpicbcn.cat\/wp-content\/uploads\/sites\/2\/2018\/12\/logo-moe-header.svg","contentUrl":"https:\/\/www.museuolimpicbcn.cat\/wp-content\/uploads\/sites\/2\/2018\/12\/logo-moe-header.svg","caption":"Museu Ol\u00edmpic i de l&#039;Esport Joan Antoni Samaranch. Barcelona"},"image":{"@id":"https:\/\/www.museuolimpicbcn.cat\/ca\/#\/schema\/logo\/image\/"}},{"@type":"Person","@id":"https:\/\/www.museuolimpicbcn.cat\/ca\/#\/schema\/person\/d05705664e87aa04c6ce53d48133fb39","name":"useradmin","url":"https:\/\/www.museuolimpicbcn.cat\/es\/author\/useradmin\/"}]}},"_links":{"self":[{"href":"https:\/\/www.museuolimpicbcn.cat\/es\/wp-json\/wp\/v2\/posts\/9172"}],"collection":[{"href":"https:\/\/www.museuolimpicbcn.cat\/es\/wp-json\/wp\/v2\/posts"}],"about":[{"href":"https:\/\/www.museuolimpicbcn.cat\/es\/wp-json\/wp\/v2\/types\/post"}],"author":[{"embeddable":true,"href":"https:\/\/www.museuolimpicbcn.cat\/es\/wp-json\/wp\/v2\/users\/1"}],"replies":[{"embeddable":true,"href":"https:\/\/www.museuolimpicbcn.cat\/es\/wp-json\/wp\/v2\/comments?post=9172"}],"version-history":[{"count":0,"href":"https:\/\/www.museuolimpicbcn.cat\/es\/wp-json\/wp\/v2\/posts\/9172\/revisions"}],"wp:attachment":[{"href":"https:\/\/www.museuolimpicbcn.cat\/es\/wp-json\/wp\/v2\/media?parent=9172"}],"wp:term":[{"taxonomy":"category","embeddable":true,"href":"https:\/\/www.museuolimpicbcn.cat\/es\/wp-json\/wp\/v2\/categories?post=9172"},{"taxonomy":"post_tag","embeddable":true,"href":"https:\/\/www.museuolimpicbcn.cat\/es\/wp-json\/wp\/v2\/tags?post=9172"}],"curies":[{"name":"wp","href":"https:\/\/api.w.org\/{rel}","templated":true}]}}